{"id":52124,"date":"2023-06-07T08:12:57","date_gmt":"2023-06-07T12:12:57","guid":{"rendered":"https:\/\/atento.com.do\/?p=52124"},"modified":"2023-06-07T08:12:57","modified_gmt":"2023-06-07T12:12:57","slug":"dos-muertos-y-cinco-heridos-deja-tiroteo-en-graduacion-escolar-en-eeuu","status":"publish","type":"post","link":"https:\/\/lasprimeras.com.do\/index.php\/2023\/06\/07\/dos-muertos-y-cinco-heridos-deja-tiroteo-en-graduacion-escolar-en-eeuu\/","title":{"rendered":"Dos muertos y cinco heridos deja tiroteo en graduaci\u00f3n escolar en EEUU"},"content":{"rendered":"\n<p>Murieron en la acci\u00f3n un graduado de 18 a\u00f1os y un hombre de 36 a\u00f1os.<\/p>\n\n\n\n<p>AGENCIA AFP<\/p>\n\n\n\n<p>Dos personas murieron y cinco resultaron heridas el martes durante un tiroteo cerca de una graduaci\u00f3n de colegio en el estado de Virginia, al este de Estados Unidos, inform\u00f3 la polic\u00eda, en momentos en que el pa\u00eds vive una epidemia de tiroteos masivos.<\/p>\n\n\n\n<p>El hecho ocurri\u00f3 cerca de las 17H00 locales (21H00 GMT) en las afueras de un teatro en Richmond, la capital del estado, donde los estudiantes de un colegio local celebraban su graduaci\u00f3n, dijo a periodistas el jefe interino de la polic\u00eda de Richmond, Rick Edwards.<\/p>\n\n\n\n<p>Murieron en la acci\u00f3n un graduado de 18 a\u00f1os y un hombre de 36 a\u00f1os, mientras que de los cinco heridos, uno permanec\u00eda en estado cr\u00edtico, detall\u00f3.<\/p>\n\n\n\n<p>&#8220;La gente se dispers\u00f3, fue muy ca\u00f3tico&#8221;, dijo Edwards.<\/p>\n\n\n\n<p>Un sospechoso de 19 a\u00f1os huy\u00f3 del lugar pero poco despu\u00e9s fue detenido y ser\u00e1 acusado de asesinato en segundo grado, agreg\u00f3.<\/p>\n\n\n\n<p>El jefe policial no mencion\u00f3 un posible m\u00f3vil del crimen, pero dijo que el sospechoso conoc\u00eda al menos a una de las v\u00edctimas.<\/p>\n\n\n\n<p>Se recuperaron varias pistolas en el lugar de los hechos.<\/p>\n\n\n\n<p>Con m\u00e1s armas de fuego que habitantes, Estados Unidos tiene la mayor tasa de muertes por arma de fuego de todos los pa\u00edses desarrollados: 49.000 en 2021, m\u00e1s que las 45.000 del a\u00f1o anterior.<\/p>\n","protected":false},"excerpt":{"rendered":"<p>Murieron en la acci\u00f3n un graduado de 18 a\u00f1os y un hombre de 36 a\u00f1os. AGENCIA AFP Dos personas murieron y cinco resultaron heridas el martes durante un tiroteo cerca&hellip;<\/p>\n","protected":false},"author":1,"featured_media":52125,"comment_status":"open","ping_status":"open","sticky":false,"template":"","format":"standard","meta":{"content-type":"","jetpack_post_was_ever_published":false,"_jetpack_newsletter_access":"","_jetpack_dont_email_post_to_subs":false,"_jetpack_newsletter_tier_id":0,"_jetpack_memberships_contains_paywalled_content":false,"_jetpack_memberships_contains_paid_content":false,"footnotes":""},"categories":[1],"tags":[3127,3128,206,2352,1641,70],"class_list":["post-52124","post","type-post","status-publish","format-standard","has-post-thumbnail","hentry","category-sin-categoria","tag-cinco-heridos","tag-dos-muertos","tag-ee-uu","tag-escolar","tag-graduacion","tag-tiroteo"],"jetpack_featured_media_url":"","jetpack-related-posts":[{"id":49801,"url":"https:\/\/lasprimeras.com.do\/index.php\/2023\/05\/14\/dos-muertos-y-cinco-heridos-tras-tiroteo-masivo-en-la-frontera-de-yuma-arizona\/","url_meta":{"origin":52124,"position":0},"title":"Dos muertos y cinco heridos tras tiroteo masivo en la frontera de Yuma, Arizona","author":"prenxa100","date":"14 de mayo de 2023","format":false,"excerpt":"El tiroteo ocurri\u00f3 poco antes de las 11:00 p.m. en un vecindario residencial en el sureste del centro de Yuma, donde las dos personas murieron al ser trasladadas a un hospital local. Por: Jerald Jim\u00e9nez Arizona.-. Al menos dos personas murieron y cinco resultaron heridas tras un tiroteo durante una\u2026","rel":"","context":"En \u00abSin categor\u00eda\u00bb","block_context":{"text":"Sin categor\u00eda","link":"https:\/\/lasprimeras.com.do\/index.php\/category\/sin-categoria\/"},"img":{"alt_text":"","src":"","width":0,"height":0},"classes":[]},{"id":53878,"url":"https:\/\/lasprimeras.com.do\/index.php\/2023\/07\/02\/tiroteo-masivo-en-baltimore-varios-muertos-y-una-treintena-de-heridos-segun-la-policia\/","url_meta":{"origin":52124,"position":1},"title":"Tiroteo masivo en Baltimore: varios muertos y una treintena de heridos seg\u00fan la polic\u00eda","author":"Nelson Feliz","date":"2 de julio de 2023","format":false,"excerpt":"Por Euronews Un tiroteo en Baltimore (Maryland, Estados Unidos) ha dejado decenas de heridos y varios muertos, seg\u00fan los medios locales. Dos personas murieron y 28 resultaron heridas en un tiroteo masivo, entre ellas tres personas que se encontraban en estado cr\u00edtico, seg\u00fan ha informado la polic\u00eda. El tiroteo tuvo\u2026","rel":"","context":"En \u00abSin categor\u00eda\u00bb","block_context":{"text":"Sin categor\u00eda","link":"https:\/\/lasprimeras.com.do\/index.php\/category\/sin-categoria\/"},"img":{"alt_text":"","src":"https:\/\/i0.wp.com\/lasprimeras.com.do\/wp-content\/uploads\/2023\/07\/tiroteo.jpg?resize=350%2C200&ssl=1","width":350,"height":200,"srcset":"https:\/\/i0.wp.com\/lasprimeras.com.do\/wp-content\/uploads\/2023\/07\/tiroteo.jpg?resize=350%2C200&ssl=1 1x, https:\/\/i0.wp.com\/lasprimeras.com.do\/wp-content\/uploads\/2023\/07\/tiroteo.jpg?resize=525%2C300&ssl=1 1.5x, https:\/\/i0.wp.com\/lasprimeras.com.do\/wp-content\/uploads\/2023\/07\/tiroteo.jpg?resize=700%2C400&ssl=1 2x"},"classes":[]},{"id":90337,"url":"https:\/\/lasprimeras.com.do\/index.php\/2024\/10\/19\/tres-muertos-y-ocho-heridos-en-un-tiroteo-tras-un-partido-de-futbol-escolar-en-misisipi\/","url_meta":{"origin":52124,"position":2},"title":"Tres muertos y ocho heridos en un tiroteo tras un partido de f\u00fatbol escolar en Misisipi","author":"Nelson Feliz","date":"19 de octubre de 2024","format":false,"excerpt":"Dos de los fallecidos ten\u00edan 19 a\u00f1os y el tercero ten\u00eda 25, seg\u00fan las autoridades. Nueva York, EFE.-.Tres personas murieron y otras ocho resultaron heridas este s\u00e1bado en un tiroteo en Misisipi, Estados Unidos, mientras celebraban la victoria de una escuela en un partido de f\u00fatbol americano. Los hechos ocurrieron\u2026","rel":"","context":"En \u00abSin categor\u00eda\u00bb","block_context":{"text":"Sin categor\u00eda","link":"https:\/\/lasprimeras.com.do\/index.php\/category\/sin-categoria\/"},"img":{"alt_text":"","src":"https:\/\/i0.wp.com\/lasprimeras.com.do\/wp-content\/uploads\/2024\/10\/crime.jpeg?resize=350%2C200&ssl=1","width":350,"height":200,"srcset":"https:\/\/i0.wp.com\/lasprimeras.com.do\/wp-content\/uploads\/2024\/10\/crime.jpeg?resize=350%2C200&ssl=1 1x, https:\/\/i0.wp.com\/lasprimeras.com.do\/wp-content\/uploads\/2024\/10\/crime.jpeg?resize=525%2C300&ssl=1 1.5x, https:\/\/i0.wp.com\/lasprimeras.com.do\/wp-content\/uploads\/2024\/10\/crime.jpeg?resize=700%2C400&ssl=1 2x"},"classes":[]},{"id":53988,"url":"https:\/\/lasprimeras.com.do\/index.php\/2023\/07\/04\/al-menos-4-muertos-y-dos-heridos-en-un-tiroteo-en-filadelfia\/","url_meta":{"origin":52124,"position":3},"title":"Al menos 4 muertos y dos heridos en un tiroteo en Filadelfia","author":"Nelson Feliz","date":"4 de julio de 2023","format":false,"excerpt":"Por EUROPA PRESS Al menos cuatro personas han fallecido y dos han resultado heridas por un tiroteo que ha tenido lugar en la ciudad estadounidense de Filadelfia, en Pensilvania. Los agentes de Polic\u00eda respondieron a un aviso que tuvo lugar alrededor de las 20.30 horas (hora local) en el que\u2026","rel":"","context":"En \u00abSin categor\u00eda\u00bb","block_context":{"text":"Sin categor\u00eda","link":"https:\/\/lasprimeras.com.do\/index.php\/category\/sin-categoria\/"},"img":{"alt_text":"","src":"https:\/\/i0.wp.com\/lasprimeras.com.do\/wp-content\/uploads\/2023\/07\/filad.jpg?resize=350%2C200&ssl=1","width":350,"height":200},"classes":[]},{"id":85685,"url":"https:\/\/lasprimeras.com.do\/index.php\/2024\/07\/07\/dos-muertos-19-heridos-por-tiroteo-en-detroit\/","url_meta":{"origin":52124,"position":4},"title":"Dos muertos, 19 heridos por tiroteo en Detroit","author":"Nelson Feliz","date":"7 de julio de 2024","format":false,"excerpt":"DETROIT (AP) \u2014 Dos personas murieron y 19 resultaron heridas por un tiroteo en Detroit el domingo, inform\u00f3 la Polic\u00eda Estatal de Michigan. La polic\u00eda estatal dijo que por ahora nadie ha sido arrestado y que estaba asistiendo a la polic\u00eda municipal en la investigaci\u00f3n, seg\u00fan un mensaje en la\u2026","rel":"","context":"En \u00abSin categor\u00eda\u00bb","block_context":{"text":"Sin categor\u00eda","link":"https:\/\/lasprimeras.com.do\/index.php\/category\/sin-categoria\/"},"img":{"alt_text":"","src":"","width":0,"height":0},"classes":[]},{"id":75144,"url":"https:\/\/lasprimeras.com.do\/index.php\/2024\/01\/29\/celular-causa-tiroteo-en-capotillodejando-un-muerto-y-dos-heridos\/","url_meta":{"origin":52124,"position":5},"title":"Celular causa tiroteo en Capotillo;dejando un muerto y dos heridos","author":"Nelson Feliz","date":"29 de enero de 2024","format":false,"excerpt":"La Polic\u00eda Nacional dijo que est\u00e1 investigando el caso. La Polic\u00eda Nacional inform\u00f3 este lunes que el tiroteo que ocurri\u00f3 en la calle 42 del sector Capotillo, en el Distrito Nacional, que dej\u00f3 un muerto y dos heridos, se origin\u00f3 por una ri\u00f1a entre varias personas, incluyendo a Jason Ram\u00f3n\u2026","rel":"","context":"En \u00abNACIONALES\u00bb","block_context":{"text":"NACIONALES","link":"https:\/\/lasprimeras.com.do\/index.php\/category\/nacionales\/"},"img":{"alt_text":"Hombre fue ultimado durante un tiroteo en la 42 de Capotillo","src":"https:\/\/i0.wp.com\/lasprimeras.com.do\/wp-content\/uploads\/2024\/01\/capotillo.jpg?resize=350%2C200&ssl=1","width":350,"height":200,"srcset":"https:\/\/i0.wp.com\/lasprimeras.com.do\/wp-content\/uploads\/2024\/01\/capotillo.jpg?resize=350%2C200&ssl=1 1x, https:\/\/i0.wp.com\/lasprimeras.com.do\/wp-content\/uploads\/2024\/01\/capotillo.jpg?resize=525%2C300&ssl=1 1.5x, https:\/\/i0.wp.com\/lasprimeras.com.do\/wp-content\/uploads\/2024\/01\/capotillo.jpg?resize=700%2C400&ssl=1 2x"},"classes":[]}],"jetpack_sharing_enabled":true,"_links":{"self":[{"href":"https:\/\/lasprimeras.com.do\/index.php\/wp-json\/wp\/v2\/posts\/52124","targetHints":{"allow":["GET"]}}],"collection":[{"href":"https:\/\/lasprimeras.com.do\/index.php\/wp-json\/wp\/v2\/posts"}],"about":[{"href":"https:\/\/lasprimeras.com.do\/index.php\/wp-json\/wp\/v2\/types\/post"}],"author":[{"embeddable":true,"href":"https:\/\/lasprimeras.com.do\/index.php\/wp-json\/wp\/v2\/users\/1"}],"replies":[{"embeddable":true,"href":"https:\/\/lasprimeras.com.do\/index.php\/wp-json\/wp\/v2\/comments?post=52124"}],"version-history":[{"count":0,"href":"https:\/\/lasprimeras.com.do\/index.php\/wp-json\/wp\/v2\/posts\/52124\/revisions"}],"wp:featuredmedia":[{"embeddable":true,"href":"https:\/\/lasprimeras.com.do\/index.php\/wp-json\/"}],"wp:attachment":[{"href":"https:\/\/lasprimeras.com.do\/index.php\/wp-json\/wp\/v2\/media?parent=52124"}],"wp:term":[{"taxonomy":"category","embeddable":true,"href":"https:\/\/lasprimeras.com.do\/index.php\/wp-json\/wp\/v2\/categories?post=52124"},{"taxonomy":"post_tag","embeddable":true,"href":"https:\/\/lasprimeras.com.do\/index.php\/wp-json\/wp\/v2\/tags?post=52124"}],"curies":[{"name":"wp","href":"https:\/\/api.w.org\/{rel}","templated":true}]}}