{"id":52127,"date":"2023-06-07T08:18:06","date_gmt":"2023-06-07T12:18:06","guid":{"rendered":"https:\/\/atento.com.do\/?p=52127"},"modified":"2023-06-07T08:18:06","modified_gmt":"2023-06-07T12:18:06","slug":"el-papa-sera-operado-de-urgencia-por-un-riesgo-de-obstruccion-intestinal","status":"publish","type":"post","link":"https:\/\/lasprimeras.com.do\/index.php\/2023\/06\/07\/el-papa-sera-operado-de-urgencia-por-un-riesgo-de-obstruccion-intestinal\/","title":{"rendered":"El papa ser\u00e1 operado de urgencia por un riesgo de obstrucci\u00f3n intestinal"},"content":{"rendered":"\n<p>La salud del santo padre ha alimentado regularmente las especulaciones sobre una posible renuncia.<\/p>\n\n\n\n<p>AGENCIA AFP<\/p>\n\n\n\n<p>El papa Francisco, de 86 a\u00f1os, ser\u00e1 operado de urgencia y bajo anestesia general este mi\u00e9rcoles por la tarde en Roma, por un riesgo de obstrucci\u00f3n intestinal, anunci\u00f3 el Vaticano.<\/p>\n\n\n\n<p>La intervenci\u00f3n quir\u00fargica resulta &#8220;necesaria&#8221; por la agravaci\u00f3n de los s\u00edntomas presentados por el sumo pont\u00edfice, indic\u00f3 su equipo m\u00e9dico, y requerir\u00e1 &#8220;varios d\u00edas&#8221; de hospitalizaci\u00f3n, precis\u00f3 el director del servicio de prensa de la Santa Sede, Matteo Bruni.<\/p>\n\n\n\n<p>El papa argentino presidi\u00f3 este mi\u00e9rcoles de ma\u00f1ana la audiencia general en la plaza de San Pedro, ante miles de fieles.<\/p>\n\n\n\n<p>&#8220;Al final de la audiencia general, el Santo Padre se traslad\u00f3 al hospital universitario A. Gemelli en donde, al comienzo de la tarde, se someter\u00e1 a una operaci\u00f3n quir\u00fargica de laparotom\u00eda y de cirug\u00eda pl\u00e1stica de la pared abdominal con pr\u00f3tesis, bajo anestesia general&#8221;, explic\u00f3 Bruni en un comunicado.<\/p>\n\n\n\n<p>La laparotom\u00eda es una intervenci\u00f3n consistente en abrir el abdomen.<\/p>\n\n\n\n<p>&#8220;La operaci\u00f3n, preparada estos \u00faltimos d\u00edas por el equipo m\u00e9dico que asiste al Santo Padre, se ha vuelto necesaria a causa de una hernia incisional que provoca s\u00edndromes suboclusivos recurrentes, dolorosos y en v\u00edas de agravaci\u00f3n&#8221;, agreg\u00f3 Bruni.<\/p>\n\n\n\n<p>El martes por la ma\u00f1ana, el papa hab\u00eda tenido que pasar por el hospital Gemelli para someterse a unos &#8220;ex\u00e1menes&#8221;, pero el Vaticano no detall\u00f3 la naturaleza de los mismos.<\/p>\n\n\n\n<p>En julio de 2021, el obispo de Roma tuvo que ser hospitalizado unos diez d\u00edas en ese mismo hospital para someterse a una operaci\u00f3n del colon, en la que se le extirp\u00f3 una parte del mismo. Seg\u00fan dijo, sufri\u00f3 &#8220;secuelas&#8221; de la anestesia.<\/p>\n\n\n\n<p>A fines de marzo, Francisco, elegido papa en 2013, tuvo de nuevo que ser ingresado en el hospital Gemmeli por una infecci\u00f3n respiratoria que requiri\u00f3 antibi\u00f3ticos.<\/p>\n\n\n\n<p>Francisco confi\u00f3 hace dos semanas en una entrevista con la televisi\u00f3n hispanohablante Telemundo que esta &#8220;neumon\u00eda&#8221; fue tratada &#8220;a tiempo&#8221;, y que si se hubiera esperado m\u00e1s tiempo, podr\u00eda haber sido m\u00e1s grave.<\/p>\n\n\n\n<ul class=\"wp-block-list\">\n<li>Una salud renqueante &#8211;<\/li>\n<\/ul>\n\n\n\n<p>Tras su operaci\u00f3n este mi\u00e9rcoles, el papa tiene previsto permanecer en la d\u00e9cima planta del hospital Gemelli, en la misma habitaci\u00f3n utilizada por el papa Juan Pablo II, operado en varias ocasiones en ese centro m\u00e9dico.<\/p>\n\n\n\n<p>Jorge Bergoglio padece tambi\u00e9n dolores cr\u00f3nicos de rodilla, que lo obligan a desplazarse en silla de ruedas o con ayuda de un bast\u00f3n.<\/p>\n\n\n\n<p>El jefe de la Iglesia cat\u00f3lica tuvo igualmente que anular sus citas previstas el 26 de mayo por un estado fiebroso, que no requiri\u00f3 ingreso hospitalario. Al d\u00eda siguiente retom\u00f3 sus compromisos.<\/p>\n\n\n\n<p>La salud del santo padre ha alimentado regularmente las especulaciones sobre una posible renuncia.<\/p>\n\n\n\n<p>En varias ocasiones dijo que se plantear\u00eda dimitir -como hizo su predecesor Benedicto XVI, fallecido el 31 de diciembre- si su salud as\u00ed lo obligara, pero recientemente dijo que tal escenario no era de actualidad.<\/p>\n\n\n\n<p>Pese a todo, Francisco mantiene su programa de viajes. A inicios de agosto tiene previsto visitar Lisboa con motivo de las Jornadas Mundiales de la Juventud, y en septiembre tiene agendados sendos viajes a Mongolia y Marsella, en el sur de Francia.<\/p>\n","protected":false},"excerpt":{"rendered":"<p>La salud del santo padre ha alimentado regularmente las especulaciones sobre una posible renuncia. AGENCIA AFP El papa Francisco, de 86 a\u00f1os, ser\u00e1 operado de urgencia y bajo anestesia general&hellip;<\/p>\n","protected":false},"author":1,"featured_media":52128,"comment_status":"open","ping_status":"open","sticky":false,"template":"","format":"standard","meta":{"content-type":"","jetpack_post_was_ever_published":false,"_jetpack_newsletter_access":"","_jetpack_dont_email_post_to_subs":false,"_jetpack_newsletter_tier_id":0,"_jetpack_memberships_contains_paywalled_content":false,"_jetpack_memberships_contains_paid_content":false,"footnotes":""},"categories":[1],"tags":[2192,3129,3130,3131,3132,3133],"class_list":["post-52127","post","type-post","status-publish","format-standard","has-post-thumbnail","hentry","category-sin-categoria","tag-el-papa","tag-intestinal","tag-obstruccion","tag-operado","tag-riesgo","tag-urgencia"],"jetpack_featured_media_url":"","jetpack-related-posts":[{"id":52239,"url":"https:\/\/lasprimeras.com.do\/index.php\/2023\/06\/08\/el-vaticano-papa-francisco-en-buenas-condiciones-tras-estar-hospitalizado-por-cirugia\/","url_meta":{"origin":52127,"position":0},"title":"El Vaticano: Papa Francisco en &#8216;buenas condiciones&#8217; tras estar hospitalizado por cirug\u00eda","author":"prenxa100","date":"8 de junio de 2023","format":false,"excerpt":"El Papa Francisco pas\u00f3 su primera noche en el hospital Genelli de Roma tras ser operado por una hernia abdominal durante la tarde del mi\u00e9rcoles. D. RODR\u00cdGUEZ El Vaticano, REUTERS | El Papa Francisco se encontraba en buenas condiciones generales el jueves por la ma\u00f1ana despu\u00e9s de su primera noche\u2026","rel":"","context":"En \u00abSin categor\u00eda\u00bb","block_context":{"text":"Sin categor\u00eda","link":"https:\/\/lasprimeras.com.do\/index.php\/category\/sin-categoria\/"},"img":{"alt_text":"","src":"","width":0,"height":0},"classes":[]},{"id":93564,"url":"https:\/\/lasprimeras.com.do\/index.php\/2025\/02\/14\/papa-es-hospitalizado-para-pruebas-medicas-y-tratar-bronquitis-vaticano-cancela-su-agenda\/","url_meta":{"origin":52127,"position":1},"title":"Papa es hospitalizado para pruebas m\u00e9dicas y tratar bronquitis; Vaticano cancela su agenda","author":"Nelson Feliz","date":"14 de febrero de 2025","format":false,"excerpt":"POR NICOLE WINFIELD ROMA (AP) \u2014 Francisco fue hospitalizado el viernes para tratar una bronquitis que arrastra desde hace una semana y someterse a algunas pruebas diagn\u00f3sticas necesarias, inform\u00f3 el Vaticano, confirmando los \u00faltimos problemas de salud del pont\u00edfice argentino de 88 a\u00f1os que lo obligaron a cancelar su agenda\u2026","rel":"","context":"En \u00abINTERNACIONALES\u00bb","block_context":{"text":"INTERNACIONALES","link":"https:\/\/lasprimeras.com.do\/index.php\/category\/sin-categoria\/internacionales\/"},"img":{"alt_text":"","src":"https:\/\/i0.wp.com\/lasprimeras.com.do\/wp-content\/uploads\/2025\/02\/Francisco.jpg?resize=350%2C200&ssl=1","width":350,"height":200,"srcset":"https:\/\/i0.wp.com\/lasprimeras.com.do\/wp-content\/uploads\/2025\/02\/Francisco.jpg?resize=350%2C200&ssl=1 1x, https:\/\/i0.wp.com\/lasprimeras.com.do\/wp-content\/uploads\/2025\/02\/Francisco.jpg?resize=525%2C300&ssl=1 1.5x, https:\/\/i0.wp.com\/lasprimeras.com.do\/wp-content\/uploads\/2025\/02\/Francisco.jpg?resize=700%2C400&ssl=1 2x"},"classes":[]},{"id":99392,"url":"https:\/\/lasprimeras.com.do\/index.php\/2025\/05\/21\/el-papa-leon-xiv-pide-ayuda-para-gaza-y-el-fin-de-las-hostilidades-en-su-primera-audiencia-general\/","url_meta":{"origin":52127,"position":2},"title":"El papa Le\u00f3n XIV pide ayuda para Gaza y el fin de las hostilidades en su primera audiencia general","author":"Nelson Feliz","date":"21 de mayo de 2025","format":false,"excerpt":"POR NICOLE WINFIELD CIUDAD DEL VATICANO (AP) \u2014 El papa Le\u00f3n XIV pidi\u00f3 el mi\u00e9rcoles que la ayuda humanitaria llegue a la Franja de Gaza y que se ponga fin al \u201cdesgarrador\u201d sufrimiento de su pueblo, mientras presid\u00eda su primera audiencia general en la plaza de San Pedro. El Vaticano\u2026","rel":"","context":"En \u00abINTERNACIONALES\u00bb","block_context":{"text":"INTERNACIONALES","link":"https:\/\/lasprimeras.com.do\/index.php\/category\/sin-categoria\/internacionales\/"},"img":{"alt_text":"","src":"https:\/\/i0.wp.com\/lasprimeras.com.do\/wp-content\/uploads\/2025\/05\/PAPA.jpg?resize=350%2C200&ssl=1","width":350,"height":200,"srcset":"https:\/\/i0.wp.com\/lasprimeras.com.do\/wp-content\/uploads\/2025\/05\/PAPA.jpg?resize=350%2C200&ssl=1 1x, https:\/\/i0.wp.com\/lasprimeras.com.do\/wp-content\/uploads\/2025\/05\/PAPA.jpg?resize=525%2C300&ssl=1 1.5x, https:\/\/i0.wp.com\/lasprimeras.com.do\/wp-content\/uploads\/2025\/05\/PAPA.jpg?resize=700%2C400&ssl=1 2x"},"classes":[]},{"id":77735,"url":"https:\/\/lasprimeras.com.do\/index.php\/2024\/02\/24\/el-papa-francisco-cancela-una-reunion-con-diaconos-de-roma\/","url_meta":{"origin":52127,"position":3},"title":"El Papa Francisco cancela una reuni\u00f3n con di\u00e1conos de Roma","author":"Nelson Feliz","date":"24 de febrero de 2024","format":false,"excerpt":"POR GIADA ZAMPANO CIUDAD DEL VATICANO (AP) \u2014 El Papa Francisco cancel\u00f3 una audiencia programada para el s\u00e1bado como medida de precauci\u00f3n despu\u00e9s de contraer una gripe leve, dijo la oficina de prensa del Vaticano en un breve comunicado, sin agregar m\u00e1s detalles. Francisco ten\u00eda previsto reunirse con los di\u00e1conos\u2026","rel":"","context":"En \u00abSin categor\u00eda\u00bb","block_context":{"text":"Sin categor\u00eda","link":"https:\/\/lasprimeras.com.do\/index.php\/category\/sin-categoria\/"},"img":{"alt_text":"El Papa Francisco","src":"https:\/\/i0.wp.com\/lasprimeras.com.do\/wp-content\/uploads\/2024\/02\/El-Papa-Francisco.jpg?resize=350%2C200&ssl=1","width":350,"height":200,"srcset":"https:\/\/i0.wp.com\/lasprimeras.com.do\/wp-content\/uploads\/2024\/02\/El-Papa-Francisco.jpg?resize=350%2C200&ssl=1 1x, https:\/\/i0.wp.com\/lasprimeras.com.do\/wp-content\/uploads\/2024\/02\/El-Papa-Francisco.jpg?resize=525%2C300&ssl=1 1.5x, https:\/\/i0.wp.com\/lasprimeras.com.do\/wp-content\/uploads\/2024\/02\/El-Papa-Francisco.jpg?resize=700%2C400&ssl=1 2x"},"classes":[]},{"id":83814,"url":"https:\/\/lasprimeras.com.do\/index.php\/2024\/05\/24\/abinader-llega-a-italia-para-audiencia-privada-con-el-papa-francisco\/","url_meta":{"origin":52127,"position":4},"title":"Abinader llega a Italia para audiencia privada con el papa Francisco","author":"Nelson Feliz","date":"24 de mayo de 2024","format":false,"excerpt":"Roma, Italia. - El presidente Luis Abinader lleg\u00f3 a la capital italiana, Roma, a las 1:16 horas junto a su familia y ser\u00e1n recibidos este lunes en audiencia privada por Su Santidad, el papa Francisco, en la Ciudad del Vaticano. El jefe de Estado dominicano al llegar a Roma, fue\u2026","rel":"","context":"En \u00abPORTADA\u00bb","block_context":{"text":"PORTADA","link":"https:\/\/lasprimeras.com.do\/index.php\/category\/portada\/"},"img":{"alt_text":"Luis Abinader","src":"https:\/\/i0.wp.com\/lasprimeras.com.do\/wp-content\/uploads\/2024\/05\/Luis-Abinader-i.jpg?resize=350%2C200&ssl=1","width":350,"height":200,"srcset":"https:\/\/i0.wp.com\/lasprimeras.com.do\/wp-content\/uploads\/2024\/05\/Luis-Abinader-i.jpg?resize=350%2C200&ssl=1 1x, https:\/\/i0.wp.com\/lasprimeras.com.do\/wp-content\/uploads\/2024\/05\/Luis-Abinader-i.jpg?resize=525%2C300&ssl=1 1.5x, https:\/\/i0.wp.com\/lasprimeras.com.do\/wp-content\/uploads\/2024\/05\/Luis-Abinader-i.jpg?resize=700%2C400&ssl=1 2x"},"classes":[]},{"id":83910,"url":"https:\/\/lasprimeras.com.do\/index.php\/2024\/05\/27\/papa-francisco-felicita-al-presidente-abinader-por-su-reeleccion\/","url_meta":{"origin":52127,"position":5},"title":"Papa Francisco felicita al presidente Abinader por su reelecci\u00f3n","author":"Nelson Feliz","date":"27 de mayo de 2024","format":false,"excerpt":"Manifiesta inter\u00e9s por visitar Rep\u00fablica Dominicana. Ciudad del Vaticano.- El Papa Francisco felicit\u00f3 en persona al presidente Luis Abinader por su reelecci\u00f3n en las pasadas elecciones celebradas en el pa\u00eds. El Sumo Pont\u00edfice, tambi\u00e9n le manifest\u00f3 al mandatario dominicano su inter\u00e9s en visitar el pa\u00eds, luego de una invitaci\u00f3n formal\u2026","rel":"","context":"En \u00abPORTADA\u00bb","block_context":{"text":"PORTADA","link":"https:\/\/lasprimeras.com.do\/index.php\/category\/portada\/"},"img":{"alt_text":"Papa Francisco y Luis Abinader","src":"https:\/\/i0.wp.com\/lasprimeras.com.do\/wp-content\/uploads\/2024\/05\/Papa-Francisco-y-Luis-Abinader-1.jpg?resize=350%2C200&ssl=1","width":350,"height":200,"srcset":"https:\/\/i0.wp.com\/lasprimeras.com.do\/wp-content\/uploads\/2024\/05\/Papa-Francisco-y-Luis-Abinader-1.jpg?resize=350%2C200&ssl=1 1x, https:\/\/i0.wp.com\/lasprimeras.com.do\/wp-content\/uploads\/2024\/05\/Papa-Francisco-y-Luis-Abinader-1.jpg?resize=525%2C300&ssl=1 1.5x, https:\/\/i0.wp.com\/lasprimeras.com.do\/wp-content\/uploads\/2024\/05\/Papa-Francisco-y-Luis-Abinader-1.jpg?resize=700%2C400&ssl=1 2x"},"classes":[]}],"jetpack_sharing_enabled":true,"_links":{"self":[{"href":"https:\/\/lasprimeras.com.do\/index.php\/wp-json\/wp\/v2\/posts\/52127","targetHints":{"allow":["GET"]}}],"collection":[{"href":"https:\/\/lasprimeras.com.do\/index.php\/wp-json\/wp\/v2\/posts"}],"about":[{"href":"https:\/\/lasprimeras.com.do\/index.php\/wp-json\/wp\/v2\/types\/post"}],"author":[{"embeddable":true,"href":"https:\/\/lasprimeras.com.do\/index.php\/wp-json\/wp\/v2\/users\/1"}],"replies":[{"embeddable":true,"href":"https:\/\/lasprimeras.com.do\/index.php\/wp-json\/wp\/v2\/comments?post=52127"}],"version-history":[{"count":0,"href":"https:\/\/lasprimeras.com.do\/index.php\/wp-json\/wp\/v2\/posts\/52127\/revisions"}],"wp:featuredmedia":[{"embeddable":true,"href":"https:\/\/lasprimeras.com.do\/index.php\/wp-json\/"}],"wp:attachment":[{"href":"https:\/\/lasprimeras.com.do\/index.php\/wp-json\/wp\/v2\/media?parent=52127"}],"wp:term":[{"taxonomy":"category","embeddable":true,"href":"https:\/\/lasprimeras.com.do\/index.php\/wp-json\/wp\/v2\/categories?post=52127"},{"taxonomy":"post_tag","embeddable":true,"href":"https:\/\/lasprimeras.com.do\/index.php\/wp-json\/wp\/v2\/tags?post=52127"}],"curies":[{"name":"wp","href":"https:\/\/api.w.org\/{rel}","templated":true}]}}