{"id":52130,"date":"2023-06-07T08:23:46","date_gmt":"2023-06-07T12:23:46","guid":{"rendered":"https:\/\/atento.com.do\/?p=52130"},"modified":"2023-06-07T08:23:46","modified_gmt":"2023-06-07T12:23:46","slug":"la-masturbacion-se-vincula-a-un-proposito-evolutivo-en-primates","status":"publish","type":"post","link":"https:\/\/lasprimeras.com.do\/index.php\/2023\/06\/07\/la-masturbacion-se-vincula-a-un-proposito-evolutivo-en-primates\/","title":{"rendered":"La masturbaci\u00f3n se vincula a un prop\u00f3sito evolutivo en primates"},"content":{"rendered":"\n<p>Los hallazgos indican que la masturbaci\u00f3n es un rasgo antiguo en los primates y que, al menos en los machos, aumenta el \u00e9xito reproductivo y ayuda a evitar contraer infecciones de transmisi\u00f3n sexual (ITS).<\/p>\n\n\n\n<p>EUROPA PRESS<\/p>\n\n\n\n<p>Una nueva investigaci\u00f3n publicada en Proceedings of The Royal Society B encuentra que la masturbaci\u00f3n parece tener un prop\u00f3sito evolutivo en primates que se remonta a decenas de millones de a\u00f1os.<\/p>\n\n\n\n<p>Los hallazgos indican que la masturbaci\u00f3n es un rasgo antiguo en los primates y que, al menos en los machos, aumenta el \u00e9xito reproductivo y ayuda a evitar contraer infecciones de transmisi\u00f3n sexual (ITS).<\/p>\n\n\n\n<p>La Dra. Matilda Brindle, antroip\u00f3loga del University College London, y sus colegas reunieron el conjunto de datos m\u00e1s grande jam\u00e1s realizado sobre masturbaci\u00f3n de primates, recopilando informaci\u00f3n de casi 400 fuentes, incluidos 246 art\u00edculos acad\u00e9micos publicados y 150 cuestionarios y comunicaciones personales de primat\u00f3logos y cuidadores de zool\u00f3gicos.<\/p>\n\n\n\n<p>A partir de estos datos, los autores rastrearon la distribuci\u00f3n del comportamiento autosexual entre primates, para comprender cu\u00e1ndo y por qu\u00e9 evolucion\u00f3 tanto en hembras como en machos.<\/p>\n\n\n\n<p>El equipo descubri\u00f3 que la masturbaci\u00f3n tiene una historia evolutiva de decenas de millones de a\u00f1os entre los primates y probablemente estuvo presente en el ancestro com\u00fan de todos los monos y simios (incluidos los humanos).<\/p>\n\n\n\n<p>Estaba menos claro si el antepasado de los otros primates (l\u00e9mures, loris y tarseros) se masturbaba, en gran parte porque los datos eran m\u00e1s escasos para estos grupos.<\/p>\n\n\n\n<p>Para entender por qu\u00e9 la evoluci\u00f3n producir\u00eda este rasgo aparentemente no funcional, Brindle y sus colegas probaron varias hip\u00f3tesis.<\/p>\n\n\n\n<p>La &#8220;hip\u00f3tesis de selecci\u00f3n poscopulatoria&#8221; propone que la masturbaci\u00f3n ayuda a una fertilizaci\u00f3n exitosa. Esto se puede lograr de varias maneras. Primero, la masturbaci\u00f3n (sin eyaculaci\u00f3n) puede aumentar la excitaci\u00f3n antes del sexo. Esta puede ser una t\u00e1ctica particularmente \u00fatil para los machos de bajo rango que probablemente sean interrumpidos durante la c\u00f3pula, ayud\u00e1ndolos a eyacular m\u00e1s r\u00e1pido.<\/p>\n\n\n\n<p>En segundo lugar, la masturbaci\u00f3n (con eyaculaci\u00f3n) permite que los machos expulsen semen de calidad inferior, lo que deja disponible esperma fresco y de alta calidad para el apareamiento, que es m\u00e1s probable que supere a los de otros machos.<\/p>\n\n\n\n<p>Los investigadores encontraron apoyo para esta hip\u00f3tesis, mostrando que la masturbaci\u00f3n masculina ha evolucionado junto con los sistemas de apareamiento de m\u00faltiples machos donde la competencia entre machos es alta.<\/p>\n\n\n\n<p>La &#8220;hip\u00f3tesis de evitaci\u00f3n de pat\u00f3genos&#8221; propone que la masturbaci\u00f3n masculina reduce la posibilidad de contraer una ITS despu\u00e9s de la c\u00f3pula, al limpiar la uretra (un sitio principal de infecci\u00f3n para muchas ITS) con la eyaculaci\u00f3n obtenida a trav\u00e9s de la masturbaci\u00f3n.<\/p>\n\n\n\n<p>El equipo tambi\u00e9n encontr\u00f3 evidencia en apoyo de esta hip\u00f3tesis, que muestra que la masturbaci\u00f3n masculina coevolucion\u00f3 con una alta carga de ITS en el \u00e1rbol de la vida de los primates.<\/p>\n\n\n\n<p>El significado de la masturbaci\u00f3n femenina sigue siendo menos claro. Si bien es frecuente, hay menos informes que lo describen, lo que disminuye el poder anal\u00edtico de las estad\u00edsticas. El equipo argumenta que se necesitan m\u00e1s datos sobre el comportamiento sexual femenino para comprender mejor el papel evolutivo de la masturbaci\u00f3n femenina.<\/p>\n\n\n\n<p>Brindle dijo: &#8220;Nuestros hallazgos ayudan a arrojar luz sobre un comportamiento sexual muy com\u00fan, pero poco comprendido, y representan un avance significativo en nuestra comprensi\u00f3n de las funciones de la masturbaci\u00f3n.<\/p>\n\n\n\n<p>El hecho de que el comportamiento autosexual pueda tener una funci\u00f3n adaptativa es omnipresente en todo el orden de los primates, y es practicado por miembros cautivos y salvajes de ambos sexos, demuestra que la masturbaci\u00f3n es parte de un repertorio de comportamientos sexuales saludables&#8221;.<\/p>\n","protected":false},"excerpt":{"rendered":"<p>Los hallazgos indican que la masturbaci\u00f3n es un rasgo antiguo en los primates y que, al menos en los machos, aumenta el \u00e9xito reproductivo y ayuda a evitar contraer infecciones&hellip;<\/p>\n","protected":false},"author":1,"featured_media":52131,"comment_status":"open","ping_status":"open","sticky":false,"template":"","format":"standard","meta":{"content-type":"","jetpack_post_was_ever_published":false,"_jetpack_newsletter_access":"","_jetpack_dont_email_post_to_subs":false,"_jetpack_newsletter_tier_id":0,"_jetpack_memberships_contains_paywalled_content":false,"_jetpack_memberships_contains_paid_content":false,"footnotes":""},"categories":[1],"tags":[3134,3135,3136,3137,3138],"class_list":["post-52130","post","type-post","status-publish","format-standard","has-post-thumbnail","hentry","category-sin-categoria","tag-evolutivo","tag-masturbacion","tag-primates","tag-proposito","tag-se-vincula"],"jetpack_featured_media_url":"","jetpack-related-posts":[{"id":120458,"url":"https:\/\/lasprimeras.com.do\/index.php\/2026\/01\/24\/el-tamano-importa-estudio-revela-como-mujeres-y-hombres-perciben-distinto-el-pene\/","url_meta":{"origin":52130,"position":0},"title":"\u00bfEl tama\u00f1o importa? Estudio revela c\u00f3mo mujeres y hombres perciben distinto el pene","author":"Nelson Feliz","date":"24 de enero de 2026","format":false,"excerpt":"Ciencia,EFE.- Por qu\u00e9 el pene humano es inexplicablemente grande en comparaci\u00f3n con el de otros primates es una cuesti\u00f3n evolutiva que se discute desde hace tiempo. Podr\u00eda ser una manera de seleccionar a la pareja, en el caso de las mujeres, y de medir la competencia en el caso de\u2026","rel":"","context":"En \u00abSALUD\u00bb","block_context":{"text":"SALUD","link":"https:\/\/lasprimeras.com.do\/index.php\/category\/salud\/"},"img":{"alt_text":"","src":"https:\/\/i0.wp.com\/lasprimeras.com.do\/wp-content\/uploads\/2026\/01\/TAM.jpg?resize=350%2C200&ssl=1","width":350,"height":200,"srcset":"https:\/\/i0.wp.com\/lasprimeras.com.do\/wp-content\/uploads\/2026\/01\/TAM.jpg?resize=350%2C200&ssl=1 1x, https:\/\/i0.wp.com\/lasprimeras.com.do\/wp-content\/uploads\/2026\/01\/TAM.jpg?resize=525%2C300&ssl=1 1.5x"},"classes":[]},{"id":95151,"url":"https:\/\/lasprimeras.com.do\/index.php\/2025\/03\/10\/coin-llama-a-crear-politicas-inclusivas-para-mujeres-que-usan-drogas-y-con-vih\/","url_meta":{"origin":52130,"position":1},"title":"COIN llama a crear pol\u00edticas inclusivas para mujeres que usan drogas y con VIH","author":"Nelson Feliz","date":"10 de marzo de 2025","format":false,"excerpt":"El Centro de Orientaci\u00f3n e Investigaci\u00f3n Integral (COIN) alerta sobre los riesgos elevados que enfrentan las mujeres que usan drogas, particularmente en relaci\u00f3n con la infecci\u00f3n por VIH, as\u00ed como las m\u00faltiples barreras que limitan su acceso a servicios de salud y programas de reducci\u00f3n de da\u00f1os. A nivel global,\u2026","rel":"","context":"En \u00abNACIONALES\u00bb","block_context":{"text":"NACIONALES","link":"https:\/\/lasprimeras.com.do\/index.php\/category\/nacionales\/"},"img":{"alt_text":"","src":"https:\/\/i0.wp.com\/lasprimeras.com.do\/wp-content\/uploads\/2025\/03\/COIN.jpg?resize=350%2C200&ssl=1","width":350,"height":200,"srcset":"https:\/\/i0.wp.com\/lasprimeras.com.do\/wp-content\/uploads\/2025\/03\/COIN.jpg?resize=350%2C200&ssl=1 1x, https:\/\/i0.wp.com\/lasprimeras.com.do\/wp-content\/uploads\/2025\/03\/COIN.jpg?resize=525%2C300&ssl=1 1.5x, https:\/\/i0.wp.com\/lasprimeras.com.do\/wp-content\/uploads\/2025\/03\/COIN.jpg?resize=700%2C400&ssl=1 2x"},"classes":[]},{"id":90563,"url":"https:\/\/lasprimeras.com.do\/index.php\/2024\/10\/24\/salud-publica-fortalece-los-mecanismos-de-deteccion-de-las-its\/","url_meta":{"origin":52130,"position":2},"title":"Salud P\u00fablica fortalece los mecanismos de detecci\u00f3n de las ITS","author":"Nelson Feliz","date":"24 de octubre de 2024","format":false,"excerpt":"M\u00f3nica Thormann destac\u00f3 que, en Rep\u00fablica Dominicana, las infecciones por VIH se redujeron en un 7 % El Ministerio de Salud P\u00fablica, a trav\u00e9s de su Programa de Control de las Infecciones de Transmisi\u00f3n Sexual (ITS), VIH y Hepatitis, reafirm\u00f3 este jueves el compromiso de lucha contra esas enfermedades, con\u2026","rel":"","context":"En \u00abPORTADA\u00bb","block_context":{"text":"PORTADA","link":"https:\/\/lasprimeras.com.do\/index.php\/category\/portada\/"},"img":{"alt_text":"Salud P\u00fablica","src":"https:\/\/i0.wp.com\/lasprimeras.com.do\/wp-content\/uploads\/2024\/10\/Salud-Publica.jpg?resize=350%2C200&ssl=1","width":350,"height":200,"srcset":"https:\/\/i0.wp.com\/lasprimeras.com.do\/wp-content\/uploads\/2024\/10\/Salud-Publica.jpg?resize=350%2C200&ssl=1 1x, https:\/\/i0.wp.com\/lasprimeras.com.do\/wp-content\/uploads\/2024\/10\/Salud-Publica.jpg?resize=525%2C300&ssl=1 1.5x, https:\/\/i0.wp.com\/lasprimeras.com.do\/wp-content\/uploads\/2024\/10\/Salud-Publica.jpg?resize=700%2C400&ssl=1 2x"},"classes":[]},{"id":84811,"url":"https:\/\/lasprimeras.com.do\/index.php\/2024\/06\/16\/los-tratamientos-faciales-de-vampiros-estaban-relacionados-con-casos-de-vih\/","url_meta":{"origin":52130,"position":3},"title":"Los &#8216;tratamientos faciales de vampiros&#8217; estaban relacionados con casos de VIH","author":"Nelson Feliz","date":"16 de junio de 2024","format":false,"excerpt":"Esto es lo que debe saber sobre el tratamiento de belleza. POR ALEXA ST. JOHN Tres mujeres fueron diagnosticadas con VIH despu\u00e9s de someterse a procedimientos \"faciales vamp\u00edricos\" en un spa m\u00e9dico sin licencia de Nuevo M\u00e9xico, dijeron los Centros para el Control y la Prevenci\u00f3n de Enfermedades en un\u2026","rel":"","context":"En \u00abSin categor\u00eda\u00bb","block_context":{"text":"Sin categor\u00eda","link":"https:\/\/lasprimeras.com.do\/index.php\/category\/sin-categoria\/"},"img":{"alt_text":"","src":"https:\/\/i0.wp.com\/lasprimeras.com.do\/wp-content\/uploads\/2024\/06\/Tratamientos-faciales.jpg?resize=350%2C200&ssl=1","width":350,"height":200,"srcset":"https:\/\/i0.wp.com\/lasprimeras.com.do\/wp-content\/uploads\/2024\/06\/Tratamientos-faciales.jpg?resize=350%2C200&ssl=1 1x, https:\/\/i0.wp.com\/lasprimeras.com.do\/wp-content\/uploads\/2024\/06\/Tratamientos-faciales.jpg?resize=525%2C300&ssl=1 1.5x, https:\/\/i0.wp.com\/lasprimeras.com.do\/wp-content\/uploads\/2024\/06\/Tratamientos-faciales.jpg?resize=700%2C400&ssl=1 2x"},"classes":[]},{"id":88533,"url":"https:\/\/lasprimeras.com.do\/index.php\/2024\/08\/30\/ni-vacunas-ni-pruebas-ni-tratamiento-la-republica-democratica-del-congo-no-tiene-herramientas-para-confrontar-la-viruela-simica\/","url_meta":{"origin":52130,"position":4},"title":"Ni vacunas, ni pruebas, ni tratamiento: la Rep\u00fablica Democr\u00e1tica del Congo no tiene herramientas para confrontar la viruela s\u00edmica","author":"Nelson Feliz","date":"30 de agosto de 2024","format":false,"excerpt":"Stephanie Nolen The New York Times Oficiales de salubridad en la Rep\u00fablica Democr\u00e1tica del Congo, el epicentro de un brote cambiante de viruela s\u00edmica, afirman que no tienen ni siquiera las herramientas m\u00e1s b\u00e1sicas necesarias para contener y tratar el virus.\u200cEl pa\u00eds tiene una capacidad limitada para diagnosticar casos de\u2026","rel":"","context":"En \u00abSin categor\u00eda\u00bb","block_context":{"text":"Sin categor\u00eda","link":"https:\/\/lasprimeras.com.do\/index.php\/category\/sin-categoria\/"},"img":{"alt_text":"Un trabajador de servicios de salud inspecciona las lesiones de un paciente nuevo en el centro de tratamiento de viruela s\u00edmica Munigi en la provincia de North Kivu, Rep\u00fablica Democr\u00e1tica del Congo, el 22 de agosto de 2024. (Arlette Bashizi\/The New York Times)","src":"https:\/\/i0.wp.com\/lasprimeras.com.do\/wp-content\/uploads\/2024\/08\/viruela-simica.jpg?resize=350%2C200&ssl=1","width":350,"height":200,"srcset":"https:\/\/i0.wp.com\/lasprimeras.com.do\/wp-content\/uploads\/2024\/08\/viruela-simica.jpg?resize=350%2C200&ssl=1 1x, https:\/\/i0.wp.com\/lasprimeras.com.do\/wp-content\/uploads\/2024\/08\/viruela-simica.jpg?resize=525%2C300&ssl=1 1.5x, https:\/\/i0.wp.com\/lasprimeras.com.do\/wp-content\/uploads\/2024\/08\/viruela-simica.jpg?resize=700%2C400&ssl=1 2x"},"classes":[]},{"id":86558,"url":"https:\/\/lasprimeras.com.do\/index.php\/2024\/07\/27\/mas-de-un-millon-de-personas-fallece-cada-ano-en-el-mundo-por-hepatitis\/","url_meta":{"origin":52130,"position":5},"title":"M\u00e1s de un mill\u00f3n de personas fallece cada a\u00f1o en el mundo por hepatitis","author":"Nelson Feliz","date":"27 de julio de 2024","format":false,"excerpt":"Autoridades de salud mundial luchan para la erradicaci\u00f3n en 2030 La gastroenter\u00f3loga internista de los Centros de Diagn\u00f3stico y Medicina Avanzada y de Conferencias M\u00e9dicas y Telemedicina (CEDIMAT), doctora Fabiolina S\u00e1nchez sostuvo que las hepatitis es la segunda causa infecciosa de muerte en el mundo. S\u00e1nchez, cit\u00f3 datos de la\u2026","rel":"","context":"En \u00abPORTADA\u00bb","block_context":{"text":"PORTADA","link":"https:\/\/lasprimeras.com.do\/index.php\/category\/portada\/"},"img":{"alt_text":"Dra. Fabiolina S\u00e1nchez. Gastroenter\u00f3loga","src":"https:\/\/i0.wp.com\/lasprimeras.com.do\/wp-content\/uploads\/2024\/07\/Dra.-Fabiolina-Sanchez.-Gastroenterologa.jpg?resize=350%2C200&ssl=1","width":350,"height":200,"srcset":"https:\/\/i0.wp.com\/lasprimeras.com.do\/wp-content\/uploads\/2024\/07\/Dra.-Fabiolina-Sanchez.-Gastroenterologa.jpg?resize=350%2C200&ssl=1 1x, https:\/\/i0.wp.com\/lasprimeras.com.do\/wp-content\/uploads\/2024\/07\/Dra.-Fabiolina-Sanchez.-Gastroenterologa.jpg?resize=525%2C300&ssl=1 1.5x, https:\/\/i0.wp.com\/lasprimeras.com.do\/wp-content\/uploads\/2024\/07\/Dra.-Fabiolina-Sanchez.-Gastroenterologa.jpg?resize=700%2C400&ssl=1 2x"},"classes":[]}],"jetpack_sharing_enabled":true,"_links":{"self":[{"href":"https:\/\/lasprimeras.com.do\/index.php\/wp-json\/wp\/v2\/posts\/52130","targetHints":{"allow":["GET"]}}],"collection":[{"href":"https:\/\/lasprimeras.com.do\/index.php\/wp-json\/wp\/v2\/posts"}],"about":[{"href":"https:\/\/lasprimeras.com.do\/index.php\/wp-json\/wp\/v2\/types\/post"}],"author":[{"embeddable":true,"href":"https:\/\/lasprimeras.com.do\/index.php\/wp-json\/wp\/v2\/users\/1"}],"replies":[{"embeddable":true,"href":"https:\/\/lasprimeras.com.do\/index.php\/wp-json\/wp\/v2\/comments?post=52130"}],"version-history":[{"count":0,"href":"https:\/\/lasprimeras.com.do\/index.php\/wp-json\/wp\/v2\/posts\/52130\/revisions"}],"wp:featuredmedia":[{"embeddable":true,"href":"https:\/\/lasprimeras.com.do\/index.php\/wp-json\/"}],"wp:attachment":[{"href":"https:\/\/lasprimeras.com.do\/index.php\/wp-json\/wp\/v2\/media?parent=52130"}],"wp:term":[{"taxonomy":"category","embeddable":true,"href":"https:\/\/lasprimeras.com.do\/index.php\/wp-json\/wp\/v2\/categories?post=52130"},{"taxonomy":"post_tag","embeddable":true,"href":"https:\/\/lasprimeras.com.do\/index.php\/wp-json\/wp\/v2\/tags?post=52130"}],"curies":[{"name":"wp","href":"https:\/\/api.w.org\/{rel}","templated":true}]}}