{"id":52139,"date":"2023-06-07T11:05:47","date_gmt":"2023-06-07T15:05:47","guid":{"rendered":"https:\/\/atento.com.do\/?p=52139"},"modified":"2023-06-07T11:05:47","modified_gmt":"2023-06-07T15:05:47","slug":"mescyt-inaugura-congreso-internacional-de-investigacion-cientifica-participaran-mas-de-30-paises","status":"publish","type":"post","link":"https:\/\/lasprimeras.com.do\/index.php\/2023\/06\/07\/mescyt-inaugura-congreso-internacional-de-investigacion-cientifica-participaran-mas-de-30-paises\/","title":{"rendered":"MESCYT inaugura \u201cCongreso Internacional de Investigaci\u00f3n Cient\u00edfica\u201d participaran m\u00e1s de 30 pa\u00edses"},"content":{"rendered":"\n<p>El evento contar\u00e1 con la presentaci\u00f3n de trabajos de investigaci\u00f3n, conferencias magistrales, talleres y charlas.<\/p>\n\n\n\n<p>El Ministerio de Educaci\u00f3n Superior, Ciencia y Tecnolog\u00eda<a href=\"https:\/\/mescyt.gob.do\/sobre-nosotros\/despacho-del-ministro\/\">-MESCYT.-<\/a>, inaugura su XVIII <a href=\"https:\/\/atento.com.do\/2023\/02\/08\/vicepresidenta-y-ministro-del-mescyt-entregan-premio-nacional-de-las-ciencia-2022\/\" data-type=\"post\" data-id=\"41267\">Congreso Internacional de Investigaci\u00f3n Cient\u00edfica<\/a>, con la participaci\u00f3n de treinta pa\u00edses de todos los continentes, a trav\u00e9s de conferencias magistrales y especiales, exhibici\u00f3n de carteles, as\u00ed como cursos, seminarios y talleres.<\/p>\n\n\n\n<p>El evento, que se suscribe dentro de la Semana Dominicana de la Ciencia,&nbsp; se celebrar\u00e1 del 7 al 9 de junio, en las Universidades Tecnol\u00f3gica de Santiago (UTESA) y Abierta para Adultos (UAPA), en la provincia Santiago,&nbsp; con una mezcla entre la modalidad presencial, virtual y mixta.<\/p>\n\n\n\n<p>Dado lo multidisciplinario del acontecimiento, los especialistas que se dar\u00e1n cita comprenden \u00e1reas como; F\u00edsica, Qu\u00edmica, Biolog\u00eda, Matem\u00e1tica, Educaci\u00f3n Cient\u00edfica y Tecnolog\u00eda Educativa, Matem\u00e1tica Educativa, Farmacolog\u00eda, Ciencias Agroalimentarias, Biomedicina, Biolog\u00eda Molecular, Microbiolog\u00eda, Parasitolog\u00eda, Bioinform\u00e1tica, Tecnolog\u00edas de la Informaci\u00f3n y Comunicaci\u00f3n y Energ\u00edas Alternativas, Inteligencia Artificial y este a\u00f1o por primera vez se incluyen las Ciencias Sociales.<\/p>\n\n\n\n<p>En el marco de la actividad, se desarrollar\u00e1n varios simposios, talleres, cursos y paneles. As\u00ed como cinco conferencias magistrales, Incluyendo \u201cEl Impacto de la Covid-19 en el Sistema de Sanitario de Rep\u00fablica Dominicana: Respuesta a la Crisis y Preparaci\u00f3n para Futuras Pandemias\u201d, a cargo del doctor Monirul Islam, profesor de epidemiolog\u00eda, Universidad de Augusta, Estados Unidos de Am\u00e9rica.<\/p>\n\n\n\n<p>Adem\u00e1s, se contar\u00e1 con la ponencia de Alda D\u00edaz P\u00e9rez, cient\u00edfico especialista en biolog\u00eda celular y molecular, Soledad Barandiaran, m\u00e9dico Veterinaria de Argentina especialista en tuberculosis, Javier Echavarr\u00eda, fil\u00f3sofo de la tecnolog\u00eda e innovaci\u00f3n de Espa\u00f1a, entre otros.<\/p>\n\n\n\n<p>El XVIII Congreso Internacional de Investigaci\u00f3n Cient\u00edfica (XVIII CIC), es un evento que busca incentivar la una producci\u00f3n cient\u00edfica, con la realizaci\u00f3n de trabajos que cumplan con los est\u00e1ndares internacionales, fomenta la discusi\u00f3n de resultados de investigaciones en proceso o terminadas, as\u00ed como an\u00e1lisis de conceptos que nutren las discusiones epistemol\u00f3gicas.<\/p>\n","protected":false},"excerpt":{"rendered":"<p>El evento contar\u00e1 con la presentaci\u00f3n de trabajos de investigaci\u00f3n, conferencias magistrales, talleres y charlas. El Ministerio de Educaci\u00f3n Superior, Ciencia y Tecnolog\u00eda-MESCYT.-, inaugura su XVIII Congreso Internacional de Investigaci\u00f3n&hellip;<\/p>\n","protected":false},"author":1,"featured_media":52140,"comment_status":"open","ping_status":"open","sticky":false,"template":"","format":"standard","meta":{"content-type":"","jetpack_post_was_ever_published":false,"_jetpack_newsletter_access":"","_jetpack_dont_email_post_to_subs":false,"_jetpack_newsletter_tier_id":0,"_jetpack_memberships_contains_paywalled_content":false,"_jetpack_memberships_contains_paid_content":false,"footnotes":""},"categories":[35,25],"tags":[3144,530,1638,2388,1736],"class_list":["post-52139","post","type-post","status-publish","format-standard","has-post-thumbnail","hentry","category-nacionales","category-portada","tag-cientifica-2","tag-congreso","tag-internacional","tag-investigacion","tag-mescyt"],"jetpack_featured_media_url":"","jetpack-related-posts":[{"id":103731,"url":"https:\/\/lasprimeras.com.do\/index.php\/2025\/07\/17\/mescyt-celebra-el-x-congreso-internacional-de-investigacion-cientifica\/","url_meta":{"origin":52139,"position":0},"title":"MESCyT celebra el X Congreso Internacional de Investigaci\u00f3n Cient\u00edfica","author":"Nelson Feliz","date":"17 de julio de 2025","format":false,"excerpt":"El Ministerio de Educaci\u00f3n Superior, Ciencia y Tecnolog\u00eda (MESCyT) desarrolla con \u00e9xito el XX Congreso Internacional de Investigaci\u00f3n Cient\u00edfica, en el marco de la celebraci\u00f3n de la \u201cSemana Dominicana de la Ciencia y la Tecnolog\u00eda, que se lleva del 14 al 20 de este mes. El viceministro del MESCyT, doctor\u2026","rel":"","context":"En \u00abNACIONALES\u00bb","block_context":{"text":"NACIONALES","link":"https:\/\/lasprimeras.com.do\/index.php\/category\/nacionales\/"},"img":{"alt_text":"","src":"https:\/\/i0.wp.com\/lasprimeras.com.do\/wp-content\/uploads\/2025\/07\/congreso-3.jpg?resize=350%2C200&ssl=1","width":350,"height":200,"srcset":"https:\/\/i0.wp.com\/lasprimeras.com.do\/wp-content\/uploads\/2025\/07\/congreso-3.jpg?resize=350%2C200&ssl=1 1x, https:\/\/i0.wp.com\/lasprimeras.com.do\/wp-content\/uploads\/2025\/07\/congreso-3.jpg?resize=525%2C300&ssl=1 1.5x, https:\/\/i0.wp.com\/lasprimeras.com.do\/wp-content\/uploads\/2025\/07\/congreso-3.jpg?resize=700%2C400&ssl=1 2x"},"classes":[]},{"id":92753,"url":"https:\/\/lasprimeras.com.do\/index.php\/2025\/01\/12\/mescyt-fomenta-la-ciencia-la-investigacion-y-la-innovacion\/","url_meta":{"origin":52139,"position":1},"title":"Mescyt fomenta la ciencia, la investigaci\u00f3n y la innovaci\u00f3n","author":"Nelson Feliz","date":"12 de enero de 2025","format":false,"excerpt":"La informaci\u00f3n fue ofrecida por el viceministro de Ciencia y Tecnolog\u00eda del Ministerio de Educaci\u00f3n Superior (MESCyT), Genaro Rodr\u00edguez Mart\u00ednez, quien resalt\u00f3 los avances que lleva a cabo la cartera que regula y trabaja con las universidades del pa\u00eds. Inform\u00f3 que el MESCyT ha alcanzado 25 patentes registradas, as\u00ed como\u2026","rel":"","context":"En \u00abNACIONALES\u00bb","block_context":{"text":"NACIONALES","link":"https:\/\/lasprimeras.com.do\/index.php\/category\/nacionales\/"},"img":{"alt_text":"Mescyt","src":"https:\/\/i0.wp.com\/lasprimeras.com.do\/wp-content\/uploads\/2025\/01\/MESCyT-1.jpg?resize=350%2C200&ssl=1","width":350,"height":200,"srcset":"https:\/\/i0.wp.com\/lasprimeras.com.do\/wp-content\/uploads\/2025\/01\/MESCyT-1.jpg?resize=350%2C200&ssl=1 1x, https:\/\/i0.wp.com\/lasprimeras.com.do\/wp-content\/uploads\/2025\/01\/MESCyT-1.jpg?resize=525%2C300&ssl=1 1.5x, https:\/\/i0.wp.com\/lasprimeras.com.do\/wp-content\/uploads\/2025\/01\/MESCyT-1.jpg?resize=700%2C400&ssl=1 2x"},"classes":[]},{"id":89504,"url":"https:\/\/lasprimeras.com.do\/index.php\/2024\/09\/26\/mescyt-abre-lx-congreso-estudiantil-de-investigacion-cientifica-y-tecnologica-con-la-presentacion-de-416-trabajos-de-exploracion\/","url_meta":{"origin":52139,"position":2},"title":"MESCyT abre lX Congreso Estudiantil de Investigaci\u00f3n Cient\u00edfica y Tecnol\u00f3gica, con la presentaci\u00f3n de 416 trabajos de exploraci\u00f3n","author":"Paola Castillo","date":"26 de septiembre de 2024","format":false,"excerpt":"SANTO DOMINGO. - El Ministerio de Educaci\u00f3n Superior, Ciencia y Tecnolog\u00eda (MESCyT) inaugur\u00f3 el lX Congreso Estudiantil de Investigaci\u00f3n Cient\u00edfica y Tecnol\u00f3gica (CEICYT-2024), con la presentaci\u00f3n de 416 trabajos de exploraci\u00f3n, en los que participan alumnos de 23 universidades nacionales, con el prop\u00f3sito de fomentar una cultura de innovaci\u00f3n y\u2026","rel":"","context":"En \u00abNACIONALES\u00bb","block_context":{"text":"NACIONALES","link":"https:\/\/lasprimeras.com.do\/index.php\/category\/nacionales\/"},"img":{"alt_text":"","src":"https:\/\/i0.wp.com\/lasprimeras.com.do\/wp-content\/uploads\/2024\/09\/WhatsApp-Image-2024-09-26-at-7.11.36-PM-scaled.jpeg?resize=350%2C200&ssl=1","width":350,"height":200,"srcset":"https:\/\/i0.wp.com\/lasprimeras.com.do\/wp-content\/uploads\/2024\/09\/WhatsApp-Image-2024-09-26-at-7.11.36-PM-scaled.jpeg?resize=350%2C200&ssl=1 1x, https:\/\/i0.wp.com\/lasprimeras.com.do\/wp-content\/uploads\/2024\/09\/WhatsApp-Image-2024-09-26-at-7.11.36-PM-scaled.jpeg?resize=525%2C300&ssl=1 1.5x, https:\/\/i0.wp.com\/lasprimeras.com.do\/wp-content\/uploads\/2024\/09\/WhatsApp-Image-2024-09-26-at-7.11.36-PM-scaled.jpeg?resize=700%2C400&ssl=1 2x, https:\/\/i0.wp.com\/lasprimeras.com.do\/wp-content\/uploads\/2024\/09\/WhatsApp-Image-2024-09-26-at-7.11.36-PM-scaled.jpeg?resize=1050%2C600&ssl=1 3x, https:\/\/i0.wp.com\/lasprimeras.com.do\/wp-content\/uploads\/2024\/09\/WhatsApp-Image-2024-09-26-at-7.11.36-PM-scaled.jpeg?resize=1400%2C800&ssl=1 4x"},"classes":[]},{"id":70103,"url":"https:\/\/lasprimeras.com.do\/index.php\/2023\/12\/08\/mescyt-otorga-un-millon-de-pesos-a-estudiantes-del-congreso-estudiantil-de-investigacion-cientifica-y-tecnologica\/","url_meta":{"origin":52139,"position":3},"title":"Mescyt otorga un mill\u00f3n de pesos a estudiantes del Congreso Estudiantil de Investigaci\u00f3n Cient\u00edfica y Tecnol\u00f3gica","author":"Nelson Feliz","date":"8 de diciembre de 2023","format":false,"excerpt":"El titular de ese Ministerio, doctor Franklin Garc\u00eda Ferm\u00edn, destaca el respaldo de FONDOCyT a proyectos de investigaci\u00f3n. Por Mart\u00edn Restituyo El ministro de Educaci\u00f3n Superior, doctor Franklin Garc\u00eda Ferm\u00edn, encabez\u00f3 el acto de premiaci\u00f3n de un mill\u00f3n de pesos a 26 estudiantes que resultaron ganadores del VIII Congreso Estudiantil\u2026","rel":"","context":"En \u00abECONOM\u00cdA\u00bb","block_context":{"text":"ECONOM\u00cdA","link":"https:\/\/lasprimeras.com.do\/index.php\/category\/economia\/"},"img":{"alt_text":"Franklin Garc\u00eda Ferm\u00edn","src":"https:\/\/i0.wp.com\/lasprimeras.com.do\/wp-content\/uploads\/2023\/12\/Franklin-Garcia-Fermin-1-1.jpg?resize=350%2C200&ssl=1","width":350,"height":200,"srcset":"https:\/\/i0.wp.com\/lasprimeras.com.do\/wp-content\/uploads\/2023\/12\/Franklin-Garcia-Fermin-1-1.jpg?resize=350%2C200&ssl=1 1x, https:\/\/i0.wp.com\/lasprimeras.com.do\/wp-content\/uploads\/2023\/12\/Franklin-Garcia-Fermin-1-1.jpg?resize=525%2C300&ssl=1 1.5x"},"classes":[]},{"id":74552,"url":"https:\/\/lasprimeras.com.do\/index.php\/2024\/01\/24\/sodofi-clausura-su-v-congreso-internacional-de-fisica\/","url_meta":{"origin":52139,"position":4},"title":"SODOFI\u00a0clausura\u00a0su V Congreso Internacional de F\u00edsica","author":"Nelson Feliz","date":"24 de enero de 2024","format":false,"excerpt":"B\u00e1varo, Punta Cana.-\u00a0Con la participaci\u00f3n de cient\u00edficos, acad\u00e9micos e investigadores del m\u00e1s alto nivel de Am\u00e9rica, Europa y el Caribe, la Sociedad Dominicana de F\u00edsica\u00a0clausur\u00f3\u00a0el V Congreso Internacional de F\u00edsica (V-CI-SODOFI 2024), un evento\u00a0en el que se presentan\u00a0los \u00faltimos desarrollos en las distintas \u00e1reas de esta ciencia y\u00a0que re\u00fane\u00a0a cient\u00edficos\u2026","rel":"","context":"En \u00abSin categor\u00eda\u00bb","block_context":{"text":"Sin categor\u00eda","link":"https:\/\/lasprimeras.com.do\/index.php\/category\/sin-categoria\/"},"img":{"alt_text":"Sodofi","src":"https:\/\/i0.wp.com\/lasprimeras.com.do\/wp-content\/uploads\/2024\/01\/Sodofi-2.jpg?resize=350%2C200&ssl=1","width":350,"height":200,"srcset":"https:\/\/i0.wp.com\/lasprimeras.com.do\/wp-content\/uploads\/2024\/01\/Sodofi-2.jpg?resize=350%2C200&ssl=1 1x, https:\/\/i0.wp.com\/lasprimeras.com.do\/wp-content\/uploads\/2024\/01\/Sodofi-2.jpg?resize=525%2C300&ssl=1 1.5x, https:\/\/i0.wp.com\/lasprimeras.com.do\/wp-content\/uploads\/2024\/01\/Sodofi-2.jpg?resize=700%2C400&ssl=1 2x"},"classes":[]},{"id":106005,"url":"https:\/\/lasprimeras.com.do\/index.php\/2025\/08\/09\/mescyt-promueve-diplomacia-cientifica-en-taller-internacional-en-brasil\/","url_meta":{"origin":52139,"position":5},"title":"MESCyT promueve diplomacia cient\u00edfica en &#8220;Taller Internacional&#8221; en Brasil","author":"Nelson Feliz","date":"9 de agosto de 2025","format":false,"excerpt":"La diplomacia cient\u00edfica: un mecanismo para abordar desaf\u00edos globales Brasilia, Brasil.\u2013 El Ministerio de Educaci\u00f3n Superior, Ciencia y Tecnolog\u00eda (MESCYT) represent\u00f3 a Rep\u00fablica Dominicana en el Taller Internacional de Alto Nivel sobre Diplomacia Cient\u00edfica para el Desarrollo Sostenible en Am\u00e9rica Latina, celebrado del 6 al 8 de agosto de 2025\u2026","rel":"","context":"En \u00abINTERNACIONALES\u00bb","block_context":{"text":"INTERNACIONALES","link":"https:\/\/lasprimeras.com.do\/index.php\/category\/sin-categoria\/internacionales\/"},"img":{"alt_text":"","src":"https:\/\/i0.wp.com\/lasprimeras.com.do\/wp-content\/uploads\/2025\/08\/brasil.jpg?resize=350%2C200&ssl=1","width":350,"height":200,"srcset":"https:\/\/i0.wp.com\/lasprimeras.com.do\/wp-content\/uploads\/2025\/08\/brasil.jpg?resize=350%2C200&ssl=1 1x, https:\/\/i0.wp.com\/lasprimeras.com.do\/wp-content\/uploads\/2025\/08\/brasil.jpg?resize=525%2C300&ssl=1 1.5x, https:\/\/i0.wp.com\/lasprimeras.com.do\/wp-content\/uploads\/2025\/08\/brasil.jpg?resize=700%2C400&ssl=1 2x"},"classes":[]}],"jetpack_sharing_enabled":true,"_links":{"self":[{"href":"https:\/\/lasprimeras.com.do\/index.php\/wp-json\/wp\/v2\/posts\/52139","targetHints":{"allow":["GET"]}}],"collection":[{"href":"https:\/\/lasprimeras.com.do\/index.php\/wp-json\/wp\/v2\/posts"}],"about":[{"href":"https:\/\/lasprimeras.com.do\/index.php\/wp-json\/wp\/v2\/types\/post"}],"author":[{"embeddable":true,"href":"https:\/\/lasprimeras.com.do\/index.php\/wp-json\/wp\/v2\/users\/1"}],"replies":[{"embeddable":true,"href":"https:\/\/lasprimeras.com.do\/index.php\/wp-json\/wp\/v2\/comments?post=52139"}],"version-history":[{"count":0,"href":"https:\/\/lasprimeras.com.do\/index.php\/wp-json\/wp\/v2\/posts\/52139\/revisions"}],"wp:featuredmedia":[{"embeddable":true,"href":"https:\/\/lasprimeras.com.do\/index.php\/wp-json\/"}],"wp:attachment":[{"href":"https:\/\/lasprimeras.com.do\/index.php\/wp-json\/wp\/v2\/media?parent=52139"}],"wp:term":[{"taxonomy":"category","embeddable":true,"href":"https:\/\/lasprimeras.com.do\/index.php\/wp-json\/wp\/v2\/categories?post=52139"},{"taxonomy":"post_tag","embeddable":true,"href":"https:\/\/lasprimeras.com.do\/index.php\/wp-json\/wp\/v2\/tags?post=52139"}],"curies":[{"name":"wp","href":"https:\/\/api.w.org\/{rel}","templated":true}]}}