{"id":52145,"date":"2023-06-07T11:29:12","date_gmt":"2023-06-07T15:29:12","guid":{"rendered":"https:\/\/atento.com.do\/?p=52145"},"modified":"2023-06-07T11:29:12","modified_gmt":"2023-06-07T15:29:12","slug":"fp-solicita-jce-realizar-simulacro-de-escrutinio-con-presencia-de-delegados","status":"publish","type":"post","link":"https:\/\/lasprimeras.com.do\/index.php\/2023\/06\/07\/fp-solicita-jce-realizar-simulacro-de-escrutinio-con-presencia-de-delegados\/","title":{"rendered":"FP solicita JCE realizar simulacro de escrutinio con presencia de delegados"},"content":{"rendered":"\n<p>El partido Fuerza del Pueblo (FP) solicit\u00f3 a la Junta Central Electoral (JCE) realizar un simulacro del proceso automatizaci\u00f3n del escrutinio con la participaci\u00f3n de los delegados de los partidos, movimientos y agrupaciones pol\u00edticas, con el objetivo de crear precedentes de confianza de cara a las elecciones municipales, congresuales y presidenciales del pr\u00f3ximo a\u00f1o 2024.<\/p>\n\n\n\n<p>Manuel Crespo, delegado Pol\u00edtico de la FP, explic\u00f3 que para la correcta implementaci\u00f3n de herramientas tecnol\u00f3gicas especializadas en los procesos electorales, es necesario agotar un ciclo de pruebas documentadas que evidencien la seguridad de los sistemas de inform\u00e1tica, as\u00ed como las configuraciones de los dispositivos electr\u00f3nicos.<\/p>\n\n\n\n<p>Crespo dijo que tanto los partidos pol\u00edticos como el organismo comicial, deben agotar y realizar todas las acciones que sean necesarias a fin de despejar cualquier duda que puedan empa\u00f1ar o poner en tela de juicio los resultados electorales del a\u00f1o 2024.<\/p>\n\n\n\n<p>El tambi\u00e9n miembro de la Direcci\u00f3n Pol\u00edtica de la organizaci\u00f3n liderada por el expresidente Leonel Fern\u00e1ndez, dijo que la celebraci\u00f3n del simulacro del proceso de escrutinio con la presencia de los delegados, debe realizarse antes de la aprobaci\u00f3n definitiva de la resoluci\u00f3n n\u00famero 10-2023, emitida por el pleno de la JCE.<\/p>\n\n\n\n<p>\u201cEntendemos que se deben hacer todos los esfuerzos para evitar que el d\u00eda de las elecciones se comentan errores; en ese sentido, la correcta aplicaci\u00f3n de la resoluci\u00f3n n\u00famero 10-2023 ser\u00e1 fundamental para la certeza de los procesos comiciales del pr\u00f3ximo a\u00f1o\u201d, indica la instancia sometida ante la Secretar\u00eda General de la JCE.<\/p>\n\n\n\n<p>Manuel Crespo pidi\u00f3 encarecidamente que se convoque a los delegados y movimientos reconocidos ante la JCE, a un simulacro del proceso de escrutinio, antes que sea conocida la referida resoluci\u00f3n.<\/p>\n","protected":false},"excerpt":{"rendered":"<p>El partido Fuerza del Pueblo (FP) solicit\u00f3 a la Junta Central Electoral (JCE) realizar un simulacro del proceso automatizaci\u00f3n del escrutinio con la participaci\u00f3n de los delegados de los partidos,&hellip;<\/p>\n","protected":false},"author":1,"featured_media":50869,"comment_status":"open","ping_status":"open","sticky":false,"template":"","format":"standard","meta":{"content-type":"","jetpack_post_was_ever_published":false,"_jetpack_newsletter_access":"","_jetpack_dont_email_post_to_subs":false,"_jetpack_newsletter_tier_id":0,"_jetpack_memberships_contains_paywalled_content":false,"_jetpack_memberships_contains_paid_content":false,"footnotes":""},"categories":[25],"tags":[390],"class_list":["post-52145","post","type-post","status-publish","format-standard","has-post-thumbnail","hentry","category-portada","tag-manuel-crespo"],"jetpack_featured_media_url":"","jetpack-related-posts":[{"id":128369,"url":"https:\/\/lasprimeras.com.do\/index.php\/2026\/04\/22\/fp-pide-a-jce-convocar-mesa-tecnica-para-evaluar-proceso-cedulacion\/","url_meta":{"origin":52145,"position":0},"title":"FP pide a JCE convocar Mesa T\u00e9cnica para evaluar proceso cedulaci\u00f3n","author":"Nelson Feliz","date":"22 de abril de 2026","format":false,"excerpt":"Crespo reitera solicitud habilitar plataforma para partidos seguir proceso en tiempo real El partido Fuerza del Pueblo (FP) solicit\u00f3 al pleno de la Junta Central Electoral (JCE), la convocatoria de una reuni\u00f3n de trabajo de la Mesa T\u00e9cnica con el objetivo de realizar una evaluaci\u00f3n integral de todo el proceso\u2026","rel":"","context":"En \u00abPOLITICA\u00bb","block_context":{"text":"POLITICA","link":"https:\/\/lasprimeras.com.do\/index.php\/category\/politica\/"},"img":{"alt_text":"Manuel Crespo","src":"https:\/\/i0.wp.com\/lasprimeras.com.do\/wp-content\/uploads\/2026\/04\/MANUEL-CRESPO1.jpg?resize=350%2C200&ssl=1","width":350,"height":200,"srcset":"https:\/\/i0.wp.com\/lasprimeras.com.do\/wp-content\/uploads\/2026\/04\/MANUEL-CRESPO1.jpg?resize=350%2C200&ssl=1 1x, https:\/\/i0.wp.com\/lasprimeras.com.do\/wp-content\/uploads\/2026\/04\/MANUEL-CRESPO1.jpg?resize=525%2C300&ssl=1 1.5x, https:\/\/i0.wp.com\/lasprimeras.com.do\/wp-content\/uploads\/2026\/04\/MANUEL-CRESPO1.jpg?resize=700%2C400&ssl=1 2x"},"classes":[]},{"id":59050,"url":"https:\/\/lasprimeras.com.do\/index.php\/2023\/08\/30\/fp-nueva-resolucion-jce-traza-camino-peligroso-para-elecciones-2024\/","url_meta":{"origin":52145,"position":1},"title":"FP: Nueva resoluci\u00f3n JCE traza camino peligroso para elecciones 2024","author":"Nelson Feliz","date":"30 de agosto de 2023","format":false,"excerpt":"El\u00a0\u00a0delegado Pol\u00edtico del Partido Fuerza del Pueblo (FP) ante la Junta Central Electoral (JCE) asegur\u00f3 que con la resoluci\u00f3n 53-2023, el organismo comicial transita un camino peligroso y f\u00fanebre que coloca en alto riesgo el montaje de las elecciones municipales, congresuales y presidenciales del a\u00f1o 2024. \u201cCon su postura, dejando\u2026","rel":"","context":"En \u00abPORTADA\u00bb","block_context":{"text":"PORTADA","link":"https:\/\/lasprimeras.com.do\/index.php\/category\/portada\/"},"img":{"alt_text":"Manuel Crespo","src":"https:\/\/i0.wp.com\/lasprimeras.com.do\/wp-content\/uploads\/2023\/08\/Manuel-Crespo-1.jpg?resize=350%2C200&ssl=1","width":350,"height":200,"srcset":"https:\/\/i0.wp.com\/lasprimeras.com.do\/wp-content\/uploads\/2023\/08\/Manuel-Crespo-1.jpg?resize=350%2C200&ssl=1 1x, https:\/\/i0.wp.com\/lasprimeras.com.do\/wp-content\/uploads\/2023\/08\/Manuel-Crespo-1.jpg?resize=525%2C300&ssl=1 1.5x, https:\/\/i0.wp.com\/lasprimeras.com.do\/wp-content\/uploads\/2023\/08\/Manuel-Crespo-1.jpg?resize=700%2C400&ssl=1 2x"},"classes":[]},{"id":99977,"url":"https:\/\/lasprimeras.com.do\/index.php\/2025\/05\/29\/fp-reitera-solicitud-a-jce-informacion-sobre-proyecto-renovacion-de-cedula\/","url_meta":{"origin":52145,"position":2},"title":"FP reitera solicitud a JCE informaci\u00f3n sobre proyecto renovaci\u00f3n de c\u00e9dula","author":"Nelson Feliz","date":"29 de mayo de 2025","format":false,"excerpt":"Ante la relevancia de los procesos electorales, la seguridad, transparencia y la claridad en el proyecto de renovaci\u00f3n de la nueva c\u00e9dula de identidad y electoral, el Partido Fuerza del Pueblo (FP) reitera la solicitud a la Junta Central Electoral (JCE) de informaciones de las tres empresas participantes en la\u2026","rel":"","context":"En \u00abPOLITICA\u00bb","block_context":{"text":"POLITICA","link":"https:\/\/lasprimeras.com.do\/index.php\/category\/politica\/"},"img":{"alt_text":"","src":"https:\/\/i0.wp.com\/lasprimeras.com.do\/wp-content\/uploads\/2025\/05\/CEDULA.jpg?resize=350%2C200&ssl=1","width":350,"height":200,"srcset":"https:\/\/i0.wp.com\/lasprimeras.com.do\/wp-content\/uploads\/2025\/05\/CEDULA.jpg?resize=350%2C200&ssl=1 1x, https:\/\/i0.wp.com\/lasprimeras.com.do\/wp-content\/uploads\/2025\/05\/CEDULA.jpg?resize=525%2C300&ssl=1 1.5x, https:\/\/i0.wp.com\/lasprimeras.com.do\/wp-content\/uploads\/2025\/05\/CEDULA.jpg?resize=700%2C400&ssl=1 2x, https:\/\/i0.wp.com\/lasprimeras.com.do\/wp-content\/uploads\/2025\/05\/CEDULA.jpg?resize=1050%2C600&ssl=1 3x"},"classes":[]},{"id":63902,"url":"https:\/\/lasprimeras.com.do\/index.php\/2023\/10\/16\/delegados-de-partidos-favorecen-sustitucion-de-escaneres\/","url_meta":{"origin":52145,"position":3},"title":"Delegados de Partidos favorecen sustitucion de esc\u00e1neres","author":"Nelson Feliz","date":"16 de octubre de 2023","format":false,"excerpt":"El delegado suplente del Partido Revolucionario Moderno (PRM) ante la Junta Central Electoral, Dionisio de los Santos, dijo que esa organizaci\u00f3n est\u00e1 de acuerdo con el cambio de los esc\u00e1neres, sin embargo, pide que les sea notificado por escrito y en cinco d\u00edas consensuar con la organizaci\u00f3n para dar su\u2026","rel":"","context":"En \u00abPORTADA\u00bb","block_context":{"text":"PORTADA","link":"https:\/\/lasprimeras.com.do\/index.php\/category\/portada\/"},"img":{"alt_text":"PRM, PLD y FP","src":"https:\/\/i0.wp.com\/lasprimeras.com.do\/wp-content\/uploads\/2023\/10\/PRM-PLD-y-FP.jpg?resize=350%2C200&ssl=1","width":350,"height":200,"srcset":"https:\/\/i0.wp.com\/lasprimeras.com.do\/wp-content\/uploads\/2023\/10\/PRM-PLD-y-FP.jpg?resize=350%2C200&ssl=1 1x, https:\/\/i0.wp.com\/lasprimeras.com.do\/wp-content\/uploads\/2023\/10\/PRM-PLD-y-FP.jpg?resize=525%2C300&ssl=1 1.5x, https:\/\/i0.wp.com\/lasprimeras.com.do\/wp-content\/uploads\/2023\/10\/PRM-PLD-y-FP.jpg?resize=700%2C400&ssl=1 2x"},"classes":[]},{"id":50868,"url":"https:\/\/lasprimeras.com.do\/index.php\/2023\/05\/24\/fp-dice-jce-rectifico-y-reconocio-reclamos-de-oposicion\/","url_meta":{"origin":52145,"position":4},"title":"FP dice JCE rectific\u00f3 y reconoci\u00f3 reclamos de oposici\u00f3n","author":"prenxa100","date":"24 de mayo de 2023","format":false,"excerpt":"Santo Domingo.- El partido Fuerza del Pueblo (FP) asegur\u00f3 que la Junta Central Electoral (JCE) con la resoluci\u00f3n No. 14-2023 rectific\u00f3 y reconoci\u00f3 los reclamos de todos los partidos de la oposici\u00f3n, quienes demandaban el cumplimiento del art\u00edculo 136 de la ley 20-23 sobre r\u00e9gimen electoral. \u201cAl tomar esta decisi\u00f3n\u2026","rel":"","context":"En \u00abSin categor\u00eda\u00bb","block_context":{"text":"Sin categor\u00eda","link":"https:\/\/lasprimeras.com.do\/index.php\/category\/sin-categoria\/"},"img":{"alt_text":"","src":"","width":0,"height":0},"classes":[]},{"id":55156,"url":"https:\/\/lasprimeras.com.do\/index.php\/2023\/07\/18\/fp-pide-a-la-jce-reglamentar-participcion-de-precandidatos-funcionarios-en-la-precampana-electoral\/","url_meta":{"origin":52145,"position":5},"title":"FP pide a la JCE reglamentar participci\u00f3n de precandidatos funcionarios en la precampa\u00f1a electoral","author":"Nelson Feliz","date":"18 de julio de 2023","format":false,"excerpt":"El Partido Fuerza del Pueblo (FP) pidi\u00f3 a la Junta Central Electoral (JCE) \u201cDictar un Reglamento\u201d para regular la participaci\u00f3n de los precandidatos que sean funcionarios, o empleados p\u00fablicos y de los ayuntamientos a fin de evitar el uso y abuso de los recursos del estado, durante la reci\u00e9n iniciada\u2026","rel":"","context":"En \u00abPORTADA\u00bb","block_context":{"text":"PORTADA","link":"https:\/\/lasprimeras.com.do\/index.php\/category\/portada\/"},"img":{"alt_text":"Manuel Crespo","src":"https:\/\/i0.wp.com\/lasprimeras.com.do\/wp-content\/uploads\/2023\/07\/Manuel-Crespo-1.jpg?resize=350%2C200&ssl=1","width":350,"height":200,"srcset":"https:\/\/i0.wp.com\/lasprimeras.com.do\/wp-content\/uploads\/2023\/07\/Manuel-Crespo-1.jpg?resize=350%2C200&ssl=1 1x, https:\/\/i0.wp.com\/lasprimeras.com.do\/wp-content\/uploads\/2023\/07\/Manuel-Crespo-1.jpg?resize=525%2C300&ssl=1 1.5x, https:\/\/i0.wp.com\/lasprimeras.com.do\/wp-content\/uploads\/2023\/07\/Manuel-Crespo-1.jpg?resize=700%2C400&ssl=1 2x"},"classes":[]}],"jetpack_sharing_enabled":true,"_links":{"self":[{"href":"https:\/\/lasprimeras.com.do\/index.php\/wp-json\/wp\/v2\/posts\/52145","targetHints":{"allow":["GET"]}}],"collection":[{"href":"https:\/\/lasprimeras.com.do\/index.php\/wp-json\/wp\/v2\/posts"}],"about":[{"href":"https:\/\/lasprimeras.com.do\/index.php\/wp-json\/wp\/v2\/types\/post"}],"author":[{"embeddable":true,"href":"https:\/\/lasprimeras.com.do\/index.php\/wp-json\/wp\/v2\/users\/1"}],"replies":[{"embeddable":true,"href":"https:\/\/lasprimeras.com.do\/index.php\/wp-json\/wp\/v2\/comments?post=52145"}],"version-history":[{"count":0,"href":"https:\/\/lasprimeras.com.do\/index.php\/wp-json\/wp\/v2\/posts\/52145\/revisions"}],"wp:featuredmedia":[{"embeddable":true,"href":"https:\/\/lasprimeras.com.do\/index.php\/wp-json\/"}],"wp:attachment":[{"href":"https:\/\/lasprimeras.com.do\/index.php\/wp-json\/wp\/v2\/media?parent=52145"}],"wp:term":[{"taxonomy":"category","embeddable":true,"href":"https:\/\/lasprimeras.com.do\/index.php\/wp-json\/wp\/v2\/categories?post=52145"},{"taxonomy":"post_tag","embeddable":true,"href":"https:\/\/lasprimeras.com.do\/index.php\/wp-json\/wp\/v2\/tags?post=52145"}],"curies":[{"name":"wp","href":"https:\/\/api.w.org\/{rel}","templated":true}]}}