{"id":52180,"date":"2023-06-07T16:53:02","date_gmt":"2023-06-07T20:53:02","guid":{"rendered":"https:\/\/atento.com.do\/?p=52180"},"modified":"2023-06-07T16:53:02","modified_gmt":"2023-06-07T20:53:02","slug":"tasa-de-interes-de-bonos-emitidos-por-hacienda-registra-reduccion-por-septima-vez-consecutiva","status":"publish","type":"post","link":"https:\/\/lasprimeras.com.do\/index.php\/2023\/06\/07\/tasa-de-interes-de-bonos-emitidos-por-hacienda-registra-reduccion-por-septima-vez-consecutiva\/","title":{"rendered":"Tasa de inter\u00e9s de bonos emitidos por Hacienda registra reducci\u00f3n por s\u00e9ptima vez consecutiva"},"content":{"rendered":"\n<p><strong>Ministro Jochi Vicente dice se evidencia confianza de los inversionistas sobre el manejo fiscal del Gobierno.\u00a0<\/strong><\/p>\n\n\n\n<p>El ministro de Hacienda, <a href=\"https:\/\/www.hacienda.gob.do\/sobre-nosotros\/despacho-del-ministro\/\">Jochi Vicente<\/a>, inform\u00f3 este mi\u00e9rcoles que el Gobierno logr\u00f3 <a href=\"https:\/\/atento.com.do\/2023\/01\/18\/ministro-de-hacienda-dice-recaudaciones-superan-metas-trazadas\/\" data-type=\"post\" data-id=\"38957\">colocar bonos <\/a>en el mercado local a una tasa corte de inter\u00e9s de un9.99 %, 48 puntos b\u00e1sicos menos que la efectuada el pasado mayo.<\/p>\n\n\n\n<p>Vicente explic\u00f3 que es la s\u00e9ptima ocasi\u00f3n, durante el \u00faltimo a\u00f1o, en la cual Hacienda logra una reducci\u00f3n en la tasa de inter\u00e9s de los bonos emitidos en el mercado interno, favoreciendo as\u00ed las finanzas p\u00fablicas y demostr\u00e1ndose la confianza de los inversionistas.<\/p>\n\n\n\n<p>\u201cContin\u00faa la confianza de los inversionistas sobre el manejo fiscal del Gobierno. En la emisi\u00f3n de bonos locales de ayer, Hacienda logr\u00f3 bajar una vez m\u00e1s la tasa de inter\u00e9s. La colocaci\u00f3n se hizo al 9.99%, 48 puntos b\u00e1sicos menos que la de mayo\u201d, declar\u00f3.<\/p>\n\n\n\n<p>Desde el pasado 10 de junio de 2022, la tasa de inter\u00e9s de los bonos del Estado dominicano,colocados en el mercado local, ha registrado un descenso, pasando de un 12.87 %a un 9.99 %,logradoeste martes.<\/p>\n\n\n\n<p>El Ministerio de Hacienda ha realizado estas subastas dom\u00e9sticas en pesos con el objetivo de continuar mitigando el riesgo cambiario en las cuentas fiscales y sostener su compromiso con el desarrollo del mercado de capitales dominicano.<\/p>\n\n\n\n<p>El manejo del endeudamiento dado por el actual Gobierno ha sido reconocido por organismos y medios internacionales y agencias calificadoras, logrando en 2022 reducir la deuda p\u00fablica como porcentaje del producto interno bruto (PIB) y obtener una mejora en la calificaci\u00f3n crediticia, desde \u201cBB-\u201d a \u201cBB\u201d, por parte de la agencia Standard &amp;Poor\u2019s (S&amp;P Global).<\/p>\n","protected":false},"excerpt":{"rendered":"<p>Ministro Jochi Vicente dice se evidencia confianza de los inversionistas sobre el manejo fiscal del Gobierno.\u00a0 El ministro de Hacienda, Jochi Vicente, inform\u00f3 este mi\u00e9rcoles que el Gobierno logr\u00f3 colocar&hellip;<\/p>\n","protected":false},"author":1,"featured_media":4337,"comment_status":"open","ping_status":"open","sticky":false,"template":"","format":"standard","meta":{"content-type":"","jetpack_post_was_ever_published":false,"_jetpack_newsletter_access":"","_jetpack_dont_email_post_to_subs":false,"_jetpack_newsletter_tier_id":0,"_jetpack_memberships_contains_paywalled_content":false,"_jetpack_memberships_contains_paid_content":false,"footnotes":""},"categories":[39,25],"tags":[3177,1029,3178,3179],"class_list":["post-52180","post","type-post","status-publish","format-standard","has-post-thumbnail","hentry","category-economia","category-portada","tag-bonos","tag-hacienda","tag-reduccion","tag-tasa-de-interes"],"jetpack_featured_media_url":"","jetpack-related-posts":[{"id":59161,"url":"https:\/\/lasprimeras.com.do\/index.php\/2023\/08\/31\/jochi-vicente-rd-ha-dado-pasos-significativos-para-obtener-el-grado-de-inversion\/","url_meta":{"origin":52180,"position":0},"title":"Jochi Vicente: &#8220;RD ha dado pasos significativos para obtener el Grado de Inversi\u00f3n&#8221;","author":"Nelson Feliz","date":"31 de agosto de 2023","format":false,"excerpt":"El ministro de Hacienda habl\u00f3 en la apertura del primer seminario \u201cDeuda soberana regional: hacia el Grado de Inversi\u00f3n\u201d, con sede en Rep\u00fablica Dominicana. El ministro de Hacienda, Jochi Vicente, afirm\u00f3 este jueves que el pa\u00eds ha dado pasos significativos con el prop\u00f3sito de alcanzar el Grado de Inversi\u00f3n en\u2026","rel":"","context":"En \u00abECONOM\u00cdA\u00bb","block_context":{"text":"ECONOM\u00cdA","link":"https:\/\/lasprimeras.com.do\/index.php\/category\/economia\/"},"img":{"alt_text":"Ministerio de Hacienda","src":"https:\/\/i0.wp.com\/lasprimeras.com.do\/wp-content\/uploads\/2023\/08\/Ministerio-de-Hacienda.jpg?resize=350%2C200&ssl=1","width":350,"height":200,"srcset":"https:\/\/i0.wp.com\/lasprimeras.com.do\/wp-content\/uploads\/2023\/08\/Ministerio-de-Hacienda.jpg?resize=350%2C200&ssl=1 1x, https:\/\/i0.wp.com\/lasprimeras.com.do\/wp-content\/uploads\/2023\/08\/Ministerio-de-Hacienda.jpg?resize=525%2C300&ssl=1 1.5x, https:\/\/i0.wp.com\/lasprimeras.com.do\/wp-content\/uploads\/2023\/08\/Ministerio-de-Hacienda.jpg?resize=700%2C400&ssl=1 2x"},"classes":[]},{"id":85251,"url":"https:\/\/lasprimeras.com.do\/index.php\/2024\/06\/26\/gobierno-dominicano-concluye-con-exito-su-primera-emision-de-bonos-verdes\/","url_meta":{"origin":52180,"position":1},"title":"Gobierno dominicano concluye con \u00e9xito su primera emisi\u00f3n de bonos verdes","author":"Nelson Feliz","date":"26 de junio de 2024","format":false,"excerpt":"Los fondos estar\u00e1n asociados a diversos proyectos y programas con impacto directo en el medioambiente, la protecci\u00f3n social y el desarrollo del pa\u00eds. El Gobierno dominicano, a trav\u00e9s del Ministerio de Hacienda, emiti\u00f3 por primera vez en su historia bonos verdes, operaci\u00f3n que ascendi\u00f3 a US$750.0 millones, logrando una tasa\u2026","rel":"","context":"En \u00abECONOM\u00cdA\u00bb","block_context":{"text":"ECONOM\u00cdA","link":"https:\/\/lasprimeras.com.do\/index.php\/category\/economia\/"},"img":{"alt_text":"Ministerio de Hacienda","src":"https:\/\/i0.wp.com\/lasprimeras.com.do\/wp-content\/uploads\/2023\/08\/Ministerio-de-Hacienda.jpg?resize=350%2C200&ssl=1","width":350,"height":200,"srcset":"https:\/\/i0.wp.com\/lasprimeras.com.do\/wp-content\/uploads\/2023\/08\/Ministerio-de-Hacienda.jpg?resize=350%2C200&ssl=1 1x, https:\/\/i0.wp.com\/lasprimeras.com.do\/wp-content\/uploads\/2023\/08\/Ministerio-de-Hacienda.jpg?resize=525%2C300&ssl=1 1.5x, https:\/\/i0.wp.com\/lasprimeras.com.do\/wp-content\/uploads\/2023\/08\/Ministerio-de-Hacienda.jpg?resize=700%2C400&ssl=1 2x"},"classes":[]},{"id":112787,"url":"https:\/\/lasprimeras.com.do\/index.php\/2025\/10\/27\/republica-dominicana-concreta-emision-bonos-soberanos-por-usd-1600-millones-a-10-anos\/","url_meta":{"origin":52180,"position":2},"title":"Rep\u00fablica Dominicana concreta emisi\u00f3n bonos soberanos por USD 1,600 millones a 10 a\u00f1os","author":"Nelson Feliz","date":"27 de octubre de 2025","format":false,"excerpt":"La transacci\u00f3n se logr\u00f3 a una tasa altamente competitiva de 5.875 %, resaltando la credibilidad de inversionistas en la econom\u00eda dominicana. El Gobierno de la Rep\u00fablica Dominicana, a trav\u00e9s del Ministerio de Hacienda y Econom\u00eda, realiz\u00f3, de manera exitosa, una emisi\u00f3n de bonos soberanos en los mercados internacionales por un\u2026","rel":"","context":"En \u00abECONOM\u00cdA\u00bb","block_context":{"text":"ECONOM\u00cdA","link":"https:\/\/lasprimeras.com.do\/index.php\/category\/economia\/"},"img":{"alt_text":"Ministerio de Hacienda","src":"https:\/\/i0.wp.com\/lasprimeras.com.do\/wp-content\/uploads\/2023\/08\/Ministerio-de-Hacienda.jpg?resize=350%2C200&ssl=1","width":350,"height":200,"srcset":"https:\/\/i0.wp.com\/lasprimeras.com.do\/wp-content\/uploads\/2023\/08\/Ministerio-de-Hacienda.jpg?resize=350%2C200&ssl=1 1x, https:\/\/i0.wp.com\/lasprimeras.com.do\/wp-content\/uploads\/2023\/08\/Ministerio-de-Hacienda.jpg?resize=525%2C300&ssl=1 1.5x, https:\/\/i0.wp.com\/lasprimeras.com.do\/wp-content\/uploads\/2023\/08\/Ministerio-de-Hacienda.jpg?resize=700%2C400&ssl=1 2x"},"classes":[]},{"id":57304,"url":"https:\/\/lasprimeras.com.do\/index.php\/2023\/08\/10\/moodys-mejora-la-perspectiva-de-la-rd-y-reafirma-la-sostenibilidad-de-la-deuda-publica\/","url_meta":{"origin":52180,"position":3},"title":"Moody\u2019s mejora la perspectiva de la RD y reafirma la sostenibilidad de la deuda p\u00fablica","author":"Nelson Feliz","date":"10 de agosto de 2023","format":false,"excerpt":"Hacienda destac\u00f3 que este avance permite al pa\u00eds colocarse m\u00e1s cerca de la meta de ser Grado de Inversi\u00f3n. La agencia calificadora Moody\u2019s mejor\u00f3 este jueves la perspectiva de la Rep\u00fablica Dominicana, subi\u00e9ndola de Ba3 estable a Ba3 positiva, reconociendo, entre otros factores, el manejo eficiente y proactivo de la\u2026","rel":"","context":"En \u00abECONOM\u00cdA\u00bb","block_context":{"text":"ECONOM\u00cdA","link":"https:\/\/lasprimeras.com.do\/index.php\/category\/economia\/"},"img":{"alt_text":"Jochi Vicente","src":"https:\/\/i0.wp.com\/lasprimeras.com.do\/wp-content\/uploads\/2023\/08\/Jochi-Vicente-1.jpg?resize=350%2C200&ssl=1","width":350,"height":200,"srcset":"https:\/\/i0.wp.com\/lasprimeras.com.do\/wp-content\/uploads\/2023\/08\/Jochi-Vicente-1.jpg?resize=350%2C200&ssl=1 1x, https:\/\/i0.wp.com\/lasprimeras.com.do\/wp-content\/uploads\/2023\/08\/Jochi-Vicente-1.jpg?resize=525%2C300&ssl=1 1.5x"},"classes":[]},{"id":68861,"url":"https:\/\/lasprimeras.com.do\/index.php\/2023\/11\/28\/jochi-vicente-la-deuda-del-sector-publico-no-financiero-cerro-en-octubre-en-45-8\/","url_meta":{"origin":52180,"position":4},"title":"Jochi Vicente: La deuda del Sector P\u00fablico No Financiero cerr\u00f3 en octubre en 45.8 %","author":"Nelson Feliz","date":"28 de noviembre de 2023","format":false,"excerpt":"El ministro de Hacienda Jochi Vicente, revel\u00f3 que la deuda del Sector P\u00fablico No Financiero cerr\u00f3 en octubre en 45.8 % del Producto Interno Bruto (PIB), para una reducci\u00f3n de un 3.9% del PIB con relaci\u00f3n a su valor a agosto 2020. El funcionario declar\u00f3 que esta reducci\u00f3n es muestra\u2026","rel":"","context":"En \u00abECONOM\u00cdA\u00bb","block_context":{"text":"ECONOM\u00cdA","link":"https:\/\/lasprimeras.com.do\/index.php\/category\/economia\/"},"img":{"alt_text":"Jochi Vicente","src":"https:\/\/i0.wp.com\/lasprimeras.com.do\/wp-content\/uploads\/2023\/08\/Jochi-Vicente-1.jpg?resize=350%2C200&ssl=1","width":350,"height":200,"srcset":"https:\/\/i0.wp.com\/lasprimeras.com.do\/wp-content\/uploads\/2023\/08\/Jochi-Vicente-1.jpg?resize=350%2C200&ssl=1 1x, https:\/\/i0.wp.com\/lasprimeras.com.do\/wp-content\/uploads\/2023\/08\/Jochi-Vicente-1.jpg?resize=525%2C300&ssl=1 1.5x"},"classes":[]},{"id":121883,"url":"https:\/\/lasprimeras.com.do\/index.php\/2026\/02\/11\/rd-completa-exitosa-emision-externa-por-usd-2750-millones\/","url_meta":{"origin":52180,"position":5},"title":"RD completa exitosa emisi\u00f3n externa por USD 2,750 millones","author":"Nelson Feliz","date":"11 de febrero de 2026","format":false,"excerpt":"La operaci\u00f3n atrajo una demanda superior a USD 7,200 millones, equivalente a 2.6 veces el monto ofertado. El Gobierno dominicano, a trav\u00e9s del\u00a0Ministerio de Hacienda y Econom\u00eda\u00a0(MHE),realiz\u00f3 una\u00a0emisi\u00f3n de bonos soberanosen los mercados internacionales por un monto total de\u00a0USD 2,750 millones. Los recursos obtenidos forman parte del\u00a0plan de financiamiento aprobado\u2026","rel":"","context":"En \u00abECONOM\u00cdA\u00bb","block_context":{"text":"ECONOM\u00cdA","link":"https:\/\/lasprimeras.com.do\/index.php\/category\/economia\/"},"img":{"alt_text":"Ministerio de Hacienda","src":"https:\/\/i0.wp.com\/lasprimeras.com.do\/wp-content\/uploads\/2023\/08\/Ministerio-de-Hacienda.jpg?resize=350%2C200&ssl=1","width":350,"height":200,"srcset":"https:\/\/i0.wp.com\/lasprimeras.com.do\/wp-content\/uploads\/2023\/08\/Ministerio-de-Hacienda.jpg?resize=350%2C200&ssl=1 1x, https:\/\/i0.wp.com\/lasprimeras.com.do\/wp-content\/uploads\/2023\/08\/Ministerio-de-Hacienda.jpg?resize=525%2C300&ssl=1 1.5x, https:\/\/i0.wp.com\/lasprimeras.com.do\/wp-content\/uploads\/2023\/08\/Ministerio-de-Hacienda.jpg?resize=700%2C400&ssl=1 2x"},"classes":[]}],"jetpack_sharing_enabled":true,"_links":{"self":[{"href":"https:\/\/lasprimeras.com.do\/index.php\/wp-json\/wp\/v2\/posts\/52180","targetHints":{"allow":["GET"]}}],"collection":[{"href":"https:\/\/lasprimeras.com.do\/index.php\/wp-json\/wp\/v2\/posts"}],"about":[{"href":"https:\/\/lasprimeras.com.do\/index.php\/wp-json\/wp\/v2\/types\/post"}],"author":[{"embeddable":true,"href":"https:\/\/lasprimeras.com.do\/index.php\/wp-json\/wp\/v2\/users\/1"}],"replies":[{"embeddable":true,"href":"https:\/\/lasprimeras.com.do\/index.php\/wp-json\/wp\/v2\/comments?post=52180"}],"version-history":[{"count":0,"href":"https:\/\/lasprimeras.com.do\/index.php\/wp-json\/wp\/v2\/posts\/52180\/revisions"}],"wp:featuredmedia":[{"embeddable":true,"href":"https:\/\/lasprimeras.com.do\/index.php\/wp-json\/"}],"wp:attachment":[{"href":"https:\/\/lasprimeras.com.do\/index.php\/wp-json\/wp\/v2\/media?parent=52180"}],"wp:term":[{"taxonomy":"category","embeddable":true,"href":"https:\/\/lasprimeras.com.do\/index.php\/wp-json\/wp\/v2\/categories?post=52180"},{"taxonomy":"post_tag","embeddable":true,"href":"https:\/\/lasprimeras.com.do\/index.php\/wp-json\/wp\/v2\/tags?post=52180"}],"curies":[{"name":"wp","href":"https:\/\/api.w.org\/{rel}","templated":true}]}}