{"id":52189,"date":"2023-06-07T22:23:14","date_gmt":"2023-06-08T02:23:14","guid":{"rendered":"https:\/\/atento.com.do\/?p=52189"},"modified":"2023-06-07T22:23:14","modified_gmt":"2023-06-08T02:23:14","slug":"abel-martinez-yo-si-miro-para-abajo-a-madres-solteras-que-no-tienen-como-mantener-a-sus-hijos","status":"publish","type":"post","link":"https:\/\/lasprimeras.com.do\/index.php\/2023\/06\/07\/abel-martinez-yo-si-miro-para-abajo-a-madres-solteras-que-no-tienen-como-mantener-a-sus-hijos\/","title":{"rendered":"Abel Mart\u00ednez: \u201cYo s\u00ed miro para abajo, a madres solteras que no tienen c\u00f3mo mantener a sus hijos"},"content":{"rendered":"\n<p class=\"wp-block-paragraph\">El candidato presidencial del Partido de la Liberaci\u00f3n Dominicana (PLD), <a href=\"https:\/\/atento.com.do\/2023\/06\/05\/abel-martinez-no-vamos-a-improvisar-vamos-a-gerenciar-el-estado-dominicano\/\" data-type=\"post\" data-id=\"51940\">Abel Mart\u00ednez<\/a>, expres\u00f3 que a diferencia de otros aspirantes, \u00e9l s\u00ed mira hacia abajo, all\u00ed donde hay sufrimiento de la <a href=\"https:\/\/vanguardiadelpueblo.do\/2023\/06\/abel-martinez-yo-si-miro-para-abajo-a-madres-solteras-que-no-tienen-como-mantener-a-sus-hijos\/\">poblaci\u00f3n dominicana<\/a>.<\/p>\n\n\n\n<p class=\"wp-block-paragraph\">Al ser entrevistado en el programa Sol de la Ma\u00f1ana, Abel Mart\u00ednez, abord\u00f3 la necesidad de retomar los grandes temas nacionales, para enrumbar al pa\u00eds por la paz y los senderos de certidumbre.<\/p>\n\n\n\n<p class=\"wp-block-paragraph\">\u201cYo s\u00ed miro para abajo, a esos sectores agropecuarios que hoy est\u00e1n pasando trabajo, a las madres solteras que no tienen c\u00f3mo mantener a sus hijos, miro para abajo y veo lo que sufren nuestros barrios con la delincuencia\u201d, enunci\u00f3 el l\u00edder de la oposici\u00f3n.<\/p>\n\n\n\n<p class=\"wp-block-paragraph\">El candidato presidencial del PLD explic\u00f3 que para que haya certidumbre el hombre y la mujer de trabajo deben tener claro que tiene la oportunidad de mantener a sus hijos y que las familias dominicanas puedan salir a las calles con la certeza de que no ser\u00e1n atracadas y las mujeres que no ser\u00e1n violadas.<\/p>\n\n\n\n<p class=\"wp-block-paragraph\">\u201cEn el PLD miramos hacia abajo, para ayudar a esos sectores, para levantarlos. Y miramos hacia arriba para pedirle a Dios que nos d\u00e9 fortaleza para rescatar a este pa\u00eds y ponerlo en el nivel que debe estar\u201d, se\u00f1al\u00f3 Abel Mart\u00ednez.<\/p>\n\n\n\n<p class=\"wp-block-paragraph\">\u201cEl pa\u00eds necesita gerencia\u201d<\/p>\n\n\n\n<p class=\"wp-block-paragraph\">El candidato presidencial del Partido de la Liberaci\u00f3n Dominicana (PLD), Abel Mart\u00ednez, proclam\u00f3 que las crisis son oportunidades, que lo unico que se requiere es gerencia y planificaci\u00f3n y Rep\u00fablica Dominicana carece de eso.<\/p>\n\n\n\n<p class=\"wp-block-paragraph\">\u201c\u00bfQu\u00e9 es lo que ha hecho el Gobierno? Endeudarse para exhibir n\u00fameros fr\u00edos a trav\u00e9s del Banco Central, que se la pongan en mamita, como decimos en el Cibao. Eso no se refleja en el bienestar de la poblaci\u00f3n\u201d, resalt\u00f3 el l\u00edder de la oposici\u00f3n.<\/p>\n\n\n\n<p class=\"wp-block-paragraph\">Mart\u00ednez, es reconocido y respaldado por la poblaci\u00f3n por su gerencia de manera eficiente en la Alcald\u00eda de Santiago.<\/p>\n\n\n\n<p class=\"wp-block-paragraph\">Lament\u00f3 que el pueblo dominicano est\u00e9 sometido cada d\u00eda al impacto de la comida cara y las err\u00e1ticas pol\u00edticas del actual Gobierno.<\/p>\n\n\n\n<p class=\"wp-block-paragraph\">\u201cQueremos que el joven emprendedor no tenga que irse por M\u00e9xico, que no tenga que irse en yola\u2026 que no tenga que abandonar el pa\u00eds. Han tenido que migrar porque aqu\u00ed no tienen la oportunidad\u201d, declar\u00f3 el candidato presidencial del PLD.<\/p>\n\n\n\n<p class=\"wp-block-paragraph\">Estableci\u00f3 la necesidad de modernizar el pa\u00eds en funci\u00f3n de oportunidades y record\u00f3 que existen los recursos para hacerlo. \u201c\u00a1Este es un pa\u00eds rico!\u201d, agreg\u00f3 Mart\u00ednez.<\/p>\n","protected":false},"excerpt":{"rendered":"<p>El candidato presidencial del Partido de la Liberaci\u00f3n Dominicana (PLD), Abel Mart\u00ednez, expres\u00f3 que a diferencia de otros aspirantes, \u00e9l s\u00ed mira hacia abajo, all\u00ed donde hay sufrimiento de la&hellip;<\/p>\n","protected":false},"author":1,"featured_media":52190,"comment_status":"open","ping_status":"open","sticky":false,"template":"","format":"standard","meta":{"content-type":"","_jetpack_newsletter_access":"","_jetpack_dont_email_post_to_subs":false,"_jetpack_newsletter_tier_id":0,"_jetpack_memberships_contains_paywalled_content":false,"_jetpack_feature_clip_id":0,"_jetpack_memberships_contains_paid_content":false,"footnotes":"","jetpack_post_was_ever_published":false},"categories":[25],"tags":[822,3187,3188,3189,3190],"class_list":["post-52189","post","type-post","status-publish","format-standard","has-post-thumbnail","hentry","category-portada","tag-abel-martinez","tag-hijos","tag-madres-solteras","tag-mantener","tag-yo-si-miro-para-abajo"],"jetpack-related-posts":[{"id":65597,"url":"https:\/\/lasprimeras.com.do\/index.php\/2023\/10\/30\/abel-martinez-abinader-apela-en-su-discurso-a-los-muertos-mientras-que-al-pueblo-se-lo-lleva-el-mismisimo-diablo\/","url_meta":{"origin":52189,"position":0},"title":"Abel Mart\u00ednez: Abinader apela en su discurso a los muertos, mientras que al pueblo se lo \u00ablleva el mism\u00edsimo diablo\u00bb","author":"Nelson Feliz","date":"30 de octubre de 2023","format":false,"excerpt":"El candidato presidencial del Partido de la Liberaci\u00f3n Dominicana (PLD), Abel Mart\u00ednez, declar\u00f3 que el presidente Abinader apela en su discurso a los muertos, porque, si le pregunta a los vivos, sabe que se los est\u00e1 \u00abllevando el mism\u00edsimo diablo\u00bb. El l\u00edder de la oposici\u00f3n lament\u00f3 que el pueblo dominicano,\u2026","rel":"","context":"En \u00abPORTADA\u00bb","block_context":{"text":"PORTADA","link":"https:\/\/lasprimeras.com.do\/index.php\/category\/portada\/"},"img":{"alt_text":"Abel Mart\u00ednez","src":"https:\/\/i0.wp.com\/lasprimeras.com.do\/wp-content\/uploads\/2023\/10\/Abel-Martinez.jpeg?resize=350%2C200&ssl=1","width":350,"height":200,"srcset":"https:\/\/i0.wp.com\/lasprimeras.com.do\/wp-content\/uploads\/2023\/10\/Abel-Martinez.jpeg?resize=350%2C200&ssl=1 1x, https:\/\/i0.wp.com\/lasprimeras.com.do\/wp-content\/uploads\/2023\/10\/Abel-Martinez.jpeg?resize=525%2C300&ssl=1 1.5x, https:\/\/i0.wp.com\/lasprimeras.com.do\/wp-content\/uploads\/2023\/10\/Abel-Martinez.jpeg?resize=700%2C400&ssl=1 2x, https:\/\/i0.wp.com\/lasprimeras.com.do\/wp-content\/uploads\/2023\/10\/Abel-Martinez.jpeg?resize=1050%2C600&ssl=1 3x"},"classes":[]},{"id":111300,"url":"https:\/\/lasprimeras.com.do\/index.php\/2025\/10\/07\/abel-martinez-un-gobierno-no-debe-medir-la-economia-por-porcentajes-sino-por-como-vive-su-gente\/","url_meta":{"origin":52189,"position":1},"title":"Abel Mart\u00ednez: \u201cUn gobierno no debe medir la econom\u00eda por porcentajes, sino por c\u00f3mo vive su gente\u201d","author":"Nelson Feliz","date":"7 de octubre de 2025","format":false,"excerpt":"El miembro del Comit\u00e9 Pol\u00edtico del Partido de la Liberaci\u00f3n Dominicana (PLD), Abel Mart\u00ednez, expres\u00f3 su preocupaci\u00f3n por la desconexi\u00f3n entre los indicadores macroecon\u00f3micos que exhibe el Gobierno y la realidad que vive la mayor\u00eda del pueblo dominicano. Mart\u00ednez afirm\u00f3 que, aunque se hable de estabilidad, crecimiento o reducci\u00f3n de\u2026","rel":"","context":"En \u00abPOLITICA\u00bb","block_context":{"text":"POLITICA","link":"https:\/\/lasprimeras.com.do\/index.php\/category\/politica\/"},"img":{"alt_text":"Abel Mart\u00ednez","src":"https:\/\/i0.wp.com\/lasprimeras.com.do\/wp-content\/uploads\/2025\/10\/Abel-Martinez-1.jpg?resize=350%2C200&ssl=1","width":350,"height":200,"srcset":"https:\/\/i0.wp.com\/lasprimeras.com.do\/wp-content\/uploads\/2025\/10\/Abel-Martinez-1.jpg?resize=350%2C200&ssl=1 1x, https:\/\/i0.wp.com\/lasprimeras.com.do\/wp-content\/uploads\/2025\/10\/Abel-Martinez-1.jpg?resize=525%2C300&ssl=1 1.5x, https:\/\/i0.wp.com\/lasprimeras.com.do\/wp-content\/uploads\/2025\/10\/Abel-Martinez-1.jpg?resize=700%2C400&ssl=1 2x"},"classes":[]},{"id":56692,"url":"https:\/\/lasprimeras.com.do\/index.php\/2023\/08\/03\/abel-martinez-la-mejor-rd-de-todos-los-tiempos-se-hace-mejor-contigo\/","url_meta":{"origin":52189,"position":2},"title":"Abel Mart\u00ednez: \u00abLa mejor RD de todos los tiempos se hace mejor contigo\u00bb","author":"Nelson Feliz","date":"3 de agosto de 2023","format":false,"excerpt":"El candidato presidencial del Partido de la Liberaci\u00f3n Dominicana (PLD), Abel Mart\u00ednez, llev\u00f3 un mensaje de esperanza, mediante el cual llam\u00f3 al pueblo a unirse al proyecto de naci\u00f3n que encabeza. En el acto de lanzamiento del Sector Externo con Abel, el l\u00edder de la oposici\u00f3n anunci\u00f3 que no solo\u2026","rel":"","context":"En \u00abPORTADA\u00bb","block_context":{"text":"PORTADA","link":"https:\/\/lasprimeras.com.do\/index.php\/category\/portada\/"},"img":{"alt_text":"Abel Mart\u00ednez","src":"https:\/\/i0.wp.com\/lasprimeras.com.do\/wp-content\/uploads\/2023\/08\/Abel-Martinez.jpeg?resize=350%2C200&ssl=1","width":350,"height":200,"srcset":"https:\/\/i0.wp.com\/lasprimeras.com.do\/wp-content\/uploads\/2023\/08\/Abel-Martinez.jpeg?resize=350%2C200&ssl=1 1x, https:\/\/i0.wp.com\/lasprimeras.com.do\/wp-content\/uploads\/2023\/08\/Abel-Martinez.jpeg?resize=525%2C300&ssl=1 1.5x"},"classes":[]},{"id":83452,"url":"https:\/\/lasprimeras.com.do\/index.php\/2024\/05\/16\/abel-en-montecristi-proyecto-la-cruz-de-manzanillo-volvera-y-renacera-en-nuestro-gobierno\/","url_meta":{"origin":52189,"position":3},"title":"Abel en Montecristi: \u201cProyecto La Cruz de Manzanillo volver\u00e1 y renacer\u00e1 en nuestro Gobierno\u201d","author":"Nelson Feliz","date":"16 de mayo de 2024","format":false,"excerpt":"El candidato presidencial del Partido de la Liberaci\u00f3n Dominicana (PLD), Abel Mart\u00ednez, anunci\u00f3 en Montecristi que su Gobierno recuperar\u00e1 el proyecto agr\u00edcola La Cruz de Manzanillo, abandonado por el actual Gobierno del PRM. En 2020 el Gobierno del PLD dej\u00f3 el importante proyecto con 19,740 tareas sembradas, en las que\u2026","rel":"","context":"En \u00abPORTADA\u00bb","block_context":{"text":"PORTADA","link":"https:\/\/lasprimeras.com.do\/index.php\/category\/portada\/"},"img":{"alt_text":"Abel Mart\u00ednez","src":"https:\/\/i0.wp.com\/lasprimeras.com.do\/wp-content\/uploads\/2024\/05\/Abel-Martinez-10.jpeg?resize=350%2C200&ssl=1","width":350,"height":200,"srcset":"https:\/\/i0.wp.com\/lasprimeras.com.do\/wp-content\/uploads\/2024\/05\/Abel-Martinez-10.jpeg?resize=350%2C200&ssl=1 1x, https:\/\/i0.wp.com\/lasprimeras.com.do\/wp-content\/uploads\/2024\/05\/Abel-Martinez-10.jpeg?resize=525%2C300&ssl=1 1.5x, https:\/\/i0.wp.com\/lasprimeras.com.do\/wp-content\/uploads\/2024\/05\/Abel-Martinez-10.jpeg?resize=700%2C400&ssl=1 2x, https:\/\/i0.wp.com\/lasprimeras.com.do\/wp-content\/uploads\/2024\/05\/Abel-Martinez-10.jpeg?resize=1050%2C600&ssl=1 3x, https:\/\/i0.wp.com\/lasprimeras.com.do\/wp-content\/uploads\/2024\/05\/Abel-Martinez-10.jpeg?resize=1400%2C800&ssl=1 4x"},"classes":[]},{"id":51124,"url":"https:\/\/lasprimeras.com.do\/index.php\/2023\/05\/27\/abel-martinez-aclara-pld-no-hara-alianza-para-las-elecciones-municipales\/","url_meta":{"origin":52189,"position":4},"title":"Abel Mart\u00ednez aclara PLD no har\u00e1 alianza para las elecciones municipales","author":"prenxa100","date":"27 de mayo de 2023","format":false,"excerpt":"SANTO DOMINGO.-El aspirante presidencial por el Partido de la Liberaci\u00f3n Dominicana (PLD), Abel Mart\u00ednez arremeti\u00f3 contra algunos de sus contrincantes y les advirti\u00f3 que en las pr\u00f3ximas elecciones \u201cperder\u00e1n perder\u00e1n\u201d. Mart\u00ednez asegur\u00f3 que \u201cen el Partido de la Liberaci\u00f3n Dominicana estamos tan claros con las elecciones municipales de febrero, que\u2026","rel":"","context":"En \u00abSin categor\u00eda\u00bb","block_context":{"text":"Sin categor\u00eda","link":"https:\/\/lasprimeras.com.do\/index.php\/category\/sin-categoria\/"},"img":{"alt_text":"","src":"","width":0,"height":0},"classes":[]},{"id":53369,"url":"https:\/\/lasprimeras.com.do\/index.php\/2023\/06\/25\/abel-el-pueblo-decidio-parar-el-engano-y-el-irrespeto-a-la-soberania\/","url_meta":{"origin":52189,"position":5},"title":"Abel: \u00abEl pueblo decidi\u00f3 parar el enga\u00f1o y el irrespeto a la soberan\u00eda\u00bb","author":"Nelson Feliz","date":"25 de junio de 2023","format":false,"excerpt":"El candidato presidencial del Partido de la Liberaci\u00f3n Dominicana (PLD), Abel Mart\u00ednez, deplor\u00f3 que hoy el dinero no les alcance a las familias pobres ni a la clase media, ni siquiera para comer. Conversando con periodistas de Santo Domingo Norte, Abel Mart\u00ednez asegur\u00f3 que el pueblo ya tom\u00f3 la decisi\u00f3n\u2026","rel":"","context":"En \u00abPORTADA\u00bb","block_context":{"text":"PORTADA","link":"https:\/\/lasprimeras.com.do\/index.php\/category\/portada\/"},"img":{"alt_text":"Abel Mart\u00ednez encabez\u00f3 la tarde del domingo una concurrida marcha en el municipio Santo Domingo Norte","src":"https:\/\/i0.wp.com\/lasprimeras.com.do\/wp-content\/uploads\/2023\/06\/Abel-Martinez-1.jpg?resize=350%2C200&ssl=1","width":350,"height":200,"srcset":"https:\/\/i0.wp.com\/lasprimeras.com.do\/wp-content\/uploads\/2023\/06\/Abel-Martinez-1.jpg?resize=350%2C200&ssl=1 1x, https:\/\/i0.wp.com\/lasprimeras.com.do\/wp-content\/uploads\/2023\/06\/Abel-Martinez-1.jpg?resize=525%2C300&ssl=1 1.5x, https:\/\/i0.wp.com\/lasprimeras.com.do\/wp-content\/uploads\/2023\/06\/Abel-Martinez-1.jpg?resize=700%2C400&ssl=1 2x"},"classes":[]}],"jetpack_sharing_enabled":true,"jetpack_featured_media_url":"","_links":{"self":[{"href":"https:\/\/lasprimeras.com.do\/index.php\/wp-json\/wp\/v2\/posts\/52189","targetHints":{"allow":["GET"]}}],"collection":[{"href":"https:\/\/lasprimeras.com.do\/index.php\/wp-json\/wp\/v2\/posts"}],"about":[{"href":"https:\/\/lasprimeras.com.do\/index.php\/wp-json\/wp\/v2\/types\/post"}],"author":[{"embeddable":true,"href":"https:\/\/lasprimeras.com.do\/index.php\/wp-json\/wp\/v2\/users\/1"}],"replies":[{"embeddable":true,"href":"https:\/\/lasprimeras.com.do\/index.php\/wp-json\/wp\/v2\/comments?post=52189"}],"version-history":[{"count":0,"href":"https:\/\/lasprimeras.com.do\/index.php\/wp-json\/wp\/v2\/posts\/52189\/revisions"}],"wp:attachment":[{"href":"https:\/\/lasprimeras.com.do\/index.php\/wp-json\/wp\/v2\/media?parent=52189"}],"wp:term":[{"taxonomy":"category","embeddable":true,"href":"https:\/\/lasprimeras.com.do\/index.php\/wp-json\/wp\/v2\/categories?post=52189"},{"taxonomy":"post_tag","embeddable":true,"href":"https:\/\/lasprimeras.com.do\/index.php\/wp-json\/wp\/v2\/tags?post=52189"}],"curies":[{"name":"wp","href":"https:\/\/api.w.org\/{rel}","templated":true}]}}