{"id":52198,"date":"2023-06-07T23:26:19","date_gmt":"2023-06-08T03:26:19","guid":{"rendered":"https:\/\/atento.com.do\/?p=52198"},"modified":"2023-06-07T23:26:19","modified_gmt":"2023-06-08T03:26:19","slug":"abinader-asistira-a-reunion-de-caricom-donde-participara-vicepresidenta-de-eu","status":"publish","type":"post","link":"https:\/\/lasprimeras.com.do\/index.php\/2023\/06\/07\/abinader-asistira-a-reunion-de-caricom-donde-participara-vicepresidenta-de-eu\/","title":{"rendered":"Abinader asistir\u00e1 a reuni\u00f3n de CARICOM donde participar\u00e1 vicepresidenta de EU"},"content":{"rendered":"\n<p><strong>Mandatario sale este jueves en la ma\u00f1ana y regresa en la tarde.<\/strong><\/p>\n\n\n\n<p>Por Wilson P\u00e9rez<\/p>\n\n\n\n<p>El presidente Luis Abinader participar\u00e1 este jueves en una reuni\u00f3n de los pa\u00edses de la Comunidad del Caribe (<a href=\"https:\/\/atento.com.do\/2023\/04\/11\/gallup-coloca-a-luis-abinader-en-primer-lugar-para-ganar-elecciones-del-2024\/\" data-type=\"post\" data-id=\"46767\">CARICOM<\/a>), donde asistir\u00e1 la <a href=\"https:\/\/www.whitehouse.gov\/es\/administracion\/vicepresidenta-harris\/\">vicepresidenta de Estados Unidos Kamala Harris<\/a>.<\/p>\n\n\n\n<p>La reuni\u00f3n tendr\u00e1 lugar en Nassau Bahamas, donde ser\u00e1n debatidos varios temas relacionados con la regi\u00f3n del Caribe.<\/p>\n\n\n\n<p>Este encuentro es la continuidad de la reuni\u00f3n celebrada el a\u00f1o pasado en Los \u00c1ngeles, Estados Unidos.<\/p>\n\n\n\n<p>Aunque Rep\u00fablica Dominicana no es miembro del CARICOM, ha sido invitada, como ocurri\u00f3 en la reuni\u00f3n anterior, dada la importancia de nuestro pa\u00eds en el Caribe, as\u00ed como de los temas que son tratados.<\/p>\n\n\n\n<p>El mandatario dominicano viajar\u00e1 acompa\u00f1ado por el canciller Roberto \u00c1lvarez.<\/p>\n","protected":false},"excerpt":{"rendered":"<p>Mandatario sale este jueves en la ma\u00f1ana y regresa en la tarde. Por Wilson P\u00e9rez El presidente Luis Abinader participar\u00e1 este jueves en una reuni\u00f3n de los pa\u00edses de la&hellip;<\/p>\n","protected":false},"author":1,"featured_media":52199,"comment_status":"open","ping_status":"open","sticky":false,"template":"","format":"standard","meta":{"content-type":"","jetpack_post_was_ever_published":false,"_jetpack_newsletter_access":"","_jetpack_dont_email_post_to_subs":false,"_jetpack_newsletter_tier_id":0,"_jetpack_memberships_contains_paywalled_content":false,"_jetpack_memberships_contains_paid_content":false,"footnotes":""},"categories":[35,25],"tags":[3195,98,2291,67,2874],"class_list":["post-52198","post","type-post","status-publish","format-standard","has-post-thumbnail","hentry","category-nacionales","category-portada","tag-caricom","tag-estados-unidos","tag-kamala-harris","tag-luis-abinader","tag-vicepresidenta"],"jetpack_featured_media_url":"","jetpack-related-posts":[{"id":52270,"url":"https:\/\/lasprimeras.com.do\/index.php\/2023\/06\/08\/presidente-abinader-llega-a-bahamas-para-participar-en-reunion-de-caricom\/","url_meta":{"origin":52198,"position":0},"title":"Presidente Abinader llega a Bahamas para participar en reuni\u00f3n de CARICOM","author":"prenxa100","date":"8 de junio de 2023","format":false,"excerpt":"Previo al encuentro de Estado, se re\u00fane con la di\u00e1spora quienes valoran que por primera vez un presidente dominicano se re\u00fane con ellos y los escucha. Por Wilson Perez Santo Domingo.- El presidente Luis Abinader arrib\u00f3 a las 11:10 de la ma\u00f1ana de este jueves a Nassau, Bahamas, donde participar\u00e1\u2026","rel":"","context":"En \u00abNACIONALES\u00bb","block_context":{"text":"NACIONALES","link":"https:\/\/lasprimeras.com.do\/index.php\/category\/nacionales\/"},"img":{"alt_text":"","src":"","width":0,"height":0},"classes":[]},{"id":52297,"url":"https:\/\/lasprimeras.com.do\/index.php\/2023\/06\/08\/concluye-reunion-caricom-eu-se-abordaron-temas-de-financiamientos-energia-haiti-y-seguridad-alimentaria\/","url_meta":{"origin":52198,"position":1},"title":"Concluye Reuni\u00f3n CARICOM-EU: se abordaron temas de financiamientos, energ\u00eda, Hait\u00ed y seguridad alimentaria","author":"prenxa100","date":"8 de junio de 2023","format":false,"excerpt":"Presidente Luis Abinader regresa esta noche luego de su participaci\u00f3n en el evento. Por Wilson P\u00e9rez El presidente Luis Abinader concluy\u00f3 esta noche su participaci\u00f3n en la reuni\u00f3n con los miembros de la Comunidad del Caribe (CARICOM) donde se trataron temas sobre los accesos a financiamientos internacionales (Banco Mundial, FMI,\u2026","rel":"","context":"En \u00abECONOM\u00cdA\u00bb","block_context":{"text":"ECONOM\u00cdA","link":"https:\/\/lasprimeras.com.do\/index.php\/category\/economia\/"},"img":{"alt_text":"","src":"","width":0,"height":0},"classes":[]},{"id":89018,"url":"https:\/\/lasprimeras.com.do\/index.php\/2024\/09\/14\/biden-y-harris-participaran-en-la-conferencia-y-gala-anual-del-caucus-hispano-del-congreso\/","url_meta":{"origin":52198,"position":2},"title":"Biden y Harris participar\u00e1n en la conferencia y gala anual del Caucus Hispano del Congreso","author":"Nelson Feliz","date":"14 de septiembre de 2024","format":false,"excerpt":"Washington,(EFE).- El mandatario de Estados Unidos, Joe Biden, y la vicepresidenta y candidata dem\u00f3crata a las elecciones presidenciales, Kamala Harris, participar\u00e1n en la conferencia y la gala anual del Instituto del Caucus Hispano del Congreso (CHCI), que se celebra este septiembre en el marco del mes de la Herencia Hispana.\u2026","rel":"","context":"En \u00abSin categor\u00eda\u00bb","block_context":{"text":"Sin categor\u00eda","link":"https:\/\/lasprimeras.com.do\/index.php\/category\/sin-categoria\/"},"img":{"alt_text":"Kamala Harris","src":"https:\/\/i0.wp.com\/lasprimeras.com.do\/wp-content\/uploads\/2024\/09\/Kamala-Harris-1.jpg?resize=350%2C200&ssl=1","width":350,"height":200,"srcset":"https:\/\/i0.wp.com\/lasprimeras.com.do\/wp-content\/uploads\/2024\/09\/Kamala-Harris-1.jpg?resize=350%2C200&ssl=1 1x, https:\/\/i0.wp.com\/lasprimeras.com.do\/wp-content\/uploads\/2024\/09\/Kamala-Harris-1.jpg?resize=525%2C300&ssl=1 1.5x, https:\/\/i0.wp.com\/lasprimeras.com.do\/wp-content\/uploads\/2024\/09\/Kamala-Harris-1.jpg?resize=700%2C400&ssl=1 2x"},"classes":[]},{"id":70788,"url":"https:\/\/lasprimeras.com.do\/index.php\/2023\/12\/14\/observadores-onu-iran-a-reunion-presidentes-venezuela-y-guyana\/","url_meta":{"origin":52198,"position":3},"title":"Observadores ONU ir\u00e1n a reuni\u00f3n presidentes Venezuela y Guyana","author":"BIMARY DE JES\u00daS Matos","date":"14 de diciembre de 2023","format":false,"excerpt":"CARACAS.- El secretario general de la Organizaci\u00f3n de Naciones Unidas, Antonio Guterres, \u201cacoge con agrado\u201d la reuni\u00f3n que este jueves sostendr\u00e1n los presidentes de Venezuela y Guyana para abordar las tensiones vinculadas con el territorio del Esequibo, dijo el mi\u00e9rcoles su portavoz, Stephane Dujarric. Los presidentes de Venezuela, Nicol\u00e1s Maduro,\u2026","rel":"","context":"En \u00abSin categor\u00eda\u00bb","block_context":{"text":"Sin categor\u00eda","link":"https:\/\/lasprimeras.com.do\/index.php\/category\/sin-categoria\/"},"img":{"alt_text":"","src":"https:\/\/i0.wp.com\/lasprimeras.com.do\/wp-content\/uploads\/2023\/12\/Paliza-juramenta-al-diputado-por-Independencia-y-al-alcalde-de-Duverge-abandonan-el-PLD-1-5.jpg?resize=350%2C200&ssl=1","width":350,"height":200,"srcset":"https:\/\/i0.wp.com\/lasprimeras.com.do\/wp-content\/uploads\/2023\/12\/Paliza-juramenta-al-diputado-por-Independencia-y-al-alcalde-de-Duverge-abandonan-el-PLD-1-5.jpg?resize=350%2C200&ssl=1 1x, https:\/\/i0.wp.com\/lasprimeras.com.do\/wp-content\/uploads\/2023\/12\/Paliza-juramenta-al-diputado-por-Independencia-y-al-alcalde-de-Duverge-abandonan-el-PLD-1-5.jpg?resize=525%2C300&ssl=1 1.5x"},"classes":[]},{"id":88745,"url":"https:\/\/lasprimeras.com.do\/index.php\/2024\/09\/05\/sonia-guzman-resalta-liderazgo-internacional-del-presidente-luis-abinader-en-washington\/","url_meta":{"origin":52198,"position":4},"title":"Sonia Guzm\u00e1n resalta liderazgo internacional del presidente Luis Abinader en Washington","author":"Nelson Feliz","date":"5 de septiembre de 2024","format":false,"excerpt":"Washington, DC.- La embajadora dominicana en los Estados Unidos, Sonia Guzm\u00e1n, destac\u00f3 la relevancia de la pol\u00edtica efectuada por el presidente Luis Abinader para encaminar a la Rep\u00fablica Dominicana por un sendero de desarrollo colectivo, reforzando sus esfuerzos en aras de un gobierno transparente y probo, en una naci\u00f3n donde\u2026","rel":"","context":"En \u00abSin categor\u00eda\u00bb","block_context":{"text":"Sin categor\u00eda","link":"https:\/\/lasprimeras.com.do\/index.php\/category\/sin-categoria\/"},"img":{"alt_text":"","src":"https:\/\/i0.wp.com\/lasprimeras.com.do\/wp-content\/uploads\/2024\/09\/Sonia-Guzman-1.jpg?resize=350%2C200&ssl=1","width":350,"height":200,"srcset":"https:\/\/i0.wp.com\/lasprimeras.com.do\/wp-content\/uploads\/2024\/09\/Sonia-Guzman-1.jpg?resize=350%2C200&ssl=1 1x, https:\/\/i0.wp.com\/lasprimeras.com.do\/wp-content\/uploads\/2024\/09\/Sonia-Guzman-1.jpg?resize=525%2C300&ssl=1 1.5x, https:\/\/i0.wp.com\/lasprimeras.com.do\/wp-content\/uploads\/2024\/09\/Sonia-Guzman-1.jpg?resize=700%2C400&ssl=1 2x"},"classes":[]},{"id":101154,"url":"https:\/\/lasprimeras.com.do\/index.php\/2025\/06\/17\/abinader-presenta-en-la-semanal-los-reconocimientos-reuniones-y-acuerdos-durante-su-viaje-a-francia-suiza-y-brasil\/","url_meta":{"origin":52198,"position":5},"title":"Abinader presenta en LA Semanal los reconocimientos, reuniones y acuerdos durante su viaje a Francia, Suiza y Brasil","author":"Nelson Feliz","date":"17 de junio de 2025","format":false,"excerpt":"Abinader reiter\u00f3 la necesidad de dar respuesta global y urgente para salvar los oc\u00e9anos, a prop\u00f3sito de la proliferaci\u00f3n del sargazo en el Caribe El presidente Luis Abinader retom\u00f3 este lunes el encuentro LA Semanal con la Prensa tras concluir el pasado s\u00e1bado su viaje por Francia, Suiza y Brasil,\u2026","rel":"","context":"En \u00abNACIONALES\u00bb","block_context":{"text":"NACIONALES","link":"https:\/\/lasprimeras.com.do\/index.php\/category\/nacionales\/"},"img":{"alt_text":"Luis Abinader","src":"https:\/\/i0.wp.com\/lasprimeras.com.do\/wp-content\/uploads\/2025\/06\/Luis-Abinader-8.jpg?resize=350%2C200&ssl=1","width":350,"height":200,"srcset":"https:\/\/i0.wp.com\/lasprimeras.com.do\/wp-content\/uploads\/2025\/06\/Luis-Abinader-8.jpg?resize=350%2C200&ssl=1 1x, https:\/\/i0.wp.com\/lasprimeras.com.do\/wp-content\/uploads\/2025\/06\/Luis-Abinader-8.jpg?resize=525%2C300&ssl=1 1.5x, https:\/\/i0.wp.com\/lasprimeras.com.do\/wp-content\/uploads\/2025\/06\/Luis-Abinader-8.jpg?resize=700%2C400&ssl=1 2x"},"classes":[]}],"jetpack_sharing_enabled":true,"_links":{"self":[{"href":"https:\/\/lasprimeras.com.do\/index.php\/wp-json\/wp\/v2\/posts\/52198","targetHints":{"allow":["GET"]}}],"collection":[{"href":"https:\/\/lasprimeras.com.do\/index.php\/wp-json\/wp\/v2\/posts"}],"about":[{"href":"https:\/\/lasprimeras.com.do\/index.php\/wp-json\/wp\/v2\/types\/post"}],"author":[{"embeddable":true,"href":"https:\/\/lasprimeras.com.do\/index.php\/wp-json\/wp\/v2\/users\/1"}],"replies":[{"embeddable":true,"href":"https:\/\/lasprimeras.com.do\/index.php\/wp-json\/wp\/v2\/comments?post=52198"}],"version-history":[{"count":0,"href":"https:\/\/lasprimeras.com.do\/index.php\/wp-json\/wp\/v2\/posts\/52198\/revisions"}],"wp:featuredmedia":[{"embeddable":true,"href":"https:\/\/lasprimeras.com.do\/index.php\/wp-json\/"}],"wp:attachment":[{"href":"https:\/\/lasprimeras.com.do\/index.php\/wp-json\/wp\/v2\/media?parent=52198"}],"wp:term":[{"taxonomy":"category","embeddable":true,"href":"https:\/\/lasprimeras.com.do\/index.php\/wp-json\/wp\/v2\/categories?post=52198"},{"taxonomy":"post_tag","embeddable":true,"href":"https:\/\/lasprimeras.com.do\/index.php\/wp-json\/wp\/v2\/tags?post=52198"}],"curies":[{"name":"wp","href":"https:\/\/api.w.org\/{rel}","templated":true}]}}