{"id":52210,"date":"2023-06-08T00:01:16","date_gmt":"2023-06-08T04:01:16","guid":{"rendered":"https:\/\/atento.com.do\/?p=52210"},"modified":"2023-06-08T00:01:16","modified_gmt":"2023-06-08T04:01:16","slug":"leandra-acosta-asegura-sera-escogida-en-la-fp-candidata-a-la-alcaldia-de-sde","status":"publish","type":"post","link":"https:\/\/lasprimeras.com.do\/index.php\/2023\/06\/08\/leandra-acosta-asegura-sera-escogida-en-la-fp-candidata-a-la-alcaldia-de-sde\/","title":{"rendered":"Leandra Acosta asegura ser\u00e1 escogida en la FP candidata a la Alcald\u00eda de SDE"},"content":{"rendered":"\n<p>Por Pedro Hern\u00e1ndez<\/p>\n\n\n\n<p>SANTO DOMINGO.- La precandidata a la Alcald\u00eda de Santo Domingo Este, Leandra Acosta, asegur\u00f3 este martes que ser\u00e1 escogida como la candidata oficial del Partido de la Fuerza del Pueblo (FP) en el municipio.<\/p>\n\n\n\n<p>La dirigente pol\u00edtica dijo que en las cuestas internas de la organizaci\u00f3n pol\u00edtica, la dan como la favorita para ser escogida con m\u00e1s de un 32 por ciento entre los seis aspirantes a la misma posici\u00f3n.<\/p>\n\n\n\n<p>Acosta expres\u00f3 sus opiniones al ser entrevistada por los comunicadores Liliam Mateo y Domingo Ram\u00edrez en el programa \u201cEl Nuevo Diario en la Noche\u201d, transmitido por la plataforma digital El Nuevo Diario TV.<\/p>\n\n\n\n<p>\u201cLeandra Acosta se ha enfocado en atraer a los j\u00f3venes que son un gran potencial para realizar un buen trabajo en tres ejes fundamentales, como son la limpieza, seguridad y educaci\u00f3n\u201d, explic\u00f3.<\/p>\n\n\n\n<p>En ese orden, manifest\u00f3 que a trav\u00e9s de las organizaciones sin fines de lucro buscara hacer un trabajo eficiente en la recolecci\u00f3n de pl\u00e1sticos y otros desechos s\u00f3lidos, tal y como lo ha venido haciendo a trav\u00e9s de los denominados puntos verdes.<\/p>\n\n\n\n<p>Asimismo, sostuvo que est\u00e1 dispuesta a trabajar en la limpieza de las costas del municipio de Santo Domingo Este, que en estos momentos se observa llena de sargazo y pl\u00e1sticos.<\/p>\n","protected":false},"excerpt":{"rendered":"<p>Por Pedro Hern\u00e1ndez SANTO DOMINGO.- La precandidata a la Alcald\u00eda de Santo Domingo Este, Leandra Acosta, asegur\u00f3 este martes que ser\u00e1 escogida como la candidata oficial del Partido de la&hellip;<\/p>\n","protected":false},"author":1,"featured_media":52211,"comment_status":"open","ping_status":"open","sticky":false,"template":"","format":"standard","meta":{"content-type":"","jetpack_post_was_ever_published":false,"_jetpack_newsletter_access":"","_jetpack_dont_email_post_to_subs":false,"_jetpack_newsletter_tier_id":0,"_jetpack_memberships_contains_paywalled_content":false,"_jetpack_memberships_contains_paid_content":false,"footnotes":""},"categories":[25],"tags":[869,3205,3206,158,1959,1570],"class_list":["post-52210","post","type-post","status-publish","format-standard","has-post-thumbnail","hentry","category-portada","tag-alcaldia","tag-candidata","tag-escogida","tag-fuerza-del-pueblo","tag-leandra-acosta","tag-santo-domingo-este"],"jetpack_featured_media_url":"","jetpack-related-posts":[{"id":62504,"url":"https:\/\/lasprimeras.com.do\/index.php\/2023\/10\/05\/leandra-acosta-unifica-fuerzas-vivas-en-san-luis-para-asegurar-candidatura-de-junior-frias\/","url_meta":{"origin":52210,"position":0},"title":"Leandra Acosta unifica fuerzas vivas en San Luis para asegurar candidatura de Junior Fr\u00edas","author":"Nelson Feliz","date":"5 de octubre de 2023","format":false,"excerpt":"La dirigente y miembro de la Direcci\u00f3n Central del Partido la Fuerza del Pueblo (FP), empresaria Leandra Acosta, asumi\u00f3 la asesor\u00eda pol\u00edtica y enlace del aspirante a alcalde del Distrito Municipal de San Luis, Junior Fr\u00edas. Tras participar en un evento a casa llena en San Luis, municipio Santo Domingo\u2026","rel":"","context":"En \u00abPORTADA\u00bb","block_context":{"text":"PORTADA","link":"https:\/\/lasprimeras.com.do\/index.php\/category\/portada\/"},"img":{"alt_text":"Leandra Acosta","src":"https:\/\/i0.wp.com\/lasprimeras.com.do\/wp-content\/uploads\/2023\/10\/Leandra-Acosta.jpg?resize=350%2C200&ssl=1","width":350,"height":200,"srcset":"https:\/\/i0.wp.com\/lasprimeras.com.do\/wp-content\/uploads\/2023\/10\/Leandra-Acosta.jpg?resize=350%2C200&ssl=1 1x, https:\/\/i0.wp.com\/lasprimeras.com.do\/wp-content\/uploads\/2023\/10\/Leandra-Acosta.jpg?resize=525%2C300&ssl=1 1.5x, https:\/\/i0.wp.com\/lasprimeras.com.do\/wp-content\/uploads\/2023\/10\/Leandra-Acosta.jpg?resize=700%2C400&ssl=1 2x"},"classes":[]},{"id":54230,"url":"https:\/\/lasprimeras.com.do\/index.php\/2023\/07\/09\/leandra-acosta-inscribe-precandidatura-a-la-alcaldia-de-sde\/","url_meta":{"origin":52210,"position":1},"title":"Leandra Acosta inscribe precandidatura a la Alcald\u00eda de SDE","author":"Nelson Feliz","date":"9 de julio de 2023","format":false,"excerpt":"La empresaria y dirigente pol\u00edtica Leandra Acosta inscribi\u00f3 su precandidatura a la Alcald\u00eda de Santo Domingo Este, en un acto celebrado en la Casa Nacional del Partido la Fuerza del Pueblo ubicado en el sector de Gazcue en el Distrito Nacional. La precandidata municipal, se present\u00f3 a la Casa Nacional\u2026","rel":"","context":"En \u00abPORTADA\u00bb","block_context":{"text":"PORTADA","link":"https:\/\/lasprimeras.com.do\/index.php\/category\/portada\/"},"img":{"alt_text":"Leandra Acosta","src":"https:\/\/i0.wp.com\/lasprimeras.com.do\/wp-content\/uploads\/2023\/07\/Leandra-Acosta.jpeg?resize=350%2C200&ssl=1","width":350,"height":200,"srcset":"https:\/\/i0.wp.com\/lasprimeras.com.do\/wp-content\/uploads\/2023\/07\/Leandra-Acosta.jpeg?resize=350%2C200&ssl=1 1x, https:\/\/i0.wp.com\/lasprimeras.com.do\/wp-content\/uploads\/2023\/07\/Leandra-Acosta.jpeg?resize=525%2C300&ssl=1 1.5x, https:\/\/i0.wp.com\/lasprimeras.com.do\/wp-content\/uploads\/2023\/07\/Leandra-Acosta.jpeg?resize=700%2C400&ssl=1 2x, https:\/\/i0.wp.com\/lasprimeras.com.do\/wp-content\/uploads\/2023\/07\/Leandra-Acosta.jpeg?resize=1050%2C600&ssl=1 3x"},"classes":[]},{"id":54399,"url":"https:\/\/lasprimeras.com.do\/index.php\/2023\/07\/10\/leandra-acosta-dice-la-fuerza-del-pueblo-tiene-garantizada-alcaldia-de-sde\/","url_meta":{"origin":52210,"position":2},"title":"Leandra Acosta dice la Fuerza del Pueblo tiene garantizada Alcald\u00eda de SDE","author":"Nelson Feliz","date":"10 de julio de 2023","format":false,"excerpt":"La empresaria y dirigente pol\u00edtica Leandra Acosta inscribi\u00f3 formalmente su precandidatura a la Alcald\u00eda de Santo Domingo Este, en un acto celebrado en la Casa Nacional del Partido la Fuerza del Pueblo ubicado en la avenida Bol\u00edvar esquina Dr. B\u00e1ez del sector Gazcue en \u00a0el Distrito Nacional. La precandidata municipal,\u2026","rel":"","context":"En \u00abPORTADA\u00bb","block_context":{"text":"PORTADA","link":"https:\/\/lasprimeras.com.do\/index.php\/category\/portada\/"},"img":{"alt_text":"Leandra Acosta","src":"https:\/\/i0.wp.com\/lasprimeras.com.do\/wp-content\/uploads\/2023\/07\/Leandra-Acosta.jpg?resize=350%2C200&ssl=1","width":350,"height":200,"srcset":"https:\/\/i0.wp.com\/lasprimeras.com.do\/wp-content\/uploads\/2023\/07\/Leandra-Acosta.jpg?resize=350%2C200&ssl=1 1x, https:\/\/i0.wp.com\/lasprimeras.com.do\/wp-content\/uploads\/2023\/07\/Leandra-Acosta.jpg?resize=525%2C300&ssl=1 1.5x, https:\/\/i0.wp.com\/lasprimeras.com.do\/wp-content\/uploads\/2023\/07\/Leandra-Acosta.jpg?resize=700%2C400&ssl=1 2x"},"classes":[]},{"id":60477,"url":"https:\/\/lasprimeras.com.do\/index.php\/2023\/09\/14\/leandra-acosta-y-su-equipo-dan-contundente-apoyo-a-ruben-maldonado\/","url_meta":{"origin":52210,"position":3},"title":"Leandra Acosta y su equipo dan contundente apoyo a Rub\u00e9n Maldonado","author":"Nelson Feliz","date":"14 de septiembre de 2023","format":false,"excerpt":"El diputado y candidato a senador por el Partido la Fuerza del Pueblo, Rub\u00e9n Maldonado, recibi\u00f3 este jueves el respaldo de la dirigente de la FP, Leandra Acosta, quien junto a su equipo de trabajo, se sumar\u00e1n a las actividades pol\u00edticas que ser\u00e1n realizadas a favor de su proyecto. La\u2026","rel":"","context":"En \u00abPORTADA\u00bb","block_context":{"text":"PORTADA","link":"https:\/\/lasprimeras.com.do\/index.php\/category\/portada\/"},"img":{"alt_text":"Leandra Acosta","src":"https:\/\/i0.wp.com\/lasprimeras.com.do\/wp-content\/uploads\/2023\/09\/Leandra-Acosta-1.jpg?resize=350%2C200&ssl=1","width":350,"height":200,"srcset":"https:\/\/i0.wp.com\/lasprimeras.com.do\/wp-content\/uploads\/2023\/09\/Leandra-Acosta-1.jpg?resize=350%2C200&ssl=1 1x, https:\/\/i0.wp.com\/lasprimeras.com.do\/wp-content\/uploads\/2023\/09\/Leandra-Acosta-1.jpg?resize=525%2C300&ssl=1 1.5x, https:\/\/i0.wp.com\/lasprimeras.com.do\/wp-content\/uploads\/2023\/09\/Leandra-Acosta-1.jpg?resize=700%2C400&ssl=1 2x"},"classes":[]},{"id":51250,"url":"https:\/\/lasprimeras.com.do\/index.php\/2023\/05\/29\/leandra-acosta-celebra-el-dia-de-las-madres-juntos-a-cientos-de-mujeres-en-sde\/","url_meta":{"origin":52210,"position":4},"title":"Leandra Acosta celebra el \u201cD\u00eda de las Madres\u201d juntos a cientos de mujeres en SDE","author":"prenxa100","date":"29 de mayo de 2023","format":false,"excerpt":"Santo Domingo, Este.-. La aspirante a dirigir el Ayuntamiento de Santo Domingo Este, Leandra Acosta ha sido parte de todas las actividades realizadas por motivo de la celebraci\u00f3n del \u201cD\u00eda de la Madres\u201d que han sido llevada a cabo en esa demarcaci\u00f3n, junto a los principales personajes de la pol\u00edtica\u2026","rel":"","context":"En \u00abENTRETENIMIENTO\u00bb","block_context":{"text":"ENTRETENIMIENTO","link":"https:\/\/lasprimeras.com.do\/index.php\/category\/entretenimiento\/"},"img":{"alt_text":"","src":"https:\/\/i0.wp.com\/atento.com.do\/wp-content\/uploads\/2023\/05\/LEANDRA-3.jpg?resize=350%2C200&ssl=1","width":350,"height":200,"srcset":"https:\/\/i0.wp.com\/atento.com.do\/wp-content\/uploads\/2023\/05\/LEANDRA-3.jpg?resize=350%2C200&ssl=1 1x, https:\/\/i0.wp.com\/atento.com.do\/wp-content\/uploads\/2023\/05\/LEANDRA-3.jpg?resize=525%2C300&ssl=1 1.5x, https:\/\/i0.wp.com\/atento.com.do\/wp-content\/uploads\/2023\/05\/LEANDRA-3.jpg?resize=700%2C400&ssl=1 2x"},"classes":[]},{"id":50447,"url":"https:\/\/lasprimeras.com.do\/index.php\/2023\/05\/21\/precandidata-a-la-alcaldia-en-sde-propone-un-frente-opositor-contra-el-gobierno\/","url_meta":{"origin":52210,"position":5},"title":"Precandidata a la alcald\u00eda en SDE propone un frente opositor contra el Gobierno","author":"prenxa100","date":"21 de mayo de 2023","format":false,"excerpt":"Santo Domingo, Este.-. La precandidata a la Alcald\u00eda de Santo Domingo Este, Leandra Acosta, declar\u00f3 que es necesario crear un frente opositor encabezado por la Fuerza del Pueblo, porque estamos luchando en contra de un poder abusivo y enfocando en poder lastimar a nuestros ciudadanos a causa de que tienen\u2026","rel":"","context":"En \u00abPORTADA\u00bb","block_context":{"text":"PORTADA","link":"https:\/\/lasprimeras.com.do\/index.php\/category\/portada\/"},"img":{"alt_text":"","src":"https:\/\/i0.wp.com\/img.youtube.com\/vi\/r-bbH0qNQro\/0.jpg?resize=350%2C200","width":350,"height":200},"classes":[]}],"jetpack_sharing_enabled":true,"_links":{"self":[{"href":"https:\/\/lasprimeras.com.do\/index.php\/wp-json\/wp\/v2\/posts\/52210","targetHints":{"allow":["GET"]}}],"collection":[{"href":"https:\/\/lasprimeras.com.do\/index.php\/wp-json\/wp\/v2\/posts"}],"about":[{"href":"https:\/\/lasprimeras.com.do\/index.php\/wp-json\/wp\/v2\/types\/post"}],"author":[{"embeddable":true,"href":"https:\/\/lasprimeras.com.do\/index.php\/wp-json\/wp\/v2\/users\/1"}],"replies":[{"embeddable":true,"href":"https:\/\/lasprimeras.com.do\/index.php\/wp-json\/wp\/v2\/comments?post=52210"}],"version-history":[{"count":0,"href":"https:\/\/lasprimeras.com.do\/index.php\/wp-json\/wp\/v2\/posts\/52210\/revisions"}],"wp:featuredmedia":[{"embeddable":true,"href":"https:\/\/lasprimeras.com.do\/index.php\/wp-json\/"}],"wp:attachment":[{"href":"https:\/\/lasprimeras.com.do\/index.php\/wp-json\/wp\/v2\/media?parent=52210"}],"wp:term":[{"taxonomy":"category","embeddable":true,"href":"https:\/\/lasprimeras.com.do\/index.php\/wp-json\/wp\/v2\/categories?post=52210"},{"taxonomy":"post_tag","embeddable":true,"href":"https:\/\/lasprimeras.com.do\/index.php\/wp-json\/wp\/v2\/tags?post=52210"}],"curies":[{"name":"wp","href":"https:\/\/api.w.org\/{rel}","templated":true}]}}