{"id":52251,"date":"2023-06-08T14:13:38","date_gmt":"2023-06-08T18:13:38","guid":{"rendered":"https:\/\/atento.com.do\/?p=52251"},"modified":"2023-06-08T14:13:38","modified_gmt":"2023-06-08T18:13:38","slug":"cotui-mineras-contaminan-presa-de-hatillo-hay-miles-de-peces-muertos","status":"publish","type":"post","link":"https:\/\/lasprimeras.com.do\/index.php\/2023\/06\/08\/cotui-mineras-contaminan-presa-de-hatillo-hay-miles-de-peces-muertos\/","title":{"rendered":"Cotu\u00ed: Mineras contaminan presa de Hatillo; hay miles de peces muertos"},"content":{"rendered":"\n<p>Por Nelson Feliz<\/p>\n\n\n\n<p>Los residentes en Cotu\u00ed provincia S\u00e1nchez Ram\u00edrez denunciaron que el proyecto minero Barrick Pueblo Viejo est\u00e1 vertiendo sustancias qu\u00edmicas en la presa de Hatillo, en Cotu\u00ed por la cual han muerto miles de peces y el agua se encuentra contaminada totalmente.<br><br>Durante cerca de dos semanas peces de tipo tilapia estuvieron apareciendo muertos en el lago de la presa de Hatillo sin que las autoridades hayan informado sobre las causas que originaron la mortandad.<\/p>\n\n\n\n<p>Seg\u00fan un audiovisual que circula en las redes sociales, se observa avanzada contaminaci\u00f3n de las aguas de la presa Hatillo y en los alrededores de la presa donde funcionan tres mineras: Cerro Maim\u00f3n, Barrick y Falconbridge.<\/p>\n\n\n\n<p>Los habitantes de la provincia S\u00e1nchez Ram\u00edrez solicitaron p\u00fablicamente al Ministerio de Medio Ambiente y Recursos Naturales y al Ministerio de Agricultura realizar una investigaci\u00f3n y determinar la causa de contaminaci\u00f3n del agua y muerte de los peces, provocadas por las mineras antes mencionadas.<\/p>\n\n\n\n<p>Sostuvieron que desde que iniciaron las operaciones de estas mineras se ha denunciado la contaminaci\u00f3n de las aguas y las muertes de las especies acu\u00e1ticas, ya que descargan todos los qu\u00edmicos a los afluentes sin medir las consecuencias y los da\u00f1os que puedan provocar al Medio Ambiente.<\/p>\n\n\n\n<p>Aunque en el pasado la empresa minera Barrick Pueblo Viejo hab\u00eda emprendido una extensa remediaci\u00f3n ambiental en el \u00e1rea para garantizar que la calidad del agua cumpla con los est\u00e1ndares regulatorios, pero esta continua haciendo lo que se le venga en gana, y las autoridades no hacen nada al respecto.<\/p>\n\n\n\n<figure class=\"wp-block-embed is-type-video is-provider-youtube wp-block-embed-youtube wp-embed-aspect-16-9 wp-has-aspect-ratio\"><div class=\"wp-block-embed__wrapper\">\n<iframe title=\"Cotu\u00ed: Mineras contaminan presa de Hatillo; hay miles de peces muertos\" width=\"500\" height=\"281\" src=\"https:\/\/www.youtube.com\/embed\/1fdaEAryi6c?feature=oembed\" frameborder=\"0\" allow=\"accelerometer; autoplay; clipboard-write; encrypted-media; gyroscope; picture-in-picture; web-share\" referrerpolicy=\"strict-origin-when-cross-origin\" allowfullscreen><\/iframe>\n<\/div><\/figure>\n","protected":false},"excerpt":{"rendered":"<p>Por Nelson Feliz Los residentes en Cotu\u00ed provincia S\u00e1nchez Ram\u00edrez denunciaron que el proyecto minero Barrick Pueblo Viejo est\u00e1 vertiendo sustancias qu\u00edmicas en la presa de Hatillo, en Cotu\u00ed por&hellip;<\/p>\n","protected":false},"author":1,"featured_media":52252,"comment_status":"open","ping_status":"open","sticky":false,"template":"","format":"standard","meta":{"content-type":"","jetpack_post_was_ever_published":false,"_jetpack_newsletter_access":"","_jetpack_dont_email_post_to_subs":false,"_jetpack_newsletter_tier_id":0,"_jetpack_memberships_contains_paywalled_content":false,"_jetpack_memberships_contains_paid_content":false,"footnotes":""},"categories":[35,25],"tags":[3257,3258,3259,1197,3260,3261,3262,2027],"class_list":["post-52251","post","type-post","status-publish","format-standard","has-post-thumbnail","hentry","category-nacionales","category-portada","tag-contaminan","tag-cotui","tag-hatillo","tag-miles","tag-mineras","tag-peces","tag-presa","tag-tres-muertos"],"jetpack_featured_media_url":"","jetpack-related-posts":[{"id":109823,"url":"https:\/\/lasprimeras.com.do\/index.php\/2025\/09\/20\/tragedia-en-cotui-hermanos-de-13-y-15-anos-fallecen-en-la-presa-de-hatillo\/","url_meta":{"origin":52251,"position":0},"title":"Tragedia en Cotu\u00ed: hermanos de 13 y 15 a\u00f1os fallecen en la Presa de Hatillo","author":"Nelson Feliz","date":"20 de septiembre de 2025","format":false,"excerpt":"Una tragedia sacudi\u00f3 este s\u00e1bado a la comunidad de Fantino, luego de que dos hermanos adolescentes murieran ahogados en las aguas de la Presa de Hatillo, mientras otro joven fue rescatado con vida por brigadistas de la Defensa Civil. Las v\u00edctimas fueron identificadas como Jance Acevedo, de 13 a\u00f1os, y\u2026","rel":"","context":"En \u00abNACIONALES\u00bb","block_context":{"text":"NACIONALES","link":"https:\/\/lasprimeras.com.do\/index.php\/category\/nacionales\/"},"img":{"alt_text":"","src":"https:\/\/i0.wp.com\/lasprimeras.com.do\/wp-content\/uploads\/2025\/09\/dc.jpg?resize=350%2C200&ssl=1","width":350,"height":200,"srcset":"https:\/\/i0.wp.com\/lasprimeras.com.do\/wp-content\/uploads\/2025\/09\/dc.jpg?resize=350%2C200&ssl=1 1x, https:\/\/i0.wp.com\/lasprimeras.com.do\/wp-content\/uploads\/2025\/09\/dc.jpg?resize=525%2C300&ssl=1 1.5x, https:\/\/i0.wp.com\/lasprimeras.com.do\/wp-content\/uploads\/2025\/09\/dc.jpg?resize=700%2C400&ssl=1 2x"},"classes":[]},{"id":104094,"url":"https:\/\/lasprimeras.com.do\/index.php\/2025\/07\/21\/investigan-causas-de-fatal-accidente-en-muro-de-presa-de-hatillo-dos-victimas-identificadas\/","url_meta":{"origin":52251,"position":1},"title":"Investigan causas de fatal accidente en muro de presa de Hatillo: dos v\u00edctimas identificadas","author":"Nelson Feliz","date":"21 de julio de 2025","format":false,"excerpt":"La Procuradur\u00eda Fiscal del Distrito Judicial de S\u00e1nchez Ram\u00edrez, agentes de la Direcci\u00f3n General de Tr\u00e1nsito Terrestre (DIGESETT) y efectivos policiales del DICRIM investigan las posibles causas de un tr\u00e1gico accidente ocurrido la madrugada de hoy en el muro de la presa de Hatillo. Dos personas murieron en el accidente:\u2026","rel":"","context":"En \u00abJUSTICIA\u00bb","block_context":{"text":"JUSTICIA","link":"https:\/\/lasprimeras.com.do\/index.php\/category\/justicia\/"},"img":{"alt_text":"","src":"https:\/\/i0.wp.com\/lasprimeras.com.do\/wp-content\/uploads\/2025\/07\/dos-1.jpg?resize=350%2C200&ssl=1","width":350,"height":200,"srcset":"https:\/\/i0.wp.com\/lasprimeras.com.do\/wp-content\/uploads\/2025\/07\/dos-1.jpg?resize=350%2C200&ssl=1 1x, https:\/\/i0.wp.com\/lasprimeras.com.do\/wp-content\/uploads\/2025\/07\/dos-1.jpg?resize=525%2C300&ssl=1 1.5x, https:\/\/i0.wp.com\/lasprimeras.com.do\/wp-content\/uploads\/2025\/07\/dos-1.jpg?resize=700%2C400&ssl=1 2x"},"classes":[]},{"id":122750,"url":"https:\/\/lasprimeras.com.do\/index.php\/2026\/02\/21\/la-contaminacion-en-la-presa-de-hatillo-representa-una-grave-amenaza-para-la-saludadvierte-osiris-de-leon\/","url_meta":{"origin":52251,"position":2},"title":"&#8220;La contaminaci\u00f3n en la presa de Hatillo representa una grave amenaza para la salud&#8221;,advierte Osiris de Le\u00f3n","author":"Nelson Feliz","date":"21 de febrero de 2026","format":false,"excerpt":"El ge\u00f3logo y ambientalista Osiris de Le\u00f3n denunci\u00f3 que la presa de Hatillo, en Cotu\u00ed, se encuentra en un estado de degradaci\u00f3n ambiental y envenenada por toxinas peligrosas, por lo que urge que las autoridades tomen medidas. De Le\u00f3n explic\u00f3 que el color verde que desde el mes de diciembre\u2026","rel":"","context":"En \u00abMEDIO AMBIENTE\u00bb","block_context":{"text":"MEDIO AMBIENTE","link":"https:\/\/lasprimeras.com.do\/index.php\/category\/medio-ambiente\/"},"img":{"alt_text":"","src":"https:\/\/i0.wp.com\/lasprimeras.com.do\/wp-content\/uploads\/2026\/02\/Presa-Hatillo.jpg?resize=350%2C200&ssl=1","width":350,"height":200},"classes":[]},{"id":112201,"url":"https:\/\/lasprimeras.com.do\/index.php\/2025\/10\/19\/abinader-inaugura-centro-universitario-regional-uasd-cotui-con-29-aulas\/","url_meta":{"origin":52251,"position":3},"title":"Abinader inaugura Centro Universitario Regional UASD-Cotu\u00ed con 29 aulas","author":"Nelson Feliz","date":"19 de octubre de 2025","format":false,"excerpt":"El presidente Luis Abinader inaugur\u00f3 a trav\u00e9s del Ministerio de la Vivienda y Edificaciones (MIVED), el Centro Universitario Regional UASD-Cotu\u00ed, la primera extensi\u00f3n de la Universidad Aut\u00f3noma de Santo Domingo (UASD) en la provincia S\u00e1nchez Ram\u00edrez, la cual cuenta con 29 aulas y beneficiar\u00e1 a miles de j\u00f3venes de la\u2026","rel":"","context":"En \u00abNACIONALES\u00bb","block_context":{"text":"NACIONALES","link":"https:\/\/lasprimeras.com.do\/index.php\/category\/nacionales\/"},"img":{"alt_text":"","src":"https:\/\/i0.wp.com\/lasprimeras.com.do\/wp-content\/uploads\/2025\/10\/uasd-cptuy.jpg?resize=350%2C200&ssl=1","width":350,"height":200,"srcset":"https:\/\/i0.wp.com\/lasprimeras.com.do\/wp-content\/uploads\/2025\/10\/uasd-cptuy.jpg?resize=350%2C200&ssl=1 1x, https:\/\/i0.wp.com\/lasprimeras.com.do\/wp-content\/uploads\/2025\/10\/uasd-cptuy.jpg?resize=525%2C300&ssl=1 1.5x, https:\/\/i0.wp.com\/lasprimeras.com.do\/wp-content\/uploads\/2025\/10\/uasd-cptuy.jpg?resize=700%2C400&ssl=1 2x"},"classes":[]},{"id":122878,"url":"https:\/\/lasprimeras.com.do\/index.php\/2026\/02\/23\/presidente-del-senado-expresa-preocupacion-por-hallazgos-de-contaminacion-en-la-presa-de-hatillo\/","url_meta":{"origin":52251,"position":4},"title":"Presidente del Senado expresa preocupaci\u00f3n por hallazgos de contaminaci\u00f3n en la presa de Hatillo","author":"Nelson Feliz","date":"23 de febrero de 2026","format":false,"excerpt":"El senador por la provincia S\u00e1nchez Ram\u00edrez, Ricardo de los Santos, expres\u00f3 su preocupaci\u00f3n por los hallazgos de contaminaci\u00f3n detectados en las aguas de la Presa de Hatillo, ubicada en esa demarcaci\u00f3n. El legislador explic\u00f3 que estuvo presente durante el proceso de muestreo realizado por el Instituto de Microbiolog\u00eda de\u2026","rel":"","context":"En \u00abPOLITICA\u00bb","block_context":{"text":"POLITICA","link":"https:\/\/lasprimeras.com.do\/index.php\/category\/politica\/"},"img":{"alt_text":"","src":"https:\/\/i0.wp.com\/lasprimeras.com.do\/wp-content\/uploads\/2026\/02\/IMG-20260223-WA0537.jpg?resize=350%2C200&ssl=1","width":350,"height":200,"srcset":"https:\/\/i0.wp.com\/lasprimeras.com.do\/wp-content\/uploads\/2026\/02\/IMG-20260223-WA0537.jpg?resize=350%2C200&ssl=1 1x, https:\/\/i0.wp.com\/lasprimeras.com.do\/wp-content\/uploads\/2026\/02\/IMG-20260223-WA0537.jpg?resize=525%2C300&ssl=1 1.5x, https:\/\/i0.wp.com\/lasprimeras.com.do\/wp-content\/uploads\/2026\/02\/IMG-20260223-WA0537.jpg?resize=700%2C400&ssl=1 2x, https:\/\/i0.wp.com\/lasprimeras.com.do\/wp-content\/uploads\/2026\/02\/IMG-20260223-WA0537.jpg?resize=1050%2C600&ssl=1 3x, https:\/\/i0.wp.com\/lasprimeras.com.do\/wp-content\/uploads\/2026\/02\/IMG-20260223-WA0537.jpg?resize=1400%2C800&ssl=1 4x"},"classes":[]},{"id":122657,"url":"https:\/\/lasprimeras.com.do\/index.php\/2026\/02\/20\/virginia-antares-llama-a-dar-prioridad-a-situacion-de-la-presa-de-hatillo\/","url_meta":{"origin":52251,"position":5},"title":"Virginia Antares llama a dar prioridad a situaci\u00f3n de la presa de Hatillo","author":"Nelson Feliz","date":"20 de febrero de 2026","format":false,"excerpt":"La excandidata presidencial exhort\u00f3 a las autoridades decir la verdad sobre qu\u00e9 hay detr\u00e1s de la contaminaci\u00f3n de la presa La excandidata presidencial del partido Opci\u00f3n Democr\u00e1tica (OD), Virginia Antares, manifest\u00f3 este jueves su preocupaci\u00f3n por los niveles de contaminaci\u00f3n que afectan a la presa de Hatillo, y llam\u00f3 a\u2026","rel":"","context":"En \u00abPOLITICA\u00bb","block_context":{"text":"POLITICA","link":"https:\/\/lasprimeras.com.do\/index.php\/category\/politica\/"},"img":{"alt_text":"Virginia Antares","src":"https:\/\/i0.wp.com\/lasprimeras.com.do\/wp-content\/uploads\/2026\/02\/Virginia-Antares.jpg?resize=350%2C200&ssl=1","width":350,"height":200,"srcset":"https:\/\/i0.wp.com\/lasprimeras.com.do\/wp-content\/uploads\/2026\/02\/Virginia-Antares.jpg?resize=350%2C200&ssl=1 1x, https:\/\/i0.wp.com\/lasprimeras.com.do\/wp-content\/uploads\/2026\/02\/Virginia-Antares.jpg?resize=525%2C300&ssl=1 1.5x, https:\/\/i0.wp.com\/lasprimeras.com.do\/wp-content\/uploads\/2026\/02\/Virginia-Antares.jpg?resize=700%2C400&ssl=1 2x"},"classes":[]}],"jetpack_sharing_enabled":true,"_links":{"self":[{"href":"https:\/\/lasprimeras.com.do\/index.php\/wp-json\/wp\/v2\/posts\/52251","targetHints":{"allow":["GET"]}}],"collection":[{"href":"https:\/\/lasprimeras.com.do\/index.php\/wp-json\/wp\/v2\/posts"}],"about":[{"href":"https:\/\/lasprimeras.com.do\/index.php\/wp-json\/wp\/v2\/types\/post"}],"author":[{"embeddable":true,"href":"https:\/\/lasprimeras.com.do\/index.php\/wp-json\/wp\/v2\/users\/1"}],"replies":[{"embeddable":true,"href":"https:\/\/lasprimeras.com.do\/index.php\/wp-json\/wp\/v2\/comments?post=52251"}],"version-history":[{"count":0,"href":"https:\/\/lasprimeras.com.do\/index.php\/wp-json\/wp\/v2\/posts\/52251\/revisions"}],"wp:featuredmedia":[{"embeddable":true,"href":"https:\/\/lasprimeras.com.do\/index.php\/wp-json\/"}],"wp:attachment":[{"href":"https:\/\/lasprimeras.com.do\/index.php\/wp-json\/wp\/v2\/media?parent=52251"}],"wp:term":[{"taxonomy":"category","embeddable":true,"href":"https:\/\/lasprimeras.com.do\/index.php\/wp-json\/wp\/v2\/categories?post=52251"},{"taxonomy":"post_tag","embeddable":true,"href":"https:\/\/lasprimeras.com.do\/index.php\/wp-json\/wp\/v2\/tags?post=52251"}],"curies":[{"name":"wp","href":"https:\/\/api.w.org\/{rel}","templated":true}]}}