{"id":52270,"date":"2023-06-08T14:27:00","date_gmt":"2023-06-08T18:27:00","guid":{"rendered":"https:\/\/atento.com.do\/?p=52270"},"modified":"2023-06-08T14:27:00","modified_gmt":"2023-06-08T18:27:00","slug":"presidente-abinader-llega-a-bahamas-para-participar-en-reunion-de-caricom","status":"publish","type":"post","link":"https:\/\/lasprimeras.com.do\/index.php\/2023\/06\/08\/presidente-abinader-llega-a-bahamas-para-participar-en-reunion-de-caricom\/","title":{"rendered":"Presidente Abinader llega a Bahamas para participar en reuni\u00f3n de CARICOM"},"content":{"rendered":"\n<p>Previo al encuentro de Estado, se re\u00fane con la di\u00e1spora quienes valoran que por primera vez un presidente dominicano se re\u00fane con ellos y los escucha.<\/p>\n\n\n\n<p>Por Wilson Perez<\/p>\n\n\n\n<p><strong>Santo Domingo.-<\/strong> El presidente Luis Abinader arrib\u00f3 a las 11:10 de la ma\u00f1ana de este jueves a Nassau, Bahamas, donde participar\u00e1 de la reuni\u00f3n de los pa\u00edses de la Comunidad del Caribe (CARICOM) a la cual asistir\u00e1 la vicepresidenta de Estados Unidos, Kamala Harris.<\/p>\n\n\n\n<p>Antes de participar en la reuni\u00f3n del CARICOM, el mandatario sostuvo una reuni\u00f3n con la di\u00e1spora dominicana quienes laboran como alba\u00f1iles, carpinteros, empresarios, mec\u00e1nicos, maestros constructores, estilistas de belleza y profesionales de distintas ramas que residen en Bahamas, algunos desde hace m\u00e1s de a\u00f1os.<\/p>\n\n\n\n<p>Al dirigirse a sus compatriotas, el jefe de Estado dijo que ellos llenan de orgullo al pa\u00eds y los exhort\u00f3 a mantener un buen comportamiento, poner en alto nombre de Rep\u00fablica Dominicana y no olvidarse de su tierra.<\/p>\n\n\n\n<p>Destac\u00f3 la necesidad de tener una representaci\u00f3n formal, primero con un consulado y luego una embajada, de la Rep\u00fablica Dominicana dada la cantidad de dominicanos residentes aqu\u00ed y las importantes relaciones comerciales que pueden tener mayor volumen de intercambio.<\/p>\n\n\n\n<p>En ese sentido manifest\u00f3 que se trabajar\u00e1 para contar m\u00e1s y frecuentes vuelos entre los dos territorios para el transporte de pasajeros y carga y con ello aumentar el comercio bilateral.<\/p>\n\n\n\n<p>\u201cUstedes se merecen esa representaci\u00f3n y tambi\u00e9n las Bahamas dada la importancia estrat\u00e9gica y geogr\u00e1fica, por ello vamos a movernos los m\u00e1s r\u00e1pido posible\u201d, dijo el mandatario.<\/p>\n\n\n\n<p>Anunci\u00f3 que buscar\u00e1 con el viceministro de asuntos consulares de la Canciller\u00eda la disminuci\u00f3n del tiempo para que los criollos en este territorio reciban sus pasaportes.<\/p>\n\n\n\n<p>Los dominicanos aprovecharon para solicitar la instalaci\u00f3n aqu\u00ed de una oficina de la Junta C n\u00fatrala Electoral (JCE).<\/p>\n\n\n\n<p>El presidente Abinader aprovech\u00f3 para recordarle que el tema electoral no es asunto del gobierno sino del ente responsable de los comicios y que tiene que ser aprobado por todos los partidos pol\u00edticos porque debe ser algo de consenso.<\/p>\n\n\n\n<p>En el encuentro, los quisqueyanos resaltaron y valoraron que el presidente Abinader se reuniera con ellos para escucharlos y aprovecharon para fotografiarse junto al gobernante dominicano.<\/p>\n\n\n\n<p>En el encuentro con la di\u00e1spora participaron en l canciller, Roberto \u00c1lvarez; el ministro de Hacienda, Jochi Vicente; la embajadora Angie Shakira Mart\u00ednez; y el presidente de la Asociaci\u00f3n de Dominicanos Residentes en Bahamas.<\/p>\n\n\n\n<p>Reuni\u00f3n CARICOM<\/p>\n\n\n\n<p>En la reuni\u00f3n de CARICOM, continuidad de la reuni\u00f3n celebrada el a\u00f1o pasado en Los \u00c1ngeles, Estados Unidos, ser\u00e1n debatidos varios temas relacionados con la regi\u00f3n del Caribe.<\/p>\n\n\n\n<p>Aunque Rep\u00fablica Dominicana no es miembro del CARICOM, ha sido invitada, como ocurri\u00f3 en la pasada oportunidad, dada la importancia de nuestro pa\u00eds en el Caribe, as\u00ed como de los temas que son tratados.<\/p>\n\n\n\n<p>El mandatario dominicano viaj\u00f3 acompa\u00f1ado, adem\u00e1s de los ministros \u00c1lvarez, Vicente, con el general Jimmy Arias Grull\u00f3n, jefe del Cuerpo de Seguridad Presidencial (Cusep); sus asistentes Eilyn Beltr\u00e1n y Mercedes Pichardo.<\/p>\n\n\n\n<p>El regreso del presidente al pa\u00eds est\u00e1 pautado este mismo jueves en horas de la tarde noche.<\/p>\n","protected":false},"excerpt":{"rendered":"<p>Previo al encuentro de Estado, se re\u00fane con la di\u00e1spora quienes valoran que por primera vez un presidente dominicano se re\u00fane con ellos y los escucha. Por Wilson Perez Santo&hellip;<\/p>\n","protected":false},"author":1,"featured_media":52271,"comment_status":"open","ping_status":"open","sticky":false,"template":"","format":"standard","meta":{"content-type":"","jetpack_post_was_ever_published":false,"_jetpack_newsletter_access":"","_jetpack_dont_email_post_to_subs":false,"_jetpack_newsletter_tier_id":0,"_jetpack_memberships_contains_paywalled_content":false,"_jetpack_memberships_contains_paid_content":false,"footnotes":""},"categories":[35,25],"tags":[3267,3195,67,576],"class_list":["post-52270","post","type-post","status-publish","format-standard","has-post-thumbnail","hentry","category-nacionales","category-portada","tag-bahamas","tag-caricom","tag-luis-abinader","tag-reunion"],"jetpack_featured_media_url":"","jetpack-related-posts":[{"id":52297,"url":"https:\/\/lasprimeras.com.do\/index.php\/2023\/06\/08\/concluye-reunion-caricom-eu-se-abordaron-temas-de-financiamientos-energia-haiti-y-seguridad-alimentaria\/","url_meta":{"origin":52270,"position":0},"title":"Concluye Reuni\u00f3n CARICOM-EU: se abordaron temas de financiamientos, energ\u00eda, Hait\u00ed y seguridad alimentaria","author":"prenxa100","date":"8 de junio de 2023","format":false,"excerpt":"Presidente Luis Abinader regresa esta noche luego de su participaci\u00f3n en el evento. Por Wilson P\u00e9rez El presidente Luis Abinader concluy\u00f3 esta noche su participaci\u00f3n en la reuni\u00f3n con los miembros de la Comunidad del Caribe (CARICOM) donde se trataron temas sobre los accesos a financiamientos internacionales (Banco Mundial, FMI,\u2026","rel":"","context":"En \u00abECONOM\u00cdA\u00bb","block_context":{"text":"ECONOM\u00cdA","link":"https:\/\/lasprimeras.com.do\/index.php\/category\/economia\/"},"img":{"alt_text":"","src":"","width":0,"height":0},"classes":[]},{"id":52198,"url":"https:\/\/lasprimeras.com.do\/index.php\/2023\/06\/07\/abinader-asistira-a-reunion-de-caricom-donde-participara-vicepresidenta-de-eu\/","url_meta":{"origin":52270,"position":1},"title":"Abinader asistir\u00e1 a reuni\u00f3n de CARICOM donde participar\u00e1 vicepresidenta de EU","author":"prenxa100","date":"7 de junio de 2023","format":false,"excerpt":"Mandatario sale este jueves en la ma\u00f1ana y regresa en la tarde. Por Wilson P\u00e9rez El presidente Luis Abinader participar\u00e1 este jueves en una reuni\u00f3n de los pa\u00edses de la Comunidad del Caribe (CARICOM), donde asistir\u00e1 la vicepresidenta de Estados Unidos Kamala Harris. La reuni\u00f3n tendr\u00e1 lugar en Nassau Bahamas,\u2026","rel":"","context":"En \u00abNACIONALES\u00bb","block_context":{"text":"NACIONALES","link":"https:\/\/lasprimeras.com.do\/index.php\/category\/nacionales\/"},"img":{"alt_text":"","src":"","width":0,"height":0},"classes":[]},{"id":51491,"url":"https:\/\/lasprimeras.com.do\/index.php\/2023\/05\/31\/presidente-abinader-comitiva-oficial-y-empresarial-realizan-este-jueves-historico-viaje-a-guyana\/","url_meta":{"origin":52270,"position":2},"title":"Presidente Abinader, comitiva oficial y empresarial realizan este jueves hist\u00f3rico viaje a Guyana","author":"prenxa100","date":"31 de mayo de 2023","format":false,"excerpt":"Ambos pa\u00edses inician relaciones diplom\u00e1ticas y comerciales con muchas expectativas. Por Wilson P\u00e9rez Santo Domingo.- El presidente Luis Abinader, junto a una comitiva oficial y empresarial realizar\u00e1n este jueves un hist\u00f3rico viaje a La Rep\u00fablica Cooperativa de Guyana para agotar una agenda de trabajo que incluye reuniones bilaterales, inauguraci\u00f3n de\u2026","rel":"","context":"En \u00abNACIONALES\u00bb","block_context":{"text":"NACIONALES","link":"https:\/\/lasprimeras.com.do\/index.php\/category\/nacionales\/"},"img":{"alt_text":"","src":"","width":0,"height":0},"classes":[]},{"id":101154,"url":"https:\/\/lasprimeras.com.do\/index.php\/2025\/06\/17\/abinader-presenta-en-la-semanal-los-reconocimientos-reuniones-y-acuerdos-durante-su-viaje-a-francia-suiza-y-brasil\/","url_meta":{"origin":52270,"position":3},"title":"Abinader presenta en LA Semanal los reconocimientos, reuniones y acuerdos durante su viaje a Francia, Suiza y Brasil","author":"Nelson Feliz","date":"17 de junio de 2025","format":false,"excerpt":"Abinader reiter\u00f3 la necesidad de dar respuesta global y urgente para salvar los oc\u00e9anos, a prop\u00f3sito de la proliferaci\u00f3n del sargazo en el Caribe El presidente Luis Abinader retom\u00f3 este lunes el encuentro LA Semanal con la Prensa tras concluir el pasado s\u00e1bado su viaje por Francia, Suiza y Brasil,\u2026","rel":"","context":"En \u00abNACIONALES\u00bb","block_context":{"text":"NACIONALES","link":"https:\/\/lasprimeras.com.do\/index.php\/category\/nacionales\/"},"img":{"alt_text":"Luis Abinader","src":"https:\/\/i0.wp.com\/lasprimeras.com.do\/wp-content\/uploads\/2025\/06\/Luis-Abinader-8.jpg?resize=350%2C200&ssl=1","width":350,"height":200,"srcset":"https:\/\/i0.wp.com\/lasprimeras.com.do\/wp-content\/uploads\/2025\/06\/Luis-Abinader-8.jpg?resize=350%2C200&ssl=1 1x, https:\/\/i0.wp.com\/lasprimeras.com.do\/wp-content\/uploads\/2025\/06\/Luis-Abinader-8.jpg?resize=525%2C300&ssl=1 1.5x, https:\/\/i0.wp.com\/lasprimeras.com.do\/wp-content\/uploads\/2025\/06\/Luis-Abinader-8.jpg?resize=700%2C400&ssl=1 2x"},"classes":[]},{"id":86871,"url":"https:\/\/lasprimeras.com.do\/index.php\/2024\/08\/02\/caricom-celebrara-en-barbados-su-48-cumbre-de-mandatarios\/","url_meta":{"origin":52270,"position":4},"title":"Caricom celebrar\u00e1 en Barbados su 48 cumbre de mandatarios","author":"Nelson Feliz","date":"2 de agosto de 2024","format":false,"excerpt":"Saint George\u00b4s,(Prensa Latina) La Comunidad del Caribe (Caricom) acord\u00f3 celebrar el a\u00f1o pr\u00f3ximo en Barbados la 48 reuni\u00f3n ordinaria de sus jefes de Gobierno para revisar lo acordado para acelerar el trabajo del grupo, constat\u00f3 hoy un texto oficial. Seg\u00fan el comunicado de la 47 cumbre celebrada en Granada, los\u2026","rel":"","context":"En \u00abSin categor\u00eda\u00bb","block_context":{"text":"Sin categor\u00eda","link":"https:\/\/lasprimeras.com.do\/index.php\/category\/sin-categoria\/"},"img":{"alt_text":"","src":"https:\/\/i0.wp.com\/lasprimeras.com.do\/wp-content\/uploads\/2024\/08\/Varias-actividades-anteceden-a-cumbre-de-Caricom-en-Granada-1.jpg?resize=350%2C200&ssl=1","width":350,"height":200,"srcset":"https:\/\/i0.wp.com\/lasprimeras.com.do\/wp-content\/uploads\/2024\/08\/Varias-actividades-anteceden-a-cumbre-de-Caricom-en-Granada-1.jpg?resize=350%2C200&ssl=1 1x, https:\/\/i0.wp.com\/lasprimeras.com.do\/wp-content\/uploads\/2024\/08\/Varias-actividades-anteceden-a-cumbre-de-Caricom-en-Granada-1.jpg?resize=525%2C300&ssl=1 1.5x, https:\/\/i0.wp.com\/lasprimeras.com.do\/wp-content\/uploads\/2024\/08\/Varias-actividades-anteceden-a-cumbre-de-Caricom-en-Granada-1.jpg?resize=700%2C400&ssl=1 2x"},"classes":[]},{"id":51892,"url":"https:\/\/lasprimeras.com.do\/index.php\/2023\/06\/04\/rd-designa-su-primera-embajadora-en-las-bahamas-angie-martinez\/","url_meta":{"origin":52270,"position":5},"title":"RD designa su primera embajadora en Las Bahamas, Angie Mart\u00ednez","author":"prenxa100","date":"4 de junio de 2023","format":false,"excerpt":"El primer ministro bahame\u00f1o agradeci\u00f3 la ayuda dominicana al extraer su personal diplom\u00e1tico de Hait\u00ed y declar\u00f3 ser un gran amigo de la Rep\u00fablica Dominicana. La embajadora de carrera del Ministerio de Relaciones Exteriores, Angie Mart\u00ednez, present\u00f3 oficialmente sus cartas credenciales al gobernador de Las Bahamas, Cornelius Alvin Smith, representante\u2026","rel":"","context":"En \u00abNACIONALES\u00bb","block_context":{"text":"NACIONALES","link":"https:\/\/lasprimeras.com.do\/index.php\/category\/nacionales\/"},"img":{"alt_text":"","src":"","width":0,"height":0},"classes":[]}],"jetpack_sharing_enabled":true,"_links":{"self":[{"href":"https:\/\/lasprimeras.com.do\/index.php\/wp-json\/wp\/v2\/posts\/52270","targetHints":{"allow":["GET"]}}],"collection":[{"href":"https:\/\/lasprimeras.com.do\/index.php\/wp-json\/wp\/v2\/posts"}],"about":[{"href":"https:\/\/lasprimeras.com.do\/index.php\/wp-json\/wp\/v2\/types\/post"}],"author":[{"embeddable":true,"href":"https:\/\/lasprimeras.com.do\/index.php\/wp-json\/wp\/v2\/users\/1"}],"replies":[{"embeddable":true,"href":"https:\/\/lasprimeras.com.do\/index.php\/wp-json\/wp\/v2\/comments?post=52270"}],"version-history":[{"count":0,"href":"https:\/\/lasprimeras.com.do\/index.php\/wp-json\/wp\/v2\/posts\/52270\/revisions"}],"wp:featuredmedia":[{"embeddable":true,"href":"https:\/\/lasprimeras.com.do\/index.php\/wp-json\/"}],"wp:attachment":[{"href":"https:\/\/lasprimeras.com.do\/index.php\/wp-json\/wp\/v2\/media?parent=52270"}],"wp:term":[{"taxonomy":"category","embeddable":true,"href":"https:\/\/lasprimeras.com.do\/index.php\/wp-json\/wp\/v2\/categories?post=52270"},{"taxonomy":"post_tag","embeddable":true,"href":"https:\/\/lasprimeras.com.do\/index.php\/wp-json\/wp\/v2\/tags?post=52270"}],"curies":[{"name":"wp","href":"https:\/\/api.w.org\/{rel}","templated":true}]}}