{"id":52288,"date":"2023-06-08T18:51:07","date_gmt":"2023-06-08T22:51:07","guid":{"rendered":"https:\/\/atento.com.do\/?p=52288"},"modified":"2023-06-08T18:51:07","modified_gmt":"2023-06-08T22:51:07","slug":"el-prm-no-esta-fuerte-simplemente-la-oposicion-es-debil","status":"publish","type":"post","link":"https:\/\/lasprimeras.com.do\/index.php\/2023\/06\/08\/el-prm-no-esta-fuerte-simplemente-la-oposicion-es-debil\/","title":{"rendered":"El PRM no est\u00e1 fuerte, simplemente la oposici\u00f3n es d\u00e9bil"},"content":{"rendered":"\n<p>Danilo Cruz Pichardo<\/p>\n\n\n\n<p>Es evidente que los procesos judiciales contra la corrupci\u00f3n, implementados por el Ministerio P\u00fablico, han terminado favoreciendo al Partido Revolucionario Moderno y han afectado, sobre todo, al Partido de la Liberaci\u00f3n Dominicana y, en menor medida, a la Fuerza del Pueblo, que preside el doctor Leonel Fern\u00e1ndez.<\/p>\n\n\n\n<p>Son las propias encuestas que revelan que los electores mayoritariamente se identifican con el combate a las irregularidades y el robo de los recursos estatales.<\/p>\n\n\n\n<p>Desde que iniciaron los casos anticorrupci\u00f3n la imagen del PLD ha estado cada vez m\u00e1s da\u00f1ada. Nada afecta m\u00e1s a una organizaci\u00f3n pol\u00edtica y a su liderazgo que permanecer m\u00e1s de dos a\u00f1os a la defensiva, una especie de \u201ctiro mortal\u201d a una entidad que, desde que pasaron las elecciones de 2020, no ha tenido respuesta para detener la hemorragia o salida masiva de sus militantes hacia la Fuerza del Pueblo.<\/p>\n\n\n\n<p>En principio la Fuerza del Pueblo era la \u00fanica beneficiaria del desangramiento del PLD, pero Leonel Fern\u00e1ndez no pudo, pese a que era su objetivo, lograr la mudanza completa.<\/p>\n\n\n\n<p>Fern\u00e1ndez a lo que lleg\u00f3 fue a convertirse en la segunda opci\u00f3n electoral y su aprobaci\u00f3n ha estado oscilando entre un 25 a un 34%, que hasta el momento, ese \u00faltimo n\u00famero, ha sido tu techo.<\/p>\n\n\n\n<p>Hubo un momento en que se pens\u00f3 que la Fuerza del Pueblo para esta fecha estar\u00eda mejor posicionada, pero el discurso del doctor Fern\u00e1ndez apenas se limita al tema del alza del costo de los productos de la canasta familiar. No se atreve, para nada, hablar de corrupci\u00f3n p\u00fablica, un terreno que parece que no le conviene, porque los propios dominicanos encuestados consideran que en los gobiernos del PLD, de los cuales Leonel fue presidente durante tres per\u00edodos (12 a\u00f1os), fueron mucho m\u00e1s corruptos que el presente del PRM.<\/p>\n\n\n\n<p>Al doctor Leonel Fern\u00e1ndez se le percibe como aspirante presidencial de excelente formaci\u00f3n acad\u00e9mica, pero vulnerable en t\u00e9rmino moral.<\/p>\n\n\n\n<p>Adem\u00e1s, no ha sabido reciclarse como hizo Joaqu\u00edn Balaguer para la contienda comicial de 1986, que se rode\u00f3 de j\u00f3venes de rostros frescos, de reciente ingreso al Partido Reformista (convertido en social cristiano), los cuales se apostaban todas las noches en la Avenida Georges Washington, es decir, en el malec\u00f3n capitalino. Entre esos muchachos estuvieron Ito Bison\u00f3 y Min\u00fa Torres.<\/p>\n\n\n\n<p>Balaguer ech\u00f3 a un lado a todos los militares criminales de los doce a\u00f1os, inclusive a los propios antiguos funcionarios de la administraci\u00f3n p\u00fablica. Todav\u00eda Fern\u00e1ndez tiene espacio para emular esa estrategia balaguerista, pero el tiempo avanza y a diario se le observa rodeado de un grupo de dinosaurios pol\u00edticos, personas que les pas\u00f3 su tiempo y de alto rechazo en la poblaci\u00f3n.<\/p>\n\n\n\n<p>En la Fuerza del Pueblo no se ha registrado la primera juramentaci\u00f3n masiva de j\u00f3venes de ambos sexos, sobre todo de nuevos votantes, acontecimiento contagioso, que estimula a los dem\u00e1s muchachos a inscribirse en esa organizaci\u00f3n.<\/p>\n\n\n\n<p>La Fuerza del Pueblo simplemente es nueva de nombre, pero est\u00e1 integrada por personas de muchas millas en la pol\u00edtica nacional.<\/p>\n\n\n\n<p>Sin embargo, faltando 11 meses para los comicios presidenciales, ser\u00eda riesgoso emitir hip\u00f3tesis tajantes. <\/p>\n\n\n\n<p>La experiencia indica que Leonel Fern\u00e1ndez se convierte en un gladiador en el tramo de campa\u00f1a electoral, tiene el respaldo de sectores poderosos de la oligarqu\u00eda dominicana y tambi\u00e9n de militares activos y en retiro, por lo que habr\u00eda que esperar la forma en que evolucionan los acontecimientos y, como si se tratara de un juego de ajedrez, ver las fichas que mueve cada candidato presidencial.<\/p>\n\n\n\n<p>La situaci\u00f3n de Abel Mart\u00ednez es mucho m\u00e1s desfavorable, a pesar de que el PLD tiene estructura en toda la geograf\u00eda nacional, pero es una estructura que se reduce cada d\u00eda con la compra de sus alcaldes, de sus regidores, de sus diputados y sus dirigentes que se ofertan en subastas p\u00fablicas en todo el pa\u00eds. Eso s\u00ed, los dirigentes del PLD pueden dar c\u00e1tedras pol\u00edticas a los del PRM, pues los militantes del hoy opositor partido se venden al contado. No f\u00edan.<\/p>\n\n\n\n<p>El PLD luce moralmente vapuleado y algunos, en ese partido, podr\u00edan plantearle a Abel Mart\u00ednez que renuncie a esa candidatura y se la deje a Temo o a Lidio Cadet, pues para perder no hay necesariamente que sacar muchos votos. No se trata de que Abel sea mal candidato, no.<\/p>\n\n\n\n<p>\u00c9l es un bonitillo, un aspecto que atrae a muchas electoras, el problema es que la imagen p\u00fablica de esa organizaci\u00f3n est\u00e1 en el suelo y revertir esa situaci\u00f3n (si es que se logra en el futuro) podr\u00eda tomarse tiempo.<\/p>\n\n\n\n<p>Los aspirantes presidenciales en ocasiones tienen que presentarse en varias oportunidades, mientras alcanzan una mayor proyecci\u00f3n. Lula, en Brasil, lleg\u00f3 a la presidencia de ese pa\u00eds, como candidato del Partido de los Trabajadores, en su cuarta presentaci\u00f3n.<\/p>\n\n\n\n<p>Abel podr\u00eda esperar, aunque vaticinar el futuro de \u00e9l o de cualquier otro aspirante no resulta f\u00e1cil, m\u00e1xime ante el dato, filtrado ya, en el sentido de que Danilo Medina e Hip\u00f3lito Maj\u00eda tienen un acuerdo de reforma constitucional, una vez pasen las elecciones, para habilitar al presidente del PLD, que se dice es el due\u00f1o de esa reducida franquicia.<\/p>\n\n\n\n<p>Aunque de aqu\u00ed a mayo de 2024 podr\u00edan ocurrir muchas cosas, las encuestas vienen expresando que las posibilidades de segunda vuelta se reducen cada vez m\u00e1s, se esfuman podr\u00eda decirse.<\/p>\n\n\n\n<p>Parece que la competencia del PRM ser\u00eda con el doctor Leonel Fern\u00e1ndez, un hombre que, pese a las adversidades evidentes, tiene agallas y siempre es peligroso.<\/p>\n\n\n\n<p>Al momento luce calmado, pero transmitiendo mucha seguridad a sus seguidores. Nada se descarta. Los que piensan que Fern\u00e1ndez se quedar\u00eda en un 25% est\u00e1n perdidos. En el escenario m\u00e1s desfavorable, pienso yo, se alzar\u00eda con un 37 o 38%.<\/p>\n\n\n\n<p>De quien se espera hacer un papel pobre, muy pobre, es del PLD, por la sencilla raz\u00f3n de que los dominicanos no votan para quedar en tercer lugar.<\/p>\n\n\n\n<p>El grueso de las contiendas comiciales anteriores sostiene esa tesis. Un buen porcentaje, de lo que queda de la militancia del PLD, se ir\u00eda una parte con Leonel y otra con el PRM. El PLD podr\u00eda quedarse finalmente \u2013no se sorprenda con lo que voy a expresar&#8211;: con un nueve o diez por ciento.<\/p>\n\n\n\n<p>El PRM se ha beneficiado de la lucha contra la corrupci\u00f3n del Ministerio P\u00fablico, se le percibe como menos corrupto que al PLD y la Fuerza del Pueblo, una evidente y favorable comparaci\u00f3n con el pasado. Oferta, en ese sentido, una mejor percepci\u00f3n en materia de imagen. Adem\u00e1s, dispone del Presupuesto de la Naci\u00f3n.<\/p>\n\n\n\n<p>Sin embargo, esos indicadores, necesariamente, no hacen al PRM fuerte, porque no funciona como partido pol\u00edtico, sus dirigentes y militantes deambulan desempleados, sus organismos no se re\u00fanen, ni siquiera su Comisi\u00f3n Ejecutiva. Lo que est\u00e1 pasando, en estos momentos, es que los partidos de oposici\u00f3n lucen d\u00e9biles, muy d\u00e9biles.<\/p>\n","protected":false},"excerpt":{"rendered":"<p>Danilo Cruz Pichardo Es evidente que los procesos judiciales contra la corrupci\u00f3n, implementados por el Ministerio P\u00fablico, han terminado favoreciendo al Partido Revolucionario Moderno y han afectado, sobre todo, al&hellip;<\/p>\n","protected":false},"author":1,"featured_media":44003,"comment_status":"open","ping_status":"open","sticky":false,"template":"","format":"standard","meta":{"content-type":"","jetpack_post_was_ever_published":false,"_jetpack_newsletter_access":"","_jetpack_dont_email_post_to_subs":false,"_jetpack_newsletter_tier_id":0,"_jetpack_memberships_contains_paywalled_content":false,"_jetpack_memberships_contains_paid_content":false,"footnotes":""},"categories":[95],"tags":[3286,3287],"class_list":["post-52288","post","type-post","status-publish","format-standard","has-post-thumbnail","hentry","category-opinion","tag-el-prm-no-esta-fuerte","tag-simplemente-la-oposicion-es-debil"],"jetpack_featured_media_url":"","jetpack-related-posts":[{"id":54591,"url":"https:\/\/lasprimeras.com.do\/index.php\/2023\/07\/12\/melanio-paredes-acuso-al-prm-de-caza-oposicion\/","url_meta":{"origin":52288,"position":0},"title":"Melanio Paredes acus\u00f3 al PRM de caza oposici\u00f3n","author":"Nelson Feliz","date":"12 de julio de 2023","format":false,"excerpt":"El miembro del Comit\u00e9 Pol\u00edtico del Partido de la Liberaci\u00f3n Dominicana, Melanio Paredes, declar\u00f3 que el gobierno del PRM, est\u00e1 a la caza los dirigentes de la oposici\u00f3n. El dirigente pelede\u00edsta, manifest\u00f3 que la persecuci\u00f3n desatada por el oficialismo contra el PLD, puso a esa organizaci\u00f3n en una posici\u00f3n de\u2026","rel":"","context":"En \u00abPORTADA\u00bb","block_context":{"text":"PORTADA","link":"https:\/\/lasprimeras.com.do\/index.php\/category\/portada\/"},"img":{"alt_text":"Melanio Paredes","src":"https:\/\/i0.wp.com\/lasprimeras.com.do\/wp-content\/uploads\/2023\/07\/Melanio-Paredes-10.jpeg?resize=350%2C200&ssl=1","width":350,"height":200,"srcset":"https:\/\/i0.wp.com\/lasprimeras.com.do\/wp-content\/uploads\/2023\/07\/Melanio-Paredes-10.jpeg?resize=350%2C200&ssl=1 1x, https:\/\/i0.wp.com\/lasprimeras.com.do\/wp-content\/uploads\/2023\/07\/Melanio-Paredes-10.jpeg?resize=525%2C300&ssl=1 1.5x, https:\/\/i0.wp.com\/lasprimeras.com.do\/wp-content\/uploads\/2023\/07\/Melanio-Paredes-10.jpeg?resize=700%2C400&ssl=1 2x"},"classes":[]},{"id":107509,"url":"https:\/\/lasprimeras.com.do\/index.php\/2025\/08\/27\/antonio-marte-ve-dificil-que-el-prm-retenga-el-poder-si-omar-fernandez-es-candidato-presidencial\/","url_meta":{"origin":52288,"position":1},"title":"Antonio Marte ve dif\u00edcil que el PRM retenga el poder si Omar Fern\u00e1ndez es candidato presidencial","author":"Nelson Feliz","date":"27 de agosto de 2025","format":false,"excerpt":"El senador y aliado al partido de gobierno tambi\u00e9n reconoci\u00f3 que en el PRM hay buenos candidatos y resalt\u00f3 a Carolina Mej\u00eda y la vicepresidenta Raquel Pe\u00f1a. El senador y presidente del Partido Primero la Gente (PPG), Antonio Marte, plante\u00f3 este mi\u00e9rcoles que si Omar Fern\u00e1ndez es el candidato presidencial\u2026","rel":"","context":"En \u00abPOLITICA\u00bb","block_context":{"text":"POLITICA","link":"https:\/\/lasprimeras.com.do\/index.php\/category\/politica\/"},"img":{"alt_text":"","src":"https:\/\/i0.wp.com\/lasprimeras.com.do\/wp-content\/uploads\/2025\/08\/Antonio-Marte.jpg?resize=350%2C200&ssl=1","width":350,"height":200,"srcset":"https:\/\/i0.wp.com\/lasprimeras.com.do\/wp-content\/uploads\/2025\/08\/Antonio-Marte.jpg?resize=350%2C200&ssl=1 1x, https:\/\/i0.wp.com\/lasprimeras.com.do\/wp-content\/uploads\/2025\/08\/Antonio-Marte.jpg?resize=525%2C300&ssl=1 1.5x, https:\/\/i0.wp.com\/lasprimeras.com.do\/wp-content\/uploads\/2025\/08\/Antonio-Marte.jpg?resize=700%2C400&ssl=1 2x"},"classes":[]},{"id":105102,"url":"https:\/\/lasprimeras.com.do\/index.php\/2025\/07\/30\/johnny-pujols-advierte-sobre-riesgos-para-la-democracia-y-senala-errores-del-prm\/","url_meta":{"origin":52288,"position":2},"title":"Johnny Pujols advierte sobre riesgos para la democracia y se\u00f1ala errores del PRM","author":"Nelson Feliz","date":"30 de julio de 2025","format":false,"excerpt":"\u201cLa Rep\u00fablica Dominicana tiene un sistema de partidos fuerte que debemos cuidar como un tesoro, pues de ello depende la estabilidad pol\u00edtica y social del pa\u00eds\u201d, sostuvo Johnny Pujols, Sec Gral. del PLD. El Secretario General del Partido de la Liberaci\u00f3n Dominicana (PLD), Johnny Pujols, afirm\u00f3 que es vital preservar\u2026","rel":"","context":"En \u00abPOLITICA\u00bb","block_context":{"text":"POLITICA","link":"https:\/\/lasprimeras.com.do\/index.php\/category\/politica\/"},"img":{"alt_text":"Johnny Pujols","src":"https:\/\/i0.wp.com\/lasprimeras.com.do\/wp-content\/uploads\/2025\/07\/Johnny-Pujols-2.jpg?resize=350%2C200&ssl=1","width":350,"height":200,"srcset":"https:\/\/i0.wp.com\/lasprimeras.com.do\/wp-content\/uploads\/2025\/07\/Johnny-Pujols-2.jpg?resize=350%2C200&ssl=1 1x, https:\/\/i0.wp.com\/lasprimeras.com.do\/wp-content\/uploads\/2025\/07\/Johnny-Pujols-2.jpg?resize=525%2C300&ssl=1 1.5x, https:\/\/i0.wp.com\/lasprimeras.com.do\/wp-content\/uploads\/2025\/07\/Johnny-Pujols-2.jpg?resize=700%2C400&ssl=1 2x"},"classes":[]},{"id":74493,"url":"https:\/\/lasprimeras.com.do\/index.php\/2024\/01\/23\/paliza-dice-prm-ganaria-el-70-alcaldias-en-elecciones-de-febrero\/","url_meta":{"origin":52288,"position":3},"title":"Paliza dice PRM ganar\u00eda el 70 % alcald\u00edas en elecciones de febrero","author":"BIMARY DE JES\u00daS Matos","date":"23 de enero de 2024","format":false,"excerpt":"SANTO DOMINGO. \u2013 El presidente del Partido Revolucionario Moderno (PRM) Jos\u00e9 Ignacio Paliza, dijo este martes que el PRM ganar\u00eda el 70 por ciento de las alcald\u00edas del pa\u00eds y tras la contundente victoria en las elecciones de febrero, la oposici\u00f3n busca tejer otra alianza de fracaso con grandes debilidades.\u2026","rel":"","context":"En \u00abSin categor\u00eda\u00bb","block_context":{"text":"Sin categor\u00eda","link":"https:\/\/lasprimeras.com.do\/index.php\/category\/sin-categoria\/"},"img":{"alt_text":"","src":"https:\/\/i0.wp.com\/lasprimeras.com.do\/wp-content\/uploads\/2024\/01\/WhatsApp-Image-2024-01-22-at-9.27.36-AM-2.jpg?resize=350%2C200&ssl=1","width":350,"height":200,"srcset":"https:\/\/i0.wp.com\/lasprimeras.com.do\/wp-content\/uploads\/2024\/01\/WhatsApp-Image-2024-01-22-at-9.27.36-AM-2.jpg?resize=350%2C200&ssl=1 1x, https:\/\/i0.wp.com\/lasprimeras.com.do\/wp-content\/uploads\/2024\/01\/WhatsApp-Image-2024-01-22-at-9.27.36-AM-2.jpg?resize=525%2C300&ssl=1 1.5x"},"classes":[]},{"id":74057,"url":"https:\/\/lasprimeras.com.do\/index.php\/2024\/01\/18\/prm-asegura-ganara-el-70-75-de-las-alcaldias-dicen-denuncias-de-la-oposicion-son-gritos-desesperados\/","url_meta":{"origin":52288,"position":4},"title":"PRM asegura ganar\u00e1 el 70-75% de las alcald\u00edas; dicen denuncias de la oposici\u00f3n son &#8220;gritos desesperados&#8221;","author":"Nelson Feliz","date":"18 de enero de 2024","format":false,"excerpt":"Partido de Gobierno saldr\u00e1 a las calles este fin de semana. Luego de que distintos partidos de la oposici\u00f3n denunciaran a trav\u00e9s de distintas v\u00edas que el Poder Ejecutivo ha estado utilizando recursos econ\u00f3micos del Estado para beneficios de los candidatos municipales del Partido Revolucionario Moderno (PRM). El miembro de\u2026","rel":"","context":"En \u00abPORTADA\u00bb","block_context":{"text":"PORTADA","link":"https:\/\/lasprimeras.com.do\/index.php\/category\/portada\/"},"img":{"alt_text":"Los miembros de la direcci\u00f3n ejecutiva del PRM aseguraron que tendr\u00e1n una victoria aplastante en las elecciones de febreroGLAUCO MOQUETE \/ LD","src":"https:\/\/i0.wp.com\/lasprimeras.com.do\/wp-content\/uploads\/2024\/01\/PRM-1.jpeg?resize=350%2C200&ssl=1","width":350,"height":200,"srcset":"https:\/\/i0.wp.com\/lasprimeras.com.do\/wp-content\/uploads\/2024\/01\/PRM-1.jpeg?resize=350%2C200&ssl=1 1x, https:\/\/i0.wp.com\/lasprimeras.com.do\/wp-content\/uploads\/2024\/01\/PRM-1.jpeg?resize=525%2C300&ssl=1 1.5x, https:\/\/i0.wp.com\/lasprimeras.com.do\/wp-content\/uploads\/2024\/01\/PRM-1.jpeg?resize=700%2C400&ssl=1 2x"},"classes":[]},{"id":69840,"url":"https:\/\/lasprimeras.com.do\/index.php\/2023\/12\/06\/la-oposicion-necesita-un-toque-femenino-para-campana-de-2024\/","url_meta":{"origin":52288,"position":5},"title":"La oposici\u00f3n necesita \u201cun toque\u201d femenino para campa\u00f1a de 2024","author":"BIMARY DE JES\u00daS Matos","date":"6 de diciembre de 2023","format":false,"excerpt":"RD.-El PRM y el Gobierno cuentan con figuras de alto impacto como la vice y primera dama que tienen roles en campa\u00f1a AA la oposici\u00f3n pol\u00edtica, especialmente al proyecto de Leonel Fern\u00e1ndez y la Fuerza del Pueblo (FP), le faltan recursos femeninos para competir en ese rengl\u00f3n con el presidente\u2026","rel":"","context":"En \u00abSin categor\u00eda\u00bb","block_context":{"text":"Sin categor\u00eda","link":"https:\/\/lasprimeras.com.do\/index.php\/category\/sin-categoria\/"},"img":{"alt_text":"","src":"https:\/\/i0.wp.com\/lasprimeras.com.do\/wp-content\/uploads\/2023\/12\/WhatsApp-Image-2023-12-04-at-12.35.37-PM-11.jpeg?resize=350%2C200&ssl=1","width":350,"height":200,"srcset":"https:\/\/i0.wp.com\/lasprimeras.com.do\/wp-content\/uploads\/2023\/12\/WhatsApp-Image-2023-12-04-at-12.35.37-PM-11.jpeg?resize=350%2C200&ssl=1 1x, https:\/\/i0.wp.com\/lasprimeras.com.do\/wp-content\/uploads\/2023\/12\/WhatsApp-Image-2023-12-04-at-12.35.37-PM-11.jpeg?resize=525%2C300&ssl=1 1.5x"},"classes":[]}],"jetpack_sharing_enabled":true,"_links":{"self":[{"href":"https:\/\/lasprimeras.com.do\/index.php\/wp-json\/wp\/v2\/posts\/52288","targetHints":{"allow":["GET"]}}],"collection":[{"href":"https:\/\/lasprimeras.com.do\/index.php\/wp-json\/wp\/v2\/posts"}],"about":[{"href":"https:\/\/lasprimeras.com.do\/index.php\/wp-json\/wp\/v2\/types\/post"}],"author":[{"embeddable":true,"href":"https:\/\/lasprimeras.com.do\/index.php\/wp-json\/wp\/v2\/users\/1"}],"replies":[{"embeddable":true,"href":"https:\/\/lasprimeras.com.do\/index.php\/wp-json\/wp\/v2\/comments?post=52288"}],"version-history":[{"count":0,"href":"https:\/\/lasprimeras.com.do\/index.php\/wp-json\/wp\/v2\/posts\/52288\/revisions"}],"wp:featuredmedia":[{"embeddable":true,"href":"https:\/\/lasprimeras.com.do\/index.php\/wp-json\/"}],"wp:attachment":[{"href":"https:\/\/lasprimeras.com.do\/index.php\/wp-json\/wp\/v2\/media?parent=52288"}],"wp:term":[{"taxonomy":"category","embeddable":true,"href":"https:\/\/lasprimeras.com.do\/index.php\/wp-json\/wp\/v2\/categories?post=52288"},{"taxonomy":"post_tag","embeddable":true,"href":"https:\/\/lasprimeras.com.do\/index.php\/wp-json\/wp\/v2\/tags?post=52288"}],"curies":[{"name":"wp","href":"https:\/\/api.w.org\/{rel}","templated":true}]}}