{"id":52293,"date":"2023-06-08T21:13:29","date_gmt":"2023-06-09T01:13:29","guid":{"rendered":"https:\/\/atento.com.do\/?p=52293"},"modified":"2023-06-08T21:13:29","modified_gmt":"2023-06-09T01:13:29","slug":"bauta-rojas-anuncia-que-aspirara-nueva-vez-a-la-senaduria-de-hermanas-mirabal","status":"publish","type":"post","link":"https:\/\/lasprimeras.com.do\/index.php\/2023\/06\/08\/bauta-rojas-anuncia-que-aspirara-nueva-vez-a-la-senaduria-de-hermanas-mirabal\/","title":{"rendered":"Bauta Rojas anuncia que aspirara nueva vez a la senadur\u00eda de Hermanas Mirabal"},"content":{"rendered":"\n<p>El senador de la Fuerza del Pueblo por la provincia Hermanas Mirabal, doctor Bautista Rojas G\u00f3mez, anunci\u00f3 que asumi\u00f3 el compromiso de continuar siendo su representante en el Senado de la Rep\u00fablica.<\/p>\n\n\n\n<p>Rojas G\u00f3mez, dijo que est\u00e1 convencido y comprometido con el desarrollo social y econ\u00f3mico de la provincia Hermanas Mirabal, con quien he cumplido siendo productivo.<\/p>\n\n\n\n<figure class=\"wp-block-image size-full\"><img decoding=\"async\" src=\"https:\/\/atento.com.do\/wp-content\/uploads\/2023\/06\/Bauta-Rojas-1.jpg\" alt=\"\" class=\"wp-image-52295\"\/><\/figure>\n\n\n\n<p>El anuncio lo hizo este jueves durante la conformaci\u00f3n de las comisiones t\u00e9cnicas electorales y apertura del comando de campa\u00f1a de Hermanas Mirabal.<\/p>\n","protected":false},"excerpt":{"rendered":"<p>El senador de la Fuerza del Pueblo por la provincia Hermanas Mirabal, doctor Bautista Rojas G\u00f3mez, anunci\u00f3 que asumi\u00f3 el compromiso de continuar siendo su representante en el Senado de&hellip;<\/p>\n","protected":false},"author":1,"featured_media":52294,"comment_status":"open","ping_status":"open","sticky":false,"template":"","format":"standard","meta":{"content-type":"","jetpack_post_was_ever_published":false,"_jetpack_newsletter_access":"","_jetpack_dont_email_post_to_subs":false,"_jetpack_newsletter_tier_id":0,"_jetpack_memberships_contains_paywalled_content":false,"_jetpack_memberships_contains_paid_content":false,"footnotes":""},"categories":[25],"tags":[3290,3291,3292,807],"class_list":["post-52293","post","type-post","status-publish","format-standard","has-post-thumbnail","hentry","category-portada","tag-aspirara","tag-bauta-rojas","tag-hermanas-mirabal","tag-senaduria"],"jetpack_featured_media_url":"","jetpack-related-posts":[{"id":127761,"url":"https:\/\/lasprimeras.com.do\/index.php\/2026\/04\/15\/bauta-rojas-gomez-plantea-soluciones-ante-efectos-de-lluvias\/","url_meta":{"origin":52293,"position":0},"title":"Bauta Rojas G\u00f3mez plantea soluciones ante efectos de lluvias","author":"Nelson Feliz","date":"15 de abril de 2026","format":false,"excerpt":"Rojas G\u00f3mez alerta sobre da\u00f1os ambientales en el pa\u00eds. El exsenador por la provincia Hermanas Mirabal y dirigente de la Fuerza del Pueblo, Bautista Rojas G\u00f3mez, inform\u00f3 que el Presidente Luis Abinader, no ha llevado soluciones concretas en los recorridos realizados en distintos barrios del Gran Santo Domingo, donde se\u2026","rel":"","context":"En \u00abPOLITICA\u00bb","block_context":{"text":"POLITICA","link":"https:\/\/lasprimeras.com.do\/index.php\/category\/politica\/"},"img":{"alt_text":"Bautista Rojas G\u00f3mez","src":"https:\/\/i0.wp.com\/lasprimeras.com.do\/wp-content\/uploads\/2023\/07\/Bauta-Rojas.jpg?resize=350%2C200&ssl=1","width":350,"height":200,"srcset":"https:\/\/i0.wp.com\/lasprimeras.com.do\/wp-content\/uploads\/2023\/07\/Bauta-Rojas.jpg?resize=350%2C200&ssl=1 1x, https:\/\/i0.wp.com\/lasprimeras.com.do\/wp-content\/uploads\/2023\/07\/Bauta-Rojas.jpg?resize=525%2C300&ssl=1 1.5x, https:\/\/i0.wp.com\/lasprimeras.com.do\/wp-content\/uploads\/2023\/07\/Bauta-Rojas.jpg?resize=700%2C400&ssl=1 2x"},"classes":[]},{"id":61314,"url":"https:\/\/lasprimeras.com.do\/index.php\/2023\/09\/25\/bauta-acusa-a-vinicio-castillo-seman-de-ser-un-agente-pagado-por-el-gobierno\/","url_meta":{"origin":52293,"position":1},"title":"Bauta acusa a Vinicio Castillo Sem\u00e1n de ser un agente pagado por el gobierno","author":"Nelson Feliz","date":"25 de septiembre de 2023","format":false,"excerpt":"El miembro de la Direcci\u00f3n Pol\u00edtica del Partido Fuerza del Pueblo, Bautista Rojas G\u00f3mez, calific\u00f3 a Vinicio Castillo Sem\u00e1n de ser un agente pagado por el gobierno y quien es una persona mal agradecida. Rojas G\u00f3mez, dijo que el dirigente de la Fuerza Nacional progresista est\u00e1 vinculado a negocios con\u2026","rel":"","context":"En \u00abPORTADA\u00bb","block_context":{"text":"PORTADA","link":"https:\/\/lasprimeras.com.do\/index.php\/category\/portada\/"},"img":{"alt_text":"Bautista Rojas G\u00f3mez","src":"https:\/\/i0.wp.com\/lasprimeras.com.do\/wp-content\/uploads\/2023\/07\/Bauta-Rojas.jpg?resize=350%2C200&ssl=1","width":350,"height":200,"srcset":"https:\/\/i0.wp.com\/lasprimeras.com.do\/wp-content\/uploads\/2023\/07\/Bauta-Rojas.jpg?resize=350%2C200&ssl=1 1x, https:\/\/i0.wp.com\/lasprimeras.com.do\/wp-content\/uploads\/2023\/07\/Bauta-Rojas.jpg?resize=525%2C300&ssl=1 1.5x, https:\/\/i0.wp.com\/lasprimeras.com.do\/wp-content\/uploads\/2023\/07\/Bauta-Rojas.jpg?resize=700%2C400&ssl=1 2x"},"classes":[]},{"id":54530,"url":"https:\/\/lasprimeras.com.do\/index.php\/2023\/07\/12\/bauta-rojas-arremete-contra-gobierno-por-retirar-programa-de-medicamentos-de-alto-costo-de-sp\/","url_meta":{"origin":52293,"position":2},"title":"Bauta Rojas arremete contra Gobierno por retirar programa de Medicamentos de Alto Costo de SP","author":"Nelson Feliz","date":"12 de julio de 2023","format":false,"excerpt":"El senador por la provincia Hermanas Mirabal, Bautista Rojas G\u00f3mez, lament\u00f3 que el Gobierno que encabeza el presidente Luis Abinader haya sacado del Ministerio de Salud P\u00fablica, el Programa de Medicamentos de Alto Costo. El exministro de Salud P\u00fablica, Rojas G\u00f3mez, calific\u00f3 como indolente, inhumano y desconsiderado al titular de\u2026","rel":"","context":"En \u00abPORTADA\u00bb","block_context":{"text":"PORTADA","link":"https:\/\/lasprimeras.com.do\/index.php\/category\/portada\/"},"img":{"alt_text":"Bautista Rojas G\u00f3mez","src":"https:\/\/i0.wp.com\/lasprimeras.com.do\/wp-content\/uploads\/2023\/07\/Bauta-Rojas.jpg?resize=350%2C200&ssl=1","width":350,"height":200,"srcset":"https:\/\/i0.wp.com\/lasprimeras.com.do\/wp-content\/uploads\/2023\/07\/Bauta-Rojas.jpg?resize=350%2C200&ssl=1 1x, https:\/\/i0.wp.com\/lasprimeras.com.do\/wp-content\/uploads\/2023\/07\/Bauta-Rojas.jpg?resize=525%2C300&ssl=1 1.5x, https:\/\/i0.wp.com\/lasprimeras.com.do\/wp-content\/uploads\/2023\/07\/Bauta-Rojas.jpg?resize=700%2C400&ssl=1 2x"},"classes":[]},{"id":70310,"url":"https:\/\/lasprimeras.com.do\/index.php\/2023\/12\/10\/leonel-fernandez-dice-bauta-rojas-tendra-un-triunfo-apoteosico\/","url_meta":{"origin":52293,"position":3},"title":"Leonel Fern\u00e1ndez dice Bauta Rojas tendr\u00e1 un triunfo apote\u00f3sico","author":"Nelson Feliz","date":"10 de diciembre de 2023","format":false,"excerpt":"El entusiasmo de la gente para recibir al l\u00edder de la Fuerza del Pueblo (FP) se dej\u00f3 sentir en cada una de las expresiones rebosantes de baile y alegr\u00eda en las calles de los municipios de la provincia Hermanas Mirabal en la marcha caravana por diferentes pueblos del nordeste. El\u2026","rel":"","context":"En \u00abSin categor\u00eda\u00bb","block_context":{"text":"Sin categor\u00eda","link":"https:\/\/lasprimeras.com.do\/index.php\/category\/sin-categoria\/"},"img":{"alt_text":"Leonel Fern\u00e1ndez","src":"https:\/\/i0.wp.com\/lasprimeras.com.do\/wp-content\/uploads\/2023\/12\/Leonel-Fernandez-2-2.jpg?resize=350%2C200&ssl=1","width":350,"height":200,"srcset":"https:\/\/i0.wp.com\/lasprimeras.com.do\/wp-content\/uploads\/2023\/12\/Leonel-Fernandez-2-2.jpg?resize=350%2C200&ssl=1 1x, https:\/\/i0.wp.com\/lasprimeras.com.do\/wp-content\/uploads\/2023\/12\/Leonel-Fernandez-2-2.jpg?resize=525%2C300&ssl=1 1.5x, https:\/\/i0.wp.com\/lasprimeras.com.do\/wp-content\/uploads\/2023\/12\/Leonel-Fernandez-2-2.jpg?resize=700%2C400&ssl=1 2x"},"classes":[]},{"id":55571,"url":"https:\/\/lasprimeras.com.do\/index.php\/2023\/07\/22\/lf-moviliza-miles-de-simpatizantes-en-recorrido-junto-a-precandidatos-de-hermanas-mirabal\/","url_meta":{"origin":52293,"position":4},"title":"LF moviliza miles de simpatizantes en recorrido junto a precandidatos de Hermanas Mirabal","author":"Nelson Feliz","date":"22 de julio de 2023","format":false,"excerpt":"Emoci\u00f3n de las mujeres caracteriza recorrido de la Fuerza del Pueblo en Hermanas Mirabal. El l\u00edder de la oposici\u00f3n pol\u00edtica dominicana y precandidato presidencial de la Fuerza del Pueblo, Leonel Fern\u00e1ndez, continu\u00f3 este fin de semana recorriendo las calles del pa\u00eds junto a los precandidatos municipales y congresuales de esa\u2026","rel":"","context":"En \u00abPORTADA\u00bb","block_context":{"text":"PORTADA","link":"https:\/\/lasprimeras.com.do\/index.php\/category\/portada\/"},"img":{"alt_text":"Leonel Fern\u00e1ndez","src":"https:\/\/i0.wp.com\/lasprimeras.com.do\/wp-content\/uploads\/2023\/07\/Leonel-Fernandez-9.jpg?resize=350%2C200&ssl=1","width":350,"height":200,"srcset":"https:\/\/i0.wp.com\/lasprimeras.com.do\/wp-content\/uploads\/2023\/07\/Leonel-Fernandez-9.jpg?resize=350%2C200&ssl=1 1x, https:\/\/i0.wp.com\/lasprimeras.com.do\/wp-content\/uploads\/2023\/07\/Leonel-Fernandez-9.jpg?resize=525%2C300&ssl=1 1.5x, https:\/\/i0.wp.com\/lasprimeras.com.do\/wp-content\/uploads\/2023\/07\/Leonel-Fernandez-9.jpg?resize=700%2C400&ssl=1 2x"},"classes":[]},{"id":82577,"url":"https:\/\/lasprimeras.com.do\/index.php\/2024\/05\/05\/calles-de-salcedo-se-desbordaron-de-personas-en-apoyo-a-leonel-y-a-candidatos-de-rescate-rd\/","url_meta":{"origin":52293,"position":5},"title":"Calles de Salcedo se desbordaron de personas en apoyo a Leonel y a candidatos de Rescate RD","author":"Esteffany Vargas","date":"5 de mayo de 2024","format":false,"excerpt":"El candidato a la Presidencia de la Rep\u00fablica por la Fuerza del Pueblo y partidos aliados, Leonel Fern\u00e1ndez, al llegar a la provincia Hermanas Mirabal, recibi\u00f3 un s\u00f3lido recibimiento por parte de cientos de sus seguidores, e inmediatamente y en medio de una extraordinaria algarab\u00eda, encabez\u00f3 una enorme marcha-caravana, que\u2026","rel":"","context":"En \u00abPORTADA\u00bb","block_context":{"text":"PORTADA","link":"https:\/\/lasprimeras.com.do\/index.php\/category\/portada\/"},"img":{"alt_text":"Leonel Fern\u00e1ndez","src":"https:\/\/i0.wp.com\/lasprimeras.com.do\/wp-content\/uploads\/2024\/05\/Leonel-Fernandez-en-Salcedo.jpg?resize=350%2C200&ssl=1","width":350,"height":200,"srcset":"https:\/\/i0.wp.com\/lasprimeras.com.do\/wp-content\/uploads\/2024\/05\/Leonel-Fernandez-en-Salcedo.jpg?resize=350%2C200&ssl=1 1x, https:\/\/i0.wp.com\/lasprimeras.com.do\/wp-content\/uploads\/2024\/05\/Leonel-Fernandez-en-Salcedo.jpg?resize=525%2C300&ssl=1 1.5x, https:\/\/i0.wp.com\/lasprimeras.com.do\/wp-content\/uploads\/2024\/05\/Leonel-Fernandez-en-Salcedo.jpg?resize=700%2C400&ssl=1 2x"},"classes":[]}],"jetpack_sharing_enabled":true,"_links":{"self":[{"href":"https:\/\/lasprimeras.com.do\/index.php\/wp-json\/wp\/v2\/posts\/52293","targetHints":{"allow":["GET"]}}],"collection":[{"href":"https:\/\/lasprimeras.com.do\/index.php\/wp-json\/wp\/v2\/posts"}],"about":[{"href":"https:\/\/lasprimeras.com.do\/index.php\/wp-json\/wp\/v2\/types\/post"}],"author":[{"embeddable":true,"href":"https:\/\/lasprimeras.com.do\/index.php\/wp-json\/wp\/v2\/users\/1"}],"replies":[{"embeddable":true,"href":"https:\/\/lasprimeras.com.do\/index.php\/wp-json\/wp\/v2\/comments?post=52293"}],"version-history":[{"count":0,"href":"https:\/\/lasprimeras.com.do\/index.php\/wp-json\/wp\/v2\/posts\/52293\/revisions"}],"wp:featuredmedia":[{"embeddable":true,"href":"https:\/\/lasprimeras.com.do\/index.php\/wp-json\/"}],"wp:attachment":[{"href":"https:\/\/lasprimeras.com.do\/index.php\/wp-json\/wp\/v2\/media?parent=52293"}],"wp:term":[{"taxonomy":"category","embeddable":true,"href":"https:\/\/lasprimeras.com.do\/index.php\/wp-json\/wp\/v2\/categories?post=52293"},{"taxonomy":"post_tag","embeddable":true,"href":"https:\/\/lasprimeras.com.do\/index.php\/wp-json\/wp\/v2\/tags?post=52293"}],"curies":[{"name":"wp","href":"https:\/\/api.w.org\/{rel}","templated":true}]}}