{"id":52394,"date":"2023-06-09T23:04:07","date_gmt":"2023-06-10T03:04:07","guid":{"rendered":"https:\/\/atento.com.do\/?p=52394"},"modified":"2023-06-09T23:04:07","modified_gmt":"2023-06-10T03:04:07","slug":"prm-encabeza-preferencia-de-electores-en-tres-circ-del-dn","status":"publish","type":"post","link":"https:\/\/lasprimeras.com.do\/index.php\/2023\/06\/09\/prm-encabeza-preferencia-de-electores-en-tres-circ-del-dn\/","title":{"rendered":"PRM encabeza preferencia de electores en tres Circ. del DN"},"content":{"rendered":"\n<p>El Partido Revolucionarios Moderno (PRM) encabeza las preferencias de los electores de la Circunscripci\u00f3n tres del Distrito Nacional para las elecciones presidenciales y congresuales de mayo del venidero a\u00f1o 2023.<\/p>\n\n\n\n<p>As\u00ed lo evidencian los resultados de las encuestas realizadas por las firmas Centro Econ\u00f3mico del Cibao Research &amp; Strategy (CEC) y THELMEB CONSULTING el pasado mes de mayo en esa demarcaci\u00f3n capitalina.<\/p>\n\n\n\n<p>Los datos del CEC revelan que el PRM cuenta con un 41.5 % de preferencia en la jurisdicci\u00f3n; la Fuerza del Pueblo (FP) un 24.3 %, el Partido de la Liberaci\u00f3n Dominicana (PLD) 10.8 %; el Revolucionario Dominicano (PRD) 1.8 %; el Reformista Social Cristiano (PRSC) un 1 % y Alianza Pa\u00eds 0.5 %.<\/p>\n\n\n\n<p>El levantamiento del CEC se realiz\u00f3 los d\u00edas 7 y 8 de mayo de este 2023, cara a cara a 1200 personas con un nivel confianza de un 95% y un error muestral del Distrito Nacional de \u00b1 2.8%; siendo el error de la muestra de cada circunscripci\u00f3n de \u00b1 4.9 %, Moya es preferido por el 15 %.<\/p>\n\n\n\n<p>En lo congresual, si la postulada a la senadur\u00eda fuera Faride Raful obtendr\u00eda el 40.3 %; Omar Fern\u00e1ndez, de la Fuerza del Pueblo; sacar\u00eda un 24.5 %; Jos\u00e9 Dant\u00e9s, del PLD, un 3.5 %; Vinicio Castillo Sem\u00e1n (Vinicito), de la Fuerza Nacional Progresista (FNP), un 8.8 % y H\u00e9ctor Guzm\u00e1n, del PRD, un 1.8 % en la zona m\u00e1s habitada de la capital.<\/p>\n\n\n\n<p>Si el postulado a la fuera Alfredo Pacheco, esta obtendr\u00eda el 37.5 %; Omar Fern\u00e1ndez el 24.3 %; Jos\u00e9 Dant\u00e9s el 4.3 %; Vinicio Castillo Sem\u00e1n el 8.8 % y H\u00e9ctor Guzm\u00e1n el 1.8 %.<\/p>\n\n\n\n<p>En la demarcaci\u00f3n capitalina Sergio Moya (Gory) encabeza las preferencias para un tercer per\u00edodo como legislador por con un 15 %, seguido por su compa\u00f1ero de partido Ram\u00f3n Bueno con un 12 %, la legisladora por la Fuerza del Pueblo Yudelka de la Rosa con un 9.3 %.<\/p>\n\n\n\n<p>Contin\u00faan el congresista perreme\u00edsta Jos\u00e9 Miguel Cabrera con un 6.3 % y los diputados del Partido de la Liberaci\u00f3n Dominicana (PLD) Elpidio B\u00e1ez con un 6 % y Gustavo S\u00e1nchez con 3.5 %. Carlos S\u00e1nchez, del PRM, 3.3 % y Anderson Rodr\u00edguez, del PRM, 2.3 %.<\/p>\n\n\n\n<p>De acuerdo con los resultados de la firma THELMEB CONSULTING, los actuales congresistas pertenecientes a la bancada del PRM, Sergio Moya (Gory), Ram\u00f3n Bueno y Carlos S\u00e1nchez lograron los mayores porcentajes de preferencia.<\/p>\n\n\n\n<p>En el levantamiento de la informaci\u00f3n hecho los d\u00edas 13 y 14 de mayo de este 2023 a una muestra de 599 residentes en la citada demarcaci\u00f3n y la misma tiene un nivel de confianza 95 % y un margen de error de \u00b1 4, Moya obtuvo el 18 % de las preferencias para las elecciones a realizarse en mayo de 2024.<\/p>\n\n\n\n<p>Al investigar a los ciudadanos por cu\u00e1l de los posibles candidatos presentados para cubrir las siete plazas que tiene en la C\u00e1mara de Diputados la demarcaci\u00f3n, Gory Moya fue escogido por el 18 %, seguido de su compa\u00f1ero de partido Ram\u00f3n Bueno con un 15 %.<\/p>\n\n\n\n<p>El legislador por el Partido de la Liberaci\u00f3n Dominicana (PLD) Gustavo S\u00e1nchez con un 13 %; Carlos S\u00e1nchez, del PRM, obtuvo un 11 %; Elpidio B\u00e1ez, del PLD, un 9 %; Jos\u00e9 Miguel Cabrera; del PLD, un 7 % y Carlitos Cabrera, PLD, un 6 %.&nbsp;<\/p>\n\n\n\n<p>La actual congresista por la Fuerza del Pueblo Yudelka de la Rosa un 5 % y las aspirantes del PLD Mirna Tejeda obtuvieron un 4 % y Sandra Fern\u00e1ndez un 3 %.<\/p>\n\n\n\n<p>A la pregunta \u201cDe estos actuales diputados del PRM, \u00bfpor cu\u00e1l votar\u00eda usted?\u201d, el 34 % manifest\u00f3 que lo har\u00eda por Gory Moya; el 25 % por Ram\u00f3n Bueno; el 18 % lo har\u00eda por Carlos S\u00e1nchez y el 16 % sufragar\u00eda por Jos\u00e9 Miguel Cabrera.<\/p>\n\n\n\n<p>Los \u00faltimos acontecimientos pol\u00edticos a lo interno del Partido de la Liberaci\u00f3n Dominicana y la Fuerza del Pueblo colocan en un escenario m\u00e1s favorable al PRM y sus candidatos para las elecciones del venidero mayo de 2024.<\/p>\n","protected":false},"excerpt":{"rendered":"<p>El Partido Revolucionarios Moderno (PRM) encabeza las preferencias de los electores de la Circunscripci\u00f3n tres del Distrito Nacional para las elecciones presidenciales y congresuales de mayo del venidero a\u00f1o 2023.&hellip;<\/p>\n","protected":false},"author":1,"featured_media":52395,"comment_status":"open","ping_status":"open","sticky":false,"template":"","format":"standard","meta":{"content-type":"","jetpack_post_was_ever_published":false,"_jetpack_newsletter_access":"","_jetpack_dont_email_post_to_subs":false,"_jetpack_newsletter_tier_id":0,"_jetpack_memberships_contains_paywalled_content":false,"_jetpack_memberships_contains_paid_content":false,"footnotes":""},"categories":[1],"tags":[3359,2492,3360,3361,31],"class_list":["post-52394","post","type-post","status-publish","format-standard","has-post-thumbnail","hentry","category-sin-categoria","tag-circunscripciones","tag-distrito-nacional","tag-electores","tag-preferencia","tag-prm"],"jetpack_featured_media_url":"","jetpack-related-posts":[{"id":53545,"url":"https:\/\/lasprimeras.com.do\/index.php\/2023\/06\/28\/neney-cabrera-inminente-candidato-a-alcalde-del-dn-por-el-prm\/","url_meta":{"origin":52394,"position":0},"title":"Neney Cabrera inminente candidato a alcalde del DN por el PRM","author":"Nelson Feliz","date":"28 de junio de 2023","format":false,"excerpt":"Neney obtendr\u00eda un 58% El dirigente pol\u00edtico del Partido Revolucionario Moderno (PRM), Neney Cabrera, se consolida como el inminente candidato del partido para encabezar la boleta para la Alcald\u00eda del Distrito Nacional, en las pr\u00f3ximas elecciones municipales. Los resultados de la firma Loopah Consulting, revela que Neney Cabrera tiene un\u2026","rel":"","context":"En \u00abPORTADA\u00bb","block_context":{"text":"PORTADA","link":"https:\/\/lasprimeras.com.do\/index.php\/category\/portada\/"},"img":{"alt_text":"Neney Cabrera","src":"https:\/\/i0.wp.com\/lasprimeras.com.do\/wp-content\/uploads\/2023\/06\/Neney-Cabrera.jpg?resize=350%2C200&ssl=1","width":350,"height":200,"srcset":"https:\/\/i0.wp.com\/lasprimeras.com.do\/wp-content\/uploads\/2023\/06\/Neney-Cabrera.jpg?resize=350%2C200&ssl=1 1x, https:\/\/i0.wp.com\/lasprimeras.com.do\/wp-content\/uploads\/2023\/06\/Neney-Cabrera.jpg?resize=525%2C300&ssl=1 1.5x, https:\/\/i0.wp.com\/lasprimeras.com.do\/wp-content\/uploads\/2023\/06\/Neney-Cabrera.jpg?resize=700%2C400&ssl=1 2x"},"classes":[]},{"id":109185,"url":"https:\/\/lasprimeras.com.do\/index.php\/2025\/09\/15\/danilo-a-peledeistas-busquen-a-todos-los-companeros-que-se-disgustaron\/","url_meta":{"origin":52394,"position":1},"title":"Danilo a pelede\u00edstas: &#8220;Busquen a todos los compa\u00f1eros que se disgustaron&#8221;","author":"Nelson Feliz","date":"15 de septiembre de 2025","format":false,"excerpt":"Durante una asamblea en Las Caobas, el presidente del PLD inst\u00f3 a los dirigentes a dejar de lado las enemistades, porque los pelede\u00edstas son \"hermanos de sangre\". El presidente del opositor Partido de la Liberaci\u00f3n Dominicana (PLD), Danilo Medina, manifest\u00f3 el domingo que la organizaci\u00f3n que lidera est\u00e1 compitiendo por\u2026","rel":"","context":"En \u00abPOLITICA\u00bb","block_context":{"text":"POLITICA","link":"https:\/\/lasprimeras.com.do\/index.php\/category\/politica\/"},"img":{"alt_text":"","src":"https:\/\/i0.wp.com\/lasprimeras.com.do\/wp-content\/uploads\/2025\/09\/Danilo-Medina.jpg?resize=350%2C200&ssl=1","width":350,"height":200,"srcset":"https:\/\/i0.wp.com\/lasprimeras.com.do\/wp-content\/uploads\/2025\/09\/Danilo-Medina.jpg?resize=350%2C200&ssl=1 1x, https:\/\/i0.wp.com\/lasprimeras.com.do\/wp-content\/uploads\/2025\/09\/Danilo-Medina.jpg?resize=525%2C300&ssl=1 1.5x, https:\/\/i0.wp.com\/lasprimeras.com.do\/wp-content\/uploads\/2025\/09\/Danilo-Medina.jpg?resize=700%2C400&ssl=1 2x"},"classes":[]},{"id":111244,"url":"https:\/\/lasprimeras.com.do\/index.php\/2025\/10\/06\/johnny-pujols-revela-mediciones-colocan-al-pld-liderando-la-oposicion\/","url_meta":{"origin":52394,"position":2},"title":"Johnny Pujols revela mediciones colocan al PLD liderando la oposici\u00f3n","author":"Nelson Feliz","date":"6 de octubre de 2025","format":false,"excerpt":"El secretario general del Partido de la Liberaci\u00f3n Dominicana (PLD), Johnny Pujols, revel\u00f3 que las mediciones realizadas desde el mes de diciembre de 2024 reflejan un crecimiento sostenido de esa organizaci\u00f3n pol\u00edtica, la cual contin\u00faa ganando terreno en la preferencia del electorado. Pujols se\u00f1al\u00f3 que el Gobierno PRM atraviesa una\u2026","rel":"","context":"En \u00abPOLITICA\u00bb","block_context":{"text":"POLITICA","link":"https:\/\/lasprimeras.com.do\/index.php\/category\/politica\/"},"img":{"alt_text":"","src":"https:\/\/i0.wp.com\/lasprimeras.com.do\/wp-content\/uploads\/2025\/10\/PLD.jpg?resize=350%2C200&ssl=1","width":350,"height":200,"srcset":"https:\/\/i0.wp.com\/lasprimeras.com.do\/wp-content\/uploads\/2025\/10\/PLD.jpg?resize=350%2C200&ssl=1 1x, https:\/\/i0.wp.com\/lasprimeras.com.do\/wp-content\/uploads\/2025\/10\/PLD.jpg?resize=525%2C300&ssl=1 1.5x, https:\/\/i0.wp.com\/lasprimeras.com.do\/wp-content\/uploads\/2025\/10\/PLD.jpg?resize=700%2C400&ssl=1 2x"},"classes":[]},{"id":103903,"url":"https:\/\/lasprimeras.com.do\/index.php\/2025\/07\/20\/alfredo-pacheco-lidera-preferencias-para-secretaria-general-prm\/","url_meta":{"origin":52394,"position":3},"title":"Alfredo Pacheco lidera preferencias para Secretar\u00eda General PRM","author":"Nelson Feliz","date":"20 de julio de 2025","format":false,"excerpt":"El actual presidente de la C\u00e1mara de Diputados, Alfredo Pacheco, se posiciona como el favorito para asumir la secretar\u00eda general del Partido Revolucionario Moderno (PRM), seg\u00fan una reciente encuesta realizada por la firma ACD Media. En un primer escenario consultando a la poblaci\u00f3n general, el 42.2% manifest\u00f3 preferencia por Pacheco,\u2026","rel":"","context":"En \u00abPOLITICA\u00bb","block_context":{"text":"POLITICA","link":"https:\/\/lasprimeras.com.do\/index.php\/category\/politica\/"},"img":{"alt_text":"Presidente de la C\u00e1mara de Diputados, Alfredo Pacheco. Foto: Diputados v\u00eda Twitter.","src":"https:\/\/i0.wp.com\/lasprimeras.com.do\/wp-content\/uploads\/2024\/08\/Alfredo-Pacheco.jpeg?resize=350%2C200&ssl=1","width":350,"height":200,"srcset":"https:\/\/i0.wp.com\/lasprimeras.com.do\/wp-content\/uploads\/2024\/08\/Alfredo-Pacheco.jpeg?resize=350%2C200&ssl=1 1x, https:\/\/i0.wp.com\/lasprimeras.com.do\/wp-content\/uploads\/2024\/08\/Alfredo-Pacheco.jpeg?resize=525%2C300&ssl=1 1.5x, https:\/\/i0.wp.com\/lasprimeras.com.do\/wp-content\/uploads\/2024\/08\/Alfredo-Pacheco.jpeg?resize=700%2C400&ssl=1 2x"},"classes":[]},{"id":57505,"url":"https:\/\/lasprimeras.com.do\/index.php\/2023\/08\/13\/encuesta-revela-thomas-osuna-encabeza-preferencia-electoral-de-los-precandidatos-a-diputados-en-sdn\/","url_meta":{"origin":52394,"position":4},"title":"Encuesta revela Thomas Osuna encabeza preferencia electoral de los precandidatos a diputados en SDN","author":"Nelson Feliz","date":"13 de agosto de 2023","format":false,"excerpt":"Una encuesta realizada en Santo Domingo Norte por el peri\u00f3dico Informativo Digital, ha recopilado que de los siguientes 3.750 votantes que fueron entrevistados, sit\u00faa a Thomas Osuna y V\u00edctor Pav\u00f3n en primer y segundo lugar, respectivamente. Los resultados claves de la encuesta recientemente concluida, que explor\u00f3 las preferencias de los\u2026","rel":"","context":"En \u00abSin categor\u00eda\u00bb","block_context":{"text":"Sin categor\u00eda","link":"https:\/\/lasprimeras.com.do\/index.php\/category\/sin-categoria\/"},"img":{"alt_text":"Encuesta","src":"https:\/\/i0.wp.com\/lasprimeras.com.do\/wp-content\/uploads\/2023\/08\/Encuesta.jpg?resize=350%2C200&ssl=1","width":350,"height":200,"srcset":"https:\/\/i0.wp.com\/lasprimeras.com.do\/wp-content\/uploads\/2023\/08\/Encuesta.jpg?resize=350%2C200&ssl=1 1x, https:\/\/i0.wp.com\/lasprimeras.com.do\/wp-content\/uploads\/2023\/08\/Encuesta.jpg?resize=525%2C300&ssl=1 1.5x, https:\/\/i0.wp.com\/lasprimeras.com.do\/wp-content\/uploads\/2023\/08\/Encuesta.jpg?resize=700%2C400&ssl=1 2x"},"classes":[]},{"id":72869,"url":"https:\/\/lasprimeras.com.do\/index.php\/2024\/01\/03\/dio-astacio-inicia-2024-como-favorito-para-ganar-alcaldia-de-sde\/","url_meta":{"origin":52394,"position":5},"title":"D\u00edo Astacio inicia 2024 como favorito para ganar Alcald\u00eda de SDE","author":"Nelson Feliz","date":"3 de enero de 2024","format":false,"excerpt":"A solo un mes y d\u00edas para la celebraci\u00f3n de la elecciones municipales, el candidato a la Alcald\u00eda del Partido Revolucionario Moderno (PRM) y aliados, D\u00edo Astacio, luce como el gran favorito para alzarse con esa plaza, seg\u00fan los \u00faltimos resultados de prestigiosas firmas encuestadoras. De acuerdo a los sondeos,\u2026","rel":"","context":"En \u00abSin categor\u00eda\u00bb","block_context":{"text":"Sin categor\u00eda","link":"https:\/\/lasprimeras.com.do\/index.php\/category\/sin-categoria\/"},"img":{"alt_text":"D\u00edo Astacio","src":"https:\/\/i0.wp.com\/lasprimeras.com.do\/wp-content\/uploads\/2024\/01\/Dio-Astacio.jpg?resize=350%2C200&ssl=1","width":350,"height":200,"srcset":"https:\/\/i0.wp.com\/lasprimeras.com.do\/wp-content\/uploads\/2024\/01\/Dio-Astacio.jpg?resize=350%2C200&ssl=1 1x, https:\/\/i0.wp.com\/lasprimeras.com.do\/wp-content\/uploads\/2024\/01\/Dio-Astacio.jpg?resize=525%2C300&ssl=1 1.5x, https:\/\/i0.wp.com\/lasprimeras.com.do\/wp-content\/uploads\/2024\/01\/Dio-Astacio.jpg?resize=700%2C400&ssl=1 2x"},"classes":[]}],"jetpack_sharing_enabled":true,"_links":{"self":[{"href":"https:\/\/lasprimeras.com.do\/index.php\/wp-json\/wp\/v2\/posts\/52394","targetHints":{"allow":["GET"]}}],"collection":[{"href":"https:\/\/lasprimeras.com.do\/index.php\/wp-json\/wp\/v2\/posts"}],"about":[{"href":"https:\/\/lasprimeras.com.do\/index.php\/wp-json\/wp\/v2\/types\/post"}],"author":[{"embeddable":true,"href":"https:\/\/lasprimeras.com.do\/index.php\/wp-json\/wp\/v2\/users\/1"}],"replies":[{"embeddable":true,"href":"https:\/\/lasprimeras.com.do\/index.php\/wp-json\/wp\/v2\/comments?post=52394"}],"version-history":[{"count":0,"href":"https:\/\/lasprimeras.com.do\/index.php\/wp-json\/wp\/v2\/posts\/52394\/revisions"}],"wp:featuredmedia":[{"embeddable":true,"href":"https:\/\/lasprimeras.com.do\/index.php\/wp-json\/"}],"wp:attachment":[{"href":"https:\/\/lasprimeras.com.do\/index.php\/wp-json\/wp\/v2\/media?parent=52394"}],"wp:term":[{"taxonomy":"category","embeddable":true,"href":"https:\/\/lasprimeras.com.do\/index.php\/wp-json\/wp\/v2\/categories?post=52394"},{"taxonomy":"post_tag","embeddable":true,"href":"https:\/\/lasprimeras.com.do\/index.php\/wp-json\/wp\/v2\/tags?post=52394"}],"curies":[{"name":"wp","href":"https:\/\/api.w.org\/{rel}","templated":true}]}}