{"id":52397,"date":"2023-06-09T23:27:50","date_gmt":"2023-06-10T03:27:50","guid":{"rendered":"https:\/\/atento.com.do\/?p=52397"},"modified":"2023-06-09T23:27:50","modified_gmt":"2023-06-10T03:27:50","slug":"hallan-con-vida-cuatro-ninos-perdidos-hace-40-dias-en-colombia","status":"publish","type":"post","link":"https:\/\/lasprimeras.com.do\/index.php\/2023\/06\/09\/hallan-con-vida-cuatro-ninos-perdidos-hace-40-dias-en-colombia\/","title":{"rendered":"Hallan con vida cuatro ni\u00f1os perdidos hace 40 d\u00edas en Colombia"},"content":{"rendered":"\n<p>Por Agencia EFE<\/p>\n\n\n\n<p><strong>Bogot\u00e1.<\/strong>&#8211; Los cuatro ni\u00f1os que estaban perdidos desde el pasado 1 de mayo en las selvas del sur de Colombia tras el accidente del avi\u00f3n en el que viajaban junto a tres adultos fueron hallados con vida este viernes por militares que participaron en su b\u00fasqueda, informaron fuentes oficiales.<\/p>\n\n\n\n<p>&#8220;\u00a1Una alegr\u00eda para todo el pa\u00eds! Aparecieron con vida los 4 ni\u00f1os que estaban perdidos hace 40 d\u00edas en la selva colombiana&#8221;, anunci\u00f3 en su cuneta de Twitter el presidente colombiano, Gustavo Petro.<\/p>\n\n\n\n<p>Petro confirm\u00f3 la noticia adelantada minutos antes por Caracol Radio.<\/p>\n","protected":false},"excerpt":{"rendered":"<p>Por Agencia EFE Bogot\u00e1.&#8211; Los cuatro ni\u00f1os que estaban perdidos desde el pasado 1 de mayo en las selvas del sur de Colombia tras el accidente del avi\u00f3n en el&hellip;<\/p>\n","protected":false},"author":1,"featured_media":52398,"comment_status":"open","ping_status":"open","sticky":false,"template":"","format":"standard","meta":{"content-type":"","jetpack_post_was_ever_published":false,"_jetpack_newsletter_access":"","_jetpack_dont_email_post_to_subs":false,"_jetpack_newsletter_tier_id":0,"_jetpack_memberships_contains_paywalled_content":false,"_jetpack_memberships_contains_paid_content":false,"footnotes":""},"categories":[1],"tags":[2211,3362,2757,1778,3363,1779],"class_list":["post-52397","post","type-post","status-publish","format-standard","has-post-thumbnail","hentry","category-sin-categoria","tag-accidente","tag-aereo-2","tag-colombia","tag-cuatro-ninos","tag-hallan-con-vida","tag-perdidos"],"jetpack_featured_media_url":"","jetpack-related-posts":[{"id":50189,"url":"https:\/\/lasprimeras.com.do\/index.php\/2023\/05\/17\/hallan-vivos-a-cuatro-ninos-tras-17-dias-perdidos-en-la-selva-colombiana\/","url_meta":{"origin":52397,"position":0},"title":"Hallan vivos a cuatro ni\u00f1os, tras 17 d\u00edas perdidos en la selva colombiana","author":"prenxa100","date":"17 de mayo de 2023","format":false,"excerpt":"Bogot\u00e1, Colombia, AFP.-.Luego de 17 d\u00edas deambulando en la Amazon\u00eda de Colombia, comiendo frutos selv\u00e1ticos y a merced de animales salvajes, cuatro ni\u00f1os ind\u00edgenas que estaban desaparecidos tras un accidente de avioneta fueron hallados vivos este mi\u00e9rcoles por rescatistas. Se trata de tres ni\u00f1os de 13, 9 y 4 a\u00f1os\u2026","rel":"","context":"En \u00abSin categor\u00eda\u00bb","block_context":{"text":"Sin categor\u00eda","link":"https:\/\/lasprimeras.com.do\/index.php\/category\/sin-categoria\/"},"img":{"alt_text":"","src":"","width":0,"height":0},"classes":[]},{"id":52491,"url":"https:\/\/lasprimeras.com.do\/index.php\/2023\/06\/10\/ministro-de-defensa-colombiano-los-menores-indigenas-hallados-en-la-selva-estan-fuera-de-peligro\/","url_meta":{"origin":52397,"position":1},"title":"Ministro de Defensa colombiano: Los menores ind\u00edgenas hallados en la selva est\u00e1n &#8220;fuera de peligro&#8221;","author":"prenxa100","date":"10 de junio de 2023","format":false,"excerpt":"El presidente Gustavo Petro, junto con Iv\u00e1n Vel\u00e1squez y los altos mandos militares visitaron a los ni\u00f1os que se encuentran ingresados en el Hospital Militar de Bogot\u00e1. El presidente de Colombia, Gustavo Petro, junto con su familia, el ministro de Defensa, Iv\u00e1n Vel\u00e1squez, y los altos mandos militares llegaron en\u2026","rel":"","context":"En \u00abSin categor\u00eda\u00bb","block_context":{"text":"Sin categor\u00eda","link":"https:\/\/lasprimeras.com.do\/index.php\/category\/sin-categoria\/"},"img":{"alt_text":"","src":"","width":0,"height":0},"classes":[]},{"id":52704,"url":"https:\/\/lasprimeras.com.do\/index.php\/2023\/06\/13\/hermana-mayor-revela-como-rescato-a-su-hermanita-de-la-avioneta-estrellada\/","url_meta":{"origin":52397,"position":2},"title":"Hermana mayor revela como rescat\u00f3 a su hermanita de la avioneta estrellada","author":"prenxa100","date":"13 de junio de 2023","format":false,"excerpt":"Los cuatro hermanos ind\u00edgenas fueron encontrados el pasado viernes tras permanecer 40 d\u00edas perdidos en una selva del departamento de Caquet\u00e1 luego de que la avioneta en la que viajaban se accidentara. El abuelo de los cuatro ni\u00f1os ind\u00edgenas del pueblo uitoto que estuvieron perdidos durante 40 d\u00edas en una\u2026","rel":"","context":"En \u00abSin categor\u00eda\u00bb","block_context":{"text":"Sin categor\u00eda","link":"https:\/\/lasprimeras.com.do\/index.php\/category\/sin-categoria\/"},"img":{"alt_text":"","src":"https:\/\/i0.wp.com\/lasprimeras.com.do\/wp-content\/uploads\/2023\/06\/hermana-mayor-revela-como-rescato-a-su-hermanita-de-la-avioneta-estrellada.jpg?resize=350%2C200&ssl=1","width":350,"height":200,"srcset":"https:\/\/i0.wp.com\/lasprimeras.com.do\/wp-content\/uploads\/2023\/06\/hermana-mayor-revela-como-rescato-a-su-hermanita-de-la-avioneta-estrellada.jpg?resize=350%2C200&ssl=1 1x, https:\/\/i0.wp.com\/lasprimeras.com.do\/wp-content\/uploads\/2023\/06\/hermana-mayor-revela-como-rescato-a-su-hermanita-de-la-avioneta-estrellada.jpg?resize=525%2C300&ssl=1 1.5x, https:\/\/i0.wp.com\/lasprimeras.com.do\/wp-content\/uploads\/2023\/06\/hermana-mayor-revela-como-rescato-a-su-hermanita-de-la-avioneta-estrellada.jpg?resize=700%2C400&ssl=1 2x"},"classes":[]},{"id":89385,"url":"https:\/\/lasprimeras.com.do\/index.php\/2024\/09\/24\/panama-y-colombia-acuerdan-avanzar-una-estrategia-conjunta-contra-la-migracion-irregular\/","url_meta":{"origin":52397,"position":3},"title":"Panam\u00e1 y Colombia acuerdan avanzar una estrategia conjunta contra la migraci\u00f3n irregular","author":"Nelson Feliz","date":"24 de septiembre de 2024","format":false,"excerpt":"Naciones Unidas,(EFE).- Los presidentes de Panam\u00e1, Jos\u00e9 Ra\u00fal Mulino, y de Colombia, Gustavo Petro, acordaron este martes trabajar en una estrategia conjunta contra la migraci\u00f3n ilegal por la selva del Dari\u00e9n, frontera natural con el pa\u00eds suramericano, en una reuni\u00f3n bilateral sostenida al margen de la Asamblea General de la\u2026","rel":"","context":"En \u00abSin categor\u00eda\u00bb","block_context":{"text":"Sin categor\u00eda","link":"https:\/\/lasprimeras.com.do\/index.php\/category\/sin-categoria\/"},"img":{"alt_text":"Jos\u00e9 Ra\u00fal Mulino y Gustavo Petro","src":"https:\/\/i0.wp.com\/lasprimeras.com.do\/wp-content\/uploads\/2024\/09\/Jose-Raul-Mulino-y-Gustavo-Petro.jpg?resize=350%2C200&ssl=1","width":350,"height":200,"srcset":"https:\/\/i0.wp.com\/lasprimeras.com.do\/wp-content\/uploads\/2024\/09\/Jose-Raul-Mulino-y-Gustavo-Petro.jpg?resize=350%2C200&ssl=1 1x, https:\/\/i0.wp.com\/lasprimeras.com.do\/wp-content\/uploads\/2024\/09\/Jose-Raul-Mulino-y-Gustavo-Petro.jpg?resize=525%2C300&ssl=1 1.5x, https:\/\/i0.wp.com\/lasprimeras.com.do\/wp-content\/uploads\/2024\/09\/Jose-Raul-Mulino-y-Gustavo-Petro.jpg?resize=700%2C400&ssl=1 2x"},"classes":[]},{"id":82221,"url":"https:\/\/lasprimeras.com.do\/index.php\/2024\/04\/30\/al-menos-nueve-muertos-por-accidente-de-helicoptero-del-ejercito-en-el-norte-de-colombia\/","url_meta":{"origin":52397,"position":4},"title":"Al menos nueve muertos por accidente de helic\u00f3ptero del Ej\u00e9rcito en el norte de Colombia","author":"BIMARY DE JES\u00daS Matos","date":"30 de abril de 2024","format":false,"excerpt":"Bogot\u00e1.- Al menos nueve personas murieron este lunes en el accidente de un helic\u00f3ptero MI-17 del Ej\u00e9rcito colombiano en el departamento caribe\u00f1o de Bol\u00edvar (norte), informaron fuentes oficiales. \u00abLamento la muerte de los nueve integrantes del vuelo del helic\u00f3ptero del Ej\u00e9rcito que se precipit\u00f3 a tierra y que estaba abasteciendo\u2026","rel":"","context":"En \u00abSin categor\u00eda\u00bb","block_context":{"text":"Sin categor\u00eda","link":"https:\/\/lasprimeras.com.do\/index.php\/category\/sin-categoria\/"},"img":{"alt_text":"","src":"https:\/\/i0.wp.com\/lasprimeras.com.do\/wp-content\/uploads\/2024\/04\/6a0c8a05-4f4b-48f5-a1d9-1ad180753c4a-18.webp?resize=350%2C200&ssl=1","width":350,"height":200,"srcset":"https:\/\/i0.wp.com\/lasprimeras.com.do\/wp-content\/uploads\/2024\/04\/6a0c8a05-4f4b-48f5-a1d9-1ad180753c4a-18.webp?resize=350%2C200&ssl=1 1x, https:\/\/i0.wp.com\/lasprimeras.com.do\/wp-content\/uploads\/2024\/04\/6a0c8a05-4f4b-48f5-a1d9-1ad180753c4a-18.webp?resize=525%2C300&ssl=1 1.5x, https:\/\/i0.wp.com\/lasprimeras.com.do\/wp-content\/uploads\/2024\/04\/6a0c8a05-4f4b-48f5-a1d9-1ad180753c4a-18.webp?resize=700%2C400&ssl=1 2x, https:\/\/i0.wp.com\/lasprimeras.com.do\/wp-content\/uploads\/2024\/04\/6a0c8a05-4f4b-48f5-a1d9-1ad180753c4a-18.webp?resize=1050%2C600&ssl=1 3x"},"classes":[]},{"id":125600,"url":"https:\/\/lasprimeras.com.do\/index.php\/2026\/03\/24\/suben-a-69-los-muertos-en-accidente-aereo-en-colombia-que-abre-debate-sobre-estado-de-avion-donado\/","url_meta":{"origin":52397,"position":5},"title":"Suben a 69 los muertos en accidente a\u00e9reo en Colombia que abre debate sobre estado de avi\u00f3n donado","author":"Nelson Feliz","date":"24 de marzo de 2026","format":false,"excerpt":"POR ASTRID SU\u00c1REZ BOGOT\u00c1 (AP) \u2014 Las autoridades colombianas elevaron el martes a 69 los muertos por el accidente en un avi\u00f3n militar ocurrido la v\u00edspera que dej\u00f3 heridos a otros 57 uniformados, en uno de los sinistros a\u00e9reos m\u00e1s graves registrados en el pa\u00eds en las \u00faltimas d\u00e9cadas. Un\u2026","rel":"","context":"En \u00abINTERNACIONALES\u00bb","block_context":{"text":"INTERNACIONALES","link":"https:\/\/lasprimeras.com.do\/index.php\/category\/sin-categoria\/internacionales\/"},"img":{"alt_text":"","src":"https:\/\/i0.wp.com\/lasprimeras.com.do\/wp-content\/uploads\/2026\/03\/duelo.jpg?resize=350%2C200&ssl=1","width":350,"height":200,"srcset":"https:\/\/i0.wp.com\/lasprimeras.com.do\/wp-content\/uploads\/2026\/03\/duelo.jpg?resize=350%2C200&ssl=1 1x, https:\/\/i0.wp.com\/lasprimeras.com.do\/wp-content\/uploads\/2026\/03\/duelo.jpg?resize=525%2C300&ssl=1 1.5x, https:\/\/i0.wp.com\/lasprimeras.com.do\/wp-content\/uploads\/2026\/03\/duelo.jpg?resize=700%2C400&ssl=1 2x"},"classes":[]}],"jetpack_sharing_enabled":true,"_links":{"self":[{"href":"https:\/\/lasprimeras.com.do\/index.php\/wp-json\/wp\/v2\/posts\/52397","targetHints":{"allow":["GET"]}}],"collection":[{"href":"https:\/\/lasprimeras.com.do\/index.php\/wp-json\/wp\/v2\/posts"}],"about":[{"href":"https:\/\/lasprimeras.com.do\/index.php\/wp-json\/wp\/v2\/types\/post"}],"author":[{"embeddable":true,"href":"https:\/\/lasprimeras.com.do\/index.php\/wp-json\/wp\/v2\/users\/1"}],"replies":[{"embeddable":true,"href":"https:\/\/lasprimeras.com.do\/index.php\/wp-json\/wp\/v2\/comments?post=52397"}],"version-history":[{"count":0,"href":"https:\/\/lasprimeras.com.do\/index.php\/wp-json\/wp\/v2\/posts\/52397\/revisions"}],"wp:featuredmedia":[{"embeddable":true,"href":"https:\/\/lasprimeras.com.do\/index.php\/wp-json\/"}],"wp:attachment":[{"href":"https:\/\/lasprimeras.com.do\/index.php\/wp-json\/wp\/v2\/media?parent=52397"}],"wp:term":[{"taxonomy":"category","embeddable":true,"href":"https:\/\/lasprimeras.com.do\/index.php\/wp-json\/wp\/v2\/categories?post=52397"},{"taxonomy":"post_tag","embeddable":true,"href":"https:\/\/lasprimeras.com.do\/index.php\/wp-json\/wp\/v2\/tags?post=52397"}],"curies":[{"name":"wp","href":"https:\/\/api.w.org\/{rel}","templated":true}]}}