{"id":52406,"date":"2023-06-10T14:42:29","date_gmt":"2023-06-10T18:42:29","guid":{"rendered":"https:\/\/atento.com.do\/?p=52406"},"modified":"2023-06-10T14:42:29","modified_gmt":"2023-06-10T18:42:29","slug":"miguel-espaillat-ciudadano-que-juro-por-la-bandera-equivocada","status":"publish","type":"post","link":"https:\/\/lasprimeras.com.do\/index.php\/2023\/06\/10\/miguel-espaillat-ciudadano-que-juro-por-la-bandera-equivocada\/","title":{"rendered":"Miguel Espaillat: ciudadano que jur\u00f3 por la bandera equivocada"},"content":{"rendered":"\n<p>Por JOSE FLANDEZ<br>Contador p\u00fablico autorizado.Reside en Nueva York.<\/p>\n\n\n\n<p>Miguel Espaillat: aunque tienes todo el derecho y la democracia te lo permite, no s\u00e9 c\u00f3mo resides en Estados Unidos, porque eres antinorteamericano militante y comunista confeso; te aseguro que yo no podr\u00eda.<\/p>\n\n\n\n<p>Tampoco comprendo c\u00f3mo es que militas en el partido equivocado, un partido del sistema, como el PRM, sabiendo yo que detestas sus instituciones y preferir\u00edas que tu gobernante no fuera un dem\u00f3crata como Luis Abinader, sino que fuera un tipo antidemocr\u00e1tico, como Nicol\u00e1s Maduro, a quien le llamas, \u00abcompa\u00f1ero\u00bb.<\/p>\n\n\n\n<p>Creo que deber\u00edas pertenecer a las filas de un partido comunista, uno de esos que todav\u00eda sobreviven teorizando en Rep\u00fablica Dominicana, cuyos militantes se pueden contar y podr\u00edan ser menos que los dedos de tus manos.<\/p>\n\n\n\n<p>Vivo en USA y jur\u00e9 felizmente por su bandera, porque apoyo las pol\u00edticas norteamericanas y occidentales. Soy un dem\u00f3crata y defender\u00e9 la democracia por siempre. Odio las dictaduras de todo tipo. Donde a mi no me gusta no vivo ni visito.<\/p>\n\n\n\n<figure class=\"wp-block-image size-full is-resized\"><img decoding=\"async\" src=\"https:\/\/atento.com.do\/wp-content\/uploads\/2023\/06\/Miguel-Espaillat-403x250-1.jpg\" alt=\"\" class=\"wp-image-52408\" width=\"696\" height=\"468\"\/><\/figure>\n\n\n\n<p>Nunca, mientras existan esos reg\u00edmenes, yo ir\u00eda, ni haciendo una escala, a Rusia, Cuba, China, Corea del Norte, Venezuela, Nicaragua, Bolivia, M\u00e9xico y a ninguno de esos pa\u00edses neofascistas que t\u00fa admiras, pero que nunca, ni en sue\u00f1os, te ir\u00edas a vivir all\u00ed.<\/p>\n\n\n\n<p>Y es que, si residieras en la Rusia de Putin, o en la China de Xi Jinping, y tuvieras la osad\u00eda de atacar sus reg\u00edmenes, como lo haces en Estados Unidos contra sus pol\u00edticas, te aseguro que tus d\u00edas estuvieran contados, si es que hace rato ya no estuvieras respirando, porque esos tiranos que tanto te gustan no comulgan con eso de permitir alg\u00fan tipo de disidencia\u2026 \u00bfComprendes?<\/p>\n\n\n\n<p>Tus largas y redundantes peroratas, publicadas por este prestigioso medio de comunicaci\u00f3n, son opiniones de individuos resentidos, totalmente equivocados y muchas veces perversos, que distorsionan los acontecimientos mundiales, consciente o ingenuamente; que detestan la democracia y por supuesto a los dem\u00f3cratas del mundo, y desde luego, quisieran que los enemigos del estado de derecho, l\u00e9ase Putin, y Xi Jinping, por ser los m\u00e1s poderosos, junto a sus apandillados gobiernos sat\u00e9lites, sean los que impongan sus tiran\u00edas totalitarias en todo el mundo.<\/p>\n\n\n\n<p>Te aseguro que no tengo nada contra tu persona y respeto el derecho que tienes de emitir viejos resentimientos, plasmados en tus innecesariamente extensos art\u00edculos, y libros que s\u00e9 que has publicado, aunque deteste tu manera de pensar.<\/p>\n\n\n\n<p>Por \u00faltimo, te aconsejar\u00eda, para que seas mejor escritor, que aprendas a sintetizar tus escritos, porque la verdad es que tanto redundar en un asunto que puedes explicarlo sin tanto rodeo, hace que los lectores no lean completamente tus absurdos art\u00edculos, por ser tan tediosamente extensivos\u2026<\/p>\n\n\n\n<p>Con todo respeto, como dir\u00eda nuestro amigo, Francisco \u00c1lvarez.<\/p>\n","protected":false},"excerpt":{"rendered":"<p>Por JOSE FLANDEZContador p\u00fablico autorizado.Reside en Nueva York. Miguel Espaillat: aunque tienes todo el derecho y la democracia te lo permite, no s\u00e9 c\u00f3mo resides en Estados Unidos, porque eres&hellip;<\/p>\n","protected":false},"author":1,"featured_media":52407,"comment_status":"open","ping_status":"open","sticky":false,"template":"","format":"standard","meta":{"content-type":"","jetpack_post_was_ever_published":false,"_jetpack_newsletter_access":"","_jetpack_dont_email_post_to_subs":false,"_jetpack_newsletter_tier_id":0,"_jetpack_memberships_contains_paywalled_content":false,"_jetpack_memberships_contains_paid_content":false,"footnotes":""},"categories":[95],"tags":[3368,692,3369,3370,3371],"class_list":["post-52406","post","type-post","status-publish","format-standard","has-post-thumbnail","hentry","category-opinion","tag-bandera","tag-ciudadano","tag-equivocada","tag-juro","tag-miguel-espaillat"],"jetpack_featured_media_url":"","jetpack-related-posts":[{"id":100878,"url":"https:\/\/lasprimeras.com.do\/index.php\/2025\/06\/13\/la-procuraduria-detiene-a-los-hermanos-espaillat-por-el-caso-del-jet-set\/","url_meta":{"origin":52406,"position":0},"title":"La Procuradur\u00eda detiene a los hermanos Espaillat por el caso del Jet Set","author":"Nelson Feliz","date":"13 de junio de 2025","format":false,"excerpt":"Su abogado Miguel Valerio explic\u00f3 que no hay ning\u00fan riesgo de fuga. Asegur\u00f3 que tampoco hubo malas intenciones en el suceso. El Ministerio P\u00fablico investiga por el delito de \u201chomicidio involuntario\u201d a Antonio Espaillat y a su hermana, Maribel Espaillat, propietarios de la discoteca Jet Set, cuyo techo se desplom\u00f3\u2026","rel":"","context":"En \u00abJUSTICIA\u00bb","block_context":{"text":"JUSTICIA","link":"https:\/\/lasprimeras.com.do\/index.php\/category\/justicia\/"},"img":{"alt_text":"Miguel Valerio, abogado de Espaillat","src":"https:\/\/i0.wp.com\/lasprimeras.com.do\/wp-content\/uploads\/2025\/06\/Miguel-Valerio-abogado-de-Espaillat.jpeg?resize=350%2C200&ssl=1","width":350,"height":200,"srcset":"https:\/\/i0.wp.com\/lasprimeras.com.do\/wp-content\/uploads\/2025\/06\/Miguel-Valerio-abogado-de-Espaillat.jpeg?resize=350%2C200&ssl=1 1x, https:\/\/i0.wp.com\/lasprimeras.com.do\/wp-content\/uploads\/2025\/06\/Miguel-Valerio-abogado-de-Espaillat.jpeg?resize=525%2C300&ssl=1 1.5x, https:\/\/i0.wp.com\/lasprimeras.com.do\/wp-content\/uploads\/2025\/06\/Miguel-Valerio-abogado-de-Espaillat.jpeg?resize=700%2C400&ssl=1 2x"},"classes":[]},{"id":100860,"url":"https:\/\/lasprimeras.com.do\/index.php\/2025\/06\/13\/defensa-de-antonio-espaillat-asegura-que-propietario-del-jet-set-puede-llevar-proceso-en-libertad\/","url_meta":{"origin":52406,"position":1},"title":"Defensa de Antonio Espaillat asegura que propietario del Jet Set puede &#8220;llevar proceso en libertad&#8221;","author":"Nelson Feliz","date":"13 de junio de 2025","format":false,"excerpt":"Valerio indic\u00f3 que se encuentran de acuerdo con la calificaci\u00f3n jur\u00eddica otorgada por el Ministerio P\u00fablico. La defensa de Antonio Espaillat, propietario del Jet Set, asegur\u00f3 que su cliente est\u00e1 en plena facultad de \"llevar en libertad\" el proceso legal que se realizar\u00e1 en su contra por el colapso del\u2026","rel":"","context":"En \u00abJUSTICIA\u00bb","block_context":{"text":"JUSTICIA","link":"https:\/\/lasprimeras.com.do\/index.php\/category\/justicia\/"},"img":{"alt_text":"Miguel Valerio, abogado de Espaillat","src":"https:\/\/i0.wp.com\/lasprimeras.com.do\/wp-content\/uploads\/2025\/06\/Miguel-Valerio-abogado-de-Espaillat.jpeg?resize=350%2C200&ssl=1","width":350,"height":200,"srcset":"https:\/\/i0.wp.com\/lasprimeras.com.do\/wp-content\/uploads\/2025\/06\/Miguel-Valerio-abogado-de-Espaillat.jpeg?resize=350%2C200&ssl=1 1x, https:\/\/i0.wp.com\/lasprimeras.com.do\/wp-content\/uploads\/2025\/06\/Miguel-Valerio-abogado-de-Espaillat.jpeg?resize=525%2C300&ssl=1 1.5x, https:\/\/i0.wp.com\/lasprimeras.com.do\/wp-content\/uploads\/2025\/06\/Miguel-Valerio-abogado-de-Espaillat.jpeg?resize=700%2C400&ssl=1 2x"},"classes":[]},{"id":107629,"url":"https:\/\/lasprimeras.com.do\/index.php\/2025\/08\/28\/danilo-medina-reafirma-los-simbolos-historicos-del-pld\/","url_meta":{"origin":52406,"position":2},"title":"Danilo Medina reafirma los s\u00edmbolos hist\u00f3ricos del PLD","author":"Nelson Feliz","date":"28 de agosto de 2025","format":false,"excerpt":"Danilo Medina: \u201cSolo existe un Partido de la Liberaci\u00f3n Dominicana, es el de la bandera morada con la estrella amarilla y las siglas PLD\u201d. \u201cSolo existe un Partido de la Liberaci\u00f3n Dominicana, es el de la bandera morada con la estrella amarilla y las siglas PLD\u201d, la aseveraci\u00f3n es del\u2026","rel":"","context":"En \u00abPOLITICA\u00bb","block_context":{"text":"POLITICA","link":"https:\/\/lasprimeras.com.do\/index.php\/category\/politica\/"},"img":{"alt_text":"","src":"https:\/\/i0.wp.com\/lasprimeras.com.do\/wp-content\/uploads\/2025\/08\/Danilo-en-Moca.jpg?resize=350%2C200&ssl=1","width":350,"height":200,"srcset":"https:\/\/i0.wp.com\/lasprimeras.com.do\/wp-content\/uploads\/2025\/08\/Danilo-en-Moca.jpg?resize=350%2C200&ssl=1 1x, https:\/\/i0.wp.com\/lasprimeras.com.do\/wp-content\/uploads\/2025\/08\/Danilo-en-Moca.jpg?resize=525%2C300&ssl=1 1.5x, https:\/\/i0.wp.com\/lasprimeras.com.do\/wp-content\/uploads\/2025\/08\/Danilo-en-Moca.jpg?resize=700%2C400&ssl=1 2x"},"classes":[]},{"id":127511,"url":"https:\/\/lasprimeras.com.do\/index.php\/2026\/04\/13\/congresista-espaillat-juramenta-en-ny-directiva-prensa-comunidad-hispana-2026-27\/","url_meta":{"origin":52406,"position":3},"title":"Congresista Espaillat juramenta en NY directiva Prensa &#038; Comunidad Hispana 2026-27","author":"Nelson Feliz","date":"13 de abril de 2026","format":false,"excerpt":"https:\/\/www.youtube.com\/watch?v=g9Ybt5qMJBo Por Ram\u00f3n Mercedes NUEVA YORK.- El congresista Adriano Espaillat (D-13) jurament\u00f3 por tercera vez a la directiva de Prensa & Comunidad Hispana Corp. (PreCoHis) en esta ciudad, que dirige el autor de esta cr\u00f3nica. Esta vez corresponde a la directiva 2026-2027. Adem\u00e1s del autor de esta nota, quien ejerce\u2026","rel":"","context":"En \u00abINTERNACIONALES\u00bb","block_context":{"text":"INTERNACIONALES","link":"https:\/\/lasprimeras.com.do\/index.php\/category\/sin-categoria\/internacionales\/"},"img":{"alt_text":"","src":"https:\/\/i0.wp.com\/lasprimeras.com.do\/wp-content\/uploads\/2026\/04\/Congresista-Espaillat-juramenta-en-NY-directiva-Prensa-Comunidad-Hispana-2026-27.jpg?resize=350%2C200&ssl=1","width":350,"height":200,"srcset":"https:\/\/i0.wp.com\/lasprimeras.com.do\/wp-content\/uploads\/2026\/04\/Congresista-Espaillat-juramenta-en-NY-directiva-Prensa-Comunidad-Hispana-2026-27.jpg?resize=350%2C200&ssl=1 1x, https:\/\/i0.wp.com\/lasprimeras.com.do\/wp-content\/uploads\/2026\/04\/Congresista-Espaillat-juramenta-en-NY-directiva-Prensa-Comunidad-Hispana-2026-27.jpg?resize=525%2C300&ssl=1 1.5x, https:\/\/i0.wp.com\/lasprimeras.com.do\/wp-content\/uploads\/2026\/04\/Congresista-Espaillat-juramenta-en-NY-directiva-Prensa-Comunidad-Hispana-2026-27.jpg?resize=700%2C400&ssl=1 2x"},"classes":[]},{"id":120405,"url":"https:\/\/lasprimeras.com.do\/index.php\/2026\/01\/23\/miguel-florentino-ratifica-victor-pavon-seria-la-mejor-oferta-electoral-a-la-acaldia-de-sdn\/","url_meta":{"origin":52406,"position":4},"title":"Miguel Florentino ratifica V\u00edctor Pav\u00f3n ser\u00eda la mejor oferta electoral a la acaldia de SDN","author":"Nelson Feliz","date":"23 de enero de 2026","format":false,"excerpt":"El miembro de la Direcci\u00f3n Central del partido Fuerza del Pueblo (FP), Miguel Florentino, ratific\u00f3 su respaldo irrestricto a V\u00edctor Pav\u00f3n como potencial aspirante alcalde de Santo Domingo Norte. Florentino expres\u00f3 sus consideraciones en el marco de una entrevista realizada en el programa televisivo \u00abComentando lo que Pas\u00f3\u00bb, que produce\u2026","rel":"","context":"En \u00abPOLITICA\u00bb","block_context":{"text":"POLITICA","link":"https:\/\/lasprimeras.com.do\/index.php\/category\/politica\/"},"img":{"alt_text":"","src":"https:\/\/i0.wp.com\/lasprimeras.com.do\/wp-content\/uploads\/2026\/01\/1481af94bb024dce829d817cea529fc8.jpg?resize=350%2C200&ssl=1","width":350,"height":200},"classes":[]},{"id":124367,"url":"https:\/\/lasprimeras.com.do\/index.php\/2026\/03\/11\/mide-inicia-nuevo-ciclo-de-formacion-del-servicio-militar-voluntario\/","url_meta":{"origin":52406,"position":5},"title":"MIDE inicia nuevo ciclo de formaci\u00f3n del Servicio Militar Voluntario","author":"Nelson Feliz","date":"11 de marzo de 2026","format":false,"excerpt":"El Ministerio de Defensa (MIDE) dio apertura formal al ciclo de entrenamiento correspondiente al per\u00edodo marzo-mayo 2026 del Programa de Formaci\u00f3n en Valores del Servicio Militar Voluntario, mediante un solemne acto de izada de bandera celebrado en el Polit\u00e9cnico Evangelina Santos Berg\u00e9s, ubicado en Ciudad Juan Bosch, Santo Domingo Este.\u2026","rel":"","context":"En \u00abMILITARES\u00bb","block_context":{"text":"MILITARES","link":"https:\/\/lasprimeras.com.do\/index.php\/category\/militares\/"},"img":{"alt_text":"","src":"https:\/\/i0.wp.com\/lasprimeras.com.do\/wp-content\/uploads\/2026\/03\/onofre.jpg?resize=350%2C200&ssl=1","width":350,"height":200,"srcset":"https:\/\/i0.wp.com\/lasprimeras.com.do\/wp-content\/uploads\/2026\/03\/onofre.jpg?resize=350%2C200&ssl=1 1x, https:\/\/i0.wp.com\/lasprimeras.com.do\/wp-content\/uploads\/2026\/03\/onofre.jpg?resize=525%2C300&ssl=1 1.5x, https:\/\/i0.wp.com\/lasprimeras.com.do\/wp-content\/uploads\/2026\/03\/onofre.jpg?resize=700%2C400&ssl=1 2x"},"classes":[]}],"jetpack_sharing_enabled":true,"_links":{"self":[{"href":"https:\/\/lasprimeras.com.do\/index.php\/wp-json\/wp\/v2\/posts\/52406","targetHints":{"allow":["GET"]}}],"collection":[{"href":"https:\/\/lasprimeras.com.do\/index.php\/wp-json\/wp\/v2\/posts"}],"about":[{"href":"https:\/\/lasprimeras.com.do\/index.php\/wp-json\/wp\/v2\/types\/post"}],"author":[{"embeddable":true,"href":"https:\/\/lasprimeras.com.do\/index.php\/wp-json\/wp\/v2\/users\/1"}],"replies":[{"embeddable":true,"href":"https:\/\/lasprimeras.com.do\/index.php\/wp-json\/wp\/v2\/comments?post=52406"}],"version-history":[{"count":0,"href":"https:\/\/lasprimeras.com.do\/index.php\/wp-json\/wp\/v2\/posts\/52406\/revisions"}],"wp:featuredmedia":[{"embeddable":true,"href":"https:\/\/lasprimeras.com.do\/index.php\/wp-json\/"}],"wp:attachment":[{"href":"https:\/\/lasprimeras.com.do\/index.php\/wp-json\/wp\/v2\/media?parent=52406"}],"wp:term":[{"taxonomy":"category","embeddable":true,"href":"https:\/\/lasprimeras.com.do\/index.php\/wp-json\/wp\/v2\/categories?post=52406"},{"taxonomy":"post_tag","embeddable":true,"href":"https:\/\/lasprimeras.com.do\/index.php\/wp-json\/wp\/v2\/tags?post=52406"}],"curies":[{"name":"wp","href":"https:\/\/api.w.org\/{rel}","templated":true}]}}