{"id":52416,"date":"2023-06-10T15:06:04","date_gmt":"2023-06-10T19:06:04","guid":{"rendered":"https:\/\/atento.com.do\/?p=52416"},"modified":"2023-06-10T15:06:04","modified_gmt":"2023-06-10T19:06:04","slug":"phd-sostiene-encuentro-politico-con-la-agrupacion-mision-amplia-sociopolitica","status":"publish","type":"post","link":"https:\/\/lasprimeras.com.do\/index.php\/2023\/06\/10\/phd-sostiene-encuentro-politico-con-la-agrupacion-mision-amplia-sociopolitica\/","title":{"rendered":"PHD sostiene encuentro pol\u00edtico con la agrupaci\u00f3n Misi\u00f3n Amplia Sociopol\u00edtica"},"content":{"rendered":"\n<p>El encuentro sirvi\u00f3 para intercambiar ideas sobre la problem\u00e1tica nacional y encontrar afinidades en sus propuestas pol\u00edticas de cara a los comicios del 2024.<\/p>\n\n\n\n<p>El Partido Humanista Dominicano (PHD) y el Movimiento Misi\u00f3n Amplia Sociopol\u00edtica (MAS) sostuvieron un encuentro para intercambiar ideas sobre la situaci\u00f3n nacional y buscar soluciones de cara a las pr\u00f3ximas elecciones del 2024.<\/p>\n\n\n\n<p>El encuentro fue encabezado por Ram\u00f3n Emilio Goris Taveras, presidente del PHD y por el profesor Higinio B\u00e1ez, secretario general de MAS, agrupaci\u00f3n conformado por hombres y mujeres progresistas.&nbsp;<\/p>\n\n\n\n<p>Goris Taveras, diputado ante el Parlacen, defini\u00f3 el encuentro de valioso e importante para la b\u00fasqueda de soluciones a los males que afectan a los m\u00e1s vulnerables y anunci\u00f3 que los encuentros continuar\u00e1n y que muy pronto se estar\u00e1n integrando otras organizaciones pol\u00edticas y sociales.<\/p>\n\n\n\n<p>De su lado, el tambi\u00e9n diputado ante el Parlamento Centroamericano (Parlacen), profesor y dirigente pol\u00edtico, Higinio B\u00e1ez , expres\u00f3 su satisfacci\u00f3n por&nbsp; los puntos en com\u00fan que tienen ambas organizaciones.<\/p>\n\n\n\n<p>\u00a8Estoy satisfecho con este primer encuentro por las potencialidades de capacidad y trabajo a beneficio del buen vivir de los dominicanos. Trabajaremos para profundizar los cambios que necesidad la sociedad dominicana\u00a8, expres\u00f3 el veterano dirigente de izquierda.<\/p>\n\n\n\n<p>En el encuentro participaron por el PHD, el doctor Jos\u00e9 Dunker, Humberto Peralta, Juli\u00e1n Burgos, Cristian Tejada&nbsp; y Amaury Fabi\u00e1n, mientras que por M\u00c1S estuvieron presentes los se\u00f1ores: David Polanco Cruceta, Quilvio Mateo y Or\u00e9ades P\u00e9rez Reyes. La actividad fue realizada en la Casa Nacional del PHD, del sector de Gazcue.<\/p>\n","protected":false},"excerpt":{"rendered":"<p>El encuentro sirvi\u00f3 para intercambiar ideas sobre la problem\u00e1tica nacional y encontrar afinidades en sus propuestas pol\u00edticas de cara a los comicios del 2024. El Partido Humanista Dominicano (PHD) y&hellip;<\/p>\n","protected":false},"author":1,"featured_media":52417,"comment_status":"open","ping_status":"open","sticky":false,"template":"","format":"standard","meta":{"content-type":"","jetpack_post_was_ever_published":false,"_jetpack_newsletter_access":"","_jetpack_dont_email_post_to_subs":false,"_jetpack_newsletter_tier_id":0,"_jetpack_memberships_contains_paywalled_content":false,"_jetpack_memberships_contains_paid_content":false,"footnotes":""},"categories":[25],"tags":[3376,2086,2170,41,1030,3377],"class_list":["post-52416","post","type-post","status-publish","format-standard","has-post-thumbnail","hentry","category-portada","tag-amplia-2","tag-encuentro","tag-mision","tag-phd","tag-politico","tag-sociopolitica"],"jetpack_featured_media_url":"","jetpack-related-posts":[{"id":73256,"url":"https:\/\/lasprimeras.com.do\/index.php\/2024\/01\/08\/phd-afirma-que-a-la-politica-hay-que-ponerle-contenido-a-favor-del-electorado\/","url_meta":{"origin":52416,"position":0},"title":"PHD afirma que a la pol\u00edtica hay que ponerle contenido a favor del electorado","author":"Nelson Feliz","date":"8 de enero de 2024","format":false,"excerpt":"El presidente del Partido Humanista Dominicano (PHD), Ram\u00f3n Emilio Goris, sugiri\u00f3 a los candidatos y candidatas a cargos electivos de su organizaci\u00f3n ponerle contenido pol\u00edtico y social a sus planes y propuestas para enriquecer el debate y atraer una mayor participaci\u00f3n de votantes en las pr\u00f3ximas elecciones de febrero y\u2026","rel":"","context":"En \u00abPORTADA\u00bb","block_context":{"text":"PORTADA","link":"https:\/\/lasprimeras.com.do\/index.php\/category\/portada\/"},"img":{"alt_text":"Ram\u00f3n Emilio Goris Taveras","src":"https:\/\/i0.wp.com\/lasprimeras.com.do\/wp-content\/uploads\/2023\/06\/Ramon-Emilio-Goris-Taveras.jpg?resize=350%2C200&ssl=1","width":350,"height":200,"srcset":"https:\/\/i0.wp.com\/lasprimeras.com.do\/wp-content\/uploads\/2023\/06\/Ramon-Emilio-Goris-Taveras.jpg?resize=350%2C200&ssl=1 1x, https:\/\/i0.wp.com\/lasprimeras.com.do\/wp-content\/uploads\/2023\/06\/Ramon-Emilio-Goris-Taveras.jpg?resize=525%2C300&ssl=1 1.5x, https:\/\/i0.wp.com\/lasprimeras.com.do\/wp-content\/uploads\/2023\/06\/Ramon-Emilio-Goris-Taveras.jpg?resize=700%2C400&ssl=1 2x"},"classes":[]},{"id":55423,"url":"https:\/\/lasprimeras.com.do\/index.php\/2023\/07\/21\/phd-sostiene-encuentro-politico-con-movimiento-trinitario-liberacion\/","url_meta":{"origin":52416,"position":1},"title":"PHD sostiene encuentro pol\u00edtico con Movimiento Trinitario Liberaci\u00f3n","author":"Nelson Feliz","date":"21 de julio de 2023","format":false,"excerpt":"Ram\u00f3n Emilio Goris Taveras valor\u00f3 el encuentro donde abordaron temas como la inseguridad ciudadana, la mano de obra barata, la protecci\u00f3n a la producci\u00f3n arrocera y la amenaza del fentanilo. Una comisi\u00f3n del Partido Humanista Dominicano (PHD), encabezada por su presidente, Ram\u00f3n Emilio Goris Taveras sostuvo un encuentro pol\u00edtico con\u2026","rel":"","context":"En \u00abPORTADA\u00bb","block_context":{"text":"PORTADA","link":"https:\/\/lasprimeras.com.do\/index.php\/category\/portada\/"},"img":{"alt_text":"PHD","src":"https:\/\/i0.wp.com\/lasprimeras.com.do\/wp-content\/uploads\/2023\/07\/PHD.jpg?resize=350%2C200&ssl=1","width":350,"height":200,"srcset":"https:\/\/i0.wp.com\/lasprimeras.com.do\/wp-content\/uploads\/2023\/07\/PHD.jpg?resize=350%2C200&ssl=1 1x, https:\/\/i0.wp.com\/lasprimeras.com.do\/wp-content\/uploads\/2023\/07\/PHD.jpg?resize=525%2C300&ssl=1 1.5x, https:\/\/i0.wp.com\/lasprimeras.com.do\/wp-content\/uploads\/2023\/07\/PHD.jpg?resize=700%2C400&ssl=1 2x"},"classes":[]},{"id":65128,"url":"https:\/\/lasprimeras.com.do\/index.php\/2023\/10\/25\/phd-llega-acuerdo-con-el-prm\/","url_meta":{"origin":52416,"position":2},"title":"PHD llega acuerdo con el PRM","author":"Nelson Feliz","date":"25 de octubre de 2023","format":false,"excerpt":"\"Hemos llegado a una mayor aproximaci\u00f3n para la posibilidad de una alianza pol\u00edtica con el PRM\", asegura, el dirigente pol\u00edtico. Roberto Moncl\u00fas El presidente del Partido Humanista Dominicano, Ram\u00f3n Emilio Goris Taveras, en un comunicado emitido hoy, ha destacado la importancia de que las actuales autoridades contin\u00faen avanzando en la\u2026","rel":"","context":"En \u00abSin categor\u00eda\u00bb","block_context":{"text":"Sin categor\u00eda","link":"https:\/\/lasprimeras.com.do\/index.php\/category\/sin-categoria\/"},"img":{"alt_text":"Ram\u00f3n Emilio Goris","src":"https:\/\/i0.wp.com\/lasprimeras.com.do\/wp-content\/uploads\/2023\/10\/Ramon-Emilio-Goris-Taveras.jpg?resize=350%2C200&ssl=1","width":350,"height":200,"srcset":"https:\/\/i0.wp.com\/lasprimeras.com.do\/wp-content\/uploads\/2023\/10\/Ramon-Emilio-Goris-Taveras.jpg?resize=350%2C200&ssl=1 1x, https:\/\/i0.wp.com\/lasprimeras.com.do\/wp-content\/uploads\/2023\/10\/Ramon-Emilio-Goris-Taveras.jpg?resize=525%2C300&ssl=1 1.5x, https:\/\/i0.wp.com\/lasprimeras.com.do\/wp-content\/uploads\/2023\/10\/Ramon-Emilio-Goris-Taveras.jpg?resize=700%2C400&ssl=1 2x"},"classes":[]},{"id":53603,"url":"https:\/\/lasprimeras.com.do\/index.php\/2023\/06\/29\/phd-anuncia-en-julio-presentara-boleta-presidencial-y-candidatos-a-cargos-electivos\/","url_meta":{"origin":52416,"position":3},"title":"PHD anuncia en julio presentar\u00e1 boleta presidencial y candidatos a cargos electivos","author":"Nelson Feliz","date":"29 de junio de 2023","format":false,"excerpt":"El presidente del Partido Humanista Dominicano (PHD), Ram\u00f3n Emilio Goris Taveras, inform\u00f3 que presentara su boleta presidencial y los candidatos a cargos electivos para las elecciones del 2024. El dirigente pol\u00edtico explic\u00f3 que los organismo de esa organizaci\u00f3n trabajan en lo que ser\u00e1 su propuesta de gobierno, que tendr\u00e1 10\u2026","rel":"","context":"En \u00abSin categor\u00eda\u00bb","block_context":{"text":"Sin categor\u00eda","link":"https:\/\/lasprimeras.com.do\/index.php\/category\/sin-categoria\/"},"img":{"alt_text":"Ram\u00f3n Emilio Goris Taveras","src":"https:\/\/i0.wp.com\/lasprimeras.com.do\/wp-content\/uploads\/2023\/06\/Ramon-Emilio-Goris-Taveras.jpg?resize=350%2C200&ssl=1","width":350,"height":200,"srcset":"https:\/\/i0.wp.com\/lasprimeras.com.do\/wp-content\/uploads\/2023\/06\/Ramon-Emilio-Goris-Taveras.jpg?resize=350%2C200&ssl=1 1x, https:\/\/i0.wp.com\/lasprimeras.com.do\/wp-content\/uploads\/2023\/06\/Ramon-Emilio-Goris-Taveras.jpg?resize=525%2C300&ssl=1 1.5x, https:\/\/i0.wp.com\/lasprimeras.com.do\/wp-content\/uploads\/2023\/06\/Ramon-Emilio-Goris-Taveras.jpg?resize=700%2C400&ssl=1 2x"},"classes":[]},{"id":54377,"url":"https:\/\/lasprimeras.com.do\/index.php\/2023\/07\/10\/phd-pospone-conocimiento-de-alianza-presidencial\/","url_meta":{"origin":52416,"position":4},"title":"PHD pospone conocimiento de alianza presidencial","author":"Nelson Feliz","date":"10 de julio de 2023","format":false,"excerpt":"El Partido Humanista Dominicano ominicano (PHD) posterg\u00f3 la decisi\u00f3n de conocer la propuesta para posible alianza y selecci\u00f3n del candidatos presidencial que llevar\u00e1 esta organizaci\u00f3n pol\u00edtica de caras a participar en el pr\u00f3ximo torneo electoral de la Rep\u00fablica Dominicana. El presidente del PHD, Ram\u00f3n Emilio Goris , explic\u00f3 que la\u2026","rel":"","context":"En \u00abPORTADA\u00bb","block_context":{"text":"PORTADA","link":"https:\/\/lasprimeras.com.do\/index.php\/category\/portada\/"},"img":{"alt_text":"Ram\u00f3n Emilio Goris Taveras","src":"https:\/\/i0.wp.com\/lasprimeras.com.do\/wp-content\/uploads\/2023\/06\/Ramon-Emilio-Goris-Taveras.jpg?resize=350%2C200&ssl=1","width":350,"height":200,"srcset":"https:\/\/i0.wp.com\/lasprimeras.com.do\/wp-content\/uploads\/2023\/06\/Ramon-Emilio-Goris-Taveras.jpg?resize=350%2C200&ssl=1 1x, https:\/\/i0.wp.com\/lasprimeras.com.do\/wp-content\/uploads\/2023\/06\/Ramon-Emilio-Goris-Taveras.jpg?resize=525%2C300&ssl=1 1.5x, https:\/\/i0.wp.com\/lasprimeras.com.do\/wp-content\/uploads\/2023\/06\/Ramon-Emilio-Goris-Taveras.jpg?resize=700%2C400&ssl=1 2x"},"classes":[]},{"id":55911,"url":"https:\/\/lasprimeras.com.do\/index.php\/2023\/07\/26\/phd-imparte-taller-de-formacion-politica-e-induccion-del-humanismo-cristiano\/","url_meta":{"origin":52416,"position":5},"title":"PHD imparte taller de formaci\u00f3n pol\u00edtica e inducci\u00f3n del humanismo cristiano","author":"Nelson Feliz","date":"26 de julio de 2023","format":false,"excerpt":"Ram\u00f3n Emilio Goris Taveras, presidente del PHD, resalta la importancia de la capacitaci\u00f3n pol\u00edtica. El presidente del Partido Humanista Dominicano (PHD), Ram\u00f3n Emilio Goris Taveras, destac\u00f3 la importancia de la formaci\u00f3n pol\u00edtica para tener una nueva generaci\u00f3n rica en valores \u00e9ticos en la Administraci\u00f3n P\u00fablica, en los ayuntamientos y en\u2026","rel":"","context":"En \u00abPORTADA\u00bb","block_context":{"text":"PORTADA","link":"https:\/\/lasprimeras.com.do\/index.php\/category\/portada\/"},"img":{"alt_text":"","src":"https:\/\/i0.wp.com\/lasprimeras.com.do\/wp-content\/uploads\/2023\/07\/PHD-TALLER.jpg?resize=350%2C200&ssl=1","width":350,"height":200,"srcset":"https:\/\/i0.wp.com\/lasprimeras.com.do\/wp-content\/uploads\/2023\/07\/PHD-TALLER.jpg?resize=350%2C200&ssl=1 1x, https:\/\/i0.wp.com\/lasprimeras.com.do\/wp-content\/uploads\/2023\/07\/PHD-TALLER.jpg?resize=525%2C300&ssl=1 1.5x, https:\/\/i0.wp.com\/lasprimeras.com.do\/wp-content\/uploads\/2023\/07\/PHD-TALLER.jpg?resize=700%2C400&ssl=1 2x"},"classes":[]}],"jetpack_sharing_enabled":true,"_links":{"self":[{"href":"https:\/\/lasprimeras.com.do\/index.php\/wp-json\/wp\/v2\/posts\/52416","targetHints":{"allow":["GET"]}}],"collection":[{"href":"https:\/\/lasprimeras.com.do\/index.php\/wp-json\/wp\/v2\/posts"}],"about":[{"href":"https:\/\/lasprimeras.com.do\/index.php\/wp-json\/wp\/v2\/types\/post"}],"author":[{"embeddable":true,"href":"https:\/\/lasprimeras.com.do\/index.php\/wp-json\/wp\/v2\/users\/1"}],"replies":[{"embeddable":true,"href":"https:\/\/lasprimeras.com.do\/index.php\/wp-json\/wp\/v2\/comments?post=52416"}],"version-history":[{"count":0,"href":"https:\/\/lasprimeras.com.do\/index.php\/wp-json\/wp\/v2\/posts\/52416\/revisions"}],"wp:featuredmedia":[{"embeddable":true,"href":"https:\/\/lasprimeras.com.do\/index.php\/wp-json\/"}],"wp:attachment":[{"href":"https:\/\/lasprimeras.com.do\/index.php\/wp-json\/wp\/v2\/media?parent=52416"}],"wp:term":[{"taxonomy":"category","embeddable":true,"href":"https:\/\/lasprimeras.com.do\/index.php\/wp-json\/wp\/v2\/categories?post=52416"},{"taxonomy":"post_tag","embeddable":true,"href":"https:\/\/lasprimeras.com.do\/index.php\/wp-json\/wp\/v2\/tags?post=52416"}],"curies":[{"name":"wp","href":"https:\/\/api.w.org\/{rel}","templated":true}]}}