{"id":52426,"date":"2023-06-10T15:30:17","date_gmt":"2023-06-10T19:30:17","guid":{"rendered":"https:\/\/atento.com.do\/?p=52426"},"modified":"2023-06-10T15:30:17","modified_gmt":"2023-06-10T19:30:17","slug":"eddy-corona-se-posiciona-dentro-de-la-musica-urbana-con-letras-limpias","status":"publish","type":"post","link":"https:\/\/lasprimeras.com.do\/index.php\/2023\/06\/10\/eddy-corona-se-posiciona-dentro-de-la-musica-urbana-con-letras-limpias\/","title":{"rendered":"Eddy Corona se posiciona dentro de la m\u00fasica urbana con letras limpias"},"content":{"rendered":"\n<p>El popular cantante urbano cristiano Eddy Corona &#8220;Str8Talk&#8221;, contin\u00faa posicion\u00e1ndose dentro del competitivo mundo de la m\u00fasica urbana con dos importantes colaboraciones.<\/p>\n\n\n\n<p>La primera es &#8220;Un d\u00eda a la vez&#8221;, atractiva propuesta musical que grab\u00f3 junto a la nueva cara del merengue pop Jerek Music, quien fue contraparte de Manny Cruz en su concierto &#8220;Dominicano de coraz\u00f3n&#8221;, en el Estadio Ol\u00edmpico F\u00e9lix S\u00e1nchez, de Santo Domingo.<\/p>\n\n\n\n<p>&#8220;Jerek me present\u00f3 el proyecto, lo consult\u00e9 con mi equipo de trabajo y no s\u00f3lo nos encant\u00f3 el tema sino que entendimos que este emprendedor artista, viene posicion\u00e1ndose como la nueva cara del merengue, por lo cual la oportunidad fue amena\u201d, expres\u00f3 Corona sobre el sencillo.<\/p>\n\n\n\n<p>&#8220;Un d\u00eda a la vez&#8221; es un merengue con un toque urbano y moderno compuesto en conjunto entre Junior Ambioris Recio, Jerek Music, Eduard Salazar (DJ G\u00e9nesis) y Eddy Corona. La canci\u00f3n fue producida por Junior Ambioris Recio, Luis Ogando y el propio Jerek Music.<\/p>\n\n\n\n<p>\u201cA veces nos enfocamos mucho en el diario vivir y se nos olvida que Dios tiene el control de todo, por eso decidimos titularlo &#8220;Un d\u00eda a la vez&#8221;, explic\u00f3 Corona.<\/p>\n\n\n\n<p>De igual manera, en el audiovisual, que acompa\u00f1a al merengue y que fue producido por el veterano productor musical DJ G\u00e9nesis, muestran \u201cel diario vivir de un ser humano, levant\u00e1ndose, yendo a trabajar y que a pesar de las circunstancias y los obst\u00e1culos en el camino, Dios siempre tiene una soluci\u00f3n positiva a sus problemas\u201d, afirm\u00f3 el artista.<\/p>\n\n\n\n<p>En ese mismo tenor, el reconocido cantante colabor\u00f3 en el tema &#8220;Mi alma canta&#8221; con la artista urbana cristiana Fresa Ruiz, quien recientemente fue nominada a los Premios El Galard\u00f3n en Rep\u00fablica Dominicana.<\/p>\n\n\n\n<p>\u201cEsta colaboraci\u00f3n es un desaf\u00edo al tema de la depresi\u00f3n, la cual lleva el mensaje de que la soluci\u00f3n est\u00e1 en manos de Dios\u201d, coment\u00f3 Corona.<\/p>\n\n\n\n<p>La canci\u00f3n es una composici\u00f3n de Fresa Ruiz, Corona y Eduard Salazar (DJ G\u00e9nesis), quien, a la vez, es el productor del tema y quien tambi\u00e9n dirigi\u00f3 el video musical del mismo.<\/p>\n\n\n\n<p>\u201cTambi\u00e9n, Dios ha sido tan bueno conmigo y me ha dado tanto sin merecerlo que &#8220;Mi alma canta&#8221; es el mejor t\u00edtulo para describir su misericordia en m\u00ed\u201d, aport\u00f3 el urbano.<\/p>\n\n\n\n<p>Eddy Corona &#8220;Str8Talk&#8221; est\u00e1 trabajando en su producci\u00f3n musical &#8220;Hay fe&#8221; la cual ver\u00e1 la luz muy pronto y estar\u00e1 disponible en todas las plataformas digitales.<\/p>\n\n\n\n<p>Los interesados en seguir la trayectoria de este talentoso cantante urbano, pueden hacerlo en la red social Instagram, como @eddycoronastr8talk.<\/p>\n\n\n\n<figure class=\"wp-block-embed is-type-video is-provider-youtube wp-block-embed-youtube wp-embed-aspect-16-9 wp-has-aspect-ratio\"><div class=\"wp-block-embed__wrapper\">\n<iframe title=\"Mi alma canta Feat Fresa Ruiz (Video Oficial)\" width=\"500\" height=\"281\" src=\"https:\/\/www.youtube.com\/embed\/03eNamYu200?feature=oembed\" frameborder=\"0\" allow=\"accelerometer; autoplay; clipboard-write; encrypted-media; gyroscope; picture-in-picture; web-share\" referrerpolicy=\"strict-origin-when-cross-origin\" allowfullscreen><\/iframe>\n<\/div><\/figure>\n","protected":false},"excerpt":{"rendered":"<p>El popular cantante urbano cristiano Eddy Corona &#8220;Str8Talk&#8221;, contin\u00faa posicion\u00e1ndose dentro del competitivo mundo de la m\u00fasica urbana con dos importantes colaboraciones. La primera es &#8220;Un d\u00eda a la vez&#8221;,&hellip;<\/p>\n","protected":false},"author":1,"featured_media":52427,"comment_status":"open","ping_status":"open","sticky":false,"template":"","format":"standard","meta":{"content-type":"","jetpack_post_was_ever_published":false,"_jetpack_newsletter_access":"","_jetpack_dont_email_post_to_subs":false,"_jetpack_newsletter_tier_id":0,"_jetpack_memberships_contains_paywalled_content":false,"_jetpack_memberships_contains_paid_content":false,"footnotes":""},"categories":[84],"tags":[3381,3382,3383,3384,3385],"class_list":["post-52426","post","type-post","status-publish","format-standard","has-post-thumbnail","hentry","category-entretenimiento","tag-eddy-corona","tag-letras","tag-musica-urbana","tag-se-posiciona","tag-str8talk"],"jetpack_featured_media_url":"","jetpack-related-posts":[{"id":115925,"url":"https:\/\/lasprimeras.com.do\/index.php\/2025\/11\/26\/john-electric-lanza-su-nuevo-merengue-urbano-tabla-una-mezcla-explosiva-de-picardia-y-vacilon\/","url_meta":{"origin":52426,"position":0},"title":"John Electric lanza su nuevo merengue urbano \u201cTabla\u201d una mezcla explosiva de picard\u00eda y vacil\u00f3n","author":"Nelson Feliz","date":"26 de noviembre de 2025","format":false,"excerpt":"El artista dominicano radicado en los Estados Unidos, John Torres, conocido art\u00edsticamente como John Electric, lanz\u00f3 oficialmente su nuevo sencillo \u201cTabla\u201d, un merengue urbano cargado de ritmo, humor y las vivencias intensas de las relaciones modernas. El tema forma parte de su m\u00e1s reciente \u00e1lbum musical Ritmo de Dos Orillas\u2026","rel":"","context":"En \u00abENTRETENIMIENTO\u00bb","block_context":{"text":"ENTRETENIMIENTO","link":"https:\/\/lasprimeras.com.do\/index.php\/category\/entretenimiento\/"},"img":{"alt_text":"","src":"https:\/\/i0.wp.com\/lasprimeras.com.do\/wp-content\/uploads\/2025\/11\/John-Electric-1.jpg?resize=350%2C200&ssl=1","width":350,"height":200,"srcset":"https:\/\/i0.wp.com\/lasprimeras.com.do\/wp-content\/uploads\/2025\/11\/John-Electric-1.jpg?resize=350%2C200&ssl=1 1x, https:\/\/i0.wp.com\/lasprimeras.com.do\/wp-content\/uploads\/2025\/11\/John-Electric-1.jpg?resize=525%2C300&ssl=1 1.5x, https:\/\/i0.wp.com\/lasprimeras.com.do\/wp-content\/uploads\/2025\/11\/John-Electric-1.jpg?resize=700%2C400&ssl=1 2x"},"classes":[]},{"id":125063,"url":"https:\/\/lasprimeras.com.do\/index.php\/2026\/03\/18\/dalvin-la-melodia-brilla-y-gana-el-premio-revelacion-del-ano-en-los-soberano-2026\/","url_meta":{"origin":52426,"position":1},"title":"Dalvin La Melod\u00eda brilla y gana el premio Revelaci\u00f3n del A\u00f1o en los Soberano 2026","author":"Nelson Feliz","date":"18 de marzo de 2026","format":false,"excerpt":"El bachatero Dalvin La Melod\u00eda se alz\u00f3 con el premio Revelaci\u00f3n del A\u00f1o en los Premios Soberano 2026, celebrados la noche de este mi\u00e9rcoles en la capital dominicana. El int\u00e9rprete de \u201cMi reina\u201d compet\u00eda junto a Evenezer Guerra, la cantante cristiana Martha Candela y La Fiera T\u00edpica. El galard\u00f3n fue\u2026","rel":"","context":"En \u00abENTRETENIMIENTO\u00bb","block_context":{"text":"ENTRETENIMIENTO","link":"https:\/\/lasprimeras.com.do\/index.php\/category\/entretenimiento\/"},"img":{"alt_text":"","src":"https:\/\/i0.wp.com\/lasprimeras.com.do\/wp-content\/uploads\/2026\/03\/Dalvin-La-Melodia.jpg?resize=350%2C200&ssl=1","width":350,"height":200,"srcset":"https:\/\/i0.wp.com\/lasprimeras.com.do\/wp-content\/uploads\/2026\/03\/Dalvin-La-Melodia.jpg?resize=350%2C200&ssl=1 1x, https:\/\/i0.wp.com\/lasprimeras.com.do\/wp-content\/uploads\/2026\/03\/Dalvin-La-Melodia.jpg?resize=525%2C300&ssl=1 1.5x, https:\/\/i0.wp.com\/lasprimeras.com.do\/wp-content\/uploads\/2026\/03\/Dalvin-La-Melodia.jpg?resize=700%2C400&ssl=1 2x"},"classes":[]},{"id":82291,"url":"https:\/\/lasprimeras.com.do\/index.php\/2024\/05\/01\/eddy-herrera-celebra-seis-decadas-de-vida-como-un-galan-del-merengue\/","url_meta":{"origin":52426,"position":2},"title":"Eddy Herrera celebra seis d\u00e9cadas de vida como un &#8220;gal\u00e1n del merengue&#8221;","author":"BIMARY DE JES\u00daS Matos","date":"1 de mayo de 2024","format":false,"excerpt":"Eddy Herrera, el cibae\u00f1o que en sus a\u00f1os mozos estaba m\u00e1s inclinado a la balada y que termin\u00f3 como figura estelar del merengue, cumple este martes 60 a\u00f1os de edad, 40 de ellos en la m\u00fasica. El denominado \"Gal\u00e1n del merengue\" naci\u00f3 el 30 de abril de 1964 en Santiago\u2026","rel":"","context":"En \u00abENTRETENIMIENTO\u00bb","block_context":{"text":"ENTRETENIMIENTO","link":"https:\/\/lasprimeras.com.do\/index.php\/category\/entretenimiento\/"},"img":{"alt_text":"","src":"https:\/\/i0.wp.com\/lasprimeras.com.do\/wp-content\/uploads\/2024\/05\/6a0c8a05-4f4b-48f5-a1d9-1ad180753c4a.jpg?resize=350%2C200&ssl=1","width":350,"height":200,"srcset":"https:\/\/i0.wp.com\/lasprimeras.com.do\/wp-content\/uploads\/2024\/05\/6a0c8a05-4f4b-48f5-a1d9-1ad180753c4a.jpg?resize=350%2C200&ssl=1 1x, https:\/\/i0.wp.com\/lasprimeras.com.do\/wp-content\/uploads\/2024\/05\/6a0c8a05-4f4b-48f5-a1d9-1ad180753c4a.jpg?resize=525%2C300&ssl=1 1.5x"},"classes":[]},{"id":102070,"url":"https:\/\/lasprimeras.com.do\/index.php\/2025\/06\/30\/muere-july-nunez-trompetista-y-fundador-de-la-orquesta-de-eddy-herrera\/","url_meta":{"origin":52426,"position":3},"title":"Muere July N\u00fa\u00f1ez, trompetista y fundador de la orquesta de Eddy Herrera","author":"Nelson Feliz","date":"30 de junio de 2025","format":false,"excerpt":"N\u00fa\u00f1ez estuvo en la agrupaci\u00f3n de Herrera desde su fundaci\u00f3n en el a\u00f1o 1990 hasta su fallecimiento. El trompetista July N\u00fa\u00f1ez, quien trabaj\u00f3 con las orquestas de merengue La Banda Gorda, La Artiller\u00eda, Eddy Herrera, Rocka Banda y Parada Joven, muri\u00f3 la noche de este domingo tras luchar contra el\u2026","rel":"","context":"En \u00abENTRETENIMIENTO\u00bb","block_context":{"text":"ENTRETENIMIENTO","link":"https:\/\/lasprimeras.com.do\/index.php\/category\/entretenimiento\/"},"img":{"alt_text":"","src":"https:\/\/i0.wp.com\/lasprimeras.com.do\/wp-content\/uploads\/2025\/06\/July-Nunez.jpeg?resize=350%2C200&ssl=1","width":350,"height":200,"srcset":"https:\/\/i0.wp.com\/lasprimeras.com.do\/wp-content\/uploads\/2025\/06\/July-Nunez.jpeg?resize=350%2C200&ssl=1 1x, https:\/\/i0.wp.com\/lasprimeras.com.do\/wp-content\/uploads\/2025\/06\/July-Nunez.jpeg?resize=525%2C300&ssl=1 1.5x, https:\/\/i0.wp.com\/lasprimeras.com.do\/wp-content\/uploads\/2025\/06\/July-Nunez.jpeg?resize=700%2C400&ssl=1 2x"},"classes":[]},{"id":60324,"url":"https:\/\/lasprimeras.com.do\/index.php\/2023\/09\/13\/maridalia-hernandez-jose-alberto-el-canario-y-wilfrido-vargas-estaran-en-concierto-agradecido-de-eddy-herrera\/","url_meta":{"origin":52426,"position":4},"title":"Maridalia Hern\u00e1ndez, Jos\u00e9 Alberto &#8220;El Canario&#8221; y Wilfrido Vargas estar\u00e1n en concierto \u201cAgradecido\u201d de Eddy Herrera","author":"Nelson Feliz","date":"13 de septiembre de 2023","format":false,"excerpt":"Bajo la producci\u00f3n de Edilenia Tactuk se presentar\u00e1 \u201cEl gal\u00e1n del merengue\u201d, el pr\u00f3ximo s\u00e1bado 23 de septiembre en El Gran Teatro del Cibao Emocionado y feliz, as\u00ed anunci\u00f3 Eddy Herrera a Maridalia Hern\u00e1ndez, Jos\u00e9 Alberto \"El Canario\" y Wilfrido Vargas, parte de los destacados artistas que lo acompa\u00f1ar\u00e1n el\u2026","rel":"","context":"En \u00abENTRETENIMIENTO\u00bb","block_context":{"text":"ENTRETENIMIENTO","link":"https:\/\/lasprimeras.com.do\/index.php\/category\/entretenimiento\/"},"img":{"alt_text":"Eddy Herrera","src":"https:\/\/i0.wp.com\/lasprimeras.com.do\/wp-content\/uploads\/2023\/09\/Eddy-Herrera-1.jpg?resize=350%2C200&ssl=1","width":350,"height":200,"srcset":"https:\/\/i0.wp.com\/lasprimeras.com.do\/wp-content\/uploads\/2023\/09\/Eddy-Herrera-1.jpg?resize=350%2C200&ssl=1 1x, https:\/\/i0.wp.com\/lasprimeras.com.do\/wp-content\/uploads\/2023\/09\/Eddy-Herrera-1.jpg?resize=525%2C300&ssl=1 1.5x, https:\/\/i0.wp.com\/lasprimeras.com.do\/wp-content\/uploads\/2023\/09\/Eddy-Herrera-1.jpg?resize=700%2C400&ssl=1 2x"},"classes":[]},{"id":51341,"url":"https:\/\/lasprimeras.com.do\/index.php\/2023\/05\/30\/proyecto-uno-estrena-como-tu-no-hay-dos-su-nuevo-sencillo-con-ritmo-pegajoso\/","url_meta":{"origin":52426,"position":5},"title":"Proyecto Uno estrena \u201cComo t\u00fa no hay dos\u201d, su nuevo sencillo con ritmo pegajoso","author":"prenxa100","date":"30 de mayo de 2023","format":false,"excerpt":"Miami, FL .-. Media Force Global + Partners - La exitosa agrupaci\u00f3n Proyecto Uno lanza el tema y v\u00eddeo musical \u201cComo t\u00fa no hay dos\u201d, que forma parte de su nueva producci\u00f3n discogr\u00e1fica titulada \u201cAniversario\u201d. Con m\u00e1s de tres d\u00e9cadas de trayectoria musical y siendo una de las agrupaciones preferidas\u2026","rel":"","context":"En \u00abENTRETENIMIENTO\u00bb","block_context":{"text":"ENTRETENIMIENTO","link":"https:\/\/lasprimeras.com.do\/index.php\/category\/entretenimiento\/"},"img":{"alt_text":"","src":"","width":0,"height":0},"classes":[]}],"jetpack_sharing_enabled":true,"_links":{"self":[{"href":"https:\/\/lasprimeras.com.do\/index.php\/wp-json\/wp\/v2\/posts\/52426","targetHints":{"allow":["GET"]}}],"collection":[{"href":"https:\/\/lasprimeras.com.do\/index.php\/wp-json\/wp\/v2\/posts"}],"about":[{"href":"https:\/\/lasprimeras.com.do\/index.php\/wp-json\/wp\/v2\/types\/post"}],"author":[{"embeddable":true,"href":"https:\/\/lasprimeras.com.do\/index.php\/wp-json\/wp\/v2\/users\/1"}],"replies":[{"embeddable":true,"href":"https:\/\/lasprimeras.com.do\/index.php\/wp-json\/wp\/v2\/comments?post=52426"}],"version-history":[{"count":0,"href":"https:\/\/lasprimeras.com.do\/index.php\/wp-json\/wp\/v2\/posts\/52426\/revisions"}],"wp:featuredmedia":[{"embeddable":true,"href":"https:\/\/lasprimeras.com.do\/index.php\/wp-json\/"}],"wp:attachment":[{"href":"https:\/\/lasprimeras.com.do\/index.php\/wp-json\/wp\/v2\/media?parent=52426"}],"wp:term":[{"taxonomy":"category","embeddable":true,"href":"https:\/\/lasprimeras.com.do\/index.php\/wp-json\/wp\/v2\/categories?post=52426"},{"taxonomy":"post_tag","embeddable":true,"href":"https:\/\/lasprimeras.com.do\/index.php\/wp-json\/wp\/v2\/tags?post=52426"}],"curies":[{"name":"wp","href":"https:\/\/api.w.org\/{rel}","templated":true}]}}