{"id":52429,"date":"2023-06-10T15:51:25","date_gmt":"2023-06-10T19:51:25","guid":{"rendered":"https:\/\/atento.com.do\/?p=52429"},"modified":"2023-06-10T15:51:25","modified_gmt":"2023-06-10T19:51:25","slug":"presidencia-entrega-a-ffaa-destacamentos-y-oficinas-moviles-para-vigilancia-fronteriza","status":"publish","type":"post","link":"https:\/\/lasprimeras.com.do\/index.php\/2023\/06\/10\/presidencia-entrega-a-ffaa-destacamentos-y-oficinas-moviles-para-vigilancia-fronteriza\/","title":{"rendered":"Presidencia entrega a FFAA destacamentos y oficinas m\u00f3viles para vigilancia fronteriza"},"content":{"rendered":"\n<p>Por Wilson P\u00e9rez<\/p>\n\n\n\n<p>La direcci\u00f3n general de Proyectos Estrat\u00e9gicos y Especiales de la Presidencia (PROPEEP) entreg\u00f3 diez oficinas y puestos m\u00f3viles al Ministerio de Defensa (MIDE) para fortalecer la vigilancia fronteriza y las condiciones en que los miembros de las Fuerzas Armadas desempe\u00f1an las labores preventivas contra acciones il\u00edcitas.<\/p>\n\n\n\n<p>El ministro de Defensa, teniente general Carlos Luciano D\u00edaz Morfa, recibi\u00f3 estas instalaciones m\u00f3viles de parte de Roberto \u00c1ngel Salcedo, director general de PROPEEP.<\/p>\n\n\n\n<p>En el acto participaron la gobernadora de esta provincia, Rosalba Milagros Pe\u00f1a; el comandante general del Ej\u00e9rcito de Rep\u00fablica Dominicana, mayor general Carlos A. Fern\u00e1ndez Onofre y el comandante de la Cuarta Brigada de Infanter\u00eda, general de brigada P\u00edano Chocohan Perdomo S\u00e1nchez.<\/p>\n\n\n\n<p>Las garitas m\u00f3viles, construidas en contenedores met\u00e1licos, funcionan como oficinas equipadas con c\u00e1maras de vigilancia, \u00e1rea de descanso, lavamanos, inodoros, energ\u00eda el\u00e9ctrica solar y otras facilidades para garantizar un ambiente adecuado a los soldados que hacen servicio en ellas.<\/p>\n\n\n\n<figure class=\"wp-block-image size-full\"><img decoding=\"async\" src=\"https:\/\/atento.com.do\/wp-content\/uploads\/2023\/06\/propeep-3.jpg\" alt=\"\" class=\"wp-image-52431\"\/><\/figure>\n\n\n\n<p>El titular del MIDE, al recibir las unidades dijo que constituyen &#8220;una herramienta clave para fortalecer la infraestructura de las Fuerzas Armadas y mejorar la capacidad operativa de sus soldados para el control de los flujos migratorios, la prevenci\u00f3n del contrabando, el narcotr\u00e1fico y otros il\u00edcitos, as\u00ed como para desempe\u00f1ar efectivamente sus funciones en la regi\u00f3n fronteriza con Hait\u00ed\u201d. <\/p>\n\n\n\n<p>El acto se desarroll\u00f3 en la fortaleza Beller del D\u00e9cimo Batall\u00f3n de Infanter\u00eda del Ej\u00e9rcito \u201cGeneral Francisco A. Salcedo\u201d y del que tambi\u00e9n participaron el general de brigada Rafael Antonio N\u00fa\u00f1ez Veloz, director de Planes y Operaciones del Estado Mayor Conjunto del MIDE (J3), el director del Cesfront, general de brigada Frank Mauricio Cabrera Riziek; el supervisor de la verja perimetral general de brigada Luis Coronado Abreu y el coronel Domingo Cruz Sosa, entre otras autoridades civiles y militares<\/p>\n","protected":false},"excerpt":{"rendered":"<p>Por Wilson P\u00e9rez La direcci\u00f3n general de Proyectos Estrat\u00e9gicos y Especiales de la Presidencia (PROPEEP) entreg\u00f3 diez oficinas y puestos m\u00f3viles al Ministerio de Defensa (MIDE) para fortalecer la vigilancia&hellip;<\/p>\n","protected":false},"author":1,"featured_media":52430,"comment_status":"open","ping_status":"open","sticky":false,"template":"","format":"standard","meta":{"content-type":"","jetpack_post_was_ever_published":false,"_jetpack_newsletter_access":"","_jetpack_dont_email_post_to_subs":false,"_jetpack_newsletter_tier_id":0,"_jetpack_memberships_contains_paywalled_content":false,"_jetpack_memberships_contains_paid_content":false,"footnotes":""},"categories":[3057,25],"tags":[3386,546,1466,3387,94,725],"class_list":["post-52429","post","type-post","status-publish","format-standard","has-post-thumbnail","hentry","category-militares","category-portada","tag-destacamentos","tag-ffaa","tag-fronteriza","tag-oficinas-moviles","tag-presidencia","tag-vigilancia"],"jetpack_featured_media_url":"","jetpack-related-posts":[{"id":98946,"url":"https:\/\/lasprimeras.com.do\/index.php\/2025\/05\/14\/ejercito-dominicano-despliega-otros-800-soldados-en-la-frontera-para-reforzar-la-seguridad-nacional\/","url_meta":{"origin":52429,"position":0},"title":"Ej\u00e9rcito Dominicano despliega otros 800 soldados en la frontera para reforzar la seguridad nacional","author":"Nelson Feliz","date":"14 de mayo de 2025","format":false,"excerpt":"El Ej\u00e9rcito de Rep\u00fablica Dominicana inici\u00f3 el env\u00edo de otros 800 soldados que ser\u00e1n desplegados en la l\u00ednea fronteriza como parte del reforzamiento de las operaciones de seguridad en esa zona del pa\u00eds. Este despliegue tiene como objetivo fortalecer los esfuerzos de vigilancia, patrullaje y control en la frontera, garantizando\u2026","rel":"","context":"En \u00abMILITARES\u00bb","block_context":{"text":"MILITARES","link":"https:\/\/lasprimeras.com.do\/index.php\/category\/militares\/"},"img":{"alt_text":"","src":"https:\/\/i0.wp.com\/lasprimeras.com.do\/wp-content\/uploads\/2025\/05\/Carlos-Antonio-Fernandez-Onofre.jpg?resize=350%2C200&ssl=1","width":350,"height":200,"srcset":"https:\/\/i0.wp.com\/lasprimeras.com.do\/wp-content\/uploads\/2025\/05\/Carlos-Antonio-Fernandez-Onofre.jpg?resize=350%2C200&ssl=1 1x, https:\/\/i0.wp.com\/lasprimeras.com.do\/wp-content\/uploads\/2025\/05\/Carlos-Antonio-Fernandez-Onofre.jpg?resize=525%2C300&ssl=1 1.5x, https:\/\/i0.wp.com\/lasprimeras.com.do\/wp-content\/uploads\/2025\/05\/Carlos-Antonio-Fernandez-Onofre.jpg?resize=700%2C400&ssl=1 2x"},"classes":[]},{"id":48469,"url":"https:\/\/lasprimeras.com.do\/index.php\/2023\/05\/01\/comandante-del-ejercito-refuerza-seguridad-fronteriza\/","url_meta":{"origin":52429,"position":1},"title":"Comandante del Ej\u00e9rcito refuerza seguridad fronteriza","author":"prenxa100","date":"1 de mayo de 2023","format":false,"excerpt":"Por Wilson P\u00e9rez Montecristi.-. El comandante general del Ej\u00e9rcito de Rep\u00fablica Dominicana mayor general Carlos Antonio Fern\u00e1ndez Onofre, reforz\u00f3 la seguridad fronteriza mediante un recorrido por el Destacamento Militar de Manzanillo. Fern\u00e1ndez Onofre, realiz\u00f3 un recorrido por la frontera Sur, Norte y Sur-este del pa\u00eds, donde supervis\u00f3 personalmente las labores\u2026","rel":"","context":"En \u00abNACIONALES\u00bb","block_context":{"text":"NACIONALES","link":"https:\/\/lasprimeras.com.do\/index.php\/category\/nacionales\/"},"img":{"alt_text":"","src":"https:\/\/i0.wp.com\/atento.com.do\/wp-content\/uploads\/2023\/05\/WhatsApp-Image-2023-05-01-at-7.48.49-AM-1024x1018.jpeg?resize=350%2C200&ssl=1","width":350,"height":200,"srcset":"https:\/\/i0.wp.com\/atento.com.do\/wp-content\/uploads\/2023\/05\/WhatsApp-Image-2023-05-01-at-7.48.49-AM-1024x1018.jpeg?resize=350%2C200&ssl=1 1x, https:\/\/i0.wp.com\/atento.com.do\/wp-content\/uploads\/2023\/05\/WhatsApp-Image-2023-05-01-at-7.48.49-AM-1024x1018.jpeg?resize=525%2C300&ssl=1 1.5x, https:\/\/i0.wp.com\/atento.com.do\/wp-content\/uploads\/2023\/05\/WhatsApp-Image-2023-05-01-at-7.48.49-AM-1024x1018.jpeg?resize=700%2C400&ssl=1 2x"},"classes":[]},{"id":85877,"url":"https:\/\/lasprimeras.com.do\/index.php\/2024\/07\/11\/ejercito-reinaugura-fortaleza-el-rodeo-en-jimani\/","url_meta":{"origin":52429,"position":2},"title":"Ej\u00e9rcito reinaugura Fortaleza \u201cEl Rodeo\u201d en Jiman\u00ed","author":"Nelson Feliz","date":"11 de julio de 2024","format":false,"excerpt":"El Ministro de Defensa, Teniente General Carlos Luciano D\u00edaz Morfa y el Comandante General del Ej\u00e9rcito de la Rep\u00fablica Dominicana, Mayor General Carlos Antonio Fern\u00e1ndez Onofre, reinauguraci\u00f3n por remozamiento de la Fortaleza \u201cEl Rodeo\u201d y las nuevas instalaciones del Destacamento Militar\u00a0 \u201c248\u201d ubicados en Jiman\u00ed provincia Independencia. Las palabras de\u2026","rel":"","context":"En \u00abMILITARES\u00bb","block_context":{"text":"MILITARES","link":"https:\/\/lasprimeras.com.do\/index.php\/category\/militares\/"},"img":{"alt_text":"El Rodeo","src":"https:\/\/i0.wp.com\/lasprimeras.com.do\/wp-content\/uploads\/2024\/07\/El-Rodeo-1.jpg?resize=350%2C200&ssl=1","width":350,"height":200,"srcset":"https:\/\/i0.wp.com\/lasprimeras.com.do\/wp-content\/uploads\/2024\/07\/El-Rodeo-1.jpg?resize=350%2C200&ssl=1 1x, https:\/\/i0.wp.com\/lasprimeras.com.do\/wp-content\/uploads\/2024\/07\/El-Rodeo-1.jpg?resize=525%2C300&ssl=1 1.5x, https:\/\/i0.wp.com\/lasprimeras.com.do\/wp-content\/uploads\/2024\/07\/El-Rodeo-1.jpg?resize=700%2C400&ssl=1 2x"},"classes":[]},{"id":60460,"url":"https:\/\/lasprimeras.com.do\/index.php\/2023\/09\/14\/abinader-entrega-vehiculos-con-la-mas-alta-tecnologia-de-telemetria-vehicular-y-conexion-satelital\/","url_meta":{"origin":52429,"position":3},"title":"Abinader entrega veh\u00edculos con la m\u00e1s alta tecnolog\u00eda de telemetr\u00eda vehicular y conexi\u00f3n satelital","author":"Nelson Feliz","date":"14 de septiembre de 2023","format":false,"excerpt":"El presidente Luis Abinader entreg\u00f3 20 veh\u00edculos blindados de Alta Movilidad T\u00e1ctica al Ej\u00e9rcito que cuentan con la m\u00e1s alta tecnolog\u00eda de telemetr\u00eda vehicular, Mandatario asegura instituciones castrenses est\u00e1n preparadas para mantener la paz y garantizar la vida de los dominicanos. Los veh\u00edculos entregados fueron anunciados en diciembre del pasado\u2026","rel":"","context":"En \u00abMILITARES\u00bb","block_context":{"text":"MILITARES","link":"https:\/\/lasprimeras.com.do\/index.php\/category\/militares\/"},"img":{"alt_text":"Luis Abinader","src":"https:\/\/i0.wp.com\/lasprimeras.com.do\/wp-content\/uploads\/2023\/09\/Luis-Abinader-1-3.jpg?resize=350%2C200&ssl=1","width":350,"height":200,"srcset":"https:\/\/i0.wp.com\/lasprimeras.com.do\/wp-content\/uploads\/2023\/09\/Luis-Abinader-1-3.jpg?resize=350%2C200&ssl=1 1x, https:\/\/i0.wp.com\/lasprimeras.com.do\/wp-content\/uploads\/2023\/09\/Luis-Abinader-1-3.jpg?resize=525%2C300&ssl=1 1.5x, https:\/\/i0.wp.com\/lasprimeras.com.do\/wp-content\/uploads\/2023\/09\/Luis-Abinader-1-3.jpg?resize=700%2C400&ssl=1 2x"},"classes":[]},{"id":122573,"url":"https:\/\/lasprimeras.com.do\/index.php\/2026\/02\/19\/comandante-del-ejercito-recorre-unidades-fronterizas-en-provincias-independencia-y-elias-pina\/","url_meta":{"origin":52429,"position":4},"title":"Comandante del Ej\u00e9rcito recorre unidades fronterizas en provincias Independencia y El\u00edas Pi\u00f1a","author":"Nelson Feliz","date":"19 de febrero de 2026","format":false,"excerpt":"_Al dirigirse a las tropas en las diferentes unidades fronterizas, reconoci\u00f3 la labor realizada por los soldados del Ej\u00e9rcito para preservar la seguridad y control de la frontera._ El Comandante General del Ej\u00e9rcito, Mayor General Jorge Iv\u00e1n Camino P\u00e9rez, realiz\u00f3 un recorrido por diferentes unidades fronterizas de las provincias Independencia\u2026","rel":"","context":"En \u00abMILITARES\u00bb","block_context":{"text":"MILITARES","link":"https:\/\/lasprimeras.com.do\/index.php\/category\/militares\/"},"img":{"alt_text":"","src":"https:\/\/i0.wp.com\/lasprimeras.com.do\/wp-content\/uploads\/2026\/02\/IMG-20260219-WA0193-scaled.jpg?resize=350%2C200&ssl=1","width":350,"height":200,"srcset":"https:\/\/i0.wp.com\/lasprimeras.com.do\/wp-content\/uploads\/2026\/02\/IMG-20260219-WA0193-scaled.jpg?resize=350%2C200&ssl=1 1x, https:\/\/i0.wp.com\/lasprimeras.com.do\/wp-content\/uploads\/2026\/02\/IMG-20260219-WA0193-scaled.jpg?resize=525%2C300&ssl=1 1.5x, https:\/\/i0.wp.com\/lasprimeras.com.do\/wp-content\/uploads\/2026\/02\/IMG-20260219-WA0193-scaled.jpg?resize=700%2C400&ssl=1 2x, https:\/\/i0.wp.com\/lasprimeras.com.do\/wp-content\/uploads\/2026\/02\/IMG-20260219-WA0193-scaled.jpg?resize=1050%2C600&ssl=1 3x, https:\/\/i0.wp.com\/lasprimeras.com.do\/wp-content\/uploads\/2026\/02\/IMG-20260219-WA0193-scaled.jpg?resize=1400%2C800&ssl=1 4x"},"classes":[]},{"id":53830,"url":"https:\/\/lasprimeras.com.do\/index.php\/2023\/07\/01\/presidente-abinader-inaugura-nuevo-destacamento-en-imbert-puerto-plata\/","url_meta":{"origin":52429,"position":5},"title":"Presidente Abinader inaugura nuevo destacamento en Imbert, Puerto Plata","author":"Nelson Feliz","date":"1 de julio de 2023","format":false,"excerpt":"El presidente de la Rep\u00fablica, Luis Abinader, dej\u00f3 inaugurado hoy el Destacamento Militar \u2018General Juan Nouesit\u2019, en el municipio Imbert, provincia Puerto Plata. Este nuevo destacamento, construido en el centro de la provincia de Puerto Plata, tiene capacidad para alojar unos 40 soldados y estar\u00e1 bajo la responsabilidad de la\u2026","rel":"","context":"En \u00abMILITARES\u00bb","block_context":{"text":"MILITARES","link":"https:\/\/lasprimeras.com.do\/index.php\/category\/militares\/"},"img":{"alt_text":"","src":"https:\/\/i0.wp.com\/lasprimeras.com.do\/wp-content\/uploads\/2023\/07\/Luis-Abinader-ERD.jpg?resize=350%2C200&ssl=1","width":350,"height":200,"srcset":"https:\/\/i0.wp.com\/lasprimeras.com.do\/wp-content\/uploads\/2023\/07\/Luis-Abinader-ERD.jpg?resize=350%2C200&ssl=1 1x, https:\/\/i0.wp.com\/lasprimeras.com.do\/wp-content\/uploads\/2023\/07\/Luis-Abinader-ERD.jpg?resize=525%2C300&ssl=1 1.5x, https:\/\/i0.wp.com\/lasprimeras.com.do\/wp-content\/uploads\/2023\/07\/Luis-Abinader-ERD.jpg?resize=700%2C400&ssl=1 2x"},"classes":[]}],"jetpack_sharing_enabled":true,"_links":{"self":[{"href":"https:\/\/lasprimeras.com.do\/index.php\/wp-json\/wp\/v2\/posts\/52429","targetHints":{"allow":["GET"]}}],"collection":[{"href":"https:\/\/lasprimeras.com.do\/index.php\/wp-json\/wp\/v2\/posts"}],"about":[{"href":"https:\/\/lasprimeras.com.do\/index.php\/wp-json\/wp\/v2\/types\/post"}],"author":[{"embeddable":true,"href":"https:\/\/lasprimeras.com.do\/index.php\/wp-json\/wp\/v2\/users\/1"}],"replies":[{"embeddable":true,"href":"https:\/\/lasprimeras.com.do\/index.php\/wp-json\/wp\/v2\/comments?post=52429"}],"version-history":[{"count":0,"href":"https:\/\/lasprimeras.com.do\/index.php\/wp-json\/wp\/v2\/posts\/52429\/revisions"}],"wp:featuredmedia":[{"embeddable":true,"href":"https:\/\/lasprimeras.com.do\/index.php\/wp-json\/"}],"wp:attachment":[{"href":"https:\/\/lasprimeras.com.do\/index.php\/wp-json\/wp\/v2\/media?parent=52429"}],"wp:term":[{"taxonomy":"category","embeddable":true,"href":"https:\/\/lasprimeras.com.do\/index.php\/wp-json\/wp\/v2\/categories?post=52429"},{"taxonomy":"post_tag","embeddable":true,"href":"https:\/\/lasprimeras.com.do\/index.php\/wp-json\/wp\/v2\/tags?post=52429"}],"curies":[{"name":"wp","href":"https:\/\/api.w.org\/{rel}","templated":true}]}}