{"id":52434,"date":"2023-06-10T16:05:03","date_gmt":"2023-06-10T20:05:03","guid":{"rendered":"https:\/\/atento.com.do\/?p=52434"},"modified":"2023-06-10T16:05:03","modified_gmt":"2023-06-10T20:05:03","slug":"comienzan-a-llegar-delegaciones-de-paises-participaran-de-competencia-militar-fuerzas-comando-2023","status":"publish","type":"post","link":"https:\/\/lasprimeras.com.do\/index.php\/2023\/06\/10\/comienzan-a-llegar-delegaciones-de-paises-participaran-de-competencia-militar-fuerzas-comando-2023\/","title":{"rendered":"Comienzan a llegar delegaciones de pa\u00edses participar\u00e1n de Competencia militar \u201cFuerzas Comando 2023\u201d"},"content":{"rendered":"\n<p>Por Wilson P\u00e9rez<\/p>\n\n\n\n<p>Las delegaciones de veinti\u00fan pa\u00edses de la regi\u00f3n, que participar\u00e1n de las Competencias \u201cFuerzas Comando 2023\u201d, comenzaron a llegar por el Aeropuerto Internacional de las Am\u00e9ricas.<\/p>\n\n\n\n<p>El evento, que tendr\u00e1 el pa\u00eds como sede y las Fuerzas Armadas dominicanas como anfitriona, es organizado por el Ministerio de Defensa (MIDE) y el Comando Sur del Ej\u00e9rcito de los Estados Unidos de Am\u00e9rica.<\/p>\n\n\n\n<p>Se espera que en la tarde de este s\u00e1bado, lleguen al pa\u00eds las delegaciones de Granada, Santa Luc\u00eda, Barbados, Saint Vicent, Honduras, Belice, Jamaica, M\u00e9xico y Trinidad y Tobago.<\/p>\n\n\n\n<p>Ya se encuentran en suelo dominicano, representantes de las Fuerzas Especiales de Colombia, Ecuador, Estados Unidos y Paraguay.<\/p>\n\n\n\n<figure class=\"wp-block-image size-full\"><img decoding=\"async\" src=\"https:\/\/atento.com.do\/wp-content\/uploads\/2023\/06\/Competencia-1.jpg\" alt=\"\" class=\"wp-image-52436\"\/><\/figure>\n\n\n\n<p>Los primeros en ser recibidos, fueron los colombianos que por onceava ocasi\u00f3n se han coronado campeones de las competencias, al demostrar supremac\u00eda en sus capacidades f\u00edsicas, operativas, de resistencia en situaciones complejas y reacci\u00f3n r\u00e1pida.<\/p>\n\n\n\n<p>El sargento segundo S\u00e1nchez Duque Yeison, de la delegaci\u00f3n que representa al Ej\u00e9rcito de la Rep\u00fablica de Colombia, dijo \u201cque la preparaci\u00f3n en equipo que han realizando arduamente, es para entregarlo todo por su pa\u00eds y poder llevarse el campeonato n\u00famero 12\u201d.<\/p>\n\n\n\n<p>Ayer viernes llegaron los miembros de las Fuerzas Especiales de Estados Unidos, que afirmaron se han preparado durante 6 meses bas\u00e1ndose en el desempe\u00f1o f\u00edsico y t\u00e1ctico de cada uno de los participantes, para poder llevar la corona del campeonato por primera vez a su pa\u00eds. <\/p>\n\n\n\n<p>Las competencias tendr\u00e1n lugar en el Campamento militar 16 de agosto, sede de la primera brigada de infanter\u00eda del Ej\u00e9rcito de Rep\u00fablica Dominicana, y en los campamentos militares de Sierra Prieta y la Base Naval Las Calderas de Ban\u00ed, a partir de este lunes 12 de junio hasta el jueves 22 del presente mes.<\/p>\n","protected":false},"excerpt":{"rendered":"<p>Por Wilson P\u00e9rez Las delegaciones de veinti\u00fan pa\u00edses de la regi\u00f3n, que participar\u00e1n de las Competencias \u201cFuerzas Comando 2023\u201d, comenzaron a llegar por el Aeropuerto Internacional de las Am\u00e9ricas. El&hellip;<\/p>\n","protected":false},"author":1,"featured_media":52435,"comment_status":"open","ping_status":"open","sticky":false,"template":"","format":"standard","meta":{"content-type":"","jetpack_post_was_ever_published":false,"_jetpack_newsletter_access":"","_jetpack_dont_email_post_to_subs":false,"_jetpack_newsletter_tier_id":0,"_jetpack_memberships_contains_paywalled_content":false,"_jetpack_memberships_contains_paid_content":false,"footnotes":""},"categories":[3057],"tags":[1455,3388,3389,864],"class_list":["post-52434","post","type-post","status-publish","format-standard","has-post-thumbnail","hentry","category-militares","tag-competencia","tag-delegaciones","tag-fuerzas-comando-2023","tag-militar"],"jetpack_featured_media_url":"","jetpack-related-posts":[{"id":52992,"url":"https:\/\/lasprimeras.com.do\/index.php\/2023\/06\/22\/abinader-encabeza-clausura-de-competencia-fuerzas-comando-2023\/","url_meta":{"origin":52434,"position":0},"title":"Abinader encabeza clausura de Competencia \u201cFuerzas Comando 2023\u201d","author":"Nelson Feliz","date":"22 de junio de 2023","format":false,"excerpt":"En la competencia organizada por el Ministerio de Defensa RD y el Comando Sur EEUU con la participaci\u00f3n de 22 pa\u00edses, Colombia gana el primer lugar; RD queda de sexto. El presidente Luis Abinader encabez\u00f3 este jueves la ceremonia de clausura de la competencia internacional \u201cFuerzas Comando 2023\u201d con la\u2026","rel":"","context":"En \u00abMILITARES\u00bb","block_context":{"text":"MILITARES","link":"https:\/\/lasprimeras.com.do\/index.php\/category\/militares\/"},"img":{"alt_text":"Luis Abinader","src":"https:\/\/i0.wp.com\/lasprimeras.com.do\/wp-content\/uploads\/2023\/06\/Luis-Abinader-7.jpg?resize=350%2C200&ssl=1","width":350,"height":200,"srcset":"https:\/\/i0.wp.com\/lasprimeras.com.do\/wp-content\/uploads\/2023\/06\/Luis-Abinader-7.jpg?resize=350%2C200&ssl=1 1x, https:\/\/i0.wp.com\/lasprimeras.com.do\/wp-content\/uploads\/2023\/06\/Luis-Abinader-7.jpg?resize=525%2C300&ssl=1 1.5x, https:\/\/i0.wp.com\/lasprimeras.com.do\/wp-content\/uploads\/2023\/06\/Luis-Abinader-7.jpg?resize=700%2C400&ssl=1 2x"},"classes":[]},{"id":55179,"url":"https:\/\/lasprimeras.com.do\/index.php\/2023\/07\/11\/conferencia-de-ff-aa-centroamericanas-coordinan-trabajos-para-defensa-del-medio-ambiente\/","url_meta":{"origin":52434,"position":1},"title":"Conferencia de FF.AA. Centroamericanas coordinan trabajos para defensa del medio ambiente","author":"Nelson Feliz","date":"11 de julio de 2023","format":false,"excerpt":"Por Martin Restituyo La Conferencia de Fuerzas Armadas Centroamericanas trabajan de la mano con los pa\u00edses de Centroam\u00e9rica y el Caribe, para intercambiar ideas y experiencias en temas medioambientales y con ello, ayudar a conservar y preservar los recursos naturales existentes en la regi\u00f3n. As\u00ed lo manifestaron los delegados participantes\u2026","rel":"","context":"En \u00abMILITARES\u00bb","block_context":{"text":"MILITARES","link":"https:\/\/lasprimeras.com.do\/index.php\/category\/militares\/"},"img":{"alt_text":"","src":"https:\/\/i0.wp.com\/lasprimeras.com.do\/wp-content\/uploads\/2023\/07\/ffaa.jpg?resize=350%2C200&ssl=1","width":350,"height":200,"srcset":"https:\/\/i0.wp.com\/lasprimeras.com.do\/wp-content\/uploads\/2023\/07\/ffaa.jpg?resize=350%2C200&ssl=1 1x, https:\/\/i0.wp.com\/lasprimeras.com.do\/wp-content\/uploads\/2023\/07\/ffaa.jpg?resize=525%2C300&ssl=1 1.5x, https:\/\/i0.wp.com\/lasprimeras.com.do\/wp-content\/uploads\/2023\/07\/ffaa.jpg?resize=700%2C400&ssl=1 2x"},"classes":[]},{"id":49580,"url":"https:\/\/lasprimeras.com.do\/index.php\/2023\/05\/12\/mide-y-comando-sur-de-ee-uu-preparan-seminario-de-fuerzas-especiales\/","url_meta":{"origin":52434,"position":2},"title":"MIDE y Comando Sur de EE.UU. preparan seminario de Fuerzas Especiales","author":"prenxa100","date":"12 de mayo de 2023","format":false,"excerpt":"Por Wilson P\u00e9rez SANTO DOMINGO.-. El Ministerio de Defensa (MIDE) y el Comando Sur de los Estados Unidos de Am\u00e9rica, firmaron un convenio de entendimiento que sienta las bases para organizar el seminario internacional de \u201cFuerzas Comando 2023\u201d, que se desarrollar\u00e1 en Rep\u00fablica Dominicana del 01 al 25 de junio\u2026","rel":"","context":"En \u00abNACIONALES\u00bb","block_context":{"text":"NACIONALES","link":"https:\/\/lasprimeras.com.do\/index.php\/category\/nacionales\/"},"img":{"alt_text":"","src":"","width":0,"height":0},"classes":[]},{"id":80027,"url":"https:\/\/lasprimeras.com.do\/index.php\/2024\/04\/02\/infotep-anuncia-republica-dominicana-participara-en-worldskills-lyon-francia\/","url_meta":{"origin":52434,"position":3},"title":"INFOTEP anuncia Rep\u00fablica Dominicana participar\u00e1 en WorldSkills Lyon, Francia","author":"BIMARY DE JES\u00daS Matos","date":"2 de abril de 2024","format":false,"excerpt":"SANTO DOMINGO. -El director general del Instituto Nacional de Formaci\u00f3n T\u00e9cnico Profesional (INFOTEP), Rafael Santos Bad\u00eda, inform\u00f3 la participaci\u00f3n de la Rep\u00fablica Dominicana en la competici\u00f3n internacional WorldSkills, Lyon, en Francia, del 10 al 15 de septiembre del 2024. El pa\u00eds estar\u00e1 representado por los participantes del INFOTEP, Euris Astacio\u2026","rel":"","context":"En \u00abNACIONALES\u00bb","block_context":{"text":"NACIONALES","link":"https:\/\/lasprimeras.com.do\/index.php\/category\/nacionales\/"},"img":{"alt_text":"","src":"https:\/\/i0.wp.com\/lasprimeras.com.do\/wp-content\/uploads\/2024\/04\/IMG-20240402-WA0026.jpg?resize=350%2C200&ssl=1","width":350,"height":200,"srcset":"https:\/\/i0.wp.com\/lasprimeras.com.do\/wp-content\/uploads\/2024\/04\/IMG-20240402-WA0026.jpg?resize=350%2C200&ssl=1 1x, https:\/\/i0.wp.com\/lasprimeras.com.do\/wp-content\/uploads\/2024\/04\/IMG-20240402-WA0026.jpg?resize=525%2C300&ssl=1 1.5x, https:\/\/i0.wp.com\/lasprimeras.com.do\/wp-content\/uploads\/2024\/04\/IMG-20240402-WA0026.jpg?resize=700%2C400&ssl=1 2x, https:\/\/i0.wp.com\/lasprimeras.com.do\/wp-content\/uploads\/2024\/04\/IMG-20240402-WA0026.jpg?resize=1050%2C600&ssl=1 3x"},"classes":[]},{"id":109198,"url":"https:\/\/lasprimeras.com.do\/index.php\/2025\/09\/15\/mide-conmemora-independencia-de-centroamerica-y-como-parte-de-la-cfac-condecora-a-44-militares-dominicanos\/","url_meta":{"origin":52434,"position":4},"title":"MIDE conmemora Independencia de Centroam\u00e9rica y, como parte de la CFAC, condecora a 44 militares dominicanos","author":"Nelson Feliz","date":"15 de septiembre de 2025","format":false,"excerpt":"El Ministerio de Defensa (MIDE) realiz\u00f3 este lunes una solemne ceremonia de izada de banderas en conmemoraci\u00f3n del 204 aniversario de la Independencia de los pa\u00edses centroamericanos (Costa Rica, El Salvador, Guatemala, Honduras y Nicaragua), reafirmando los lazos hist\u00f3ricos, culturales y de integraci\u00f3n que unen a la Rep\u00fablica Dominicana con\u2026","rel":"","context":"En \u00abMILITARES\u00bb","block_context":{"text":"MILITARES","link":"https:\/\/lasprimeras.com.do\/index.php\/category\/militares\/"},"img":{"alt_text":"","src":"https:\/\/i0.wp.com\/lasprimeras.com.do\/wp-content\/uploads\/2025\/09\/mide.jpg?resize=350%2C200&ssl=1","width":350,"height":200,"srcset":"https:\/\/i0.wp.com\/lasprimeras.com.do\/wp-content\/uploads\/2025\/09\/mide.jpg?resize=350%2C200&ssl=1 1x, https:\/\/i0.wp.com\/lasprimeras.com.do\/wp-content\/uploads\/2025\/09\/mide.jpg?resize=525%2C300&ssl=1 1.5x, https:\/\/i0.wp.com\/lasprimeras.com.do\/wp-content\/uploads\/2025\/09\/mide.jpg?resize=700%2C400&ssl=1 2x"},"classes":[]},{"id":83268,"url":"https:\/\/lasprimeras.com.do\/index.php\/2024\/05\/14\/fp-realiza-asamblea-con-mas-de-700-delegados-de-colegios-electorales-en-san-cristobal\/","url_meta":{"origin":52434,"position":5},"title":"FP realiza asamblea con m\u00e1s de 700 delegados de colegios electorales en San Crist\u00f3bal","author":"Nelson Feliz","date":"14 de mayo de 2024","format":false,"excerpt":"El partido Fuerza del Pueblo realiz\u00f3 una importante asamblea en la provincia de San Crist\u00f3bal, donde participaron m\u00e1s de 700 delegados de los colegios electorales, responsables de los recintos de esta demarcaci\u00f3n. La reuni\u00f3n fue realizada para revisar y evaluar las responsabilidades clave para el d\u00eda de las elecciones presidenciales\u2026","rel":"","context":"En \u00abPORTADA\u00bb","block_context":{"text":"PORTADA","link":"https:\/\/lasprimeras.com.do\/index.php\/category\/portada\/"},"img":{"alt_text":"Fuerza del Pueblo","src":"https:\/\/i0.wp.com\/lasprimeras.com.do\/wp-content\/uploads\/2024\/05\/Fuerza-del-Pueblo.jpg?resize=350%2C200&ssl=1","width":350,"height":200,"srcset":"https:\/\/i0.wp.com\/lasprimeras.com.do\/wp-content\/uploads\/2024\/05\/Fuerza-del-Pueblo.jpg?resize=350%2C200&ssl=1 1x, https:\/\/i0.wp.com\/lasprimeras.com.do\/wp-content\/uploads\/2024\/05\/Fuerza-del-Pueblo.jpg?resize=525%2C300&ssl=1 1.5x"},"classes":[]}],"jetpack_sharing_enabled":true,"_links":{"self":[{"href":"https:\/\/lasprimeras.com.do\/index.php\/wp-json\/wp\/v2\/posts\/52434","targetHints":{"allow":["GET"]}}],"collection":[{"href":"https:\/\/lasprimeras.com.do\/index.php\/wp-json\/wp\/v2\/posts"}],"about":[{"href":"https:\/\/lasprimeras.com.do\/index.php\/wp-json\/wp\/v2\/types\/post"}],"author":[{"embeddable":true,"href":"https:\/\/lasprimeras.com.do\/index.php\/wp-json\/wp\/v2\/users\/1"}],"replies":[{"embeddable":true,"href":"https:\/\/lasprimeras.com.do\/index.php\/wp-json\/wp\/v2\/comments?post=52434"}],"version-history":[{"count":0,"href":"https:\/\/lasprimeras.com.do\/index.php\/wp-json\/wp\/v2\/posts\/52434\/revisions"}],"wp:featuredmedia":[{"embeddable":true,"href":"https:\/\/lasprimeras.com.do\/index.php\/wp-json\/"}],"wp:attachment":[{"href":"https:\/\/lasprimeras.com.do\/index.php\/wp-json\/wp\/v2\/media?parent=52434"}],"wp:term":[{"taxonomy":"category","embeddable":true,"href":"https:\/\/lasprimeras.com.do\/index.php\/wp-json\/wp\/v2\/categories?post=52434"},{"taxonomy":"post_tag","embeddable":true,"href":"https:\/\/lasprimeras.com.do\/index.php\/wp-json\/wp\/v2\/tags?post=52434"}],"curies":[{"name":"wp","href":"https:\/\/api.w.org\/{rel}","templated":true}]}}