{"id":52441,"date":"2023-06-10T16:25:49","date_gmt":"2023-06-10T20:25:49","guid":{"rendered":"https:\/\/atento.com.do\/?p=52441"},"modified":"2023-06-10T16:25:49","modified_gmt":"2023-06-10T20:25:49","slug":"prm-escogera-candidato-a-alcalde-de-santo-domingo-este-por-encuesta","status":"publish","type":"post","link":"https:\/\/lasprimeras.com.do\/index.php\/2023\/06\/10\/prm-escogera-candidato-a-alcalde-de-santo-domingo-este-por-encuesta\/","title":{"rendered":"PRM escoger\u00e1 candidato a alcalde de Santo Domingo Este por encuesta"},"content":{"rendered":"\n<p><strong>EL MISMO M\u00c9TODO SE USAR\u00c1 PARA ELEGIR CANDIDATOS A\u00a0 DIPUTADOS.<\/strong><\/p>\n\n\n\n<p>La Comisi\u00f3n Nacional para los procesos internos de elecci\u00f3n del Partido Revolucionario Moderno (PRM) anunci\u00f3 que el pr\u00f3ximo candidato a alcalde de Santo Domingo Este ser\u00e1 escogido mediante encuesta.&nbsp;<\/p>\n\n\n\n<p>La informaci\u00f3n ante la asamblea fue servida por el comisionado por la Comisi\u00f3n Nacional para la provincia Santo Domingo Lorenzo Roa, enviado para esos fines.<\/p>\n\n\n\n<p>De esta forma, todos los rumores que se hab\u00edan tejido sobre la importante plaza quedaron aclarados con la informaci\u00f3n del organismo rector del proceso interno del PRM.<\/p>\n\n\n\n<p>En el municipio de Santo Domingo Este se han lanzado ya varios aspirantes a la alcald\u00eda.<\/p>\n\n\n\n<p>As\u00ed mismo, se inform\u00f3 que ese mismo sistema de encuestas se utilizar\u00e1 para los candidatos a diputados y que solo los candidatos a la presidencia de la Rep\u00fablica y los regidores se seleccionar\u00e1n por convenci\u00f3n con padr\u00f3n cerrado.<\/p>\n","protected":false},"excerpt":{"rendered":"<p>EL MISMO M\u00c9TODO SE USAR\u00c1 PARA ELEGIR CANDIDATOS A\u00a0 DIPUTADOS. La Comisi\u00f3n Nacional para los procesos internos de elecci\u00f3n del Partido Revolucionario Moderno (PRM) anunci\u00f3 que el pr\u00f3ximo candidato a&hellip;<\/p>\n","protected":false},"author":1,"featured_media":52442,"comment_status":"open","ping_status":"open","sticky":false,"template":"","format":"standard","meta":{"content-type":"","jetpack_post_was_ever_published":false,"_jetpack_newsletter_access":"","_jetpack_dont_email_post_to_subs":false,"_jetpack_newsletter_tier_id":0,"_jetpack_memberships_contains_paywalled_content":false,"_jetpack_memberships_contains_paid_content":false,"footnotes":""},"categories":[1],"tags":[161,1526,2195,31,1570],"class_list":["post-52441","post","type-post","status-publish","format-standard","has-post-thumbnail","hentry","category-sin-categoria","tag-alcalde","tag-candidato","tag-encuesta","tag-prm","tag-santo-domingo-este"],"jetpack_featured_media_url":"","jetpack-related-posts":[{"id":114182,"url":"https:\/\/lasprimeras.com.do\/index.php\/2025\/11\/11\/prm-impuso-a-jacqueline-fernandez-como-candidata-a-diputada-pese-a-sentencias-del-tc-y-el-tse\/","url_meta":{"origin":52441,"position":0},"title":"PRM impuso a Jacqueline Fern\u00e1ndez como candidata a diputada pese a sentencias del TC y el TSE","author":"Nelson Feliz","date":"11 de noviembre de 2025","format":false,"excerpt":"\u201cEste Tribunal llega a la conclusi\u00f3n de que la se\u00f1ora Jacqueline Fern\u00e1ndez inscribi\u00f3 originalmente su precandidatura para competir por el puesto de alcalde y produjo una serie de actos de precampa\u00f1a en dicho nivel de elecci\u00f3n. No obstante, al ser medida en los trabajos de campo realizados en el mes\u2026","rel":"","context":"En \u00abPOLITICA\u00bb","block_context":{"text":"POLITICA","link":"https:\/\/lasprimeras.com.do\/index.php\/category\/politica\/"},"img":{"alt_text":"","src":"https:\/\/i0.wp.com\/lasprimeras.com.do\/wp-content\/uploads\/2025\/11\/La-viceconsul-Dayna-Manzano-de-Los-Santos-y-la-diputada-Jacqueline-Fernandez-Brito.jpeg?resize=350%2C200&ssl=1","width":350,"height":200,"srcset":"https:\/\/i0.wp.com\/lasprimeras.com.do\/wp-content\/uploads\/2025\/11\/La-viceconsul-Dayna-Manzano-de-Los-Santos-y-la-diputada-Jacqueline-Fernandez-Brito.jpeg?resize=350%2C200&ssl=1 1x, https:\/\/i0.wp.com\/lasprimeras.com.do\/wp-content\/uploads\/2025\/11\/La-viceconsul-Dayna-Manzano-de-Los-Santos-y-la-diputada-Jacqueline-Fernandez-Brito.jpeg?resize=525%2C300&ssl=1 1.5x, https:\/\/i0.wp.com\/lasprimeras.com.do\/wp-content\/uploads\/2025\/11\/La-viceconsul-Dayna-Manzano-de-Los-Santos-y-la-diputada-Jacqueline-Fernandez-Brito.jpeg?resize=700%2C400&ssl=1 2x"},"classes":[]},{"id":64502,"url":"https:\/\/lasprimeras.com.do\/index.php\/2023\/10\/20\/aspirante-a-diputada-denuncia-supuestas-irregularidades-en-encuesta-prm\/","url_meta":{"origin":52441,"position":1},"title":"Aspirante a diputada denuncia supuestas irregularidades en encuesta PRM","author":"BIMARY DE JES\u00daS Matos","date":"20 de octubre de 2023","format":false,"excerpt":"SANTO DOMINGO.\u2013 La aspirante a diputada por La Romana Dayna Manzano De Los Santos, denunci\u00f3 este viernes las supuestas irregularidades en la encuesta en la que fueron escogidos los candidatos a senadores, diputados, alcaldes y directores de juntas municipales del PRM para las elecciones 2024. Al participar en la entrevista\u2026","rel":"","context":"En \u00abSin categor\u00eda\u00bb","block_context":{"text":"Sin categor\u00eda","link":"https:\/\/lasprimeras.com.do\/index.php\/category\/sin-categoria\/"},"img":{"alt_text":"","src":"","width":0,"height":0},"classes":[]},{"id":64419,"url":"https:\/\/lasprimeras.com.do\/index.php\/2023\/10\/20\/prm-da-a-conocer-a-rafael-garcia-como-su-candidato-a-diputado-en-sdo\/","url_meta":{"origin":52441,"position":2},"title":"PRM da a conocer a Rafael Garc\u00eda como su candidato a diputado en SDO","author":"BIMARY DE JES\u00daS Matos","date":"20 de octubre de 2023","format":false,"excerpt":"Santo Domingo.- El dirigente pol\u00edtico Rafael Garc\u00eda fue oficializado este jueves por la Comisi\u00f3n Nacional de Elecciones Internas (CNI) del PRM como el candidato a diputado por Santo Domingo Oeste. Garc\u00eda qued\u00f3 dentro de las encuestas del PRM como el candidato masculino de mayor aceptaci\u00f3n y aprobaci\u00f3n frente a sus\u2026","rel":"","context":"En \u00abSin categor\u00eda\u00bb","block_context":{"text":"Sin categor\u00eda","link":"https:\/\/lasprimeras.com.do\/index.php\/category\/sin-categoria\/"},"img":{"alt_text":"","src":"https:\/\/i0.wp.com\/lasprimeras.com.do\/wp-content\/uploads\/2023\/10\/WhatsApp-Image-2023-10-18-at-9.33.42-PM-9.jpeg?resize=350%2C200&ssl=1","width":350,"height":200,"srcset":"https:\/\/i0.wp.com\/lasprimeras.com.do\/wp-content\/uploads\/2023\/10\/WhatsApp-Image-2023-10-18-at-9.33.42-PM-9.jpeg?resize=350%2C200&ssl=1 1x, https:\/\/i0.wp.com\/lasprimeras.com.do\/wp-content\/uploads\/2023\/10\/WhatsApp-Image-2023-10-18-at-9.33.42-PM-9.jpeg?resize=525%2C300&ssl=1 1.5x"},"classes":[]},{"id":61227,"url":"https:\/\/lasprimeras.com.do\/index.php\/2023\/09\/24\/luis-alberto-al-prm-que-se-prepare-que-en-febrero-le-vamos-a-dar-paupao-y-en-mayo-con-abel-le-vamos-a-dar-un-nocaut\/","url_meta":{"origin":52441,"position":3},"title":"Luis Alberto: &#8220;Al PRM que se prepare que en febrero le vamos a dar paupao y en mayo con Abel le vamos a dar un Nocaut&#8221;","author":"Nelson Feliz","date":"24 de septiembre de 2023","format":false,"excerpt":"El candidato a alcalde, Luis Alberto Tejeda, confirm\u00f3 que en febrero pr\u00f3ximo el partido morado ganar\u00e1 las elecciones municipales y en mayo las presidenciales, para devolver el avance, la prosperidad y la estabilidad que tanto necesita la Rep\u00fablica Dominicana. \"Al PRM que se prepare que en febrero le vamos a\u2026","rel":"","context":"En \u00abPORTADA\u00bb","block_context":{"text":"PORTADA","link":"https:\/\/lasprimeras.com.do\/index.php\/category\/portada\/"},"img":{"alt_text":"Luis Alberto Tejeda","src":"https:\/\/i0.wp.com\/lasprimeras.com.do\/wp-content\/uploads\/2023\/09\/Luis-Alberto-Tejeda-1.jpg?resize=350%2C200&ssl=1","width":350,"height":200,"srcset":"https:\/\/i0.wp.com\/lasprimeras.com.do\/wp-content\/uploads\/2023\/09\/Luis-Alberto-Tejeda-1.jpg?resize=350%2C200&ssl=1 1x, https:\/\/i0.wp.com\/lasprimeras.com.do\/wp-content\/uploads\/2023\/09\/Luis-Alberto-Tejeda-1.jpg?resize=525%2C300&ssl=1 1.5x, https:\/\/i0.wp.com\/lasprimeras.com.do\/wp-content\/uploads\/2023\/09\/Luis-Alberto-Tejeda-1.jpg?resize=700%2C400&ssl=1 2x"},"classes":[]},{"id":70228,"url":"https:\/\/lasprimeras.com.do\/index.php\/2023\/12\/09\/luis-alberto-se-consolida-como-el-gran-favorito-para-ganar-la-alcaldia-de-santo-domingo-este\/","url_meta":{"origin":52441,"position":4},"title":"Luis Alberto se consolida como el gran favorito para ganar la Alcald\u00eda de Santo Domingo Este.","author":"Nelson Feliz","date":"9 de diciembre de 2023","format":false,"excerpt":"Data Consulting presenta nuevo estudio que revela gana Luis Alberto en SDE, deja en evidencia que los miembros del PRM entienden hubo fraude en el proceso interno y que Luis Alberto es preferido por los miembros de la Fuerza del Pueblo por encima de Julio Romero. La firma encuestadora Data\u2026","rel":"","context":"En \u00abPORTADA\u00bb","block_context":{"text":"PORTADA","link":"https:\/\/lasprimeras.com.do\/index.php\/category\/portada\/"},"img":{"alt_text":"Luis Alberto Tejeda","src":"https:\/\/i0.wp.com\/lasprimeras.com.do\/wp-content\/uploads\/2023\/09\/WhatsApp-Image-2023-09-29-at-11.02.30-AM.jpeg?resize=350%2C200&ssl=1","width":350,"height":200,"srcset":"https:\/\/i0.wp.com\/lasprimeras.com.do\/wp-content\/uploads\/2023\/09\/WhatsApp-Image-2023-09-29-at-11.02.30-AM.jpeg?resize=350%2C200&ssl=1 1x, https:\/\/i0.wp.com\/lasprimeras.com.do\/wp-content\/uploads\/2023\/09\/WhatsApp-Image-2023-09-29-at-11.02.30-AM.jpeg?resize=525%2C300&ssl=1 1.5x, https:\/\/i0.wp.com\/lasprimeras.com.do\/wp-content\/uploads\/2023\/09\/WhatsApp-Image-2023-09-29-at-11.02.30-AM.jpeg?resize=700%2C400&ssl=1 2x, https:\/\/i0.wp.com\/lasprimeras.com.do\/wp-content\/uploads\/2023\/09\/WhatsApp-Image-2023-09-29-at-11.02.30-AM.jpeg?resize=1050%2C600&ssl=1 3x, https:\/\/i0.wp.com\/lasprimeras.com.do\/wp-content\/uploads\/2023\/09\/WhatsApp-Image-2023-09-29-at-11.02.30-AM.jpeg?resize=1400%2C800&ssl=1 4x"},"classes":[]},{"id":54025,"url":"https:\/\/lasprimeras.com.do\/index.php\/2023\/07\/06\/neney-cabrera-sigue-solido-como-el-candidato-favorito-para-la-alcaldia-del-distrito-nacional\/","url_meta":{"origin":52441,"position":5},"title":"Neney Cabrera sigue solido como el candidato favorito para la Alcald\u00eda del Distrito Nacional","author":"Nelson Feliz","date":"6 de julio de 2023","format":false,"excerpt":"Neney Cabrera se ha mantenido como favorito en todas las encuestas publicadas. La intenci\u00f3n de voto de los electores del Distrito Nacional (DN) respecto a los precandidatos del Partido Revolucionario Moderno (PRM), para la Alcald\u00eda y el resto de los candidatos a nivel municipal, segun la firma que dirige el\u2026","rel":"","context":"En \u00abPORTADA\u00bb","block_context":{"text":"PORTADA","link":"https:\/\/lasprimeras.com.do\/index.php\/category\/portada\/"},"img":{"alt_text":"Neney Cabrera","src":"https:\/\/i0.wp.com\/lasprimeras.com.do\/wp-content\/uploads\/2023\/07\/Neney-Cabrera-1.jpg?resize=350%2C200&ssl=1","width":350,"height":200,"srcset":"https:\/\/i0.wp.com\/lasprimeras.com.do\/wp-content\/uploads\/2023\/07\/Neney-Cabrera-1.jpg?resize=350%2C200&ssl=1 1x, https:\/\/i0.wp.com\/lasprimeras.com.do\/wp-content\/uploads\/2023\/07\/Neney-Cabrera-1.jpg?resize=525%2C300&ssl=1 1.5x"},"classes":[]}],"jetpack_sharing_enabled":true,"_links":{"self":[{"href":"https:\/\/lasprimeras.com.do\/index.php\/wp-json\/wp\/v2\/posts\/52441","targetHints":{"allow":["GET"]}}],"collection":[{"href":"https:\/\/lasprimeras.com.do\/index.php\/wp-json\/wp\/v2\/posts"}],"about":[{"href":"https:\/\/lasprimeras.com.do\/index.php\/wp-json\/wp\/v2\/types\/post"}],"author":[{"embeddable":true,"href":"https:\/\/lasprimeras.com.do\/index.php\/wp-json\/wp\/v2\/users\/1"}],"replies":[{"embeddable":true,"href":"https:\/\/lasprimeras.com.do\/index.php\/wp-json\/wp\/v2\/comments?post=52441"}],"version-history":[{"count":0,"href":"https:\/\/lasprimeras.com.do\/index.php\/wp-json\/wp\/v2\/posts\/52441\/revisions"}],"wp:featuredmedia":[{"embeddable":true,"href":"https:\/\/lasprimeras.com.do\/index.php\/wp-json\/"}],"wp:attachment":[{"href":"https:\/\/lasprimeras.com.do\/index.php\/wp-json\/wp\/v2\/media?parent=52441"}],"wp:term":[{"taxonomy":"category","embeddable":true,"href":"https:\/\/lasprimeras.com.do\/index.php\/wp-json\/wp\/v2\/categories?post=52441"},{"taxonomy":"post_tag","embeddable":true,"href":"https:\/\/lasprimeras.com.do\/index.php\/wp-json\/wp\/v2\/tags?post=52441"}],"curies":[{"name":"wp","href":"https:\/\/api.w.org\/{rel}","templated":true}]}}