{"id":52447,"date":"2023-06-10T17:04:04","date_gmt":"2023-06-10T21:04:04","guid":{"rendered":"https:\/\/atento.com.do\/?p=52447"},"modified":"2023-06-10T17:04:04","modified_gmt":"2023-06-10T21:04:04","slug":"huawei-e-iucn-destacan-ultima-tecnologia-para-proteger-la-naturaleza","status":"publish","type":"post","link":"https:\/\/lasprimeras.com.do\/index.php\/2023\/06\/10\/huawei-e-iucn-destacan-ultima-tecnologia-para-proteger-la-naturaleza\/","title":{"rendered":"Huawei e IUCN destacan \u00faltima tecnolog\u00eda para proteger la naturaleza"},"content":{"rendered":"\n<p>En el 50 aniversario del D\u00eda Mundial del Medio Ambiente, Huawei e IUCN destacaron soluciones inteligentes para el apoyo de una gesti\u00f3n y gobernanza eficaces y justas de las \u00e1reas protegidas y conservadas.<\/p>\n\n\n\n<p>Subraya la creciente importancia de la tecnolog\u00eda para el seguimiento de especies amenazadas y la protecci\u00f3n de sus h\u00e1bitats naturales.<\/p>\n\n\n\n<p>Huawei e IUCN dise\u00f1aron una visi\u00f3n para las \u00e1reas protegidas y conservadas, con el fin de aprovechar la tecnolog\u00eda digital para ayudar a alcanzar los objetivos globales de biodiversidad.<\/p>\n\n\n\n<p>En esta cumbre, se lanz\u00f3 el Documento t\u00e9cnico sobre \u00e1reas protegidas inteligentes, desarrollado conjuntamente por Huawei, IUCN China y la Academia China de Silvicultura, para compartir el plano de desarrollo de \u00e1reas protegidas inteligentes seg\u00fan la experiencia de las de China.<\/p>\n\n\n\n<figure class=\"wp-block-image size-full\"><img decoding=\"async\" src=\"https:\/\/atento.com.do\/wp-content\/uploads\/2023\/06\/Analisis-de-grabacion-de-jaguar-capturada-en-Mexico.jpg\" alt=\"\" class=\"wp-image-52449\"\/><\/figure>\n\n\n\n<p>La clave para la protecci\u00f3n de la vida silvestre es la comprensi\u00f3n de la distribuci\u00f3n, los comportamientos, las tendencias estacionales de las especies y c\u00f3mo las actividades humanas pueden impactar en sus patrones.<\/p>\n\n\n\n<p>Esto requiere de datos exhaustivos, que puede ser un desaf\u00edo conseguirlos en zonas remotas y de dif\u00edcil acceso, a menudo, agravadas por condiciones clim\u00e1ticas extremas.<\/p>\n\n\n\n<p>En iniciativas tempranas de investigaci\u00f3n y recopilaci\u00f3n de datos, los cient\u00edficos fueron al campo e instalaron c\u00e1maras de fototrampeo para captar im\u00e1genes. Estas c\u00e1maras deb\u00edan mantenerse, sus bater\u00edas ten\u00edan que reemplazarse y las tarjetas de memoria, reemplazarse y analizarse.<\/p>\n\n\n\n<p>Todos estos procesos consumen mucho tiempo y mano de obra, y, a menudo, derivaban en datos e im\u00e1genes con varios meses de antig\u00fcedad.<\/p>\n\n\n\n<p>La implementaci\u00f3n de tecnolog\u00edas digitales de \u00faltima generaci\u00f3n, como computaci\u00f3n en la nube, IoT, Internet m\u00f3vil, big data e IA, permite la adquisici\u00f3n de datos e interacci\u00f3n con ellos en tiempo real.<\/p>\n\n\n\n<p>Esta es la clave para mejorar la detecci\u00f3n, el an\u00e1lisis y la administraci\u00f3n inteligentes de la protecci\u00f3n de las especies y la conservaci\u00f3n basada en \u00e1reas, lo que los hace m\u00e1s efectivos y, en consecuencia, mejores para la conservaci\u00f3n de la naturaleza.<\/p>\n","protected":false},"excerpt":{"rendered":"<p>En el 50 aniversario del D\u00eda Mundial del Medio Ambiente, Huawei e IUCN destacaron soluciones inteligentes para el apoyo de una gesti\u00f3n y gobernanza eficaces y justas de las \u00e1reas&hellip;<\/p>\n","protected":false},"author":1,"featured_media":52448,"comment_status":"open","ping_status":"open","sticky":false,"template":"","format":"standard","meta":{"content-type":"","jetpack_post_was_ever_published":false,"_jetpack_newsletter_access":"","_jetpack_dont_email_post_to_subs":false,"_jetpack_newsletter_tier_id":0,"_jetpack_memberships_contains_paywalled_content":false,"_jetpack_memberships_contains_paid_content":false,"footnotes":""},"categories":[1],"tags":[3396,3397,3398,3399,1275],"class_list":["post-52447","post","type-post","status-publish","format-standard","has-post-thumbnail","hentry","category-sin-categoria","tag-huawei","tag-iucn","tag-naturaleza","tag-proteger","tag-tecnologia"],"jetpack_featured_media_url":"","jetpack-related-posts":[{"id":78200,"url":"https:\/\/lasprimeras.com.do\/index.php\/2024\/02\/28\/huawei-ayuda-a-america-latina-a-lograr-un-desarrollo-digital-y-sostenible\/","url_meta":{"origin":52447,"position":0},"title":"Huawei ayuda a Am\u00e9rica Latina a lograr un desarrollo digital y sostenible","author":"Nelson Feliz","date":"28 de febrero de 2024","format":false,"excerpt":"Durante la versi\u00f3n n\u00famero 18 del Mobile World Congress en Barcelona, Huawei reafirm\u00f3 su compromiso de seguir trabajando en la construcci\u00f3n de infraestructura digital en Am\u00e9rica Latina y el Caribe, promoviendo a\u00fan m\u00e1s la transformaci\u00f3n digital y el desarrollo sostenible en la regi\u00f3n, para lograr una mayor conectividad. Al mismo\u2026","rel":"","context":"En \u00abSin categor\u00eda\u00bb","block_context":{"text":"Sin categor\u00eda","link":"https:\/\/lasprimeras.com.do\/index.php\/category\/sin-categoria\/"},"img":{"alt_text":"Daniel Zhou, Presidente de Am\u00e9rica Latina y el Caribe, Huawei Latinoam\u00e9rica","src":"https:\/\/i0.wp.com\/lasprimeras.com.do\/wp-content\/uploads\/2024\/02\/Daniel-Zhou-Presidente-de-America-Latina-y-el-Caribe-Huawei-Latinoamerica.jpg?resize=350%2C200&ssl=1","width":350,"height":200,"srcset":"https:\/\/i0.wp.com\/lasprimeras.com.do\/wp-content\/uploads\/2024\/02\/Daniel-Zhou-Presidente-de-America-Latina-y-el-Caribe-Huawei-Latinoamerica.jpg?resize=350%2C200&ssl=1 1x, https:\/\/i0.wp.com\/lasprimeras.com.do\/wp-content\/uploads\/2024\/02\/Daniel-Zhou-Presidente-de-America-Latina-y-el-Caribe-Huawei-Latinoamerica.jpg?resize=525%2C300&ssl=1 1.5x, https:\/\/i0.wp.com\/lasprimeras.com.do\/wp-content\/uploads\/2024\/02\/Daniel-Zhou-Presidente-de-America-Latina-y-el-Caribe-Huawei-Latinoamerica.jpg?resize=700%2C400&ssl=1 2x"},"classes":[]},{"id":104310,"url":"https:\/\/lasprimeras.com.do\/index.php\/2025\/07\/23\/garcia-fermin-rd-y-huawei-exploran-iniciativas-conjuntas-para-transformar-educacion-superior\/","url_meta":{"origin":52447,"position":1},"title":"Garc\u00eda Ferm\u00edn: \u201cRD y Huawei exploran iniciativas conjuntas para transformar educaci\u00f3n superior\u201d","author":"Nelson Feliz","date":"23 de julio de 2025","format":false,"excerpt":"Shangh\u00e1i, China.- El ministro de Educaci\u00f3n Superior, Ciencia y Tecnolog\u00eda, Franklin Garc\u00eda Ferm\u00edn, realiz\u00f3 una visita oficial al campus Huawei Qingpu, en Shangh\u00e1i, como parte de su agenda institucional en la Rep\u00fablica Popular China. Durante el recorrido, la delegaci\u00f3n conoci\u00f3 de cerca las m\u00e1s recientes innovaciones tecnol\u00f3gicas de Huawei en\u2026","rel":"","context":"En \u00abINTERNACIONALES\u00bb","block_context":{"text":"INTERNACIONALES","link":"https:\/\/lasprimeras.com.do\/index.php\/category\/sin-categoria\/internacionales\/"},"img":{"alt_text":"Franklin Garc\u00eda Ferm\u00edn","src":"https:\/\/i0.wp.com\/lasprimeras.com.do\/wp-content\/uploads\/2025\/07\/Franklin-Garcia-Fermin.jpg?resize=350%2C200&ssl=1","width":350,"height":200,"srcset":"https:\/\/i0.wp.com\/lasprimeras.com.do\/wp-content\/uploads\/2025\/07\/Franklin-Garcia-Fermin.jpg?resize=350%2C200&ssl=1 1x, https:\/\/i0.wp.com\/lasprimeras.com.do\/wp-content\/uploads\/2025\/07\/Franklin-Garcia-Fermin.jpg?resize=525%2C300&ssl=1 1.5x, https:\/\/i0.wp.com\/lasprimeras.com.do\/wp-content\/uploads\/2025\/07\/Franklin-Garcia-Fermin.jpg?resize=700%2C400&ssl=1 2x"},"classes":[]},{"id":100454,"url":"https:\/\/lasprimeras.com.do\/index.php\/2025\/06\/06\/mescyt-y-huawei-promoveran-programa-de-academias-en-universidades-dominicanas\/","url_meta":{"origin":52447,"position":2},"title":"MESCyT y Huawei promover\u00e1n programa de academias en universidades dominicanas","author":"Nelson Feliz","date":"6 de junio de 2025","format":false,"excerpt":"El Ministerio de Educaci\u00f3n Superior, Ciencia y Tecnolog\u00eda ( MESCyT) y Huawei firmaron un convenio para incorporar el programa de academias en universidades dominicanas para mejorar la capacitaci\u00f3n en tecnolog\u00edas de la informaci\u00f3n y comunicaci\u00f3n (TIC). El pacto, rubricado por los titulares de ambas entidades, Franklin Garc\u00eda Ferm\u00edn, y Huang\u2026","rel":"","context":"En \u00abNACIONALES\u00bb","block_context":{"text":"NACIONALES","link":"https:\/\/lasprimeras.com.do\/index.php\/category\/nacionales\/"},"img":{"alt_text":"","src":"https:\/\/i0.wp.com\/lasprimeras.com.do\/wp-content\/uploads\/2025\/06\/MESCyT-y-Huawei-1.jpg?resize=350%2C200&ssl=1","width":350,"height":200,"srcset":"https:\/\/i0.wp.com\/lasprimeras.com.do\/wp-content\/uploads\/2025\/06\/MESCyT-y-Huawei-1.jpg?resize=350%2C200&ssl=1 1x, https:\/\/i0.wp.com\/lasprimeras.com.do\/wp-content\/uploads\/2025\/06\/MESCyT-y-Huawei-1.jpg?resize=525%2C300&ssl=1 1.5x, https:\/\/i0.wp.com\/lasprimeras.com.do\/wp-content\/uploads\/2025\/06\/MESCyT-y-Huawei-1.jpg?resize=700%2C400&ssl=1 2x"},"classes":[]},{"id":56566,"url":"https:\/\/lasprimeras.com.do\/index.php\/2023\/08\/02\/presidente-de-guyana-visita-centro-de-investigacion-de-huawei-en-shanghai\/","url_meta":{"origin":52447,"position":3},"title":"Presidente de Guyana visita centro de investigaci\u00f3n de Huawei en Shangh\u00e1i","author":"Nelson Feliz","date":"2 de agosto de 2023","format":false,"excerpt":"El presidente de la Rep\u00fablica Cooperativa de Guyana, Dr. Mohamed Irfaan Ali, visit\u00f3 el Centro de Investigaci\u00f3n de Huawei en Shangh\u00e1i, con el objetivo de conocer los avances tecnol\u00f3gicos desarrollados por Huawei a nivel global en miras hacia la transformaci\u00f3n digital de Guyana. Durante esa visita, el presidente recorri\u00f3 la\u2026","rel":"","context":"En \u00abSin categor\u00eda\u00bb","block_context":{"text":"Sin categor\u00eda","link":"https:\/\/lasprimeras.com.do\/index.php\/category\/sin-categoria\/"},"img":{"alt_text":"Dr. Mohamed Irfaan Ali, presidente de la Rep\u00fablica Cooperativa de Guyana, y Jeff Wang, Vicepresidente S\u00e9nior de Huawei","src":"https:\/\/i0.wp.com\/lasprimeras.com.do\/wp-content\/uploads\/2023\/08\/Dr.-Mohamed-Irfaan-Ali-presidente-de-la-Republica-Cooperativa-de-Guyana-y-Jeff-Wang-Vicepresidente-Senior-de-Huawei.jpg?resize=350%2C200&ssl=1","width":350,"height":200,"srcset":"https:\/\/i0.wp.com\/lasprimeras.com.do\/wp-content\/uploads\/2023\/08\/Dr.-Mohamed-Irfaan-Ali-presidente-de-la-Republica-Cooperativa-de-Guyana-y-Jeff-Wang-Vicepresidente-Senior-de-Huawei.jpg?resize=350%2C200&ssl=1 1x, https:\/\/i0.wp.com\/lasprimeras.com.do\/wp-content\/uploads\/2023\/08\/Dr.-Mohamed-Irfaan-Ali-presidente-de-la-Republica-Cooperativa-de-Guyana-y-Jeff-Wang-Vicepresidente-Senior-de-Huawei.jpg?resize=525%2C300&ssl=1 1.5x, https:\/\/i0.wp.com\/lasprimeras.com.do\/wp-content\/uploads\/2023\/08\/Dr.-Mohamed-Irfaan-Ali-presidente-de-la-Republica-Cooperativa-de-Guyana-y-Jeff-Wang-Vicepresidente-Senior-de-Huawei.jpg?resize=700%2C400&ssl=1 2x"},"classes":[]},{"id":103424,"url":"https:\/\/lasprimeras.com.do\/index.php\/2025\/07\/15\/mescyt-impulsa-alianza-global-con-huawei-mas-innovacion-para-las-universidades-dominicanas\/","url_meta":{"origin":52447,"position":4},"title":"MESCyT impulsa alianza global con Huawei: m\u00e1s innovaci\u00f3n para las universidades dominicanas","author":"Nelson Feliz","date":"15 de julio de 2025","format":false,"excerpt":"Educaci\u00f3n dominicana se conecta con Huawei y China para transformar el futuro. RD Afianza alianza con Huawei para llevar la educaci\u00f3n superior al futuro digital. Shenzhen, China \u2013. Una delegaci\u00f3n oficial de alto nivel de la Rep\u00fablica Dominicana, encabezada por el ministro de Educaci\u00f3n Superior, Ciencia y Tecnolog\u00eda (MESCyT), doctor\u2026","rel":"","context":"En \u00abNACIONALES\u00bb","block_context":{"text":"NACIONALES","link":"https:\/\/lasprimeras.com.do\/index.php\/category\/nacionales\/"},"img":{"alt_text":"","src":"https:\/\/i0.wp.com\/lasprimeras.com.do\/wp-content\/uploads\/2025\/07\/MESCyT.jpg?resize=350%2C200&ssl=1","width":350,"height":200,"srcset":"https:\/\/i0.wp.com\/lasprimeras.com.do\/wp-content\/uploads\/2025\/07\/MESCyT.jpg?resize=350%2C200&ssl=1 1x, https:\/\/i0.wp.com\/lasprimeras.com.do\/wp-content\/uploads\/2025\/07\/MESCyT.jpg?resize=525%2C300&ssl=1 1.5x, https:\/\/i0.wp.com\/lasprimeras.com.do\/wp-content\/uploads\/2025\/07\/MESCyT.jpg?resize=700%2C400&ssl=1 2x"},"classes":[]},{"id":58498,"url":"https:\/\/lasprimeras.com.do\/index.php\/2023\/08\/24\/huawei-celebra-10-anos-del-programa-de-talento-digital-semillas-para-el-futuro-en-latinoamerica-y-el-caribe\/","url_meta":{"origin":52447,"position":5},"title":"Huawei celebra 10 a\u00f1os del programa de talento digital Semillas para el Futuro en Latinoam\u00e9rica y el Caribe","author":"Nelson Feliz","date":"24 de agosto de 2023","format":false,"excerpt":"Huawei, el proveedor de infraestructura digital l\u00edder a nivel mundial, ha otorgado becas a un total de 2,000 estudiantes de Latinoam\u00e9rica y el Caribe durante los \u00faltimos diez a\u00f1os para que participen en su programa de educaci\u00f3n inmersiva y est\u00e9n expuestos a las \u00faltimas tendencias de tecnolog\u00eda digital, dio a\u2026","rel":"","context":"En \u00abSin categor\u00eda\u00bb","block_context":{"text":"Sin categor\u00eda","link":"https:\/\/lasprimeras.com.do\/index.php\/category\/sin-categoria\/"},"img":{"alt_text":"Cesar Funes, vicepresidente de asuntos p\u00fablicos de Huawei Latinoam\u00e9rica y el Caribe","src":"https:\/\/i0.wp.com\/lasprimeras.com.do\/wp-content\/uploads\/2023\/08\/Cesar-Funes-vicepresidente-de-asuntos-publicos-de-Huawei-Latinoamerica-y-el-Caribe.jpg?resize=350%2C200&ssl=1","width":350,"height":200,"srcset":"https:\/\/i0.wp.com\/lasprimeras.com.do\/wp-content\/uploads\/2023\/08\/Cesar-Funes-vicepresidente-de-asuntos-publicos-de-Huawei-Latinoamerica-y-el-Caribe.jpg?resize=350%2C200&ssl=1 1x, https:\/\/i0.wp.com\/lasprimeras.com.do\/wp-content\/uploads\/2023\/08\/Cesar-Funes-vicepresidente-de-asuntos-publicos-de-Huawei-Latinoamerica-y-el-Caribe.jpg?resize=525%2C300&ssl=1 1.5x, https:\/\/i0.wp.com\/lasprimeras.com.do\/wp-content\/uploads\/2023\/08\/Cesar-Funes-vicepresidente-de-asuntos-publicos-de-Huawei-Latinoamerica-y-el-Caribe.jpg?resize=700%2C400&ssl=1 2x"},"classes":[]}],"jetpack_sharing_enabled":true,"_links":{"self":[{"href":"https:\/\/lasprimeras.com.do\/index.php\/wp-json\/wp\/v2\/posts\/52447","targetHints":{"allow":["GET"]}}],"collection":[{"href":"https:\/\/lasprimeras.com.do\/index.php\/wp-json\/wp\/v2\/posts"}],"about":[{"href":"https:\/\/lasprimeras.com.do\/index.php\/wp-json\/wp\/v2\/types\/post"}],"author":[{"embeddable":true,"href":"https:\/\/lasprimeras.com.do\/index.php\/wp-json\/wp\/v2\/users\/1"}],"replies":[{"embeddable":true,"href":"https:\/\/lasprimeras.com.do\/index.php\/wp-json\/wp\/v2\/comments?post=52447"}],"version-history":[{"count":0,"href":"https:\/\/lasprimeras.com.do\/index.php\/wp-json\/wp\/v2\/posts\/52447\/revisions"}],"wp:featuredmedia":[{"embeddable":true,"href":"https:\/\/lasprimeras.com.do\/index.php\/wp-json\/"}],"wp:attachment":[{"href":"https:\/\/lasprimeras.com.do\/index.php\/wp-json\/wp\/v2\/media?parent=52447"}],"wp:term":[{"taxonomy":"category","embeddable":true,"href":"https:\/\/lasprimeras.com.do\/index.php\/wp-json\/wp\/v2\/categories?post=52447"},{"taxonomy":"post_tag","embeddable":true,"href":"https:\/\/lasprimeras.com.do\/index.php\/wp-json\/wp\/v2\/tags?post=52447"}],"curies":[{"name":"wp","href":"https:\/\/api.w.org\/{rel}","templated":true}]}}