{"id":52454,"date":"2023-06-10T17:26:11","date_gmt":"2023-06-10T21:26:11","guid":{"rendered":"https:\/\/atento.com.do\/?p=52454"},"modified":"2023-06-10T17:26:11","modified_gmt":"2023-06-10T21:26:11","slug":"a-julito-hazim-le-preocupa-lo-tilden-de-quedao-en-el-mundo-urbano","status":"publish","type":"post","link":"https:\/\/lasprimeras.com.do\/index.php\/2023\/06\/10\/a-julito-hazim-le-preocupa-lo-tilden-de-quedao-en-el-mundo-urbano\/","title":{"rendered":"A Julito Hazim le preocupa lo tilden de \u00abquedao\u00bb en el mundo urbano"},"content":{"rendered":"\n<p>Al ser invitado al podcast De To Un Chin, el doctor Julito Hazim encontr\u00f3 la oportunidad de conocer \u201cun chin m\u00e1s\u201d sobre los artistas urbanos y el estilo que ha calado en el gusto popular, a pesar de que un segmento importante no conoce ese mundo art\u00edstico.<\/p>\n\n\n\n<p>Hazim pas\u00f3 de compartir el plato del podcast con El Napo, artista urbano oriundo de Los Mina, a ser entrevistador en un ambiente de curiosidad, donde agradeci\u00f3 la oportunidad brindada para conocer a profundidad las motivaciones y proyectos de un artista de gusto popular.<\/p>\n\n\n\n<p>Dijo que ha aprendido que no hay nada malo ni bueno, que cada quien tiene su propio estilo de contar una historia y de aportar a la sociedad.<\/p>\n\n\n\n<p>Expres\u00f3 que le preocupa que le acusen de quedao en un mundo donde las redes sociales han permitido mantener a la sociedad enterada, que no se fija en la forma de vestir de las personas<\/p>\n\n\n\n<p>Por su parte, El Napo dijo que cuando produjo un disco rom\u00e1ntico con letras limpias ni su madre la escuch\u00f3 pero cuando agreg\u00f3 el lenguaje callejero, su m\u00fasica se populariz\u00f3 y hoy lo conocen miles de personas.<\/p>\n\n\n\n<p>Al ser cuestionado sobre el panorama pol\u00edtico,&nbsp; declar\u00f3 que se \u201cfundi\u00f3\u201d con el trabajo de Collado, considera que donde quiera que lo han puesto \u201cha metido mano el chamaquito\u201d, refiri\u00e9ndose a David Collado, quien fue diputado, alcalde y actual ministro de Turismo.<\/p>\n\n\n\n<p>Sobre Abel Mart\u00ednez, dijo no ver vocaci\u00f3n pol\u00edtica y consider\u00f3 que si el pueblo tiene memoria no debe votar ni por Danilo Medina, Hip\u00f3lito Mej\u00eda y Leonel Fern\u00e1ndez.<\/p>\n\n\n\n<p>El Napo pidi\u00f3 a los j\u00f3venes involucrarse en la pol\u00edtica para contrarrestar a quienes se quieren quedar con los espacios de poder.<\/p>\n\n\n\n<p>Dijo que el estilo urbano es su manera de expresarse, a pesar de que la sociedad lo quiere satanizar.<\/p>\n\n\n\n<p>El artista urbano agreg\u00f3 que cuando lanza un disco el p\u00fablico es qui\u00e9n sabe si lo consume o no.<\/p>\n\n\n\n<p>Estas declaraciones fueron manifestadas en De To Un Chin Podcast, que conducen Lismeiris Reyes, Stephanie Soto y Gregory Paniagua que se transmite por You Tube y Spotify.<\/p>\n\n\n\n<figure class=\"wp-block-embed is-type-video is-provider-youtube wp-block-embed-youtube wp-embed-aspect-16-9 wp-has-aspect-ratio\"><div class=\"wp-block-embed__wrapper\">\n<iframe title=\"EL NAPO &amp; DR. JULIO HAZIM \ud83d\udc40 VISI\u00d3N DE DOS MUNDOS DIFERENTES  || E01-T02 #detounchinpodcast\" width=\"500\" height=\"281\" src=\"https:\/\/www.youtube.com\/embed\/-WCcnlST3qk?feature=oembed\" frameborder=\"0\" allow=\"accelerometer; autoplay; clipboard-write; encrypted-media; gyroscope; picture-in-picture; web-share\" referrerpolicy=\"strict-origin-when-cross-origin\" allowfullscreen><\/iframe>\n<\/div><\/figure>\n","protected":false},"excerpt":{"rendered":"<p>Al ser invitado al podcast De To Un Chin, el doctor Julito Hazim encontr\u00f3 la oportunidad de conocer \u201cun chin m\u00e1s\u201d sobre los artistas urbanos y el estilo que ha&hellip;<\/p>\n","protected":false},"author":1,"featured_media":52455,"comment_status":"open","ping_status":"open","sticky":false,"template":"","format":"standard","meta":{"content-type":"","jetpack_post_was_ever_published":false,"_jetpack_newsletter_access":"","_jetpack_dont_email_post_to_subs":false,"_jetpack_newsletter_tier_id":0,"_jetpack_memberships_contains_paywalled_content":false,"_jetpack_memberships_contains_paid_content":false,"footnotes":""},"categories":[84,25],"tags":[3404,456,3405,3406,3407],"class_list":["post-52454","post","type-post","status-publish","format-standard","has-post-thumbnail","hentry","category-entretenimiento","category-portada","tag-julito-hazim","tag-mundo","tag-preocupa","tag-quedao","tag-tilden"],"jetpack_featured_media_url":"","jetpack-related-posts":[{"id":101003,"url":"https:\/\/lasprimeras.com.do\/index.php\/2025\/06\/14\/yamile-hazim-lanza-su-primer-libro-sanar-para-crear\/","url_meta":{"origin":52454,"position":0},"title":"Yamile Hazim lanza su primer libro \u201cSanar para Crear\u201d","author":"Nelson Feliz","date":"14 de junio de 2025","format":false,"excerpt":"La autora dominicana Yamile Hazim present\u00f3 oficialmente su primer libro, Sanar para Crear: Un viaje del cerebro al coraz\u00f3n para transformar ansiedad en amor. La obra representa un hito importante dentro del movimiento de transformaci\u00f3n personal que ha liderado Yamile a trav\u00e9s de su comunidad \u201cSanar para Crear\u201d. M\u00e1s que\u2026","rel":"","context":"En \u00abENTRETENIMIENTO\u00bb","block_context":{"text":"ENTRETENIMIENTO","link":"https:\/\/lasprimeras.com.do\/index.php\/category\/entretenimiento\/"},"img":{"alt_text":"","src":"https:\/\/i0.wp.com\/lasprimeras.com.do\/wp-content\/uploads\/2025\/06\/yamile.jpg?resize=350%2C200&ssl=1","width":350,"height":200,"srcset":"https:\/\/i0.wp.com\/lasprimeras.com.do\/wp-content\/uploads\/2025\/06\/yamile.jpg?resize=350%2C200&ssl=1 1x, https:\/\/i0.wp.com\/lasprimeras.com.do\/wp-content\/uploads\/2025\/06\/yamile.jpg?resize=525%2C300&ssl=1 1.5x, https:\/\/i0.wp.com\/lasprimeras.com.do\/wp-content\/uploads\/2025\/06\/yamile.jpg?resize=700%2C400&ssl=1 2x"},"classes":[]},{"id":119058,"url":"https:\/\/lasprimeras.com.do\/index.php\/2026\/01\/06\/yelena-hazim-figuereo-asume-funciones-como-secretaria-general-en-federacion-futbol\/","url_meta":{"origin":52454,"position":1},"title":"Yelena Hazim Figuereo asume funciones como secretaria general en Federaci\u00f3n F\u00fatbol","author":"Nelson Feliz","date":"6 de enero de 2026","format":false,"excerpt":"Velar\u00e1 por el cumplimiento de regularizaci\u00f3n de las Asociaciones Provinciales Miembros de la FDF, para que puedan operar bajo el reconocimiento de la FIFA. La Federaci\u00f3n Dominicana de F\u00fatbol (FDF) celebr\u00f3 un acto interno para recibir y presentar de manera formal a Yelena Hazim Figuereo como nueva secretaria general del\u2026","rel":"","context":"En \u00abDEPORTES\u00bb","block_context":{"text":"DEPORTES","link":"https:\/\/lasprimeras.com.do\/index.php\/category\/deportes\/"},"img":{"alt_text":"Yelena Hazim Figuereo","src":"https:\/\/i0.wp.com\/lasprimeras.com.do\/wp-content\/uploads\/2026\/01\/Yelena-Hazim-Figuereo.png?resize=350%2C200&ssl=1","width":350,"height":200,"srcset":"https:\/\/i0.wp.com\/lasprimeras.com.do\/wp-content\/uploads\/2026\/01\/Yelena-Hazim-Figuereo.png?resize=350%2C200&ssl=1 1x, https:\/\/i0.wp.com\/lasprimeras.com.do\/wp-content\/uploads\/2026\/01\/Yelena-Hazim-Figuereo.png?resize=525%2C300&ssl=1 1.5x, https:\/\/i0.wp.com\/lasprimeras.com.do\/wp-content\/uploads\/2026\/01\/Yelena-Hazim-Figuereo.png?resize=700%2C400&ssl=1 2x"},"classes":[]},{"id":117697,"url":"https:\/\/lasprimeras.com.do\/index.php\/2025\/12\/14\/ningun-medico-forense-ha-acreditado-condicion-de-salud-que-ahora-alega-santiago-hazim\/","url_meta":{"origin":52454,"position":2},"title":"Ning\u00fan m\u00e9dico forense ha acreditado condici\u00f3n de salud que ahora alega Santiago Hazim","author":"Nelson Feliz","date":"14 de diciembre de 2025","format":false,"excerpt":"Santiago Hazim","rel":"","context":"En \u00abJUSTICIA\u00bb","block_context":{"text":"JUSTICIA","link":"https:\/\/lasprimeras.com.do\/index.php\/category\/justicia\/"},"img":{"alt_text":"Santiago Hazim","src":"https:\/\/i0.wp.com\/lasprimeras.com.do\/wp-content\/uploads\/2025\/12\/santiago-hazim-1.jpg?resize=350%2C200&ssl=1","width":350,"height":200,"srcset":"https:\/\/i0.wp.com\/lasprimeras.com.do\/wp-content\/uploads\/2025\/12\/santiago-hazim-1.jpg?resize=350%2C200&ssl=1 1x, https:\/\/i0.wp.com\/lasprimeras.com.do\/wp-content\/uploads\/2025\/12\/santiago-hazim-1.jpg?resize=525%2C300&ssl=1 1.5x, https:\/\/i0.wp.com\/lasprimeras.com.do\/wp-content\/uploads\/2025\/12\/santiago-hazim-1.jpg?resize=700%2C400&ssl=1 2x"},"classes":[]},{"id":119346,"url":"https:\/\/lasprimeras.com.do\/index.php\/2026\/01\/10\/abogados-santiago-hazim-y-otros-seis-imputados-apelan-medida-de-prision-a-arresto-domiciliario\/","url_meta":{"origin":52454,"position":3},"title":"Abogados Santiago Hazim y otros seis imputados apelan medida de prisi\u00f3n a arresto domiciliario","author":"Nelson Feliz","date":"10 de enero de 2026","format":false,"excerpt":"Apelan decisi\u00f3n de prisi\u00f3n preventiva en caso \u201cOperaci\u00f3n Cobra\u201d contra Santiago Hazim y otras seis personas. Las defensas del \"angelito\" Santiago Hazim y otros seis imputados en el denominado caso SeNaSa, tambi\u00e9n conocido como \u201cOperaci\u00f3n Cobra\u201d, presentaron recursos de apelaci\u00f3n contra la decisi\u00f3n judicial que les impuso 18 meses de\u2026","rel":"","context":"En \u00abJUSTICIA\u00bb","block_context":{"text":"JUSTICIA","link":"https:\/\/lasprimeras.com.do\/index.php\/category\/justicia\/"},"img":{"alt_text":"","src":"https:\/\/i0.wp.com\/lasprimeras.com.do\/wp-content\/uploads\/2026\/01\/imputados.jpg?resize=350%2C200&ssl=1","width":350,"height":200,"srcset":"https:\/\/i0.wp.com\/lasprimeras.com.do\/wp-content\/uploads\/2026\/01\/imputados.jpg?resize=350%2C200&ssl=1 1x, https:\/\/i0.wp.com\/lasprimeras.com.do\/wp-content\/uploads\/2026\/01\/imputados.jpg?resize=525%2C300&ssl=1 1.5x, https:\/\/i0.wp.com\/lasprimeras.com.do\/wp-content\/uploads\/2026\/01\/imputados.jpg?resize=700%2C400&ssl=1 2x"},"classes":[]},{"id":117263,"url":"https:\/\/lasprimeras.com.do\/index.php\/2025\/12\/09\/revelan-como-funcionaba-el-comite-que-aprobaba-contratos-para-sobornos-en-senasa\/","url_meta":{"origin":52454,"position":4},"title":"Revelan c\u00f3mo funcionaba el comit\u00e9 que aprobaba contratos para sobornos en Senasa","author":"Nelson Feliz","date":"9 de diciembre de 2025","format":false,"excerpt":"Los contratos de las empresas prestadoras de servicios de salud que pagaban sobornos al exdirector de SeNaSa, Santiago Marcelo Hazim Albainy, llegaban al Comit\u00e9 de Compras con indicaciones precisas para su aprobaci\u00f3n que dec\u00edan: \u201cEso es del CEO\u201d, \u201cEso es del Olimpo\u201d o \u201cVino respaldado\u201d. El dato est\u00e1 contenido en\u2026","rel":"","context":"En \u00abJUSTICIA\u00bb","block_context":{"text":"JUSTICIA","link":"https:\/\/lasprimeras.com.do\/index.php\/category\/justicia\/"},"img":{"alt_text":"SENASA","src":"https:\/\/i0.wp.com\/lasprimeras.com.do\/wp-content\/uploads\/2024\/08\/SENASA.jpg?resize=350%2C200&ssl=1","width":350,"height":200,"srcset":"https:\/\/i0.wp.com\/lasprimeras.com.do\/wp-content\/uploads\/2024\/08\/SENASA.jpg?resize=350%2C200&ssl=1 1x, https:\/\/i0.wp.com\/lasprimeras.com.do\/wp-content\/uploads\/2024\/08\/SENASA.jpg?resize=525%2C300&ssl=1 1.5x"},"classes":[]},{"id":91761,"url":"https:\/\/lasprimeras.com.do\/index.php\/2024\/12\/01\/santiago-hazim-alerta-que-12990-jovenes-cumpliran-la-mayoria-de-edad\/","url_meta":{"origin":52454,"position":5},"title":"Santiago Hazim alerta que 12,990 j\u00f3venes cumplir\u00e1n la mayor\u00eda de edad","author":"Nelson Feliz","date":"1 de diciembre de 2024","format":false,"excerpt":"El director ejecutivo del Seguro Nacional de Salud (SeNaSa), Santiago Hazim, alert\u00f3 que, para diciembre, 12,990 j\u00f3venes cumplir\u00e1n la mayor\u00eda de edad. Por ello, exhort\u00f3 a los titulares de los reg\u00edmenes Contributivo y Subsidiado del Seguro Familiar de Salud a afiliar a estos j\u00f3venes nuevamente, sin costo adicional, para asegurar\u2026","rel":"","context":"En \u00abSALUD\u00bb","block_context":{"text":"SALUD","link":"https:\/\/lasprimeras.com.do\/index.php\/category\/salud\/"},"img":{"alt_text":"Santiago Hazim","src":"https:\/\/i0.wp.com\/lasprimeras.com.do\/wp-content\/uploads\/2023\/10\/Santiago-Hazim.jpg?resize=350%2C200&ssl=1","width":350,"height":200,"srcset":"https:\/\/i0.wp.com\/lasprimeras.com.do\/wp-content\/uploads\/2023\/10\/Santiago-Hazim.jpg?resize=350%2C200&ssl=1 1x, https:\/\/i0.wp.com\/lasprimeras.com.do\/wp-content\/uploads\/2023\/10\/Santiago-Hazim.jpg?resize=525%2C300&ssl=1 1.5x, https:\/\/i0.wp.com\/lasprimeras.com.do\/wp-content\/uploads\/2023\/10\/Santiago-Hazim.jpg?resize=700%2C400&ssl=1 2x"},"classes":[]}],"jetpack_sharing_enabled":true,"_links":{"self":[{"href":"https:\/\/lasprimeras.com.do\/index.php\/wp-json\/wp\/v2\/posts\/52454","targetHints":{"allow":["GET"]}}],"collection":[{"href":"https:\/\/lasprimeras.com.do\/index.php\/wp-json\/wp\/v2\/posts"}],"about":[{"href":"https:\/\/lasprimeras.com.do\/index.php\/wp-json\/wp\/v2\/types\/post"}],"author":[{"embeddable":true,"href":"https:\/\/lasprimeras.com.do\/index.php\/wp-json\/wp\/v2\/users\/1"}],"replies":[{"embeddable":true,"href":"https:\/\/lasprimeras.com.do\/index.php\/wp-json\/wp\/v2\/comments?post=52454"}],"version-history":[{"count":0,"href":"https:\/\/lasprimeras.com.do\/index.php\/wp-json\/wp\/v2\/posts\/52454\/revisions"}],"wp:featuredmedia":[{"embeddable":true,"href":"https:\/\/lasprimeras.com.do\/index.php\/wp-json\/"}],"wp:attachment":[{"href":"https:\/\/lasprimeras.com.do\/index.php\/wp-json\/wp\/v2\/media?parent=52454"}],"wp:term":[{"taxonomy":"category","embeddable":true,"href":"https:\/\/lasprimeras.com.do\/index.php\/wp-json\/wp\/v2\/categories?post=52454"},{"taxonomy":"post_tag","embeddable":true,"href":"https:\/\/lasprimeras.com.do\/index.php\/wp-json\/wp\/v2\/tags?post=52454"}],"curies":[{"name":"wp","href":"https:\/\/api.w.org\/{rel}","templated":true}]}}