{"id":52460,"date":"2023-06-10T18:07:08","date_gmt":"2023-06-10T22:07:08","guid":{"rendered":"https:\/\/atento.com.do\/?p=52460"},"modified":"2023-06-10T18:07:08","modified_gmt":"2023-06-10T22:07:08","slug":"jefe-pn-y-adpyme-fortaleceran-seguridad-ciudadana-y-comercial","status":"publish","type":"post","link":"https:\/\/lasprimeras.com.do\/index.php\/2023\/06\/10\/jefe-pn-y-adpyme-fortaleceran-seguridad-ciudadana-y-comercial\/","title":{"rendered":"Jefe PN y ADPYME fortalecer\u00e1n seguridad ciudadana y comercial"},"content":{"rendered":"\n<p>Por Wilson P\u00e9rez<\/p>\n\n\n\n<p>El director general de la Polic\u00eda Nacional, mayor general Eduardo Alberto Then, sostuvo un encuentro con directivos de la Asociaci\u00f3n Dominicana de Peque\u00f1as y Medianas Empresas (ADPYME), con quienes intercambi\u00f3 impresiones acerca de las acciones y estrategias para seguir fortaleciendo la seguridad, el buen desenvolvimiento de las actividades comerciales.<\/p>\n\n\n\n<p>Asimismo, el gremio empresarial presidido por F\u00e9lix Rodr\u00edguez, destac\u00f3 la efectividad de las labores preventivas desplegadas por la Polic\u00eda Nacional, en la reducci\u00f3n de las incidencias delictivas en las zonas comerciales afiliadas a ese gremio.<\/p>\n\n\n\n<p>Sin embargo, Rodr\u00edguez dijo que los infractores de la ley y el orden no descansan en su accionar contra los ciudadanos y personas de bien, por lo que llam\u00f3 al director policial a mantenerse firme todo el tiempo en las labores para preservar la paz y la seguridad p\u00fablica.<\/p>\n\n\n\n<p>\u201cEstamos conscientes de que los problemas delictivos son asuntos de d\u00eda a d\u00eda y que no debemos dejar de trabajar en equipo. En este caso nosotros invitamos al se\u00f1or director (Alberto Then), quien, con mucho gusto, acude a nuestro llamado, a no bajar la guardia, velando porque se cumplan sus lineamientos en los distintos destacamentos que bordean nuestros centros comerciales\u201d, apunt\u00f3 Rodr\u00edguez.<\/p>\n\n\n\n<p>En tanto, el mayor general Alberto Then destac\u00f3 la importancia del trabajo mancomunado para lograr resultados significativos en el combate contra la delincuencia y la criminalidad.<\/p>\n\n\n\n<p>\u201cLa seguridad ciudadana es un asunto de todos, por eso esta seguridad ciudadana es integral. Como dijo F\u00e9lix Rodr\u00edguez, \u00e9l quiere ver a sus polic\u00edas, mis polic\u00edas, al lado de \u00e9l, conversando con \u00e9l, para llevar a cabo la planificaci\u00f3n (de buscar soluci\u00f3n) de los problemas que aquejan a cada comunidad\u201d, expres\u00f3.<\/p>\n\n\n\n<p>Garantiz\u00f3 que se mantendr\u00e1 el esfuerzo permanente y sostenido para garantizar la paz y seguridad ciudadana.<\/p>\n\n\n\n<p>Destac\u00f3 el respaldo sin precedentes que ha brindado el presidente de la Rep\u00fablica, Luis Abinader, a la instituci\u00f3n del orden, lo cual ha permitido mejorar significativamente todos los aspectos de seguridad.<\/p>\n","protected":false},"excerpt":{"rendered":"<p>Por Wilson P\u00e9rez El director general de la Polic\u00eda Nacional, mayor general Eduardo Alberto Then, sostuvo un encuentro con directivos de la Asociaci\u00f3n Dominicana de Peque\u00f1as y Medianas Empresas (ADPYME),&hellip;<\/p>\n","protected":false},"author":1,"featured_media":52461,"comment_status":"open","ping_status":"open","sticky":false,"template":"","format":"standard","meta":{"content-type":"","jetpack_post_was_ever_published":false,"_jetpack_newsletter_access":"","_jetpack_dont_email_post_to_subs":false,"_jetpack_newsletter_tier_id":0,"_jetpack_memberships_contains_paywalled_content":false,"_jetpack_memberships_contains_paid_content":false,"footnotes":""},"categories":[3057],"tags":[3408,3409,3410,3411,76],"class_list":["post-52460","post","type-post","status-publish","format-standard","has-post-thumbnail","hentry","category-militares","tag-adpyme","tag-ciudadana","tag-fortaleceran","tag-jefe-pn","tag-seguridad"],"jetpack_featured_media_url":"","jetpack-related-posts":[{"id":79654,"url":"https:\/\/lasprimeras.com.do\/index.php\/2024\/03\/29\/pn-refuerza-operativo-conciencia-por-la-vida-semana-santa-2024\/","url_meta":{"origin":52460,"position":0},"title":"PN refuerza operativo &#8220;Conciencia por la Vida, Semana Santa 2024&#8221;","author":"Nelson Feliz","date":"29 de marzo de 2024","format":false,"excerpt":"Por Martin Restituyo La Direcci\u00f3n General de la Polic\u00eda Nacional garantiz\u00f3 hoy la seguridad de toda la ciudadan\u00eda, como parte del operativo preventivo \"Conciencia por la Vida Semana Santa 2024\". El director central de Prevenci\u00f3n, general Ernesto Rodr\u00edguez Garc\u00eda,\u00a0 represent\u00f3 al mayor general Ram\u00f3n Antonio Guzm\u00e1n Peralta, director general policial.\u2026","rel":"","context":"En \u00abMILITARES\u00bb","block_context":{"text":"MILITARES","link":"https:\/\/lasprimeras.com.do\/index.php\/category\/militares\/"},"img":{"alt_text":"PN","src":"https:\/\/i0.wp.com\/lasprimeras.com.do\/wp-content\/uploads\/2024\/03\/PN-1.jpg?resize=350%2C200&ssl=1","width":350,"height":200,"srcset":"https:\/\/i0.wp.com\/lasprimeras.com.do\/wp-content\/uploads\/2024\/03\/PN-1.jpg?resize=350%2C200&ssl=1 1x, https:\/\/i0.wp.com\/lasprimeras.com.do\/wp-content\/uploads\/2024\/03\/PN-1.jpg?resize=525%2C300&ssl=1 1.5x"},"classes":[]},{"id":53757,"url":"https:\/\/lasprimeras.com.do\/index.php\/2023\/06\/30\/federacion-de-comerciantes-respalda-trabajo-de-la-policia\/","url_meta":{"origin":52460,"position":1},"title":"Federaci\u00f3n de Comerciantes respalda trabajo de la Polic\u00eda","author":"Nelson Feliz","date":"30 de junio de 2023","format":false,"excerpt":"-El gremio comercial dice confiar en reporte sobre reducci\u00f3n de criminalidad.\u00a0 Una comisi\u00f3n encabezada por el presidente de la Federaci\u00f3n Dominicana de Comerciantes (FDC), Iv\u00e1n Garc\u00eda, reconoci\u00f3 este viernes la efectividad de las labores preventivas desplegadas por la Polic\u00eda Nacional contra el delito y la criminalidad. Garc\u00eda, dijo confiar en\u2026","rel":"","context":"En \u00abNACIONALES\u00bb","block_context":{"text":"NACIONALES","link":"https:\/\/lasprimeras.com.do\/index.php\/category\/nacionales\/"},"img":{"alt_text":"","src":"https:\/\/i0.wp.com\/lasprimeras.com.do\/wp-content\/uploads\/2023\/06\/Ivan-de-Jesus-Garcia.jpg?resize=350%2C200&ssl=1","width":350,"height":200,"srcset":"https:\/\/i0.wp.com\/lasprimeras.com.do\/wp-content\/uploads\/2023\/06\/Ivan-de-Jesus-Garcia.jpg?resize=350%2C200&ssl=1 1x, https:\/\/i0.wp.com\/lasprimeras.com.do\/wp-content\/uploads\/2023\/06\/Ivan-de-Jesus-Garcia.jpg?resize=525%2C300&ssl=1 1.5x, https:\/\/i0.wp.com\/lasprimeras.com.do\/wp-content\/uploads\/2023\/06\/Ivan-de-Jesus-Garcia.jpg?resize=700%2C400&ssl=1 2x"},"classes":[]},{"id":63570,"url":"https:\/\/lasprimeras.com.do\/index.php\/2023\/10\/13\/director-de-la-pn-entrega-una-camioneta-y-refuerza-acciones-de-preventiva-en-nizao\/","url_meta":{"origin":52460,"position":2},"title":"Director de la PN entrega una camioneta y refuerza acciones de preventiva en Nizao","author":"Nelson Feliz","date":"13 de octubre de 2023","format":false,"excerpt":"Por Martin Restituyo El director general de la Polic\u00eda Nacional, mayor general Eduardo Alberto Then, el director Regional Sur Central con asiento en Bani, coronel Francisco Senci\u00f3n de la Cruz, llev\u00f3 a cabo la entrega oficial de una camioneta destinada al fortalecimiento de las acciones de prevenci\u00f3n en la provincia\u2026","rel":"","context":"En \u00abMILITARES\u00bb","block_context":{"text":"MILITARES","link":"https:\/\/lasprimeras.com.do\/index.php\/category\/militares\/"},"img":{"alt_text":"PN","src":"https:\/\/i0.wp.com\/lasprimeras.com.do\/wp-content\/uploads\/2023\/10\/pn.jpg?resize=350%2C200&ssl=1","width":350,"height":200,"srcset":"https:\/\/i0.wp.com\/lasprimeras.com.do\/wp-content\/uploads\/2023\/10\/pn.jpg?resize=350%2C200&ssl=1 1x, https:\/\/i0.wp.com\/lasprimeras.com.do\/wp-content\/uploads\/2023\/10\/pn.jpg?resize=525%2C300&ssl=1 1.5x, https:\/\/i0.wp.com\/lasprimeras.com.do\/wp-content\/uploads\/2023\/10\/pn.jpg?resize=700%2C400&ssl=1 2x"},"classes":[]},{"id":83581,"url":"https:\/\/lasprimeras.com.do\/index.php\/2024\/05\/19\/director-de-la-pn-realiza-seguridad-preventiva-durante-jornada-electoral\/","url_meta":{"origin":52460,"position":3},"title":"Director de la PN realiza seguridad preventiva durante jornada electoral","author":"Nelson Feliz","date":"19 de mayo de 2024","format":false,"excerpt":"El director general de la Polic\u00eda Nacional, Ram\u00f3n Antonio Guzm\u00e1n Peralta, encabez\u00f3 una jornada de trabajo desde el centro de mando y control ubicado en la sede de la instituci\u00f3n del orden. Guzm\u00e1n Peralta, da seguimiento a todas las acciones preventivas adoptadas antes del proceso eleccionario de este domingo 19,\u2026","rel":"","context":"En \u00abMILITARES\u00bb","block_context":{"text":"MILITARES","link":"https:\/\/lasprimeras.com.do\/index.php\/category\/militares\/"},"img":{"alt_text":"Ram\u00f3n Antonio Guzm\u00e1n Peralta","src":"https:\/\/i0.wp.com\/lasprimeras.com.do\/wp-content\/uploads\/2024\/05\/Ramon-Antonio-Guzman-Peralta-1.jpg?resize=350%2C200&ssl=1","width":350,"height":200,"srcset":"https:\/\/i0.wp.com\/lasprimeras.com.do\/wp-content\/uploads\/2024\/05\/Ramon-Antonio-Guzman-Peralta-1.jpg?resize=350%2C200&ssl=1 1x, https:\/\/i0.wp.com\/lasprimeras.com.do\/wp-content\/uploads\/2024\/05\/Ramon-Antonio-Guzman-Peralta-1.jpg?resize=525%2C300&ssl=1 1.5x"},"classes":[]},{"id":55692,"url":"https:\/\/lasprimeras.com.do\/index.php\/2023\/07\/24\/abinader-encabeza-reunion-de-seguimiento-de-la-seguridad-ciudadana-en-la-pn\/","url_meta":{"origin":52460,"position":4},"title":"Abinader encabeza reuni\u00f3n de seguimiento de la seguridad ciudadana en la PN","author":"Nelson Feliz","date":"24 de julio de 2023","format":false,"excerpt":"En estos momentos el presidente Luis Abinader encabeza la reuni\u00f3n de seguimiento al Plan de Seguridad Ciudadana en el Palacio de la Polic\u00eda Nacional. La reuni\u00f3n inicio pasada las 10 de la ma\u00f1ana en el Sal\u00f3n Club de Oficiales del Palacio de la Polic\u00eda Nacional. En compa\u00f1\u00eda del presidente Luis\u2026","rel":"","context":"En \u00abPORTADA\u00bb","block_context":{"text":"PORTADA","link":"https:\/\/lasprimeras.com.do\/index.php\/category\/portada\/"},"img":{"alt_text":"Ministerio Administrativo de la Presidencia","src":"https:\/\/i0.wp.com\/lasprimeras.com.do\/wp-content\/uploads\/2023\/06\/Presidencia-1.jpg?resize=350%2C200&ssl=1","width":350,"height":200,"srcset":"https:\/\/i0.wp.com\/lasprimeras.com.do\/wp-content\/uploads\/2023\/06\/Presidencia-1.jpg?resize=350%2C200&ssl=1 1x, https:\/\/i0.wp.com\/lasprimeras.com.do\/wp-content\/uploads\/2023\/06\/Presidencia-1.jpg?resize=525%2C300&ssl=1 1.5x, https:\/\/i0.wp.com\/lasprimeras.com.do\/wp-content\/uploads\/2023\/06\/Presidencia-1.jpg?resize=700%2C400&ssl=1 2x"},"classes":[]},{"id":79354,"url":"https:\/\/lasprimeras.com.do\/index.php\/2024\/03\/26\/miles-de-agentes-policiales-fortaleceran-patrullaje-preventivo-durante-operativo-conciencia-por-la-vida-semana-santa-2024\/","url_meta":{"origin":52460,"position":5},"title":"Miles de agentes policiales fortalecer\u00e1n patrullaje preventivo durante \u201cOperativo Conciencia Por la Vida Semana Santa 2024\u201d","author":"BIMARY DE JES\u00daS Matos","date":"26 de marzo de 2024","format":false,"excerpt":"Martin Restituyo Santo Domingo.-El despliegue del personal adscrito a las distintas \u00e1reas de Prevenci\u00f3n, Investigaci\u00f3n e Inteligencia se efectu\u00f3 este martes 26 de marzo. Miles de hombres y mujeres de la Polic\u00eda Nacional, junto a los dem\u00e1s miembros de la Fuerza de Tarea Conjunta, fueron desplegados este martes con la\u2026","rel":"","context":"En \u00abPORTADA\u00bb","block_context":{"text":"PORTADA","link":"https:\/\/lasprimeras.com.do\/index.php\/category\/portada\/"},"img":{"alt_text":"","src":"https:\/\/i0.wp.com\/lasprimeras.com.do\/wp-content\/uploads\/2024\/03\/IMG-20240326-WA0011-scaled.jpg?resize=350%2C200&ssl=1","width":350,"height":200,"srcset":"https:\/\/i0.wp.com\/lasprimeras.com.do\/wp-content\/uploads\/2024\/03\/IMG-20240326-WA0011-scaled.jpg?resize=350%2C200&ssl=1 1x, https:\/\/i0.wp.com\/lasprimeras.com.do\/wp-content\/uploads\/2024\/03\/IMG-20240326-WA0011-scaled.jpg?resize=525%2C300&ssl=1 1.5x, https:\/\/i0.wp.com\/lasprimeras.com.do\/wp-content\/uploads\/2024\/03\/IMG-20240326-WA0011-scaled.jpg?resize=700%2C400&ssl=1 2x, https:\/\/i0.wp.com\/lasprimeras.com.do\/wp-content\/uploads\/2024\/03\/IMG-20240326-WA0011-scaled.jpg?resize=1050%2C600&ssl=1 3x, https:\/\/i0.wp.com\/lasprimeras.com.do\/wp-content\/uploads\/2024\/03\/IMG-20240326-WA0011-scaled.jpg?resize=1400%2C800&ssl=1 4x"},"classes":[]}],"jetpack_sharing_enabled":true,"_links":{"self":[{"href":"https:\/\/lasprimeras.com.do\/index.php\/wp-json\/wp\/v2\/posts\/52460","targetHints":{"allow":["GET"]}}],"collection":[{"href":"https:\/\/lasprimeras.com.do\/index.php\/wp-json\/wp\/v2\/posts"}],"about":[{"href":"https:\/\/lasprimeras.com.do\/index.php\/wp-json\/wp\/v2\/types\/post"}],"author":[{"embeddable":true,"href":"https:\/\/lasprimeras.com.do\/index.php\/wp-json\/wp\/v2\/users\/1"}],"replies":[{"embeddable":true,"href":"https:\/\/lasprimeras.com.do\/index.php\/wp-json\/wp\/v2\/comments?post=52460"}],"version-history":[{"count":0,"href":"https:\/\/lasprimeras.com.do\/index.php\/wp-json\/wp\/v2\/posts\/52460\/revisions"}],"wp:featuredmedia":[{"embeddable":true,"href":"https:\/\/lasprimeras.com.do\/index.php\/wp-json\/"}],"wp:attachment":[{"href":"https:\/\/lasprimeras.com.do\/index.php\/wp-json\/wp\/v2\/media?parent=52460"}],"wp:term":[{"taxonomy":"category","embeddable":true,"href":"https:\/\/lasprimeras.com.do\/index.php\/wp-json\/wp\/v2\/categories?post=52460"},{"taxonomy":"post_tag","embeddable":true,"href":"https:\/\/lasprimeras.com.do\/index.php\/wp-json\/wp\/v2\/tags?post=52460"}],"curies":[{"name":"wp","href":"https:\/\/api.w.org\/{rel}","templated":true}]}}