{"id":52470,"date":"2023-06-10T19:26:33","date_gmt":"2023-06-10T23:26:33","guid":{"rendered":"https:\/\/atento.com.do\/?p=52470"},"modified":"2023-06-10T19:26:33","modified_gmt":"2023-06-10T23:26:33","slug":"a-tiro-de-un-si-o-un-no-para-salvar-al-pld","status":"publish","type":"post","link":"https:\/\/lasprimeras.com.do\/index.php\/2023\/06\/10\/a-tiro-de-un-si-o-un-no-para-salvar-al-pld\/","title":{"rendered":"A tiro de un s\u00ed o un no, para salvar al PLD"},"content":{"rendered":"\n<p>Por Charlie N\u00fa\u00f1ez<\/p>\n\n\n\n<p>No creo que exista un dominicano con el ombligo alante, que no haya escuchado la expresi\u00f3n \u201cla uni\u00f3n hace la fuerza\u201d.<\/p>\n\n\n\n<p>Desde su nacimiento, el Partido de la Liberaci\u00f3n Dominicana, PLD, ha mantenido relaciones armoniosas con otras fuerzas pol\u00edticas.<\/p>\n\n\n\n<p>En 1994, el PLD particip\u00f3 con un significativo n\u00famero de partidos aliados, pero es en 1996 cuando se da la alianza impensable hasta ese momento, PLD &#8211; Partido Reformista.<\/p>\n\n\n\n<p>De ah\u00ed en adelante el PLD jam\u00e1s ha participado s\u00f3lo en un proceso electoral.<\/p>\n\n\n\n<p>Ahora bien, ser\u00eda bueno que alguien explique, \u00bfCu\u00e1l es el af\u00e1n de obviar las elecciones de febrero en las que se elegir\u00e1n los alcaldes, directores, regidores y vocales?<\/p>\n\n\n\n<p>\u00bfEn qu\u00e9 perjudica al candidato presidencial del PLD el obtener muchas alcald\u00edas?<\/p>\n\n\n\n<p>\u00bfSe gana m\u00e1s alcald\u00edas si vamos solos o si vamos aliados?<\/p>\n\n\n\n<p>\u00bfC\u00f3mo un aspirante municipal ayuda m\u00e1s al candidato presidencial, cuando gana la alcald\u00eda o perdi\u00e9ndola?<\/p>\n\n\n\n<p>\u00bfQui\u00e9n estar\u00e1 m\u00e1s motivado para buscar votos, el candidato ganador o el perdedor?<\/p>\n\n\n\n<p>\u00bfQu\u00e9 pasar\u00e1 con un candidato que pierda por una cantidad de votos que est\u00e9n en la urna por rechazar la casilla de uno que pudo ser aliado?<\/p>\n\n\n\n<p>\u00bfQu\u00e9 respuesta le dar\u00e1n a los pelede\u00edstas que tiren a la calle en alcald\u00edas que se tienen y no se puedan retener?<\/p>\n\n\n\n<p>\u00bfCu\u00e1ntos empleos de pelede\u00edstas se pueden generar en plazas que solos no ganar\u00edamos y en alianza se pudieran ganar?<\/p>\n\n\n\n<p>Es cierto que los partidos de oposici\u00f3n necesitan del PLD para fortalecerse, pero sus aportes son muy importantes para fortalecer el PLD, que tiene actualmente m\u00e1s posiciones que perder que el resto de ellos.<\/p>\n\n\n\n<p>Si todos nos fortalecemoses m\u00e1s f\u00e1cil vencer en las elecciones de mayo.<\/p>\n\n\n\n<p>Hay quienes dicen estar de acuerdo con una alianza, pero no hay mucho tiempo y todos lo saben, ya el plazo de ponerle nombre y apellido a las reservas se est\u00e1 terminando y hasta con un club deportivo que se vaya a acordar una alianza debe sincronizarse la decisi\u00f3n y eso solo se logra sent\u00e1ndose en una mesa.<\/p>\n\n\n\n<p>Los acuerdos entre fuerzas pol\u00edticas no se realizan por los medios de comunicaci\u00f3n ni en restaurantes.<\/p>\n\n\n\n<p>\u00bfO es que nuestra oposici\u00f3n es a toda la oposici\u00f3n?<\/p>\n\n\n\n<p>Defender y proteger nuestras alcald\u00edas y aspiraciones municipales, es una obligaci\u00f3n de todo pelede\u00edsta, hacerlo es defender nuestra gente, al pueblo y el pa\u00eds.<\/p>\n\n\n\n<p>Como ahora las reuniones de los organismos m\u00e1ximos de los partidos pol\u00edticos se transmiten en vivo, todos sabr\u00e1n porqu\u00e9 y por qui\u00e9n vot\u00f3 cada cual, as\u00ed, individualmente cada quien ser\u00e1 responsable de lo que resultase como consecuencia de esa decisi\u00f3n.<\/p>\n\n\n\n<p>Con un s\u00ed o un no, se sabr\u00e1 por qui\u00e9n doblan las campanas.<\/p>\n","protected":false},"excerpt":{"rendered":"<p>Por Charlie N\u00fa\u00f1ez No creo que exista un dominicano con el ombligo alante, que no haya escuchado la expresi\u00f3n \u201cla uni\u00f3n hace la fuerza\u201d. Desde su nacimiento, el Partido de&hellip;<\/p>\n","protected":false},"author":1,"featured_media":52471,"comment_status":"open","ping_status":"open","sticky":false,"template":"","format":"standard","meta":{"content-type":"","jetpack_post_was_ever_published":false,"_jetpack_newsletter_access":"","_jetpack_dont_email_post_to_subs":false,"_jetpack_newsletter_tier_id":0,"_jetpack_memberships_contains_paywalled_content":false,"_jetpack_memberships_contains_paid_content":false,"footnotes":""},"categories":[95],"tags":[3416,3417],"class_list":["post-52470","post","type-post","status-publish","format-standard","has-post-thumbnail","hentry","category-opinion","tag-a-tiro-de-un-si-o-un-no","tag-para-salvar-al-pld"],"jetpack_featured_media_url":"","jetpack-related-posts":[{"id":116509,"url":"https:\/\/lasprimeras.com.do\/index.php\/2025\/12\/02\/pld-defiende-derechos-constitucionales-de-los-partidos-politicos-video\/","url_meta":{"origin":52470,"position":0},"title":"PLD defiende derechos constitucionales de los partidos pol\u00edticos | Video","author":"Nelson Feliz","date":"2 de diciembre de 2025","format":false,"excerpt":"PLD denuncia excesos y advierte tendencia a limitar derechos democr\u00e1ticos y autonom\u00eda de los partidos pol\u00edticos. El Secretario General del Partido de la Liberaci\u00f3n Dominicana (PLD), Johnny Pujols, calific\u00f3 como \u201cun exceso\u201d la intimaci\u00f3n realizada por la Junta Central Electoral (JCE) a la manifestaci\u00f3n convocada por el partido Fuerza del\u2026","rel":"","context":"En \u00abPOLITICA\u00bb","block_context":{"text":"POLITICA","link":"https:\/\/lasprimeras.com.do\/index.php\/category\/politica\/"},"img":{"alt_text":"Johnny Pujols","src":"https:\/\/i0.wp.com\/lasprimeras.com.do\/wp-content\/uploads\/2025\/12\/Johnny-Pujols.jpg?resize=350%2C200&ssl=1","width":350,"height":200,"srcset":"https:\/\/i0.wp.com\/lasprimeras.com.do\/wp-content\/uploads\/2025\/12\/Johnny-Pujols.jpg?resize=350%2C200&ssl=1 1x, https:\/\/i0.wp.com\/lasprimeras.com.do\/wp-content\/uploads\/2025\/12\/Johnny-Pujols.jpg?resize=525%2C300&ssl=1 1.5x, https:\/\/i0.wp.com\/lasprimeras.com.do\/wp-content\/uploads\/2025\/12\/Johnny-Pujols.jpg?resize=700%2C400&ssl=1 2x"},"classes":[]},{"id":113297,"url":"https:\/\/lasprimeras.com.do\/index.php\/2025\/10\/31\/comision-del-pld-se-reune-con-abel-martinez\/","url_meta":{"origin":52470,"position":1},"title":"Comision del PLD se reune con Abel Martinez","author":"Nelson Feliz","date":"31 de octubre de 2025","format":false,"excerpt":"La Comisi\u00f3n del PLD conformada para trabajar el Protocolo de Aspirantes Presidenciales se re\u00fane con Abel Mart\u00ednez. La comisi\u00f3n encargada de trabajar el Protocolo de Aspirantes Presidenciales del Partido de la Liberaci\u00f3n Dominicana (PLD) sostuvo un encuentro con Abel Mart\u00ednez, pasado candidato presidencial pelede\u00edsta en el que se intercambiaron ideas\u2026","rel":"","context":"En \u00abPOLITICA\u00bb","block_context":{"text":"POLITICA","link":"https:\/\/lasprimeras.com.do\/index.php\/category\/politica\/"},"img":{"alt_text":"","src":"https:\/\/i0.wp.com\/lasprimeras.com.do\/wp-content\/uploads\/2025\/10\/COMISION-CON-ABEL-2.jpg?resize=350%2C200&ssl=1","width":350,"height":200,"srcset":"https:\/\/i0.wp.com\/lasprimeras.com.do\/wp-content\/uploads\/2025\/10\/COMISION-CON-ABEL-2.jpg?resize=350%2C200&ssl=1 1x, https:\/\/i0.wp.com\/lasprimeras.com.do\/wp-content\/uploads\/2025\/10\/COMISION-CON-ABEL-2.jpg?resize=525%2C300&ssl=1 1.5x, https:\/\/i0.wp.com\/lasprimeras.com.do\/wp-content\/uploads\/2025\/10\/COMISION-CON-ABEL-2.jpg?resize=700%2C400&ssl=1 2x"},"classes":[]},{"id":127285,"url":"https:\/\/lasprimeras.com.do\/index.php\/2026\/04\/09\/jose-izquierdo-vaticina-el-colapso-electoral-del-pld-murio\/","url_meta":{"origin":52470,"position":2},"title":"Jos\u00e9 Izquierdo vaticina el colapso electoral del PLD: &#8220;Muri\u00f3&#8221;","author":"Nelson Feliz","date":"9 de abril de 2026","format":false,"excerpt":"El dirigente pol\u00edtico Jos\u00e9 Izquierdo, miembro de la Fuerza del Pueblo, lanz\u00f3 duras cr\u00edticas contra su antigua casa pol\u00edtica, el Partido de la Liberaci\u00f3n Dominicana (PLD), asegurando que la organizaci\u00f3n atraviesa una etapa terminal de la cual no podr\u00e1 recuperarse de cara a los pr\u00f3ximos torneos electorales. Durante una intervenci\u00f3n\u2026","rel":"","context":"En \u00abPOLITICA\u00bb","block_context":{"text":"POLITICA","link":"https:\/\/lasprimeras.com.do\/index.php\/category\/politica\/"},"img":{"alt_text":"","src":"https:\/\/i0.wp.com\/lasprimeras.com.do\/wp-content\/uploads\/2026\/04\/Izquierdo.jpeg?resize=350%2C200&ssl=1","width":350,"height":200,"srcset":"https:\/\/i0.wp.com\/lasprimeras.com.do\/wp-content\/uploads\/2026\/04\/Izquierdo.jpeg?resize=350%2C200&ssl=1 1x, https:\/\/i0.wp.com\/lasprimeras.com.do\/wp-content\/uploads\/2026\/04\/Izquierdo.jpeg?resize=525%2C300&ssl=1 1.5x, https:\/\/i0.wp.com\/lasprimeras.com.do\/wp-content\/uploads\/2026\/04\/Izquierdo.jpeg?resize=700%2C400&ssl=1 2x"},"classes":[]},{"id":106077,"url":"https:\/\/lasprimeras.com.do\/index.php\/2025\/08\/10\/francisco-javier-garcia-el-pld-sera-el-eje-de-las-alianzas-en-2028\/","url_meta":{"origin":52470,"position":3},"title":"Francisco Javier Garc\u00eda: \u201cEl PLD ser\u00e1 el eje de las alianzas en 2028\u201d","author":"Nelson Feliz","date":"10 de agosto de 2025","format":false,"excerpt":"El dirigente pol\u00edtico y aspirante presidencial del Partido de la Liberaci\u00f3n Dominicana (PLD), Francisco Javier Garc\u00eda, afirm\u00f3 que de cara a las elecciones de 2028, las alianzas electorales girar\u00e1n en torno a la candidatura presidencial de esa organizaci\u00f3n, la cual, asegur\u00f3, es la segunda fuerza pol\u00edtica de oposici\u00f3n en el\u2026","rel":"","context":"En \u00abPOLITICA\u00bb","block_context":{"text":"POLITICA","link":"https:\/\/lasprimeras.com.do\/index.php\/category\/politica\/"},"img":{"alt_text":"","src":"https:\/\/i0.wp.com\/lasprimeras.com.do\/wp-content\/uploads\/2025\/08\/FRANCISCO-JAVIER-GARCIA.jpg?resize=350%2C200&ssl=1","width":350,"height":200,"srcset":"https:\/\/i0.wp.com\/lasprimeras.com.do\/wp-content\/uploads\/2025\/08\/FRANCISCO-JAVIER-GARCIA.jpg?resize=350%2C200&ssl=1 1x, https:\/\/i0.wp.com\/lasprimeras.com.do\/wp-content\/uploads\/2025\/08\/FRANCISCO-JAVIER-GARCIA.jpg?resize=525%2C300&ssl=1 1.5x, https:\/\/i0.wp.com\/lasprimeras.com.do\/wp-content\/uploads\/2025\/08\/FRANCISCO-JAVIER-GARCIA.jpg?resize=700%2C400&ssl=1 2x"},"classes":[]},{"id":125339,"url":"https:\/\/lasprimeras.com.do\/index.php\/2026\/03\/22\/eddy-mateo-vasquez-dice-barahona-se-identifica-con-el-pld\/","url_meta":{"origin":52470,"position":4},"title":"Eddy Mateo V\u00e1squez dice Barahona se identifica con el PLD","author":"Nelson Feliz","date":"22 de marzo de 2026","format":false,"excerpt":"El ex Senador resalta la resiliencia del Partido de la Liberaci\u00f3n Dominicana como fuerza pol\u00edtica. El ex senador del Partido de la Liberaci\u00f3n Dominicana por Barahona, Eddy Mateo V\u00e1squez, dijo que ese partido recuper\u00f3 la plaza en esa provincia, al tiempo que valor\u00f3 el legado de obras ejecutadas durante los\u2026","rel":"","context":"En \u00abPOLITICA\u00bb","block_context":{"text":"POLITICA","link":"https:\/\/lasprimeras.com.do\/index.php\/category\/politica\/"},"img":{"alt_text":"","src":"https:\/\/i0.wp.com\/lasprimeras.com.do\/wp-content\/uploads\/2026\/03\/Eddy-Mateo-Vasquez.jpg?resize=350%2C200&ssl=1","width":350,"height":200,"srcset":"https:\/\/i0.wp.com\/lasprimeras.com.do\/wp-content\/uploads\/2026\/03\/Eddy-Mateo-Vasquez.jpg?resize=350%2C200&ssl=1 1x, https:\/\/i0.wp.com\/lasprimeras.com.do\/wp-content\/uploads\/2026\/03\/Eddy-Mateo-Vasquez.jpg?resize=525%2C300&ssl=1 1.5x, https:\/\/i0.wp.com\/lasprimeras.com.do\/wp-content\/uploads\/2026\/03\/Eddy-Mateo-Vasquez.jpg?resize=700%2C400&ssl=1 2x"},"classes":[]},{"id":109559,"url":"https:\/\/lasprimeras.com.do\/index.php\/2025\/09\/19\/danilo-medina-juramenta-dirigentes-que-regresan-al-pld-en-el-programa-de-vuelta-a-casa\/","url_meta":{"origin":52470,"position":5},"title":"Danilo Medina juramenta dirigentes que regresan al PLD en el programa \u201cDe Vuelta a Casa\u201d","author":"Nelson Feliz","date":"19 de septiembre de 2025","format":false,"excerpt":"El Presidente del Partido de la Liberaci\u00f3n Dominicana (PLD), Danilo Medina, tom\u00f3 el juramento de reingreso a la organizaci\u00f3n pol\u00edtica de varios dirigentes provenientes de otros partidos pol\u00edticos, entre ellos el PRM. Con estas juramentaciones realizadas por separado en las oficinas de la Presidencia del PLD, se da continuidad al\u2026","rel":"","context":"En \u00abPOLITICA\u00bb","block_context":{"text":"POLITICA","link":"https:\/\/lasprimeras.com.do\/index.php\/category\/politica\/"},"img":{"alt_text":"","src":"https:\/\/i0.wp.com\/lasprimeras.com.do\/wp-content\/uploads\/2025\/09\/dm.jpg?resize=350%2C200&ssl=1","width":350,"height":200,"srcset":"https:\/\/i0.wp.com\/lasprimeras.com.do\/wp-content\/uploads\/2025\/09\/dm.jpg?resize=350%2C200&ssl=1 1x, https:\/\/i0.wp.com\/lasprimeras.com.do\/wp-content\/uploads\/2025\/09\/dm.jpg?resize=525%2C300&ssl=1 1.5x, https:\/\/i0.wp.com\/lasprimeras.com.do\/wp-content\/uploads\/2025\/09\/dm.jpg?resize=700%2C400&ssl=1 2x"},"classes":[]}],"jetpack_sharing_enabled":true,"_links":{"self":[{"href":"https:\/\/lasprimeras.com.do\/index.php\/wp-json\/wp\/v2\/posts\/52470","targetHints":{"allow":["GET"]}}],"collection":[{"href":"https:\/\/lasprimeras.com.do\/index.php\/wp-json\/wp\/v2\/posts"}],"about":[{"href":"https:\/\/lasprimeras.com.do\/index.php\/wp-json\/wp\/v2\/types\/post"}],"author":[{"embeddable":true,"href":"https:\/\/lasprimeras.com.do\/index.php\/wp-json\/wp\/v2\/users\/1"}],"replies":[{"embeddable":true,"href":"https:\/\/lasprimeras.com.do\/index.php\/wp-json\/wp\/v2\/comments?post=52470"}],"version-history":[{"count":0,"href":"https:\/\/lasprimeras.com.do\/index.php\/wp-json\/wp\/v2\/posts\/52470\/revisions"}],"wp:featuredmedia":[{"embeddable":true,"href":"https:\/\/lasprimeras.com.do\/index.php\/wp-json\/"}],"wp:attachment":[{"href":"https:\/\/lasprimeras.com.do\/index.php\/wp-json\/wp\/v2\/media?parent=52470"}],"wp:term":[{"taxonomy":"category","embeddable":true,"href":"https:\/\/lasprimeras.com.do\/index.php\/wp-json\/wp\/v2\/categories?post=52470"},{"taxonomy":"post_tag","embeddable":true,"href":"https:\/\/lasprimeras.com.do\/index.php\/wp-json\/wp\/v2\/tags?post=52470"}],"curies":[{"name":"wp","href":"https:\/\/api.w.org\/{rel}","templated":true}]}}