{"id":52473,"date":"2023-06-10T19:32:34","date_gmt":"2023-06-10T23:32:34","guid":{"rendered":"https:\/\/atento.com.do\/?p=52473"},"modified":"2023-06-10T19:32:34","modified_gmt":"2023-06-10T23:32:34","slug":"la-politiqueriaun-juego-perverso-que-esta-desmantelando-nuestra-nacion","status":"publish","type":"post","link":"https:\/\/lasprimeras.com.do\/index.php\/2023\/06\/10\/la-politiqueriaun-juego-perverso-que-esta-desmantelando-nuestra-nacion\/","title":{"rendered":"La politiquer\u00eda\u2026un juego perverso que est\u00e1 desmantelando nuestra naci\u00f3n"},"content":{"rendered":"\n<p>Por Dr. Isa\u00edas Ramos<\/p>\n\n\n\n<p>Los pol\u00edticos, representantes de esta partidocracia, mayoritariamente tienen el complejo de ser gallos de pelea. Entretienen como los gallos y act\u00faan como tales en un eterno reto a \u201csus contrincantes\u201d, dejando a un lado la presentaci\u00f3n de un plan de gobierno que satisfaga las necesidades del pueblo.<\/p>\n\n\n\n<p>Despu\u00e9s de todo, parece que el bienestar de la poblaci\u00f3n poco les importa.<br>Este enfrentamiento, lejos de ser un simple espect\u00e1culo pol\u00edtico, genera consecuencias profundas y a menudo perjudiciales para la poblaci\u00f3n en general.<\/p>\n\n\n\n<p>La poblaci\u00f3n es el aut\u00e9ntico perdedor de este juego diab\u00f3lico, es manipulado, enga\u00f1ado y explotado en beneficio de aquellos que buscan consolidar o adquirir poder, para continuar saqueando y endeudando la naci\u00f3n.<\/p>\n\n\n\n<p>En este escenario, la transparencia es un valor en peligro de extinci\u00f3n. Las operaciones y decisiones tomadas en las altas esferas de poder rara vez son visibles para el p\u00fablico general, manteniendo a los ciudadanos en la oscuridad.<\/p>\n\n\n\n<p>Se nos priva de la capacidad de comprender y evaluar plenamente la realidad de nuestra situaci\u00f3n, una verdad a menudo inc\u00f3moda y perturbadora, escondida detr\u00e1s de los velos de la politiquer\u00eda y la manipulaci\u00f3n.<\/p>\n\n\n\n<p>Si tuvi\u00e9ramos la oportunidad de descubrir la verdad, de atisbar las luchas de poder que se desarrollan en las sombras, \u00bfC\u00f3mo reaccionar\u00edamos? \u00bfC\u00f3mo cambiar\u00eda nuestra percepci\u00f3n de aquellos a quienes hemos elegidos? Y es que conocer ese mundo de esa casta pol\u00edtica causa repugnancia.<\/p>\n\n\n\n<p>Pero, conocer la verdad es una responsabilidad que nos corresponde como ciudadanos. S\u00f3lo as\u00ed podremos empezar a desmantelar este sistema podrido y corro\u00eddo que solo busca beneficiarse a expensas de la mayor\u00eda, y luchar por una sociedad m\u00e1s transparente, equitativa y justa.<\/p>\n\n\n\n<p>La falta de transparencia y las pr\u00e1cticas manipuladoras de los que ostentan el poder pueden generar una sensaci\u00f3n de traici\u00f3n. Aquellos que deber\u00edan estar \u00fanicamente preocupados por el bienestar del pueblo han demostrado, en su inmensa mayor\u00eda, que su \u00fanico fin es saquear las finanzas p\u00fablicas.<\/p>\n\n\n\n<p>Una muestra de esa realidad es el informe dado por el propio ministro de educaci\u00f3n sobre los resultados de evaluaci\u00f3n acad\u00e9mica de los estudiantes de 3ro, 6to de primaria y 3ro de secundaria;es simplemente una verg\u00fcenza para el pa\u00eds.<\/p>\n\n\n\n<p>Representan el resultado de casi tres d\u00e9cadas dedicadas a deformar a los ciudadanos suprimiendo materias de formaci\u00f3n en principios y valores como moral y c\u00edvica.<\/p>\n\n\n\n<p>Adem\u00e1s, el ambiente al que son expuestos eso ni\u00f1os tan pronto salen de las escuelas son un lastre para cualquier nivel de formaci\u00f3n ciudadana.<\/p>\n\n\n\n<p>No es fortuito que seamos el pa\u00eds con m\u00e1s muerte de tr\u00e1nsito del mundo, es parte de un sistema de formaci\u00f3n educativa colapsado.<\/p>\n\n\n\n<p>Es que lo que amerita nuestro pa\u00eds en estos momentos no se resuelve poniendo parches y retazos, solo a trav\u00e9s de un proyecto de naci\u00f3n con una visi\u00f3n clara de gobernantes y gobernados trabajando unidos por la patria que queremos dejarle a nuestros hijos y los hijos que queremos dejarle a nuestra naci\u00f3n, solo as\u00ed seres capaces de lograr lo que la mayor\u00eda de este pueblo sue\u00f1a de vivir en un pa\u00eds donde reine el orden, la justicia y la igualdad de oportunidades.<\/p>\n\n\n\n<p>Ya pasaron 7 gobiernos y ninguno se interes\u00f3 en rescatar la ley de educaci\u00f3n 66-97 de manera integral. Para esta casta pol\u00edtica educar al ciudadano es un peligro para su sobrevivencia, pues, esta es el arma m\u00e1s poderosa para ayudar a cada persona a volar por s\u00ed misma; capacitarlo y formarlo es ense\u00f1arlo a buscarse la vida y a encontrar soluciones por s\u00ed misma con independencia de las circunstancias, y es que verdadera educaci\u00f3n no genera dependencia si no aut\u00e9ntica libertad.<\/p>\n\n\n\n<p>A eso es lo que m\u00e1s le teme este sistema que sostiene esta especie de dictadura clientelar que para poder sobrevivir requiere de una mayor\u00eda en miseria e ignorancia.<\/p>\n\n\n\n<p>Ya son 27 a\u00f1os a la deriva sin un timonel que conduzca a este pueblo hacia un puerto seguro. Los que han ostentando el poder en lo \u00fanico que se han especializado es en despedazar las empresas p\u00fablicas, regalar nuestros recursos naturales, pervertir a la juventud y crear una sociedad de consumo sin freno.<\/p>\n\n\n\n<p>Hoy, en el Frente C\u00edvico y Social (FCS), estamos convencidos de que ha llegado el momento crucial para el pueblo dominicano: el momento de empedrares para decirle adi\u00f3s de una vez por todas a esta casta pol\u00edtica que solo nos ha ofrecido miseria e ignorancia.<\/p>\n\n\n\n<p>En el FCS estamos listos para desarrollar un plan de acci\u00f3n que cambie el rumbo de la destrucci\u00f3n hacia un nuevo amanecer lleno de esperanza. Nos proponemos refundar nuestra Patria bajo los preceptos que nos dejaron nuestros libertadores como legado.<\/p>\n\n\n\n<p>Cada palabra, cada promesa que realizamos, viene cargada de una resoluci\u00f3n f\u00e9rrea: trabajar por y para nuestro pueblo. Sentimos cada desaf\u00edo como si fuera nuestro, porque loes. Cada l\u00e1grima derramada por la injusticia, cada sonrisa borrada por el desamparo, es tambi\u00e9n nuestra.<\/p>\n\n\n\n<p>Es por eso que lucharemos. Porque conocemos el valor de nuestro pueblo, porque sabemos que merecemos algo mejor.<\/p>\n\n\n\n<p>As\u00ed que, juntos, diremos adi\u00f3s a las sombras del pasado y saldremos adelante hacia la luz del futuro. Juntos, haremos que la esperanza vuelva a florecer en el coraz\u00f3n de la patria. Juntos, porque en la unidad est\u00e1 nuestra fuerza y en la esperanza, nuestro futuro. Y juntos, estamos seguros de que podemos y vamos a hacer que ese futuro sea mejor.<\/p>\n\n\n\n<p>Porque el pueblo dominicano no merece menos. Porque nosotros, en el Frente C\u00edvico y Social, no daremos menos. Nuestro compromiso es con ustedes, con cada ciudadano, con cada familia, con cada coraz\u00f3n que late con la esperanza de un ma\u00f1ana mejor.<\/p>\n\n\n\n<p>Juntos, podemos cambiar el rumbo de nuestra historia. Y lo haremos. Porque es hora de que la voz del pueblo se escuche. Es hora de que la patria renazca.<\/p>\n\n\n\n<p>Despierta RD!<\/p>\n","protected":false},"excerpt":{"rendered":"<p>Por Dr. Isa\u00edas Ramos Los pol\u00edticos, representantes de esta partidocracia, mayoritariamente tienen el complejo de ser gallos de pelea. Entretienen como los gallos y act\u00faan como tales en un eterno&hellip;<\/p>\n","protected":false},"author":1,"featured_media":52474,"comment_status":"open","ping_status":"open","sticky":false,"template":"","format":"standard","meta":{"content-type":"","jetpack_post_was_ever_published":false,"_jetpack_newsletter_access":"","_jetpack_dont_email_post_to_subs":false,"_jetpack_newsletter_tier_id":0,"_jetpack_memberships_contains_paywalled_content":false,"_jetpack_memberships_contains_paid_content":false,"footnotes":""},"categories":[95],"tags":[3418],"class_list":["post-52473","post","type-post","status-publish","format-standard","has-post-thumbnail","hentry","category-opinion","tag-la-politiqueria-un-juego-perverso-que-esta-desmantelando-nuestra-nacion"],"jetpack_featured_media_url":"","jetpack-related-posts":[{"id":108134,"url":"https:\/\/lasprimeras.com.do\/index.php\/2025\/09\/03\/pro-consumidor-llama-a-la-oposicion-a-descontinuar-la-politiqueria-con-los-productos-basicos-de-la-canasta-alimentaria\/","url_meta":{"origin":52473,"position":0},"title":"Pro Consumidor llama a la oposici\u00f3n a descontinuar la politiquer\u00eda con los productos b\u00e1sicos de la canasta alimentaria","author":"Nelson Feliz","date":"3 de septiembre de 2025","format":false,"excerpt":"El director ejecutivo del Instituto Nacional de Protecci\u00f3n de los Derechos del Consumidor (Pro Consumidor), Eddy Alc\u00e1ntara, llam\u00f3 a los dirigentes de los partidos de oposici\u00f3n a descontinuar la politiquer\u00eda con los productos b\u00e1sicos de la canasta alimentaria, con el solo prop\u00f3sito de ganar adeptos con miras a las elecciones\u2026","rel":"","context":"En \u00abPOLITICA\u00bb","block_context":{"text":"POLITICA","link":"https:\/\/lasprimeras.com.do\/index.php\/category\/politica\/"},"img":{"alt_text":"","src":"https:\/\/i0.wp.com\/lasprimeras.com.do\/wp-content\/uploads\/2025\/09\/Eddy-Alcantara.jpg?resize=350%2C200&ssl=1","width":350,"height":200,"srcset":"https:\/\/i0.wp.com\/lasprimeras.com.do\/wp-content\/uploads\/2025\/09\/Eddy-Alcantara.jpg?resize=350%2C200&ssl=1 1x, https:\/\/i0.wp.com\/lasprimeras.com.do\/wp-content\/uploads\/2025\/09\/Eddy-Alcantara.jpg?resize=525%2C300&ssl=1 1.5x, https:\/\/i0.wp.com\/lasprimeras.com.do\/wp-content\/uploads\/2025\/09\/Eddy-Alcantara.jpg?resize=700%2C400&ssl=1 2x"},"classes":[]},{"id":106105,"url":"https:\/\/lasprimeras.com.do\/index.php\/2025\/08\/10\/rendicion-de-cuentas-o-espectaculo-politico\/","url_meta":{"origin":52473,"position":1},"title":"Rendici\u00f3n de Cuentas o Espect\u00e1culo Pol\u00edtico","author":"Nelson Feliz","date":"10 de agosto de 2025","format":false,"excerpt":"Por: Carlos Manzano En los \u00faltimos d\u00edas el gobierno ha venido anunciando, con bombos y platillos, que el pr\u00f3ximo 16 de agosto llevar\u00e1 a cabo una \u00abrendici\u00f3n de cuentas\u00bb al pa\u00eds sobre los resultados de la gesti\u00f3n del PRM durante los cinco a\u00f1os que le ha tocado conducir los destinos\u2026","rel":"","context":"En \u00abOPINI\u00d3N\u00bb","block_context":{"text":"OPINI\u00d3N","link":"https:\/\/lasprimeras.com.do\/index.php\/category\/opinion\/"},"img":{"alt_text":"","src":"https:\/\/i0.wp.com\/lasprimeras.com.do\/wp-content\/uploads\/2025\/08\/Carlos-Manzano.jpg?resize=350%2C200&ssl=1","width":350,"height":200},"classes":[]},{"id":102447,"url":"https:\/\/lasprimeras.com.do\/index.php\/2025\/07\/04\/luis-el-gallo-pide-se-suspenda-campana-de-los-precandidatos-y-se-le-de-un-respiro-al-pueblo-dominicano\/","url_meta":{"origin":52473,"position":2},"title":"Luis \u201cEl Gallo\u201d pide se suspenda campa\u00f1a de los precandidatos y se le d\u00e9 un respiro al pueblo dominicano","author":"Nelson Feliz","date":"4 de julio de 2025","format":false,"excerpt":"El presidente de la Uni\u00f3n Dem\u00f3crata Cristiana \u2013UDC-, Luis Acosta Moreta, Luis \u201cEl Gallo\u201d, pidi\u00f3 hoy que se suspenda la campa\u00f1a electoral a destiempo, porque est\u00e1 sirviendo de estancamiento a los programas de desarrollo y la tranquilidad ciudadana. Pidi\u00f3 a los llamados partidos mayoritarios para que controlen a sus dirigentes,\u2026","rel":"","context":"En \u00abPOLITICA\u00bb","block_context":{"text":"POLITICA","link":"https:\/\/lasprimeras.com.do\/index.php\/category\/politica\/"},"img":{"alt_text":"Luis Acosta Moreta","src":"https:\/\/i0.wp.com\/lasprimeras.com.do\/wp-content\/uploads\/2025\/07\/Luis-Acosta-Moreta.png?resize=350%2C200&ssl=1","width":350,"height":200},"classes":[]},{"id":55317,"url":"https:\/\/lasprimeras.com.do\/index.php\/2023\/07\/19\/luis-el-gallo-considera-grandes-potencias-deben-cooperar-en-solucion-a-pobreza-y-desigualdades\/","url_meta":{"origin":52473,"position":3},"title":"Luis \u201cEl Gallo\u201d considera grandes potencias deben cooperar en soluci\u00f3n a pobreza y desigualdades","author":"Nelson Feliz","date":"19 de julio de 2023","format":false,"excerpt":"La Uni\u00f3n Dem\u00f3crata Cristiana \u2013UDC- muy realistas y ajustados a las necesidades de los pa\u00edses del tercer mundo, los pronunciamientos del presidente Luis Abinader en el sentido de que las grandes potencias aborden juntos los desaf\u00edos de la pobreza y las desigualdades. El presidente de la UDC, Luis Acosta Moreta,\u2026","rel":"","context":"En \u00abSin categor\u00eda\u00bb","block_context":{"text":"Sin categor\u00eda","link":"https:\/\/lasprimeras.com.do\/index.php\/category\/sin-categoria\/"},"img":{"alt_text":"Luis Acosta Moreta","src":"https:\/\/i0.wp.com\/lasprimeras.com.do\/wp-content\/uploads\/2023\/06\/Luis-Acosta-Moreta-3.jpg?resize=350%2C200&ssl=1","width":350,"height":200,"srcset":"https:\/\/i0.wp.com\/lasprimeras.com.do\/wp-content\/uploads\/2023\/06\/Luis-Acosta-Moreta-3.jpg?resize=350%2C200&ssl=1 1x, https:\/\/i0.wp.com\/lasprimeras.com.do\/wp-content\/uploads\/2023\/06\/Luis-Acosta-Moreta-3.jpg?resize=525%2C300&ssl=1 1.5x, https:\/\/i0.wp.com\/lasprimeras.com.do\/wp-content\/uploads\/2023\/06\/Luis-Acosta-Moreta-3.jpg?resize=700%2C400&ssl=1 2x"},"classes":[]},{"id":115275,"url":"https:\/\/lasprimeras.com.do\/index.php\/2025\/11\/20\/luis-el-gallo-rechaza-denuncias-de-amnistia-internacional-y-senala-son-viles-mentiras\/","url_meta":{"origin":52473,"position":4},"title":"Luis \u201cEl Gallo\u201d rechaza denuncias de Amnist\u00eda Internacional y se\u00f1ala son viles mentiras","author":"Nelson Feliz","date":"20 de noviembre de 2025","format":false,"excerpt":"El presidente de la Uni\u00f3n Dem\u00f3crata Cristiana -UDC-, Luis Acosta Moreta, Luis \u201cEl Gallo\u201d, rechaz\u00f3 hoy por mentirosas y viles las denuncias de Amnist\u00eda Internacional de que en el pa\u00eds se da a las parturientas haitianas un trato racista, discriminatorio y violador de los derechos humanos. Dijo que por el\u2026","rel":"","context":"En \u00abPOLITICA\u00bb","block_context":{"text":"POLITICA","link":"https:\/\/lasprimeras.com.do\/index.php\/category\/politica\/"},"img":{"alt_text":"","src":"https:\/\/i0.wp.com\/lasprimeras.com.do\/wp-content\/uploads\/2025\/11\/Luis-Acosta-Moreta.jpeg?resize=350%2C200&ssl=1","width":350,"height":200,"srcset":"https:\/\/i0.wp.com\/lasprimeras.com.do\/wp-content\/uploads\/2025\/11\/Luis-Acosta-Moreta.jpeg?resize=350%2C200&ssl=1 1x, https:\/\/i0.wp.com\/lasprimeras.com.do\/wp-content\/uploads\/2025\/11\/Luis-Acosta-Moreta.jpeg?resize=525%2C300&ssl=1 1.5x, https:\/\/i0.wp.com\/lasprimeras.com.do\/wp-content\/uploads\/2025\/11\/Luis-Acosta-Moreta.jpeg?resize=700%2C400&ssl=1 2x"},"classes":[]},{"id":120393,"url":"https:\/\/lasprimeras.com.do\/index.php\/2026\/01\/23\/luis-el-gallo-destaca-presidente-abinader-trabaja-para-acabar-con-la-miseria-y-la-corrupcion\/","url_meta":{"origin":52473,"position":5},"title":"Luis \u201cEl Gallo\u201d destaca presidente Abinader trabaja para acabar con la miseria y la corrupci\u00f3n","author":"Nelson Feliz","date":"23 de enero de 2026","format":false,"excerpt":"El l\u00edder de la Uni\u00f3n Dem\u00f3crata Cristiana \u2013UDC-, Luis Acosta Moreta, Luis \u201cEl Gallo\u201d, consider\u00f3 hoy que el presidente Luis Abinader est\u00e1 trabajando a tiempo completo para acabar con la marginalidad social, y mejorar los niveles de vida de la poblaci\u00f3n. Asimismo, se\u00f1al\u00f3 que el mandatario ha dicho en varias\u2026","rel":"","context":"En \u00abPOLITICA\u00bb","block_context":{"text":"POLITICA","link":"https:\/\/lasprimeras.com.do\/index.php\/category\/politica\/"},"img":{"alt_text":"Luis Acosta Moreta","src":"https:\/\/i0.wp.com\/lasprimeras.com.do\/wp-content\/uploads\/2025\/06\/Luis-Acosta-Moreta-1.jpg?resize=350%2C200&ssl=1","width":350,"height":200,"srcset":"https:\/\/i0.wp.com\/lasprimeras.com.do\/wp-content\/uploads\/2025\/06\/Luis-Acosta-Moreta-1.jpg?resize=350%2C200&ssl=1 1x, https:\/\/i0.wp.com\/lasprimeras.com.do\/wp-content\/uploads\/2025\/06\/Luis-Acosta-Moreta-1.jpg?resize=525%2C300&ssl=1 1.5x, https:\/\/i0.wp.com\/lasprimeras.com.do\/wp-content\/uploads\/2025\/06\/Luis-Acosta-Moreta-1.jpg?resize=700%2C400&ssl=1 2x"},"classes":[]}],"jetpack_sharing_enabled":true,"_links":{"self":[{"href":"https:\/\/lasprimeras.com.do\/index.php\/wp-json\/wp\/v2\/posts\/52473","targetHints":{"allow":["GET"]}}],"collection":[{"href":"https:\/\/lasprimeras.com.do\/index.php\/wp-json\/wp\/v2\/posts"}],"about":[{"href":"https:\/\/lasprimeras.com.do\/index.php\/wp-json\/wp\/v2\/types\/post"}],"author":[{"embeddable":true,"href":"https:\/\/lasprimeras.com.do\/index.php\/wp-json\/wp\/v2\/users\/1"}],"replies":[{"embeddable":true,"href":"https:\/\/lasprimeras.com.do\/index.php\/wp-json\/wp\/v2\/comments?post=52473"}],"version-history":[{"count":0,"href":"https:\/\/lasprimeras.com.do\/index.php\/wp-json\/wp\/v2\/posts\/52473\/revisions"}],"wp:featuredmedia":[{"embeddable":true,"href":"https:\/\/lasprimeras.com.do\/index.php\/wp-json\/"}],"wp:attachment":[{"href":"https:\/\/lasprimeras.com.do\/index.php\/wp-json\/wp\/v2\/media?parent=52473"}],"wp:term":[{"taxonomy":"category","embeddable":true,"href":"https:\/\/lasprimeras.com.do\/index.php\/wp-json\/wp\/v2\/categories?post=52473"},{"taxonomy":"post_tag","embeddable":true,"href":"https:\/\/lasprimeras.com.do\/index.php\/wp-json\/wp\/v2\/tags?post=52473"}],"curies":[{"name":"wp","href":"https:\/\/api.w.org\/{rel}","templated":true}]}}