{"id":52476,"date":"2023-06-10T19:50:05","date_gmt":"2023-06-10T23:50:05","guid":{"rendered":"https:\/\/atento.com.do\/?p=52476"},"modified":"2023-06-10T19:50:05","modified_gmt":"2023-06-10T23:50:05","slug":"argentina-reafirma-su-soberania-sobre-las-islas-malvinas","status":"publish","type":"post","link":"https:\/\/lasprimeras.com.do\/index.php\/2023\/06\/10\/argentina-reafirma-su-soberania-sobre-las-islas-malvinas\/","title":{"rendered":"Argentina reafirma su soberan\u00eda sobre las Islas Malvinas"},"content":{"rendered":"\n<p><strong>Denuncia la &#8220;injustificada y desproporcionada&#8221; presencia militar brit\u00e1nica.<\/strong><\/p>\n\n\n\n<p>El Gobierno de Argentina reafirm\u00f3 este s\u00e1bado su reclamo de soberan\u00eda sobre las Islas Malvinas y denunci\u00f3 la &#8220;injustificada y desproporcionada&#8221; presencia militar brit\u00e1nica en la zona del Atl\u00e1ntico Sur, al cumplirse 194 a\u00f1os de la creaci\u00f3n de la Comandancia Pol\u00edtica y Militar en el archipi\u00e9lago.<\/p>\n\n\n\n<p>&#8220;La Rep\u00fablica Argentina reafirma una vez m\u00e1s su soberan\u00eda sobre las Islas Malvinas, Georgias del Sur y Sandwich del Sur y los espacios mar\u00edtimos circundantes, que forman parte integrante de su territorio nacional&#8221;, dice un comunicado emitido por la Canciller\u00eda en el que reclama que se reanuden &#8220;a la brevedad&#8221; las negociaciones con el Reino Unido &#8220;para dar una soluci\u00f3n definitiva a esta situaci\u00f3n colonial&#8221;.<\/p>\n\n\n\n<p>En el texto, la cartera, que ahora encabeza Santiago Cafiero, recuerda que el 10 de junio de 1829 las Provincias Unidas del R\u00edo de la Plata \u2014como se conoc\u00eda al Gobierno argentino en la \u00e9poca poscolonial\u2014 establecieron que el territorio isle\u00f1o ser\u00eda regido por &#8220;un comandante pol\u00edtico y militar nombrado inmediatamente por el Gobierno de la Rep\u00fablica&#8221; y designaron a Luis Vernet.<\/p>\n\n\n\n<p>Cuatro a\u00f1os despu\u00e9s, &#8220;dicho ejercicio efectivo de la soberan\u00eda fue interrumpido mediante un acto de fuerza&#8221; por parte del entonces Reino Unido de Gran Breta\u00f1a e Irlanda, que &#8220;ocup\u00f3 ilegalmente&#8221; el territorio y desaloj\u00f3 a las autoridades argentinas y a la poblaci\u00f3n asentada all\u00ed.<\/p>\n\n\n\n<p>En 1965, la Asamblea General de las Naciones Unidas estableci\u00f3 la resoluci\u00f3n 2065 (XX) que reconoce la existencia de una situaci\u00f3n colonial en las Malvinas y aconseja a ambas partes solucionar la disputa mediante negociaciones.<\/p>\n\n\n\n<p>Sin embargo, el di\u00e1logo se interrumpi\u00f3 el 2 de abril de 1982 cuando el dictador Leopoldo Galtieri anunci\u00f3 la recuperaci\u00f3n de las islas.<\/p>\n\n\n\n<p>El Gobierno del pa\u00eds sudamericano reclama que se reanuden &#8220;a la brevedad&#8221; las negociaciones con el Reino Unido &#8220;para dar una soluci\u00f3n definitiva a esta situaci\u00f3n colonial&#8221;.<\/p>\n\n\n\n<p>Una vez finalizada la guerra de dos meses y medio, que ganaron los brit\u00e1nicos y dej\u00f3 como saldo la muerte de 649 militares argentinos, 255 brit\u00e1nicos y 3 civiles isle\u00f1os, el pa\u00eds sudamericano ha invitado en reiteradas ocasiones a la otra parte a retomar las negociaciones, pero el Reino Unido &#8220;se niega&#8221;.<\/p>\n\n\n\n<p>&#8220;La negativa a cumplir con la obligaci\u00f3n de reanudar las negociaciones por la soberan\u00eda se encuentra agravada por la continua introducci\u00f3n de actos unilaterales por parte de Reino Unido&#8221;, indica la Canciller\u00eda.<\/p>\n\n\n\n<p>Entre estas acciones, denuncia la exploraci\u00f3n y explotaci\u00f3n de recursos naturales renovables y no renovables, las pol\u00edticas migratorias que limitan la posibilidad de que los ciudadanos argentinos establezcan residencia, adquieran tierras o empleo y la militarizaci\u00f3n de las Islas.<\/p>\n\n\n\n<p>El Reino Unido &#8220;mantiene en las islas una injustificada y desproporcionada presencia militar con la que regularmente realiza maniobras y ejercicios&#8221;, adem\u00e1s, &#8220;ha introducido fuerzas de seguridad de terceros actores en las islas&#8221;, se lee en el comunicado en el que se enfatiza que dichas acciones constituyen &#8220;un apartamiento deliberado de los llamamientos de las numerosas resoluciones de las Naciones Unidas y de otros organismos internacionales&#8221;.<\/p>\n","protected":false},"excerpt":{"rendered":"<p>Denuncia la &#8220;injustificada y desproporcionada&#8221; presencia militar brit\u00e1nica. El Gobierno de Argentina reafirm\u00f3 este s\u00e1bado su reclamo de soberan\u00eda sobre las Islas Malvinas y denunci\u00f3 la &#8220;injustificada y desproporcionada&#8221; presencia&hellip;<\/p>\n","protected":false},"author":1,"featured_media":52477,"comment_status":"open","ping_status":"open","sticky":false,"template":"","format":"standard","meta":{"content-type":"","jetpack_post_was_ever_published":false,"_jetpack_newsletter_access":"","_jetpack_dont_email_post_to_subs":false,"_jetpack_newsletter_tier_id":0,"_jetpack_memberships_contains_paywalled_content":false,"_jetpack_memberships_contains_paid_content":false,"footnotes":""},"categories":[1],"tags":[3254,3419,3420,3421,864,3422],"class_list":["post-52476","post","type-post","status-publish","format-standard","has-post-thumbnail","hentry","category-sin-categoria","tag-argentina","tag-desproporcionada","tag-injustificada","tag-islas-malvinas","tag-militar","tag-soberania"],"jetpack_featured_media_url":"","jetpack-related-posts":[{"id":127406,"url":"https:\/\/lasprimeras.com.do\/index.php\/2026\/04\/12\/el-reino-unido-suspende-el-acuerdo-de-traspaso-de-las-islas-chagos-tras-la-retirada-del-apoyo-de-trump\/","url_meta":{"origin":52476,"position":0},"title":"El Reino Unido suspende el acuerdo de traspaso de las Islas Chagos tras la retirada del apoyo de Trump","author":"Nelson Feliz","date":"12 de abril de 2026","format":false,"excerpt":"Por Jill Lawless LONDRES (AP) \u2014 El acuerdo de Gran Breta\u00f1a para entregar a Mauricio las islas Chagos , donde se ubica una base militar estrat\u00e9gica brit\u00e1nico-estadounidense, est\u00e1 suspendido indefinidamente porque la administraci\u00f3n del presidente estadounidense Donald Trump ha retirado su apoyo al acuerdo. El gobierno brit\u00e1nico reconoci\u00f3 el s\u00e1bado\u2026","rel":"","context":"En \u00abINTERNACIONALES\u00bb","block_context":{"text":"INTERNACIONALES","link":"https:\/\/lasprimeras.com.do\/index.php\/category\/sin-categoria\/internacionales\/"},"img":{"alt_text":"Islas Chagos","src":"https:\/\/i0.wp.com\/lasprimeras.com.do\/wp-content\/uploads\/2026\/04\/Islas-Chagos.jpg?resize=350%2C200&ssl=1","width":350,"height":200,"srcset":"https:\/\/i0.wp.com\/lasprimeras.com.do\/wp-content\/uploads\/2026\/04\/Islas-Chagos.jpg?resize=350%2C200&ssl=1 1x, https:\/\/i0.wp.com\/lasprimeras.com.do\/wp-content\/uploads\/2026\/04\/Islas-Chagos.jpg?resize=525%2C300&ssl=1 1.5x, https:\/\/i0.wp.com\/lasprimeras.com.do\/wp-content\/uploads\/2026\/04\/Islas-Chagos.jpg?resize=700%2C400&ssl=1 2x"},"classes":[]},{"id":86692,"url":"https:\/\/lasprimeras.com.do\/index.php\/2024\/07\/30\/argentina-analiza-situacion-de-asilados-en-embajada-en-venezuela-denuncia-hostigamiento\/","url_meta":{"origin":52476,"position":1},"title":"Argentina analiza situaci\u00f3n de asilados en embajada en Venezuela, denuncia hostigamiento","author":"Nelson Feliz","date":"30 de julio de 2024","format":false,"excerpt":"By JORGE RUEDA CARACAS (AP) \u2014 El gobierno argentino analizaba el martes la situaci\u00f3n de los seis venezolanos asilados en su embajada en Caracas luego de que el gobierno de Nicol\u00e1s Maduro emplaz\u00f3 al personal diplom\u00e1tico a dejar el pa\u00eds en 72 horas, medida que tambi\u00e9n aplic\u00f3 a otras seis\u2026","rel":"","context":"En \u00abSin categor\u00eda\u00bb","block_context":{"text":"Sin categor\u00eda","link":"https:\/\/lasprimeras.com.do\/index.php\/category\/sin-categoria\/"},"img":{"alt_text":"","src":"https:\/\/i0.wp.com\/lasprimeras.com.do\/wp-content\/uploads\/2024\/07\/argentina.png?resize=350%2C200&ssl=1","width":350,"height":200,"srcset":"https:\/\/i0.wp.com\/lasprimeras.com.do\/wp-content\/uploads\/2024\/07\/argentina.png?resize=350%2C200&ssl=1 1x, https:\/\/i0.wp.com\/lasprimeras.com.do\/wp-content\/uploads\/2024\/07\/argentina.png?resize=525%2C300&ssl=1 1.5x, https:\/\/i0.wp.com\/lasprimeras.com.do\/wp-content\/uploads\/2024\/07\/argentina.png?resize=700%2C400&ssl=1 2x"},"classes":[]},{"id":87823,"url":"https:\/\/lasprimeras.com.do\/index.php\/2024\/08\/18\/filipinas-defiende-la-presencia-de-guardacostas-en-aguas-en-conflicto-tras-protesta-china\/","url_meta":{"origin":52476,"position":2},"title":"Filipinas defiende la presencia de guardacostas en aguas en conflicto tras protesta china","author":"Nelson Feliz","date":"18 de agosto de 2024","format":false,"excerpt":"Bangkok, (EFE).- La Guardia Costera de Filipinas defendi\u00f3 este domingo la presencia de una de sus embarcaciones en el atol\u00f3n Sabina, ubicado en el mar de China Meridional y donde se solapan las reclamaciones de Manila y Pek\u00edn, que ha protestado por su presencia. \"Nuestros nav\u00edos de la guardiacostera tienen\u2026","rel":"","context":"En \u00abSin categor\u00eda\u00bb","block_context":{"text":"Sin categor\u00eda","link":"https:\/\/lasprimeras.com.do\/index.php\/category\/sin-categoria\/"},"img":{"alt_text":"Guardia Costera de Filipinas","src":"https:\/\/i0.wp.com\/lasprimeras.com.do\/wp-content\/uploads\/2024\/08\/Guardia-Costera-de-Filipinas.jpg?resize=350%2C200&ssl=1","width":350,"height":200,"srcset":"https:\/\/i0.wp.com\/lasprimeras.com.do\/wp-content\/uploads\/2024\/08\/Guardia-Costera-de-Filipinas.jpg?resize=350%2C200&ssl=1 1x, https:\/\/i0.wp.com\/lasprimeras.com.do\/wp-content\/uploads\/2024\/08\/Guardia-Costera-de-Filipinas.jpg?resize=525%2C300&ssl=1 1.5x, https:\/\/i0.wp.com\/lasprimeras.com.do\/wp-content\/uploads\/2024\/08\/Guardia-Costera-de-Filipinas.jpg?resize=700%2C400&ssl=1 2x"},"classes":[]},{"id":62176,"url":"https:\/\/lasprimeras.com.do\/index.php\/2023\/10\/03\/philippe-arroja-intensas-lluvias-sobre-algunas-zonas-de-las-antillas-menores\/","url_meta":{"origin":52476,"position":3},"title":"Philippe arroja intensas lluvias sobre algunas zonas de las Antillas Menores","author":"Nelson Feliz","date":"3 de octubre de 2023","format":false,"excerpt":"Los meteor\u00f3logos del NHC advirtieron de que los vientos m\u00e1s fuertes y precipitaciones se dejar\u00e1n sentir en las islas del sur de ese archipi\u00e9lago. La tormenta tropical Philippe prosigue este martes arrojando intensas lluvias, con potencial de producir inundaciones, en las islas de Sotavento y sectores de las de Barlovento,\u2026","rel":"","context":"En \u00abSin categor\u00eda\u00bb","block_context":{"text":"Sin categor\u00eda","link":"https:\/\/lasprimeras.com.do\/index.php\/category\/sin-categoria\/"},"img":{"alt_text":"Tormenta tropical Philippe","src":"https:\/\/i0.wp.com\/lasprimeras.com.do\/wp-content\/uploads\/2023\/10\/Tormenta-tropical-Philippe.jpeg?resize=350%2C200&ssl=1","width":350,"height":200,"srcset":"https:\/\/i0.wp.com\/lasprimeras.com.do\/wp-content\/uploads\/2023\/10\/Tormenta-tropical-Philippe.jpeg?resize=350%2C200&ssl=1 1x, https:\/\/i0.wp.com\/lasprimeras.com.do\/wp-content\/uploads\/2023\/10\/Tormenta-tropical-Philippe.jpeg?resize=525%2C300&ssl=1 1.5x, https:\/\/i0.wp.com\/lasprimeras.com.do\/wp-content\/uploads\/2023\/10\/Tormenta-tropical-Philippe.jpeg?resize=700%2C400&ssl=1 2x"},"classes":[]},{"id":62362,"url":"https:\/\/lasprimeras.com.do\/index.php\/2023\/10\/04\/la-tormenta-philippe-arroja-intensas-lluvias-en-las-islas-virgenes-y-podria-llegar-a-maine\/","url_meta":{"origin":52476,"position":4},"title":"La tormenta Philippe arroja intensas lluvias en las Islas V\u00edrgenes y podr\u00eda llegar a Maine","author":"BIMARY DE JES\u00daS Matos","date":"4 de octubre de 2023","format":false,"excerpt":"\u00a0MIAMI.- La tormenta Philippe contin\u00faa este mi\u00e9rcoles arrojando fuertes lluvias en las caribe\u00f1as Islas V\u00edrgenes Brit\u00e1nicas mientras se desplaza hacia las Bermudas, que se hallan bajo vigilancia por este cicl\u00f3n, y con posibilidad de llegar el fin de semana a Maine (EE.UU.), inform\u00f3 el Centro Nacional de Huracanes (NHC, en\u2026","rel":"","context":"En \u00abSin categor\u00eda\u00bb","block_context":{"text":"Sin categor\u00eda","link":"https:\/\/lasprimeras.com.do\/index.php\/category\/sin-categoria\/"},"img":{"alt_text":"","src":"https:\/\/i0.wp.com\/lasprimeras.com.do\/wp-content\/uploads\/2023\/10\/WhatsApp-Image-2023-10-04-at-7.55.08-AM-7.jpeg?resize=350%2C200&ssl=1","width":350,"height":200,"srcset":"https:\/\/i0.wp.com\/lasprimeras.com.do\/wp-content\/uploads\/2023\/10\/WhatsApp-Image-2023-10-04-at-7.55.08-AM-7.jpeg?resize=350%2C200&ssl=1 1x, https:\/\/i0.wp.com\/lasprimeras.com.do\/wp-content\/uploads\/2023\/10\/WhatsApp-Image-2023-10-04-at-7.55.08-AM-7.jpeg?resize=525%2C300&ssl=1 1.5x, https:\/\/i0.wp.com\/lasprimeras.com.do\/wp-content\/uploads\/2023\/10\/WhatsApp-Image-2023-10-04-at-7.55.08-AM-7.jpeg?resize=700%2C400&ssl=1 2x, https:\/\/i0.wp.com\/lasprimeras.com.do\/wp-content\/uploads\/2023\/10\/WhatsApp-Image-2023-10-04-at-7.55.08-AM-7.jpeg?resize=1050%2C600&ssl=1 3x"},"classes":[]},{"id":112546,"url":"https:\/\/lasprimeras.com.do\/index.php\/2025\/10\/26\/el-libro-blanco-de-la-defensa-nacional-transparencia-doctrina-y-soberania\/","url_meta":{"origin":52476,"position":5},"title":"El Libro Blanco de la Defensa Nacional: Transparencia, doctrina y soberan\u00eda","author":"Nelson Feliz","date":"26 de octubre de 2025","format":false,"excerpt":"Por Justo Del Orbe Origen y objetivo del Libro Blanco El Libro Blanco de la Defensa Nacional es un instrumento doctrinal, t\u00e9cnico y pol\u00edtico creado por los Estados modernos para transparentar sus pol\u00edticas de seguridad y defensa, al tiempo que definen los principios estrat\u00e9gicos que orientan la protecci\u00f3n de su\u2026","rel":"","context":"En \u00abOPINI\u00d3N\u00bb","block_context":{"text":"OPINI\u00d3N","link":"https:\/\/lasprimeras.com.do\/index.php\/category\/opinion\/"},"img":{"alt_text":"","src":"https:\/\/i0.wp.com\/lasprimeras.com.do\/wp-content\/uploads\/2025\/09\/Justo-Del-Orbe.jpg?resize=350%2C200&ssl=1","width":350,"height":200,"srcset":"https:\/\/i0.wp.com\/lasprimeras.com.do\/wp-content\/uploads\/2025\/09\/Justo-Del-Orbe.jpg?resize=350%2C200&ssl=1 1x, https:\/\/i0.wp.com\/lasprimeras.com.do\/wp-content\/uploads\/2025\/09\/Justo-Del-Orbe.jpg?resize=525%2C300&ssl=1 1.5x, https:\/\/i0.wp.com\/lasprimeras.com.do\/wp-content\/uploads\/2025\/09\/Justo-Del-Orbe.jpg?resize=700%2C400&ssl=1 2x"},"classes":[]}],"jetpack_sharing_enabled":true,"_links":{"self":[{"href":"https:\/\/lasprimeras.com.do\/index.php\/wp-json\/wp\/v2\/posts\/52476","targetHints":{"allow":["GET"]}}],"collection":[{"href":"https:\/\/lasprimeras.com.do\/index.php\/wp-json\/wp\/v2\/posts"}],"about":[{"href":"https:\/\/lasprimeras.com.do\/index.php\/wp-json\/wp\/v2\/types\/post"}],"author":[{"embeddable":true,"href":"https:\/\/lasprimeras.com.do\/index.php\/wp-json\/wp\/v2\/users\/1"}],"replies":[{"embeddable":true,"href":"https:\/\/lasprimeras.com.do\/index.php\/wp-json\/wp\/v2\/comments?post=52476"}],"version-history":[{"count":0,"href":"https:\/\/lasprimeras.com.do\/index.php\/wp-json\/wp\/v2\/posts\/52476\/revisions"}],"wp:featuredmedia":[{"embeddable":true,"href":"https:\/\/lasprimeras.com.do\/index.php\/wp-json\/"}],"wp:attachment":[{"href":"https:\/\/lasprimeras.com.do\/index.php\/wp-json\/wp\/v2\/media?parent=52476"}],"wp:term":[{"taxonomy":"category","embeddable":true,"href":"https:\/\/lasprimeras.com.do\/index.php\/wp-json\/wp\/v2\/categories?post=52476"},{"taxonomy":"post_tag","embeddable":true,"href":"https:\/\/lasprimeras.com.do\/index.php\/wp-json\/wp\/v2\/tags?post=52476"}],"curies":[{"name":"wp","href":"https:\/\/api.w.org\/{rel}","templated":true}]}}