{"id":52488,"date":"2023-06-10T20:57:04","date_gmt":"2023-06-11T00:57:04","guid":{"rendered":"https:\/\/atento.com.do\/?p=52488"},"modified":"2023-06-10T20:57:04","modified_gmt":"2023-06-11T00:57:04","slug":"canada-confisca-un-avion-de-carga-ruso-para-enviarlo-como-ayuda-a-ucrania","status":"publish","type":"post","link":"https:\/\/lasprimeras.com.do\/index.php\/2023\/06\/10\/canada-confisca-un-avion-de-carga-ruso-para-enviarlo-como-ayuda-a-ucrania\/","title":{"rendered":"Canad\u00e1 confisca un avi\u00f3n de carga ruso para enviarlo como ayuda a Ucrania"},"content":{"rendered":"\n<p><strong>La aeronave se encuentra en el aeropuerto de Toronto desde su llegada en febrero de 2022, cuando transportaba un cargamento de insumos sanitarios.<\/strong><\/p>\n\n\n\n<p>El primer ministro de Canad\u00e1, Justin Trudeau, anunci\u00f3 este s\u00e1bado al llegar a Kiev que entregar\u00e1 a Ucrania el avi\u00f3n An-124 Rusl\u00e1n de una aerol\u00ednea privada rusa que lleg\u00f3 en 2022 con un cargamento sanitario y desde entonces ha estado retenido en el Aeropuerto Internacional Pearson de Toronto.<\/p>\n\n\n\n<p>La intenci\u00f3n de confiscar la aeronave de carga, el modelo m\u00e1s grande del mundo en operaciones, fue mencionada inicialmente por el primer ministro ucraniano, Den\u00eds Shmygal, el pasado 16 de abril, d\u00edas despu\u00e9s de su visita a Ottawa.<\/p>\n\n\n\n<p>El pol\u00edtico afirm\u00f3 en aquel entonces que el avi\u00f3n pod\u00eda pasar a las arcas de Ucrania dentro de un nuevo paquete de sanciones antirrusas y algunos medios publicaron la idea como un futuro &#8220;regalo&#8221; al pa\u00eds eslavo.<\/p>\n\n\n\n<p>Tales planes fueron confirmados por Trudeau esta jornada en una rueda de prensa conjunta con el presidente ucraniano Vlad\u00edmir Zelenski.<\/p>\n\n\n\n<p>&#8220;Estamos ahora incautando este avi\u00f3n de propiedad rusa [\u2026] para asegurarnos de que Rusia nunca m\u00e1s lo utilice para apoyarlos a ellos [los rusos] o a su guerra&#8221;.<\/p>\n\n\n\n<p>Seg\u00fan el l\u00edder canadiense, adem\u00e1s del Rusl\u00e1n, el paquete de ayuda incluir\u00e1 10.000 proyectiles para la artiller\u00eda, 287 misiles AIM-7 para la defensa a\u00e9rea y 76 autom\u00f3viles blindados Roshel Senator, de fabricaci\u00f3n canadiense. Asimismo, Ottawa se adherir\u00e1 a la coalici\u00f3n que suministrar\u00e1 cazas F-16 para defender Ucrania, prometi\u00f3 Trudeau.<\/p>\n\n\n\n<p>Mientras tanto, la administraci\u00f3n aeroportuaria comunic\u00f3 en abril pasado que la deuda por el estacionamiento del An-124 ruso hab\u00eda alcanzado los 330.000 d\u00f3lares para ese entonces.<\/p>\n\n\n\n<p>A pesar de que el aeropuerto prefer\u00eda que el avi\u00f3n abandone las instalaciones, este continu\u00f3 en el lugar por decisi\u00f3n gubernamental.<\/p>\n\n\n\n<p>El cargamento que llev\u00f3 la aeronave en cuesti\u00f3n en su \u00faltimo vuelo a Toronto el 27 de febrero del a\u00f1o pasado proven\u00eda desde China, e inclu\u00eda insumos m\u00e9dicos relacionados con el covid-19, como mascarillas y numerosos test para detectarlo.<\/p>\n\n\n\n<p>Seg\u00fan explic\u00f3 el portal especializado AVweb, el An-124 ya estaba en el aire cuando Canad\u00e1 prohibi\u00f3 la entrada a todos los aviones rusos y al d\u00eda siguiente no lo dej\u00f3 salir.<\/p>\n\n\n\n<p>Fuente RT Actualidad<\/p>\n","protected":false},"excerpt":{"rendered":"<p>La aeronave se encuentra en el aeropuerto de Toronto desde su llegada en febrero de 2022, cuando transportaba un cargamento de insumos sanitarios. El primer ministro de Canad\u00e1, Justin Trudeau,&hellip;<\/p>\n","protected":false},"author":1,"featured_media":52489,"comment_status":"open","ping_status":"open","sticky":false,"template":"","format":"standard","meta":{"content-type":"","jetpack_post_was_ever_published":false,"_jetpack_newsletter_access":"","_jetpack_dont_email_post_to_subs":false,"_jetpack_newsletter_tier_id":0,"_jetpack_memberships_contains_paywalled_content":false,"_jetpack_memberships_contains_paid_content":false,"footnotes":""},"categories":[1],"tags":[3432,3169,2690,3433,3434,1650],"class_list":["post-52488","post","type-post","status-publish","format-standard","has-post-thumbnail","hentry","category-sin-categoria","tag-avion","tag-canada-3","tag-carga","tag-confisca","tag-enviarlo","tag-ruso"],"jetpack_featured_media_url":"","jetpack-related-posts":[{"id":57339,"url":"https:\/\/lasprimeras.com.do\/index.php\/2023\/08\/11\/avion-de-eeuu-llego-la-manana-de-este-jueves-a-las-americas-con-soldados-y-carga\/","url_meta":{"origin":52488,"position":0},"title":"Avi\u00f3n de EEUU lleg\u00f3 la ma\u00f1ana de este jueves a Las Am\u00e9ricas con soldados y carga","author":"Nelson Feliz","date":"11 de agosto de 2023","format":false,"excerpt":"La aeronave es vigilada por miembros de los organismos del Estado y del personal de seguridad de servicios en el \u00e1rea de rampa. RAFAEL CASTRO Un avi\u00f3n de la Fuerza A\u00e9rea de Estados Unidos lleg\u00f3 la ma\u00f1ana de este jueves al pa\u00eds, por el Aeropuerto Internacional de Las Am\u00e9ricas Jos\u00e9\u2026","rel":"","context":"En \u00abNACIONALES\u00bb","block_context":{"text":"NACIONALES","link":"https:\/\/lasprimeras.com.do\/index.php\/category\/nacionales\/"},"img":{"alt_text":"Avi\u00f3n de la Fuerza A\u00e9rea de Estados Unidos","src":"https:\/\/i0.wp.com\/lasprimeras.com.do\/wp-content\/uploads\/2023\/08\/Avion-de-la-Fuerza-Aerea-de-Estados-Unidos.jpeg?resize=350%2C200&ssl=1","width":350,"height":200,"srcset":"https:\/\/i0.wp.com\/lasprimeras.com.do\/wp-content\/uploads\/2023\/08\/Avion-de-la-Fuerza-Aerea-de-Estados-Unidos.jpeg?resize=350%2C200&ssl=1 1x, https:\/\/i0.wp.com\/lasprimeras.com.do\/wp-content\/uploads\/2023\/08\/Avion-de-la-Fuerza-Aerea-de-Estados-Unidos.jpeg?resize=525%2C300&ssl=1 1.5x, https:\/\/i0.wp.com\/lasprimeras.com.do\/wp-content\/uploads\/2023\/08\/Avion-de-la-Fuerza-Aerea-de-Estados-Unidos.jpeg?resize=700%2C400&ssl=1 2x"},"classes":[]},{"id":85333,"url":"https:\/\/lasprimeras.com.do\/index.php\/2024\/06\/28\/rusia-advierte-de-posibles-medidas-no-especificadas-ante-vuelos-de-drones-de-eeuu-sobre-el-mar-negro\/","url_meta":{"origin":52488,"position":1},"title":"Rusia advierte de posibles medidas no especificadas ante vuelos de drones de EEUU sobre el mar Negro","author":"Nelson Feliz","date":"28 de junio de 2024","format":false,"excerpt":"Rusia, AP.-.El ministro de Defensa de Rusia orden\u00f3 a sus funcionarios que preparen una \u201crespuesta\u201d a los vuelos de drones estadounidenses sobre el mar Negro, dijo el ministerio el viernes, en una aparente advertencia de que Mosc\u00fa podr\u00eda emprender acciones contundentes contra los aviones de reconocimiento de Estados Unidos. El\u2026","rel":"","context":"En \u00abSin categor\u00eda\u00bb","block_context":{"text":"Sin categor\u00eda","link":"https:\/\/lasprimeras.com.do\/index.php\/category\/sin-categoria\/"},"img":{"alt_text":"","src":"https:\/\/i0.wp.com\/lasprimeras.com.do\/wp-content\/uploads\/2024\/06\/Avion.jpg?resize=350%2C200&ssl=1","width":350,"height":200,"srcset":"https:\/\/i0.wp.com\/lasprimeras.com.do\/wp-content\/uploads\/2024\/06\/Avion.jpg?resize=350%2C200&ssl=1 1x, https:\/\/i0.wp.com\/lasprimeras.com.do\/wp-content\/uploads\/2024\/06\/Avion.jpg?resize=525%2C300&ssl=1 1.5x, https:\/\/i0.wp.com\/lasprimeras.com.do\/wp-content\/uploads\/2024\/06\/Avion.jpg?resize=700%2C400&ssl=1 2x"},"classes":[]},{"id":50102,"url":"https:\/\/lasprimeras.com.do\/index.php\/2023\/05\/17\/reino-unido-y-paises-bajos-buscan-formar-una-coalicion-para-suministrar-cazas-f-16-a-ucrania\/","url_meta":{"origin":52488,"position":2},"title":"Reino Unido y Pa\u00edses Bajos buscan formar una coalici\u00f3n para suministrar cazas F-16 a Ucrania","author":"prenxa100","date":"17 de mayo de 2023","format":false,"excerpt":"Previamente, Zelenski afirm\u00f3 que su pa\u00eds quiere crear una \"coalici\u00f3n de cazas\" para poder contrarrestar la superioridad a\u00e9rea de Rusia. Redacci\u00f3n RT El Reino Unido y los Pa\u00edses Bajos anunciaron que buscan crear una coalici\u00f3n internacional para comprar aviones de combate F-16 para Ucrania. El acuerdo se alcanz\u00f3 este martes\u2026","rel":"","context":"En \u00abSin categor\u00eda\u00bb","block_context":{"text":"Sin categor\u00eda","link":"https:\/\/lasprimeras.com.do\/index.php\/category\/sin-categoria\/"},"img":{"alt_text":"","src":"","width":0,"height":0},"classes":[]},{"id":72191,"url":"https:\/\/lasprimeras.com.do\/index.php\/2023\/12\/27\/kiev-afirma-que-destruyo-buque-ruso-novocherkassk-en-crimea\/","url_meta":{"origin":52488,"position":3},"title":"Kiev afirma que destruy\u00f3 buque ruso \u2018Novocherkassk\u2019 en Crimea","author":"BIMARY DE JES\u00daS Matos","date":"27 de diciembre de 2023","format":false,"excerpt":"KIEV.- Un sorpresivo ataque de Ucrania alert\u00f3 a los residentes de Feodosia, una ciudad portuaria de la pen\u00ednsula de Crimea, territorio anexado por Rusia. Misiles guiados lanzados desde aviones causaron la destrucci\u00f3n del gran buque de desembarco ruso \u2018Novocherkassk\u2019, aseguraron las tropas del pa\u00eds invadido. Al menos una persona muri\u00f3\u2026","rel":"","context":"En \u00abSin categor\u00eda\u00bb","block_context":{"text":"Sin categor\u00eda","link":"https:\/\/lasprimeras.com.do\/index.php\/category\/sin-categoria\/"},"img":{"alt_text":"","src":"https:\/\/i0.wp.com\/lasprimeras.com.do\/wp-content\/uploads\/2023\/12\/Noticias-de-energia-58-7.jpg?resize=350%2C200&ssl=1","width":350,"height":200,"srcset":"https:\/\/i0.wp.com\/lasprimeras.com.do\/wp-content\/uploads\/2023\/12\/Noticias-de-energia-58-7.jpg?resize=350%2C200&ssl=1 1x, https:\/\/i0.wp.com\/lasprimeras.com.do\/wp-content\/uploads\/2023\/12\/Noticias-de-energia-58-7.jpg?resize=525%2C300&ssl=1 1.5x"},"classes":[]},{"id":70984,"url":"https:\/\/lasprimeras.com.do\/index.php\/2023\/12\/16\/rusia-y-ucrania-protagonizan-una-noche-de-intensos-ataques-en-kiev\/","url_meta":{"origin":52488,"position":4},"title":"Rusia y Ucrania protagonizan una noche de intensos ataques en Kiev","author":"BIMARY DE JES\u00daS Matos","date":"16 de diciembre de 2023","format":false,"excerpt":"EFE.-La administraci\u00f3n militar de la capital de Ucrania, Kiev, ha anunciado este s\u00e1bado la intercepci\u00f3n de un ataque efectuado por m\u00e1s de una treintena de aviones no tripulados de Rusia contra la ciudad, que se ha saldado de momento sin v\u00edctimas, en el marco de una intensa noche de ataques\u2026","rel":"","context":"En \u00abSin categor\u00eda\u00bb","block_context":{"text":"Sin categor\u00eda","link":"https:\/\/lasprimeras.com.do\/index.php\/category\/sin-categoria\/"},"img":{"alt_text":"","src":"https:\/\/i0.wp.com\/lasprimeras.com.do\/wp-content\/uploads\/2023\/12\/WhatsApp-Image-2023-12-16-at-9.27.39-AM.jpeg?resize=350%2C200&ssl=1","width":350,"height":200,"srcset":"https:\/\/i0.wp.com\/lasprimeras.com.do\/wp-content\/uploads\/2023\/12\/WhatsApp-Image-2023-12-16-at-9.27.39-AM.jpeg?resize=350%2C200&ssl=1 1x, https:\/\/i0.wp.com\/lasprimeras.com.do\/wp-content\/uploads\/2023\/12\/WhatsApp-Image-2023-12-16-at-9.27.39-AM.jpeg?resize=525%2C300&ssl=1 1.5x"},"classes":[]},{"id":86549,"url":"https:\/\/lasprimeras.com.do\/index.php\/2024\/07\/27\/confiscan-maleta-cargada-de-marihuana-en-aeropuerto-gregorio-luperon\/","url_meta":{"origin":52488,"position":5},"title":"Confiscan\u00a0maleta cargada\u00a0de marihuana en aeropuerto\u00a0Gregorio Luper\u00f3n","author":"Nelson Feliz","date":"27 de julio de 2024","format":false,"excerpt":"Agentes de la Direcci\u00f3n Nacional de Control de Drogas (DNCD) y miembros del Cuerpo Especializado de Seguridad Aeroportuaria (CESAC), apoyados por el Ministerio P\u00fablico, confiscaron 38 paquetes de marihuana en el Aeropuerto Internacional Gregorio Luper\u00f3n, provincia de Puerto Plata.\u00a0 Los agentes y militares, realizaban labores de supervisi\u00f3n en una de\u2026","rel":"","context":"En \u00abMILITARES\u00bb","block_context":{"text":"MILITARES","link":"https:\/\/lasprimeras.com.do\/index.php\/category\/militares\/"},"img":{"alt_text":"aeropuerto\u00a0Gregorio Luper\u00f3n","src":"https:\/\/i0.wp.com\/lasprimeras.com.do\/wp-content\/uploads\/2024\/07\/aeropuerto-Gregorio-Luperon.jpg?resize=350%2C200&ssl=1","width":350,"height":200,"srcset":"https:\/\/i0.wp.com\/lasprimeras.com.do\/wp-content\/uploads\/2024\/07\/aeropuerto-Gregorio-Luperon.jpg?resize=350%2C200&ssl=1 1x, https:\/\/i0.wp.com\/lasprimeras.com.do\/wp-content\/uploads\/2024\/07\/aeropuerto-Gregorio-Luperon.jpg?resize=525%2C300&ssl=1 1.5x"},"classes":[]}],"jetpack_sharing_enabled":true,"_links":{"self":[{"href":"https:\/\/lasprimeras.com.do\/index.php\/wp-json\/wp\/v2\/posts\/52488","targetHints":{"allow":["GET"]}}],"collection":[{"href":"https:\/\/lasprimeras.com.do\/index.php\/wp-json\/wp\/v2\/posts"}],"about":[{"href":"https:\/\/lasprimeras.com.do\/index.php\/wp-json\/wp\/v2\/types\/post"}],"author":[{"embeddable":true,"href":"https:\/\/lasprimeras.com.do\/index.php\/wp-json\/wp\/v2\/users\/1"}],"replies":[{"embeddable":true,"href":"https:\/\/lasprimeras.com.do\/index.php\/wp-json\/wp\/v2\/comments?post=52488"}],"version-history":[{"count":0,"href":"https:\/\/lasprimeras.com.do\/index.php\/wp-json\/wp\/v2\/posts\/52488\/revisions"}],"wp:featuredmedia":[{"embeddable":true,"href":"https:\/\/lasprimeras.com.do\/index.php\/wp-json\/"}],"wp:attachment":[{"href":"https:\/\/lasprimeras.com.do\/index.php\/wp-json\/wp\/v2\/media?parent=52488"}],"wp:term":[{"taxonomy":"category","embeddable":true,"href":"https:\/\/lasprimeras.com.do\/index.php\/wp-json\/wp\/v2\/categories?post=52488"},{"taxonomy":"post_tag","embeddable":true,"href":"https:\/\/lasprimeras.com.do\/index.php\/wp-json\/wp\/v2\/tags?post=52488"}],"curies":[{"name":"wp","href":"https:\/\/api.w.org\/{rel}","templated":true}]}}