{"id":52541,"date":"2023-06-11T18:56:22","date_gmt":"2023-06-11T22:56:22","guid":{"rendered":"https:\/\/atento.com.do\/?p=52541"},"modified":"2023-06-11T18:56:22","modified_gmt":"2023-06-11T22:56:22","slug":"gobierno-asiste-familias-vulnerables-de-duverge-y-oviedo-con-jornadas-primero-tu","status":"publish","type":"post","link":"https:\/\/lasprimeras.com.do\/index.php\/2023\/06\/11\/gobierno-asiste-familias-vulnerables-de-duverge-y-oviedo-con-jornadas-primero-tu\/","title":{"rendered":"Gobierno asiste familias vulnerables de Duverg\u00e9 y Oviedo con jornadas \u201cPrimero T\u00fa\u201d"},"content":{"rendered":"\n<p><strong>El director de Propeep, Roberto \u00c1ngel Salcedo, encabez\u00f3 sendas jornadas de inclusi\u00f3n social en las provincias Independencia y en Pedernales.<\/strong><\/p>\n\n\n\n<p>La Direcci\u00f3n de Proyectos Estrat\u00e9gicos y Especiales de la Presidencia (Propeep) benefici\u00f3 este fin de semana a cerca de siete mil personas de comunidades pobres de Independencia y Pedernales, con la jornada de inclusi\u00f3n social &#8220;Primero T\u00fa&#8221;, que desarrolla el Gobierno en todo el pa\u00eds.<\/p>\n\n\n\n<p>El director de Propeep, Roberto \u00c1ngel Salcedo, encabez\u00f3 este domingo una jornada de inclusi\u00f3n social en el municipio Oviedo, de Pedernales, donde resalt\u00f3 el compromiso del presidente Luis Abinader con todos los dominicanos, en especial con aquellos que viven en extrema pobreza y vulnerabilidad.<\/p>\n\n\n\n<p>El funcionario manifest\u00f3 que la pol\u00edtica social del gobierno es de acompa\u00f1amiento cercano y sostenido a las familias vulnerables de Rep\u00fablica Dominicana.<\/p>\n\n\n\n<p>&#8220;Es por eso que en lo que va de a\u00f1o hemos realizado 67 jornadas &#8220;Primero T\u00fa&#8221;, con la que hemos benefiado a m\u00e1s de 200 mil personas en todo el territorio nacional&#8221;, expres\u00f3.<\/p>\n\n\n\n<p><strong>Jornadas seguir\u00e1n en Pedernales<\/strong><\/p>\n\n\n\n<p>Roberto \u00c1ngel anunci\u00f3 que en las pr\u00f3ximas semanas estar\u00e1 coordinando con todas las autoridades de Pedernales, para que ninguna demarcaci\u00f3n de esa provincia quede sin recibir los servicios que ofrecen las jornadas &#8220;Primero T\u00fa&#8221;.<\/p>\n\n\n\n<p>El director de Propeep sostuvo que el prop\u00f3sito de las jornadas de inclusi\u00f3n social es que las necesidades que hist\u00f3ricamente han enfrentado las comunidades en Pedernales encuentren soluci\u00f3n definitiva en el gobierno del presidente Abinader.<\/p>\n\n\n\n<p>&#8220;Queremos estar cerca de t\u00ed, con un gobierno humano, sensible y cercano a la gente, como el que dirige nuestro presidente Abinader&#8221;, expuso.<\/p>\n\n\n\n<figure class=\"wp-block-image size-full\"><img decoding=\"async\" src=\"https:\/\/atento.com.do\/wp-content\/uploads\/2023\/06\/Roberto-Angel-Salcedo-1-1.jpg\" alt=\"\" class=\"wp-image-52543\"\/><\/figure>\n\n\n\n<p><strong>Alcalde agradece la jornada<\/strong><\/p>\n\n\n\n<p>El alcalde del municipio de Oviedo, Ram\u00f3n P\u00e9rez, agradeci\u00f3 al presidente Abinader y a Roberto \u00c1ngel Salcedo, por la realizaci\u00f3n de esa jornada que tanto necesitan esa demarcaci\u00f3n y zonas aleda\u00f1as.<\/p>\n\n\n\n<p>De su lado, la gobernadora provincial Altagracia Brea de Gonz\u00e1lez, dijo que los habitantes de Oviedo deben aprovechar al m\u00e1ximo est\u00e1 actividad, sacarle el mejor provecho e invitar a sus vecinos y familiares para que reciban los servicios que ofrecen esas jornadas.<\/p>\n\n\n\n<p>Roberto \u00c1ngel estuvo acompa\u00f1ado adem\u00e1s, de la diputada Edirda de \u00d3leo, el dirigente comunitario Fidel Terrero, as\u00ed como Mar\u00eda Altagracia Matos (Tatis) y el encargado del programa Dominicana Digna, Adolfo Pineda, entre otras autoridades municipales y provinciales y funcionarios del gobierno.<\/p>\n\n\n\n<figure class=\"wp-block-image size-full\"><img decoding=\"async\" src=\"https:\/\/atento.com.do\/wp-content\/uploads\/2023\/06\/Roberto-Angel-Salcedo-2-1.jpg\" alt=\"\" class=\"wp-image-52544\"\/><\/figure>\n\n\n\n<p><strong>&#8220;Primero T\u00fa\u201d en Duverg\u00e9<\/strong><\/p>\n\n\n\n<p>El pasado viernes Propeep desarroll\u00f3 una jornada \u201cPrimero T\u00fa\u201d en el centro educativo Nuestra Se\u00f1ora del Carmen, en el municipio de Duverg\u00e9, provincia Independencia, en la que unas tres mil personas fueron beneficiadas con distintos servicios.<\/p>\n\n\n\n<p>Entre los que recibieron las ayudas y servicios sociales est\u00e1n ni\u00f1os, mujeres embarazadas, emprendedores, j\u00f3venes y adolescentes y adultos mayores.<\/p>\n\n\n\n<p><strong>Instituciones y Servicios<\/strong><\/p>\n\n\n\n<p>Acompa\u00f1an a Propeep en las jornadas el Instituto Nacional de Tr\u00e1nsito y Transporte Terrestre (Intrant) con charlas educativas para que los j\u00f3venes conozcan la ley de tr\u00e1nsito, as\u00ed como tambi\u00e9n el Servicio Nacional de Salud (SNS), el Seguro Nacional de Salud (Senasa), con la afiliaci\u00f3n y entrega de carnet del seguro de salud subsidiado a nuevas personas.<\/p>\n\n\n\n<p>Tambi\u00e9n, est\u00e1 el Consejo Nacional para las Personas Envejecientes (Conape), el Consejo Nacional para la Ni\u00f1ez y la Adolescencia (Conani), las escuelas Vocacionales de las Fuerzas Armadas y la Polic\u00eda Nacional, el Instituto Tecnol\u00f3gico de las Am\u00e9ricas (ITLA), Comedores Econ\u00f3micos del Gobierno, Ministerio de Trabajo, Consejo Nacional para los Discapacitados (Conadis), entre otras.<\/p>\n","protected":false},"excerpt":{"rendered":"<p>El director de Propeep, Roberto \u00c1ngel Salcedo, encabez\u00f3 sendas jornadas de inclusi\u00f3n social en las provincias Independencia y en Pedernales. La Direcci\u00f3n de Proyectos Estrat\u00e9gicos y Especiales de la Presidencia&hellip;<\/p>\n","protected":false},"author":1,"featured_media":52542,"comment_status":"open","ping_status":"open","sticky":false,"template":"","format":"standard","meta":{"content-type":"","jetpack_post_was_ever_published":false,"_jetpack_newsletter_access":"","_jetpack_dont_email_post_to_subs":false,"_jetpack_newsletter_tier_id":0,"_jetpack_memberships_contains_paywalled_content":false,"_jetpack_memberships_contains_paid_content":false,"footnotes":""},"categories":[35,25],"tags":[3478,1061,171,1695,2275,3479,3181],"class_list":["post-52541","post","type-post","status-publish","format-standard","has-post-thumbnail","hentry","category-nacionales","category-portada","tag-duverge","tag-familias","tag-gobierno","tag-jornadas","tag-oviedo","tag-primero-tu","tag-vulnerables"],"jetpack_featured_media_url":"","jetpack-related-posts":[{"id":102891,"url":"https:\/\/lasprimeras.com.do\/index.php\/2025\/07\/09\/robert-polanco-asegura-abinader-apuesta-al-desarrollo-de-pedernales-con-inversion-sin-precedentes\/","url_meta":{"origin":52541,"position":0},"title":"Robert Polanco asegura Abinader apuesta al desarrollo de Pedernales con inversi\u00f3n sin precedentes","author":"Nelson Feliz","date":"9 de julio de 2025","format":false,"excerpt":"Al encabezar una Jornada \u201cPrimero T\u00fa\u201d, el funcionario dijo que este Gobierno no espera; va donde est\u00e1 la gente, escucha, act\u00faa y transforma. El director de los Proyectos Estrat\u00e9gicos y Especiales de la Presidencia (Propeep) Robert Polanco asegur\u00f3 este mi\u00e9rcoles que el presidente Luis Abinader apuesta al desarrollo de Pedernales\u2026","rel":"","context":"En \u00abNACIONALES\u00bb","block_context":{"text":"NACIONALES","link":"https:\/\/lasprimeras.com.do\/index.php\/category\/nacionales\/"},"img":{"alt_text":"Robert Polanco","src":"https:\/\/i0.wp.com\/lasprimeras.com.do\/wp-content\/uploads\/2025\/07\/Robert-Polanco-1-1.jpg?resize=350%2C200&ssl=1","width":350,"height":200,"srcset":"https:\/\/i0.wp.com\/lasprimeras.com.do\/wp-content\/uploads\/2025\/07\/Robert-Polanco-1-1.jpg?resize=350%2C200&ssl=1 1x, https:\/\/i0.wp.com\/lasprimeras.com.do\/wp-content\/uploads\/2025\/07\/Robert-Polanco-1-1.jpg?resize=525%2C300&ssl=1 1.5x, https:\/\/i0.wp.com\/lasprimeras.com.do\/wp-content\/uploads\/2025\/07\/Robert-Polanco-1-1.jpg?resize=700%2C400&ssl=1 2x"},"classes":[]},{"id":91108,"url":"https:\/\/lasprimeras.com.do\/index.php\/2024\/11\/09\/programas-de-propeep-impactan-familias-vulnerables-de-independencia-y-bahoruco\/","url_meta":{"origin":52541,"position":1},"title":"Programas de Propeep impactan familias vulnerables de Independencia y Bahoruco","author":"Nelson Feliz","date":"9 de noviembre de 2024","format":false,"excerpt":"Roberto \u00c1ngel realiza extenso recorrido por comunidades de la lejana regi\u00f3n Sur del pa\u00eds. La Direcci\u00f3n General de Programas Estrat\u00e9gicos y Especiales de la Presidencia (Propeep) impact\u00f3 con sus jornadas de inclusi\u00f3n social a varios municipios de las provincias Independencia y Bahoruco, beneficiando a miles de familias en condiciones de\u2026","rel":"","context":"En \u00abNACIONALES\u00bb","block_context":{"text":"NACIONALES","link":"https:\/\/lasprimeras.com.do\/index.php\/category\/nacionales\/"},"img":{"alt_text":"Roberto \u00c1ngel Salcedo","src":"https:\/\/i0.wp.com\/lasprimeras.com.do\/wp-content\/uploads\/2024\/11\/Roberto-Angel-Salcedo-10.jpg?resize=350%2C200&ssl=1","width":350,"height":200,"srcset":"https:\/\/i0.wp.com\/lasprimeras.com.do\/wp-content\/uploads\/2024\/11\/Roberto-Angel-Salcedo-10.jpg?resize=350%2C200&ssl=1 1x, https:\/\/i0.wp.com\/lasprimeras.com.do\/wp-content\/uploads\/2024\/11\/Roberto-Angel-Salcedo-10.jpg?resize=525%2C300&ssl=1 1.5x, https:\/\/i0.wp.com\/lasprimeras.com.do\/wp-content\/uploads\/2024\/11\/Roberto-Angel-Salcedo-10.jpg?resize=700%2C400&ssl=1 2x"},"classes":[]},{"id":51651,"url":"https:\/\/lasprimeras.com.do\/index.php\/2023\/06\/01\/gobierno-impacta-a-miles-de-familias-con-jornadas-sociales-en-municipios-de-san-cristobal\/","url_meta":{"origin":52541,"position":2},"title":"Gobierno impacta a miles de familias con jornadas sociales en municipios de San Cristobal","author":"prenxa100","date":"1 de junio de 2023","format":false,"excerpt":"Roberto \u00c1ngel Salcedo, director de Propeep, encabez\u00f3 ayer y hoy jornadas \"Primero T\u00fa\" en El Carril, de Haina, y en Cambita Garabitos, donde m\u00e1s de seis mil personas fueron beneficiadas con distintos servicios. San Crist\u00f3bal, RD -La Direcci\u00f3n de Proyectos Estrat\u00e9gicos y Especiales de la Presidencia (Propeep) benefici\u00f3 a miles\u2026","rel":"","context":"En \u00abNACIONALES\u00bb","block_context":{"text":"NACIONALES","link":"https:\/\/lasprimeras.com.do\/index.php\/category\/nacionales\/"},"img":{"alt_text":"","src":"","width":0,"height":0},"classes":[]},{"id":91476,"url":"https:\/\/lasprimeras.com.do\/index.php\/2024\/11\/24\/propeep-desarrolla-amplia-agenda-de-acciones-sociales-en-puerto-plata\/","url_meta":{"origin":52541,"position":3},"title":"Propeep desarrolla amplia agenda de acciones sociales en Puerto Plata","author":"Nelson Feliz","date":"24 de noviembre de 2024","format":false,"excerpt":"Actividades fueron encabezadas por Jos\u00e9 Ignacio Paliza, ministro de la Presidencia, y Roberto \u00c1ngel Salcedo, director de Propeep; miles de personas resultan beneficiadas. El Gobierno, en su continuo esfuerzo por fortalecer las pol\u00edticas p\u00fablicas, realiz\u00f3 este fin de semana importantes jornadas de inclusi\u00f3n y acciones sociales en diversos sectores y\u2026","rel":"","context":"En \u00abNACIONALES\u00bb","block_context":{"text":"NACIONALES","link":"https:\/\/lasprimeras.com.do\/index.php\/category\/nacionales\/"},"img":{"alt_text":"Roberto \u00c1ngel Salcedo","src":"https:\/\/i0.wp.com\/lasprimeras.com.do\/wp-content\/uploads\/2024\/11\/Roberto-Angel-Salcedo-13.jpg?resize=350%2C200&ssl=1","width":350,"height":200,"srcset":"https:\/\/i0.wp.com\/lasprimeras.com.do\/wp-content\/uploads\/2024\/11\/Roberto-Angel-Salcedo-13.jpg?resize=350%2C200&ssl=1 1x, https:\/\/i0.wp.com\/lasprimeras.com.do\/wp-content\/uploads\/2024\/11\/Roberto-Angel-Salcedo-13.jpg?resize=525%2C300&ssl=1 1.5x, https:\/\/i0.wp.com\/lasprimeras.com.do\/wp-content\/uploads\/2024\/11\/Roberto-Angel-Salcedo-13.jpg?resize=700%2C400&ssl=1 2x"},"classes":[]},{"id":52182,"url":"https:\/\/lasprimeras.com.do\/index.php\/2023\/06\/07\/roberto-angelpresidente-abinader-dignifica-a-los-mas-vulnerables-del-pais\/","url_meta":{"origin":52541,"position":4},"title":"Roberto \u00c1ngel:&#8221;Presidente Abinader dignific\u00e1 a los m\u00e1s vulnerables del pa\u00eds&#8221;","author":"prenxa100","date":"7 de junio de 2023","format":false,"excerpt":"El director de Propeep estuvo hoy en La Romana con la jornada \"Primero T\u00fa\", donde m\u00e1s de tres mil personas recibieron diversos servicios. El director de Proyectos Estrat\u00e9gicos y Especiales de la Presidencia (Propeep), Roberto \u00c1ngel Salcedo, afirm\u00f3 que el enfoque del gobierno del presidente Luis Abinader est\u00e1 en dignificar\u2026","rel":"","context":"En \u00abNACIONALES\u00bb","block_context":{"text":"NACIONALES","link":"https:\/\/lasprimeras.com.do\/index.php\/category\/nacionales\/"},"img":{"alt_text":"","src":"","width":0,"height":0},"classes":[]},{"id":53612,"url":"https:\/\/lasprimeras.com.do\/index.php\/2023\/06\/29\/roberto-angel-encabeza-en-lr-jornada-primero-tu-con-mas-de-230-mil-beneficiarios\/","url_meta":{"origin":52541,"position":5},"title":"Roberto \u00c1ngel encabeza en LR jornada \u201cPrimero T\u00fa\u201d con m\u00e1s de 230 mil beneficiarios","author":"Nelson Feliz","date":"29 de junio de 2023","format":false,"excerpt":"Director de Propeep destaca el impacto de acciones sociales del presidente Luis Abinader en la zona Este del pa\u00eds. Por Martin Restituyo El director de Proyectos Estrat\u00e9gicos y Especiales de la Presidencia (Propeep), Roberto \u00c1ngel Salcedo, encabez\u00f3 en La Romana, la jornada \"Primero T\u00fa\" n\u00famero 75 de este a\u00f1o, con\u2026","rel":"","context":"En \u00abNACIONALES\u00bb","block_context":{"text":"NACIONALES","link":"https:\/\/lasprimeras.com.do\/index.php\/category\/nacionales\/"},"img":{"alt_text":"Roberto \u00c1ngel Salcedo","src":"https:\/\/i0.wp.com\/lasprimeras.com.do\/wp-content\/uploads\/2023\/06\/Roberto-Angel-Salcedo-1.jpg?resize=350%2C200&ssl=1","width":350,"height":200,"srcset":"https:\/\/i0.wp.com\/lasprimeras.com.do\/wp-content\/uploads\/2023\/06\/Roberto-Angel-Salcedo-1.jpg?resize=350%2C200&ssl=1 1x, https:\/\/i0.wp.com\/lasprimeras.com.do\/wp-content\/uploads\/2023\/06\/Roberto-Angel-Salcedo-1.jpg?resize=525%2C300&ssl=1 1.5x, https:\/\/i0.wp.com\/lasprimeras.com.do\/wp-content\/uploads\/2023\/06\/Roberto-Angel-Salcedo-1.jpg?resize=700%2C400&ssl=1 2x"},"classes":[]}],"jetpack_sharing_enabled":true,"_links":{"self":[{"href":"https:\/\/lasprimeras.com.do\/index.php\/wp-json\/wp\/v2\/posts\/52541","targetHints":{"allow":["GET"]}}],"collection":[{"href":"https:\/\/lasprimeras.com.do\/index.php\/wp-json\/wp\/v2\/posts"}],"about":[{"href":"https:\/\/lasprimeras.com.do\/index.php\/wp-json\/wp\/v2\/types\/post"}],"author":[{"embeddable":true,"href":"https:\/\/lasprimeras.com.do\/index.php\/wp-json\/wp\/v2\/users\/1"}],"replies":[{"embeddable":true,"href":"https:\/\/lasprimeras.com.do\/index.php\/wp-json\/wp\/v2\/comments?post=52541"}],"version-history":[{"count":0,"href":"https:\/\/lasprimeras.com.do\/index.php\/wp-json\/wp\/v2\/posts\/52541\/revisions"}],"wp:featuredmedia":[{"embeddable":true,"href":"https:\/\/lasprimeras.com.do\/index.php\/wp-json\/"}],"wp:attachment":[{"href":"https:\/\/lasprimeras.com.do\/index.php\/wp-json\/wp\/v2\/media?parent=52541"}],"wp:term":[{"taxonomy":"category","embeddable":true,"href":"https:\/\/lasprimeras.com.do\/index.php\/wp-json\/wp\/v2\/categories?post=52541"},{"taxonomy":"post_tag","embeddable":true,"href":"https:\/\/lasprimeras.com.do\/index.php\/wp-json\/wp\/v2\/tags?post=52541"}],"curies":[{"name":"wp","href":"https:\/\/api.w.org\/{rel}","templated":true}]}}