{"id":52564,"date":"2023-06-11T20:30:43","date_gmt":"2023-06-12T00:30:43","guid":{"rendered":"https:\/\/atento.com.do\/?p=52564"},"modified":"2023-06-11T20:30:43","modified_gmt":"2023-06-12T00:30:43","slug":"diputada-del-prm-denuncia-esta-siendo-amenazada-a-traves-de-llamadas-telefonicas","status":"publish","type":"post","link":"https:\/\/lasprimeras.com.do\/index.php\/2023\/06\/11\/diputada-del-prm-denuncia-esta-siendo-amenazada-a-traves-de-llamadas-telefonicas\/","title":{"rendered":"Diputada del PRM denuncia est\u00e1 siendo amenazada a trav\u00e9s de llamadas telef\u00f3nicas"},"content":{"rendered":"\n<p>La diputada del Partido Revolucionario Moderno (PRM), por la Circunscripci\u00f3n n\u00famero 03 de Santiago, Soraya Su\u00e1rez, denunci\u00f3 este domingo que est\u00e1 siendo v\u00edctima de amenazas a trav\u00e9s de llamadas telef\u00f3nicas y mensajes de texto por parte de desconocidos, a quienes no han podido identificar, ya que las llamadas que les han realizado son de n\u00fameros desconocidos.<\/p>\n\n\n\n<p>Su\u00e1rez dijo que tuvo que buscar la ayuda del ministro de Defensa, general Carlos D\u00edaz Morfa para que le asignaran seguridad.<\/p>\n\n\n\n<p>\u00abLa mayor\u00eda de los diputados no tenemos seguridad, debido a que el ministro de Interior, Jes\u00fas V\u00e1squez Mart\u00ednez nos la retir\u00f3 desde que lleg\u00f3 al cargo\u00bb, expres\u00f3 la representante de Santiago.<\/p>\n\n\n\n<p>Hace semanas antes de ser designada, como encargada de instrumentar el expediente del diputado, Miguel Guti\u00e9rrez, acusado de introducir unas 20 mil toneladas de drogas a los Estados Unidos, cuyo objetivo es destituirlo de su cargo, por una solicitud hecha por el Partido Revolucionario Moderno (PRM) que lo postul\u00f3 a esa posici\u00f3n en las elecciones del 2020, la legisladora revel\u00f3 que ha solicitado a la C\u00e1mara de Diputados, que les asignara seguridad, ya que su veh\u00edculo le sabotearon los frenos como un aviso de esas mismas amenazas.<\/p>\n\n\n\n<p>Cont\u00f3 que al percatarse de lo sucedido, dej\u00f3 su veh\u00edculo estacionado en una calle de Santiago, cuando se dirig\u00eda a una actividad pol\u00edtica, debido a que la calle era muy estrecha para acceder al barrio y al momento de regresar se percat\u00f3 de lo que hab\u00eda pasado\u00bb.<\/p>\n\n\n\n<p>La diputada ofreci\u00f3 sus declaraciones en la plataforma digital GILBERTYMAS que se transmite por YouTube.<\/p>\n","protected":false},"excerpt":{"rendered":"<p>La diputada del Partido Revolucionario Moderno (PRM), por la Circunscripci\u00f3n n\u00famero 03 de Santiago, Soraya Su\u00e1rez, denunci\u00f3 este domingo que est\u00e1 siendo v\u00edctima de amenazas a trav\u00e9s de llamadas telef\u00f3nicas&hellip;<\/p>\n","protected":false},"author":1,"featured_media":47315,"comment_status":"open","ping_status":"open","sticky":false,"template":"","format":"standard","meta":{"content-type":"","jetpack_post_was_ever_published":false,"_jetpack_newsletter_access":"","_jetpack_dont_email_post_to_subs":false,"_jetpack_newsletter_tier_id":0,"_jetpack_memberships_contains_paywalled_content":false,"_jetpack_memberships_contains_paid_content":false,"footnotes":""},"categories":[35],"tags":[3490,995,3491,31,3492,3493],"class_list":["post-52564","post","type-post","status-publish","format-standard","has-post-thumbnail","hentry","category-nacionales","tag-amenazada","tag-diputada","tag-llamadas","tag-prm","tag-soraya-suarez","tag-telefonicas"],"jetpack_featured_media_url":"","jetpack-related-posts":[{"id":115811,"url":"https:\/\/lasprimeras.com.do\/index.php\/2025\/11\/25\/diputada-del-prm-pide-a-paliza-disculparse-con-el-pais-por-candidatos-vinculados-al-narco\/","url_meta":{"origin":52564,"position":0},"title":"Diputada del PRM pide a Paliza disculparse con el pa\u00eds por candidatos vinculados al narco","author":"Nelson Feliz","date":"25 de noviembre de 2025","format":false,"excerpt":"El presidente del PRM habl\u00f3 de los recientes casos de narcotr\u00e1fico en la pol\u00edtica. La diputada oficialista Soraya Su\u00e1rez consider\u00f3 este martes que el presidente del Partido Revolucionario Moderno (PRM), Jos\u00e9 Ignacio Paliza, debi\u00f3 pedir disculpas a la ciudadan\u00eda al referirse anoche a los casos de pol\u00edticos vinculados al narcotr\u00e1fico\u2026","rel":"","context":"En \u00abPOLITICA\u00bb","block_context":{"text":"POLITICA","link":"https:\/\/lasprimeras.com.do\/index.php\/category\/politica\/"},"img":{"alt_text":"","src":"https:\/\/i0.wp.com\/lasprimeras.com.do\/wp-content\/uploads\/2025\/11\/Soraya-Suarez.jpg?resize=350%2C200&ssl=1","width":350,"height":200,"srcset":"https:\/\/i0.wp.com\/lasprimeras.com.do\/wp-content\/uploads\/2025\/11\/Soraya-Suarez.jpg?resize=350%2C200&ssl=1 1x, https:\/\/i0.wp.com\/lasprimeras.com.do\/wp-content\/uploads\/2025\/11\/Soraya-Suarez.jpg?resize=525%2C300&ssl=1 1.5x"},"classes":[]},{"id":80395,"url":"https:\/\/lasprimeras.com.do\/index.php\/2024\/04\/08\/udc-proclama-a-maria-suarez-candidata-a-diputada-en-sde\/","url_meta":{"origin":52564,"position":1},"title":"UDC proclama a Mar\u00eda Su\u00e1rez candidata a diputada en SDE","author":"BIMARY DE JES\u00daS Matos","date":"8 de abril de 2024","format":false,"excerpt":"SANTO DOMINGO ESTE, RD-. El Partido Uni\u00f3n Dem\u00f3crata Cristiana (UDC) ha anunciado oficialmente a Mar\u00eda Su\u00e1rez como su candidata a diputada por la Circunscripci\u00f3n N\u00famero 3 en la provincia de Santo Domingo Este. Su\u00e1rez, actualmente diputada por esta circunscripci\u00f3n, el (PRM) y La UDC tienen un Pacto de alianzas en\u2026","rel":"","context":"En \u00abSin categor\u00eda\u00bb","block_context":{"text":"Sin categor\u00eda","link":"https:\/\/lasprimeras.com.do\/index.php\/category\/sin-categoria\/"},"img":{"alt_text":"","src":"https:\/\/i0.wp.com\/lasprimeras.com.do\/wp-content\/uploads\/2024\/04\/WhatsApp-Image-2024-04-08-at-7.29.44-AM.jpeg?resize=350%2C200&ssl=1","width":350,"height":200,"srcset":"https:\/\/i0.wp.com\/lasprimeras.com.do\/wp-content\/uploads\/2024\/04\/WhatsApp-Image-2024-04-08-at-7.29.44-AM.jpeg?resize=350%2C200&ssl=1 1x, https:\/\/i0.wp.com\/lasprimeras.com.do\/wp-content\/uploads\/2024\/04\/WhatsApp-Image-2024-04-08-at-7.29.44-AM.jpeg?resize=525%2C300&ssl=1 1.5x, https:\/\/i0.wp.com\/lasprimeras.com.do\/wp-content\/uploads\/2024\/04\/WhatsApp-Image-2024-04-08-at-7.29.44-AM.jpeg?resize=700%2C400&ssl=1 2x, https:\/\/i0.wp.com\/lasprimeras.com.do\/wp-content\/uploads\/2024\/04\/WhatsApp-Image-2024-04-08-at-7.29.44-AM.jpeg?resize=1050%2C600&ssl=1 3x"},"classes":[]},{"id":54593,"url":"https:\/\/lasprimeras.com.do\/index.php\/2023\/07\/12\/pedro-jimenez-denuncia-fue-amenazado-de-muerte-por-miguel-arturo-lopez\/","url_meta":{"origin":52564,"position":2},"title":"Pedro Jim\u00e9nez denuncia fue amenazado de muerte por Miguel Arturo L\u00f3pez","author":"Nelson Feliz","date":"12 de julio de 2023","format":false,"excerpt":"El comentarista del programa\u00a0El Sol de la Ma\u00f1ana\u00a0del\u00a0Grupo RCC Media, Pedro Jim\u00e9nez, denunci\u00f3 este mi\u00e9rcoles que fue amenazado de muerte por el esposo de la diputada de la provincia de La Vega por el\u00a0Partido Revolucionario Moderno (PRM),\u00a0Rosa Amalia Pilarte,\u00a0Miguel Arturo L\u00f3pez Tolentino, alias (Micky L\u00f3pez). Seg\u00fan el comentarista,\u00a0L\u00f3pez\u00a0confirm\u00f3 a una\u2026","rel":"","context":"En \u00abNACIONALES\u00bb","block_context":{"text":"NACIONALES","link":"https:\/\/lasprimeras.com.do\/index.php\/category\/nacionales\/"},"img":{"alt_text":"Pedro Jimenez","src":"https:\/\/i0.wp.com\/lasprimeras.com.do\/wp-content\/uploads\/2023\/07\/Pedro-Jimenez-FP-2.jpg?resize=350%2C200&ssl=1","width":350,"height":200,"srcset":"https:\/\/i0.wp.com\/lasprimeras.com.do\/wp-content\/uploads\/2023\/07\/Pedro-Jimenez-FP-2.jpg?resize=350%2C200&ssl=1 1x, https:\/\/i0.wp.com\/lasprimeras.com.do\/wp-content\/uploads\/2023\/07\/Pedro-Jimenez-FP-2.jpg?resize=525%2C300&ssl=1 1.5x, https:\/\/i0.wp.com\/lasprimeras.com.do\/wp-content\/uploads\/2023\/07\/Pedro-Jimenez-FP-2.jpg?resize=700%2C400&ssl=1 2x"},"classes":[]},{"id":56476,"url":"https:\/\/lasprimeras.com.do\/index.php\/2023\/08\/02\/pediran-a-la-cupula-del-prm-mantener-a-pacheco-al-frente-de-la-camara-baja\/","url_meta":{"origin":52564,"position":3},"title":"Pedir\u00e1n a la c\u00fapula del PRM mantener a Pacheco al frente de la C\u00e1mara Baja","author":"Nelson Feliz","date":"2 de agosto de 2023","format":false,"excerpt":"El bloque de diputados del Partido Revolucionario Moderno (PRM) se re\u00fane hoy con la c\u00fapula de partido oficialista para pedir que Alfredo Pacheco contin\u00fae al frente de la C\u00e1mara de Diputados hasta el 2024, cuando concluye el actual per\u00edodo congresual. La bancada oficialista de la C\u00e1mara Baja se reuni\u00f3 ayer\u2026","rel":"","context":"En \u00abSin categor\u00eda\u00bb","block_context":{"text":"Sin categor\u00eda","link":"https:\/\/lasprimeras.com.do\/index.php\/category\/sin-categoria\/"},"img":{"alt_text":"Alfredo Pacheco","src":"https:\/\/i0.wp.com\/lasprimeras.com.do\/wp-content\/uploads\/2023\/08\/Alfredo-Pacheco.jpg?resize=350%2C200&ssl=1","width":350,"height":200,"srcset":"https:\/\/i0.wp.com\/lasprimeras.com.do\/wp-content\/uploads\/2023\/08\/Alfredo-Pacheco.jpg?resize=350%2C200&ssl=1 1x, https:\/\/i0.wp.com\/lasprimeras.com.do\/wp-content\/uploads\/2023\/08\/Alfredo-Pacheco.jpg?resize=525%2C300&ssl=1 1.5x, https:\/\/i0.wp.com\/lasprimeras.com.do\/wp-content\/uploads\/2023\/08\/Alfredo-Pacheco.jpg?resize=700%2C400&ssl=1 2x"},"classes":[]},{"id":56302,"url":"https:\/\/lasprimeras.com.do\/index.php\/2023\/07\/30\/se-dividen-las-fuerzas-del-prm-con-miras-a-las-elecciones-para-elegir-directiva-del-codia\/","url_meta":{"origin":52564,"position":4},"title":"Se dividen las fuerzas del PRM con miras a las elecciones para elegir directiva del CODIA","author":"Nelson Feliz","date":"30 de julio de 2023","format":false,"excerpt":"Un conflicto a lo interno del sector que representa al gobernante Partido Revolucionario Moderno en el Colegio Dominicano de Ingenieros, Arquitectos y Agrimensores -codia- dividi\u00f3 las fuerzas de esta organizaci\u00f3n con miras a las elecciones para elegir a la direcci\u00f3n del gremio el pr\u00f3ximo viernes\u00a0cuatro. La divisi\u00f3n es producto de\u2026","rel":"","context":"En \u00abNACIONALES\u00bb","block_context":{"text":"NACIONALES","link":"https:\/\/lasprimeras.com.do\/index.php\/category\/nacionales\/"},"img":{"alt_text":"Elecciones Codia","src":"https:\/\/i0.wp.com\/lasprimeras.com.do\/wp-content\/uploads\/2023\/07\/Elecciones-Codia.jpg?resize=350%2C200&ssl=1","width":350,"height":200,"srcset":"https:\/\/i0.wp.com\/lasprimeras.com.do\/wp-content\/uploads\/2023\/07\/Elecciones-Codia.jpg?resize=350%2C200&ssl=1 1x, https:\/\/i0.wp.com\/lasprimeras.com.do\/wp-content\/uploads\/2023\/07\/Elecciones-Codia.jpg?resize=525%2C300&ssl=1 1.5x, https:\/\/i0.wp.com\/lasprimeras.com.do\/wp-content\/uploads\/2023\/07\/Elecciones-Codia.jpg?resize=700%2C400&ssl=1 2x, https:\/\/i0.wp.com\/lasprimeras.com.do\/wp-content\/uploads\/2023\/07\/Elecciones-Codia.jpg?resize=1050%2C600&ssl=1 3x"},"classes":[]},{"id":80930,"url":"https:\/\/lasprimeras.com.do\/index.php\/2024\/04\/14\/roberto-angel-afirma-prm-arrasara-el-proximo-19-de-mayo-en-santiago\/","url_meta":{"origin":52564,"position":5},"title":"Roberto \u00c1ngel afirma PRM arrasar\u00e1 el pr\u00f3ximo 19 de mayo en Santiago","author":"Nelson Feliz","date":"14 de abril de 2024","format":false,"excerpt":"Encabeza actos de campa\u00f1a en Navarrete y Villa Gonz\u00e1lez, Santiago; junto al candidato a senador, Daniel Rivera, y se re\u00fane con los dirigentes y candidatos municipales electos en febrero en los municipios J\u00e1nico, Sabana Iglesia y de Baitoa. El miembro de la Direcci\u00f3n Ejecutiva del Partido Revolucionario Moderno (PRM), Roberto\u2026","rel":"","context":"En \u00abPORTADA\u00bb","block_context":{"text":"PORTADA","link":"https:\/\/lasprimeras.com.do\/index.php\/category\/portada\/"},"img":{"alt_text":"Roberto \u00c1ngel Salcedo","src":"https:\/\/i0.wp.com\/lasprimeras.com.do\/wp-content\/uploads\/2024\/04\/Roberto-Angel-Salcedo-6.jpg?resize=350%2C200&ssl=1","width":350,"height":200,"srcset":"https:\/\/i0.wp.com\/lasprimeras.com.do\/wp-content\/uploads\/2024\/04\/Roberto-Angel-Salcedo-6.jpg?resize=350%2C200&ssl=1 1x, https:\/\/i0.wp.com\/lasprimeras.com.do\/wp-content\/uploads\/2024\/04\/Roberto-Angel-Salcedo-6.jpg?resize=525%2C300&ssl=1 1.5x, https:\/\/i0.wp.com\/lasprimeras.com.do\/wp-content\/uploads\/2024\/04\/Roberto-Angel-Salcedo-6.jpg?resize=700%2C400&ssl=1 2x"},"classes":[]}],"jetpack_sharing_enabled":true,"_links":{"self":[{"href":"https:\/\/lasprimeras.com.do\/index.php\/wp-json\/wp\/v2\/posts\/52564","targetHints":{"allow":["GET"]}}],"collection":[{"href":"https:\/\/lasprimeras.com.do\/index.php\/wp-json\/wp\/v2\/posts"}],"about":[{"href":"https:\/\/lasprimeras.com.do\/index.php\/wp-json\/wp\/v2\/types\/post"}],"author":[{"embeddable":true,"href":"https:\/\/lasprimeras.com.do\/index.php\/wp-json\/wp\/v2\/users\/1"}],"replies":[{"embeddable":true,"href":"https:\/\/lasprimeras.com.do\/index.php\/wp-json\/wp\/v2\/comments?post=52564"}],"version-history":[{"count":0,"href":"https:\/\/lasprimeras.com.do\/index.php\/wp-json\/wp\/v2\/posts\/52564\/revisions"}],"wp:featuredmedia":[{"embeddable":true,"href":"https:\/\/lasprimeras.com.do\/index.php\/wp-json\/"}],"wp:attachment":[{"href":"https:\/\/lasprimeras.com.do\/index.php\/wp-json\/wp\/v2\/media?parent=52564"}],"wp:term":[{"taxonomy":"category","embeddable":true,"href":"https:\/\/lasprimeras.com.do\/index.php\/wp-json\/wp\/v2\/categories?post=52564"},{"taxonomy":"post_tag","embeddable":true,"href":"https:\/\/lasprimeras.com.do\/index.php\/wp-json\/wp\/v2\/tags?post=52564"}],"curies":[{"name":"wp","href":"https:\/\/api.w.org\/{rel}","templated":true}]}}