{"id":52637,"date":"2023-06-12T12:58:11","date_gmt":"2023-06-12T16:58:11","guid":{"rendered":"https:\/\/atento.com.do\/?p=52637"},"modified":"2023-06-12T12:58:11","modified_gmt":"2023-06-12T16:58:11","slug":"mariotti-asegura-la-alianza-del-pld-es-con-el-pueblo-y-sus-candidatos","status":"publish","type":"post","link":"https:\/\/lasprimeras.com.do\/index.php\/2023\/06\/12\/mariotti-asegura-la-alianza-del-pld-es-con-el-pueblo-y-sus-candidatos\/","title":{"rendered":"Mariotti asegura la alianza del PLD es con el pueblo y sus candidatos"},"content":{"rendered":"\n<p>El secretario general del Partido de la Liberaci\u00f3n Dominicana (PLD), Charles Mariotti, afirm\u00f3 este lunes que la alianza de la entidad opositora es con el pueblo dominicano y sus aspirantes a puestos electivos.<\/p>\n\n\n\n<p>Al ser abordado por periodistas durante la reuni\u00f3n del Comit\u00e9 Pol\u00edtico este lunes, Mariotti detall\u00f3 que la alianza de la entidad morada es sobre todo con el pueblo dominicano que acaba de sufrir otro golpe a \u201csus maltrechas finanzas\u201d.<\/p>\n\n\n\n<p>\u201cLa alianza del Partido de la Liberaci\u00f3n Dominicana es con cada uno de sus aspirantes, con cada una de sus aspirantes. Pero sobre todo con el pueblo dominicano\u201d, afirm\u00f3.<\/p>\n\n\n\n<p>Digo que el Gobierno dominicano contin\u00faa maltratando los intereses del pueblo, pese a varios anuncios de mejor\u00eda.<\/p>\n\n\n\n<p>Sus declaraciones surgen en momentos en que la c\u00fapula del PLD luce dividida, pues hay quienes favorecen a la formaci\u00f3n de un frente opositor de cara a las elecciones del 2024, mientras que otros lo rechazan.<\/p>\n","protected":false},"excerpt":{"rendered":"<p>El secretario general del Partido de la Liberaci\u00f3n Dominicana (PLD), Charles Mariotti, afirm\u00f3 este lunes que la alianza de la entidad opositora es con el pueblo dominicano y sus aspirantes&hellip;<\/p>\n","protected":false},"author":1,"featured_media":52786,"comment_status":"open","ping_status":"open","sticky":false,"template":"","format":"standard","meta":{"content-type":"","jetpack_post_was_ever_published":false,"_jetpack_newsletter_access":"","_jetpack_dont_email_post_to_subs":false,"_jetpack_newsletter_tier_id":0,"_jetpack_memberships_contains_paywalled_content":false,"_jetpack_memberships_contains_paid_content":false,"footnotes":""},"categories":[25],"tags":[50,2098,3545,735,3546,269,1379],"class_list":["post-52637","post","type-post","status-publish","format-standard","has-post-thumbnail","hentry","category-portada","tag-alianza","tag-aspirantes","tag-cargos","tag-charles-mariotti","tag-electivos","tag-pld","tag-pueblo"],"jetpack_featured_media_url":"https:\/\/lasprimeras.com.do\/wp-content\/uploads\/2023\/06\/mariotti-asegura-la-alianza-del-pld-es-con-el-pueblo-y-sus-candidatos.jpg","jetpack-related-posts":[{"id":121420,"url":"https:\/\/lasprimeras.com.do\/index.php\/2026\/02\/04\/charles-mariottiel-pld-esta-haciendo-lo-que-tiene-que-hacer\/","url_meta":{"origin":52637,"position":0},"title":"Charles Mariotti:El PLD est\u00e1 haciendo lo que tiene que hacer","author":"Nelson Feliz","date":"4 de febrero de 2026","format":false,"excerpt":"Mariotti considera que los partidos y agrupaciones pol\u00edticas en los momentos actuales deben concentrarse en dise\u00f1ar su estrategia y evaluar sus resultados. El miembro del Comit\u00e9 Pol\u00edtico del Partido de la Liberaci\u00f3n Dominicana (PLD), Charles Mariotti, defendi\u00f3 la postura del expresidente, Danilo Medina, al explicar que el PLD est\u00e1 abierto\u2026","rel":"","context":"En \u00abPOLITICA\u00bb","block_context":{"text":"POLITICA","link":"https:\/\/lasprimeras.com.do\/index.php\/category\/politica\/"},"img":{"alt_text":"","src":"https:\/\/i0.wp.com\/lasprimeras.com.do\/wp-content\/uploads\/2025\/11\/Charles-Mariotti.jpg?resize=350%2C200&ssl=1","width":350,"height":200,"srcset":"https:\/\/i0.wp.com\/lasprimeras.com.do\/wp-content\/uploads\/2025\/11\/Charles-Mariotti.jpg?resize=350%2C200&ssl=1 1x, https:\/\/i0.wp.com\/lasprimeras.com.do\/wp-content\/uploads\/2025\/11\/Charles-Mariotti.jpg?resize=525%2C300&ssl=1 1.5x, https:\/\/i0.wp.com\/lasprimeras.com.do\/wp-content\/uploads\/2025\/11\/Charles-Mariotti.jpg?resize=700%2C400&ssl=1 2x"},"classes":[]},{"id":125114,"url":"https:\/\/lasprimeras.com.do\/index.php\/2026\/03\/19\/aspirante-a-la-candidatura-presidencial-del-pld-hace-propuesta-a-sus-companeros\/","url_meta":{"origin":52637,"position":1},"title":"Aspirante a la candidatura presidencial del PLD hace propuesta a sus compa\u00f1eros","author":"Nelson Feliz","date":"19 de marzo de 2026","format":false,"excerpt":"Manfred Mata, sugiere encuentro de los aspirantes con la direcci\u00f3n partidaria. El aspirante presidencial del Partido de la Liberaci\u00f3n Dominicana, Manfred Mata, propuso un encuentro fraternal entre sus compa\u00f1eros aspirantes a la Presidencia de la Rep\u00fablica por esa organizaci\u00f3n pol\u00edtica. A trav\u00e9s de una comunicaci\u00f3n, con fecha 18 de marzo,\u2026","rel":"","context":"En \u00abPOLITICA\u00bb","block_context":{"text":"POLITICA","link":"https:\/\/lasprimeras.com.do\/index.php\/category\/politica\/"},"img":{"alt_text":"Manfred Mata","src":"https:\/\/i0.wp.com\/lasprimeras.com.do\/wp-content\/uploads\/2026\/03\/Manfred-Mata.jpg?resize=350%2C200&ssl=1","width":350,"height":200,"srcset":"https:\/\/i0.wp.com\/lasprimeras.com.do\/wp-content\/uploads\/2026\/03\/Manfred-Mata.jpg?resize=350%2C200&ssl=1 1x, https:\/\/i0.wp.com\/lasprimeras.com.do\/wp-content\/uploads\/2026\/03\/Manfred-Mata.jpg?resize=525%2C300&ssl=1 1.5x, https:\/\/i0.wp.com\/lasprimeras.com.do\/wp-content\/uploads\/2026\/03\/Manfred-Mata.jpg?resize=700%2C400&ssl=1 2x"},"classes":[]},{"id":51466,"url":"https:\/\/lasprimeras.com.do\/index.php\/2023\/05\/31\/charlie-mariotti-no-creo-que-haya-alianza-con-la-fuerza-del-pueblo\/","url_meta":{"origin":52637,"position":2},"title":"Charlie Mariotti: \u201cNo creo que haya alianza con la Fuerza del Pueblo\u201d","author":"prenxa100","date":"31 de mayo de 2023","format":false,"excerpt":"Santo Domingo, RD.El secretario general del Partido de la Liberaci\u00f3n Dominicana (PLD), Charlie Mariotti, se refiri\u00f3 este mi\u00e9rcoles al tema de los pactos o acuerdos pol\u00edticos con otras organizaciones de cara a las elecciones del 2024, declarando de manera muy espec\u00edfica que no cree \"que vaya a haber alianza con\u2026","rel":"","context":"En \u00abPORTADA\u00bb","block_context":{"text":"PORTADA","link":"https:\/\/lasprimeras.com.do\/index.php\/category\/portada\/"},"img":{"alt_text":"","src":"","width":0,"height":0},"classes":[]},{"id":106986,"url":"https:\/\/lasprimeras.com.do\/index.php\/2025\/08\/21\/charlie-mariotti-voy-a-echar-el-pleito-como-quiera-con-danilo-o-sin-danilo\/","url_meta":{"origin":52637,"position":3},"title":"Charlie Mariotti: \u201cVoy a echar el pleito como quiera, con Danilo o sin Danilo\u201d","author":"Nelson Feliz","date":"21 de agosto de 2025","format":false,"excerpt":"El precandidato presidencial del Partido de la Liberaci\u00f3n Dominicana (PLD), Charlie Mariotti, asegur\u00f3 que participar\u00e1 en la competencia interna por la candidatura presidencial de su organizaci\u00f3n, sin importar las figuras que decidan inscribirse y cual apoye Danilo Medina. \u201cVoy a echar el pleito como quiera. Aunque aparezca San Danilo, San\u2026","rel":"","context":"En \u00abPOLITICA\u00bb","block_context":{"text":"POLITICA","link":"https:\/\/lasprimeras.com.do\/index.php\/category\/politica\/"},"img":{"alt_text":"","src":"https:\/\/i0.wp.com\/lasprimeras.com.do\/wp-content\/uploads\/2025\/08\/Charlie-Mariotti.jpg?resize=350%2C200&ssl=1","width":350,"height":200,"srcset":"https:\/\/i0.wp.com\/lasprimeras.com.do\/wp-content\/uploads\/2025\/08\/Charlie-Mariotti.jpg?resize=350%2C200&ssl=1 1x, https:\/\/i0.wp.com\/lasprimeras.com.do\/wp-content\/uploads\/2025\/08\/Charlie-Mariotti.jpg?resize=525%2C300&ssl=1 1.5x, https:\/\/i0.wp.com\/lasprimeras.com.do\/wp-content\/uploads\/2025\/08\/Charlie-Mariotti.jpg?resize=700%2C400&ssl=1 2x"},"classes":[]},{"id":64826,"url":"https:\/\/lasprimeras.com.do\/index.php\/2023\/10\/23\/charles-mariotti-gobierno-y-el-prm-imponen-autocensura-de-medios\/","url_meta":{"origin":52637,"position":4},"title":"Charles Mariotti: Gobierno y el PRM imponen autocensura de medios","author":"Nelson Feliz","date":"23 de octubre de 2023","format":false,"excerpt":"Mariotti compara el gobierno del PRM con un barco que se hunde. El secretario general del Partido de la Liberaci\u00f3n Dominicana (PLD), Charles Mariotti, compar\u00f3 al actual gobierno del PRM con el famoso barco de principios del pasado siglo, el Titanic, porque a pesar de su gran capacidad se hundi\u00f3\u2026","rel":"","context":"En \u00abPORTADA\u00bb","block_context":{"text":"PORTADA","link":"https:\/\/lasprimeras.com.do\/index.php\/category\/portada\/"},"img":{"alt_text":"Charles Mariotti","src":"https:\/\/i0.wp.com\/lasprimeras.com.do\/wp-content\/uploads\/2023\/10\/Charles-Mariotti-1.jpeg?resize=350%2C200&ssl=1","width":350,"height":200,"srcset":"https:\/\/i0.wp.com\/lasprimeras.com.do\/wp-content\/uploads\/2023\/10\/Charles-Mariotti-1.jpeg?resize=350%2C200&ssl=1 1x, https:\/\/i0.wp.com\/lasprimeras.com.do\/wp-content\/uploads\/2023\/10\/Charles-Mariotti-1.jpeg?resize=525%2C300&ssl=1 1.5x, https:\/\/i0.wp.com\/lasprimeras.com.do\/wp-content\/uploads\/2023\/10\/Charles-Mariotti-1.jpeg?resize=700%2C400&ssl=1 2x"},"classes":[]},{"id":63053,"url":"https:\/\/lasprimeras.com.do\/index.php\/2023\/10\/09\/charles-mariotti-dice-pld-culmino-exitosa-asambleas-de-delegados\/","url_meta":{"origin":52637,"position":5},"title":"Charles Mariotti dice PLD culmino exitosa Asambleas de Delegados","author":"Nelson Feliz","date":"9 de octubre de 2023","format":false,"excerpt":"Charles Mariotti elogia el trabajo de la Comisi\u00f3n Nacional Electoral del PLD. Resalta alta participaci\u00f3n en las Asambleas de Delegados. El secretario general del Partido de la Liberaci\u00f3n Dominicana, Charles Mariotti, dijo que esa organizaci\u00f3n pol\u00edtica sali\u00f3 por la puerta grande con la realizaci\u00f3n de las Asambleas de Delegados el\u2026","rel":"","context":"En \u00abPORTADA\u00bb","block_context":{"text":"PORTADA","link":"https:\/\/lasprimeras.com.do\/index.php\/category\/portada\/"},"img":{"alt_text":"Charles-Mariotti","src":"https:\/\/i0.wp.com\/lasprimeras.com.do\/wp-content\/uploads\/2023\/10\/Charles-Mariotti.jpg?resize=350%2C200&ssl=1","width":350,"height":200,"srcset":"https:\/\/i0.wp.com\/lasprimeras.com.do\/wp-content\/uploads\/2023\/10\/Charles-Mariotti.jpg?resize=350%2C200&ssl=1 1x, https:\/\/i0.wp.com\/lasprimeras.com.do\/wp-content\/uploads\/2023\/10\/Charles-Mariotti.jpg?resize=525%2C300&ssl=1 1.5x"},"classes":[]}],"jetpack_sharing_enabled":true,"_links":{"self":[{"href":"https:\/\/lasprimeras.com.do\/index.php\/wp-json\/wp\/v2\/posts\/52637","targetHints":{"allow":["GET"]}}],"collection":[{"href":"https:\/\/lasprimeras.com.do\/index.php\/wp-json\/wp\/v2\/posts"}],"about":[{"href":"https:\/\/lasprimeras.com.do\/index.php\/wp-json\/wp\/v2\/types\/post"}],"author":[{"embeddable":true,"href":"https:\/\/lasprimeras.com.do\/index.php\/wp-json\/wp\/v2\/users\/1"}],"replies":[{"embeddable":true,"href":"https:\/\/lasprimeras.com.do\/index.php\/wp-json\/wp\/v2\/comments?post=52637"}],"version-history":[{"count":0,"href":"https:\/\/lasprimeras.com.do\/index.php\/wp-json\/wp\/v2\/posts\/52637\/revisions"}],"wp:featuredmedia":[{"embeddable":true,"href":"https:\/\/lasprimeras.com.do\/index.php\/wp-json\/wp\/v2\/media\/52786"}],"wp:attachment":[{"href":"https:\/\/lasprimeras.com.do\/index.php\/wp-json\/wp\/v2\/media?parent=52637"}],"wp:term":[{"taxonomy":"category","embeddable":true,"href":"https:\/\/lasprimeras.com.do\/index.php\/wp-json\/wp\/v2\/categories?post=52637"},{"taxonomy":"post_tag","embeddable":true,"href":"https:\/\/lasprimeras.com.do\/index.php\/wp-json\/wp\/v2\/tags?post=52637"}],"curies":[{"name":"wp","href":"https:\/\/api.w.org\/{rel}","templated":true}]}}