{"id":52645,"date":"2023-06-12T13:28:09","date_gmt":"2023-06-12T17:28:09","guid":{"rendered":"https:\/\/atento.com.do\/?p=52645"},"modified":"2023-06-12T13:28:09","modified_gmt":"2023-06-12T17:28:09","slug":"dgapp-incentiva-participacion-de-empresas-internacionales-en-proceso-competitivo-de-la-autopista-del-ambar","status":"publish","type":"post","link":"https:\/\/lasprimeras.com.do\/index.php\/2023\/06\/12\/dgapp-incentiva-participacion-de-empresas-internacionales-en-proceso-competitivo-de-la-autopista-del-ambar\/","title":{"rendered":"DGAPP incentiva participaci\u00f3n de empresas internacionales en proceso competitivo de la autopista del \u00c1mbar"},"content":{"rendered":"\n<p>La Direcci\u00f3n General de Alianzas P\u00fablico Privadas (DGAPP) realiz\u00f3 dos \u201cRoadshow\u201d internacionales, uno en Espa\u00f1a y otro en Corea del Sur, para promover esta iniciativa que ser\u00e1 desarrollada bajo la modalidad de alianza p\u00fablico privada.<\/p>\n\n\n\n<p>La DGAPP sostuvo que busca incentivar a empresas e inversionistas europeos y asi\u00e1ticos a participar en el proceso competitivo para la selecci\u00f3n de adjudicatario del proyecto de construcci\u00f3n, mantenimiento y operaci\u00f3n de la Autopista del \u00c1mbar.<\/p>\n\n\n\n<p>La agenda desarrollada en Se\u00fal-Corea para presentar las bondades y beneficios del \u00c1mbar, su estructuraci\u00f3n y el modelo financiero bajo la modalidad de alianza p\u00fablico-privada, estuvo a cargo del director ejecutivo de la DGAPP, Sigmund Freund, acompa\u00f1ado del subdirector t\u00e9cnico, Eliardo Cairo, y el asesor econ\u00f3mico de la Direcci\u00f3n Ejecutiva, Jaime P\u00e9rez.<\/p>\n\n\n\n<p>En un primer encuentro organizado en Se\u00fal con la colaboraci\u00f3n de la Embajada de Rep\u00fablica Dominicana en Corea, Freund manifest\u00f3 que \u201cpara nadie es un secreto que Rep\u00fablica Dominicana se ha convertido en uno de los pa\u00edses que m\u00e1s captan inversi\u00f3n extranjera en toda la regi\u00f3n, principalmente de capital norteamericano, capital europeo y tambi\u00e9n cada d\u00eda crece m\u00e1s la inversi\u00f3n de pa\u00edses asi\u00e1ticos\u201d.<\/p>\n\n\n\n<p>El funcionario destac\u00f3, ante los empresarios coreanos, la estabilidad econ\u00f3mica del pa\u00eds, el buen clima de inversi\u00f3n y la seguridad jur\u00eddica fundamentada en la voluntad pol\u00edtica del Gobierno para propiciar la inversi\u00f3n privada bajo la modalidad de alianzas p\u00fablico-privadas<\/p>\n\n\n\n<p>En este encuentro, en que estuvieron presentes 25 representantes de empresas reconocidas del sector construcci\u00f3n, tambi\u00e9n estuvo presente el embajador extraordinario y plenipotenciario de la Rep\u00fablica Dominicana en Corea, Federico Alberto Cuello, y el encargado de la Divisi\u00f3n de Soporte de Construcci\u00f3n del Ministerio de Tierra, infraestructura y Transporte de la Rep\u00fablica de Corea, Wo Jong Ha.<\/p>\n\n\n\n<p>Beneficios de la Autopista del \u00c1mbar<\/p>\n\n\n\n<p>Los beneficios directos e indirectos se resumen en los siguientes:<\/p>\n\n\n\n<p>Fortalecimiento del turismo.<\/p>\n\n\n\n<p>Creaci\u00f3n significativa de empleos.<\/p>\n\n\n\n<p>Ahorro en costos y reducci\u00f3n de imprevistos por metodolog\u00edas de dise\u00f1o.<\/p>\n\n\n\n<p>Mejoramiento de la calidad de vida y del poder adquisitivo de los trabajadores que construir\u00e1n y operar\u00e1n el proyecto.<\/p>\n\n\n\n<p>Incremento de la demanda y uso de materiales de construcci\u00f3n y otros insumos.<\/p>\n\n\n\n<p>Incremento del tr\u00e1nsito de camiones en los viales internos de la zona, para el traslado de materiales de construcci\u00f3n y bote de material.<\/p>\n\n\n\n<p>Mayor acceso a los mercados para los cultivos y productos locales.<\/p>\n\n\n\n<p>Mayor acceso a la atenci\u00f3n m\u00e9dica y otros servicios sociales.<\/p>\n\n\n\n<p>Fortalecimiento de las econom\u00edas locales.<\/p>\n\n\n\n<p>La Autopista del \u00c1mbar est\u00e1 dise\u00f1ada para se ejecute con las siguientes caracter\u00edsticas:<\/p>\n\n\n\n<p>Longitud: 32 kil\u00f3metros.<\/p>\n\n\n\n<p>Inicio en Santiago (Circunvalaci\u00f3n de Santiago); llegada en Puerto Plata (Gran Parada).<br>4 carriles, 2 en cada sentido.<\/p>\n\n\n\n<p>Dos t\u00faneles.<\/p>\n","protected":false},"excerpt":{"rendered":"<p>La Direcci\u00f3n General de Alianzas P\u00fablico Privadas (DGAPP) realiz\u00f3 dos \u201cRoadshow\u201d internacionales, uno en Espa\u00f1a y otro en Corea del Sur, para promover esta iniciativa que ser\u00e1 desarrollada bajo la&hellip;<\/p>\n","protected":false},"author":1,"featured_media":52784,"comment_status":"open","ping_status":"open","sticky":false,"template":"","format":"standard","meta":{"content-type":"","jetpack_post_was_ever_published":false,"_jetpack_newsletter_access":"","_jetpack_dont_email_post_to_subs":false,"_jetpack_newsletter_tier_id":0,"_jetpack_memberships_contains_paywalled_content":false,"_jetpack_memberships_contains_paid_content":false,"footnotes":""},"categories":[39,25],"tags":[1579,1684,3549,143,3550,3551,2503,664],"class_list":["post-52645","post","type-post","status-publish","format-standard","has-post-thumbnail","hentry","category-economia","category-portada","tag-autopista-del-ambar","tag-competitivo","tag-dgapp","tag-empresas","tag-incentiva","tag-internacionales","tag-participacion","tag-proceso"],"jetpack_featured_media_url":"https:\/\/lasprimeras.com.do\/wp-content\/uploads\/2023\/06\/dgapp-incentiva-participacion-de-empresas-internacionales-en-proceso-competitivo-de-la-autopista-del-ambar.jpg","jetpack-related-posts":[{"id":50058,"url":"https:\/\/lasprimeras.com.do\/index.php\/2023\/05\/16\/gobierno-anuncia-inicio-del-proceso-competitivo-para-construccion-autopista-del-ambar\/","url_meta":{"origin":52645,"position":0},"title":"Gobierno anuncia inicio del proceso competitivo para construcci\u00f3n Autopista del \u00c1mbar","author":"prenxa100","date":"16 de mayo de 2023","format":false,"excerpt":"Director ejecutivo DGAPP, Sigmund Freund, destac\u00f3 que modelo econ\u00f3mico planteado para el proyecto del \u00c1mbar elimina posibilidad de peaje sombra creando un circuito que integra la autopista del \u00c1mbar, la Circunvalaci\u00f3n de Santiago y el proyecto inmobiliario tur\u00edstico Punta Bergant\u00edn. Por Wilson Perez Santo Domingo. - El presidente de la\u2026","rel":"","context":"En \u00abNACIONALES\u00bb","block_context":{"text":"NACIONALES","link":"https:\/\/lasprimeras.com.do\/index.php\/category\/nacionales\/"},"img":{"alt_text":"","src":"","width":0,"height":0},"classes":[]},{"id":49922,"url":"https:\/\/lasprimeras.com.do\/index.php\/2023\/05\/15\/gobierno-lanzara-este-martes-proceso-de-la-autopista-del-ambar\/","url_meta":{"origin":52645,"position":1},"title":"Gobierno lanzar\u00e1 este martes proceso de la Autopista del \u00c1mbar","author":"prenxa100","date":"15 de mayo de 2023","format":false,"excerpt":"Por Wilson P\u00e9rez Santo Domingo.-. El Ministerio de Obras P\u00fablicas y Comunicaciones (MOPC), la Direcci\u00f3n General de Alianzas P\u00fablico Privadas (DGAPP), \u0443 el Fideicomiso RD Vial, lanzaran del proceso competitivo de la Autopista del \u00c1mbar. Dicho lanzamiento ser\u00e1 encabezada por los ministros y directores, Jos\u00e9 Ignacio Paliza, Deligne Ascenci\u00f3n, Sigmund\u2026","rel":"","context":"En \u00abNACIONALES\u00bb","block_context":{"text":"NACIONALES","link":"https:\/\/lasprimeras.com.do\/index.php\/category\/nacionales\/"},"img":{"alt_text":"","src":"","width":0,"height":0},"classes":[]},{"id":52593,"url":"https:\/\/lasprimeras.com.do\/index.php\/2023\/06\/12\/acis-defiende-cumplimientos-requisitos-legales-y-estudios-impacto-ambiental-para-autopista-del-ambar\/","url_meta":{"origin":52645,"position":2},"title":"ACIS defiende cumplimientos requisitos legales y estudios impacto ambiental para Autopista del \u00c1mbar","author":"prenxa100","date":"12 de junio de 2023","format":false,"excerpt":"El presidente de la Asociaci\u00f3n de Comerciantes e Industriales de esta ciudad (ACIS), Sandy Filpo reiter\u00f3 su pleno respaldo a la construcci\u00f3n de la autopista del Ambar, que enlazar\u00e1 las provincias de Puerto Plata y Santiago, y dijo que se cumplieron todos los requisitos legales e incluso la realizaci\u00f3n de\u2026","rel":"","context":"En \u00abECONOM\u00cdA\u00bb","block_context":{"text":"ECONOM\u00cdA","link":"https:\/\/lasprimeras.com.do\/index.php\/category\/economia\/"},"img":{"alt_text":"","src":"https:\/\/i0.wp.com\/lasprimeras.com.do\/wp-content\/uploads\/2023\/06\/acis-defiende-cumplimientos-requisitos-legales-y-estudios-impacto-ambiental-para-autopista-del-ambar.jpg?resize=350%2C200&ssl=1","width":350,"height":200,"srcset":"https:\/\/i0.wp.com\/lasprimeras.com.do\/wp-content\/uploads\/2023\/06\/acis-defiende-cumplimientos-requisitos-legales-y-estudios-impacto-ambiental-para-autopista-del-ambar.jpg?resize=350%2C200&ssl=1 1x, https:\/\/i0.wp.com\/lasprimeras.com.do\/wp-content\/uploads\/2023\/06\/acis-defiende-cumplimientos-requisitos-legales-y-estudios-impacto-ambiental-para-autopista-del-ambar.jpg?resize=525%2C300&ssl=1 1.5x"},"classes":[]},{"id":120423,"url":"https:\/\/lasprimeras.com.do\/index.php\/2026\/01\/23\/andres-marranzini-destaca-la-carretera-del-ambar-como-eje-de-integracion-turistica-del-norte-en-fitur-2026\/","url_meta":{"origin":52645,"position":3},"title":"Andr\u00e9s Marranzini destaca la Carretera del \u00c1mbar como eje de integraci\u00f3n tur\u00edstica del Norte en FITUR 2026","author":"Nelson Feliz","date":"23 de enero de 2026","format":false,"excerpt":"Madrid, Espa\u00f1a. \u2014 El empresario y director del proyecto Punta Bergant\u00edn, Andr\u00e9s Marranzini Grull\u00f3n, afirm\u00f3 que la Autopista del \u00c1mbar representa el eslab\u00f3n clave para convertir a la regi\u00f3n Norte en un destino tur\u00edstico integrado, al conectar de manera estrat\u00e9gica a Santiago como polo de negocios con Puerto Plata y\u2026","rel":"","context":"En \u00abPORTADA\u00bb","block_context":{"text":"PORTADA","link":"https:\/\/lasprimeras.com.do\/index.php\/category\/portada\/"},"img":{"alt_text":"Andr\u00e9s Marranzini","src":"https:\/\/i0.wp.com\/lasprimeras.com.do\/wp-content\/uploads\/2026\/01\/Andres-Marranzini.jpg?resize=350%2C200&ssl=1","width":350,"height":200,"srcset":"https:\/\/i0.wp.com\/lasprimeras.com.do\/wp-content\/uploads\/2026\/01\/Andres-Marranzini.jpg?resize=350%2C200&ssl=1 1x, https:\/\/i0.wp.com\/lasprimeras.com.do\/wp-content\/uploads\/2026\/01\/Andres-Marranzini.jpg?resize=525%2C300&ssl=1 1.5x, https:\/\/i0.wp.com\/lasprimeras.com.do\/wp-content\/uploads\/2026\/01\/Andres-Marranzini.jpg?resize=700%2C400&ssl=1 2x"},"classes":[]},{"id":90538,"url":"https:\/\/lasprimeras.com.do\/index.php\/2024\/10\/23\/abinader-designa-a-carlos-pimentel-director-ejecutivo-de-la-alianzas-publico-privadas\/","url_meta":{"origin":52645,"position":4},"title":"Abinader designa a Carlos Pimentel Director Ejecutivo de la Alianzas P\u00fablico-Privadas","author":"Nelson Feliz","date":"23 de octubre de 2024","format":false,"excerpt":"Designaci\u00f3n es en adici\u00f3n al de director de Compras y Contrataciones y busca seguir eficientizando y fortaleciendo la transparencia en los procesos de contrataci\u00f3n bajo el modelo de alianzas p\u00fablico-privadas. El presidente Luis Abinader design\u00f3 a Carlos Pimentel como nuevo director ejecutivo de la Direcci\u00f3n General de Alianzas P\u00fablico-Privadas mediante\u2026","rel":"","context":"En \u00abNACIONALES\u00bb","block_context":{"text":"NACIONALES","link":"https:\/\/lasprimeras.com.do\/index.php\/category\/nacionales\/"},"img":{"alt_text":"Carlos Pimentel","src":"https:\/\/i0.wp.com\/lasprimeras.com.do\/wp-content\/uploads\/2024\/08\/Carlos-Pimentel.jpg?resize=350%2C200&ssl=1","width":350,"height":200,"srcset":"https:\/\/i0.wp.com\/lasprimeras.com.do\/wp-content\/uploads\/2024\/08\/Carlos-Pimentel.jpg?resize=350%2C200&ssl=1 1x, https:\/\/i0.wp.com\/lasprimeras.com.do\/wp-content\/uploads\/2024\/08\/Carlos-Pimentel.jpg?resize=525%2C300&ssl=1 1.5x, https:\/\/i0.wp.com\/lasprimeras.com.do\/wp-content\/uploads\/2024\/08\/Carlos-Pimentel.jpg?resize=700%2C400&ssl=1 2x"},"classes":[]},{"id":59710,"url":"https:\/\/lasprimeras.com.do\/index.php\/2023\/09\/06\/sigmund-freund-destaca-en-pedernales-se-han-invertido-400-millones-de-dolares-en-obras\/","url_meta":{"origin":52645,"position":5},"title":"Sigmund Freund destaca en Pedernales se han invertido 400 millones de d\u00f3lares en obras","author":"Nelson Feliz","date":"6 de septiembre de 2023","format":false,"excerpt":"El director de Alianzas P\u00fablico Privadas (DGAPP), Sigmund Freund, inform\u00f3 sobre las obras hidrosanitarias, el\u00e9ctricas, viales, la recuperaci\u00f3n del frente costero, manejo de los residuos s\u00f3lidos y construcci\u00f3n de los primeros hoteles, en las cuales, hasta el momento, se han invertido 400 millones de d\u00f3lares. Freund, explic\u00f3 que previo a\u2026","rel":"","context":"En \u00abECONOM\u00cdA\u00bb","block_context":{"text":"ECONOM\u00cdA","link":"https:\/\/lasprimeras.com.do\/index.php\/category\/economia\/"},"img":{"alt_text":"Sigmund Freund","src":"https:\/\/i0.wp.com\/lasprimeras.com.do\/wp-content\/uploads\/2023\/09\/Luis-Obras.jpg?resize=350%2C200&ssl=1","width":350,"height":200,"srcset":"https:\/\/i0.wp.com\/lasprimeras.com.do\/wp-content\/uploads\/2023\/09\/Luis-Obras.jpg?resize=350%2C200&ssl=1 1x, https:\/\/i0.wp.com\/lasprimeras.com.do\/wp-content\/uploads\/2023\/09\/Luis-Obras.jpg?resize=525%2C300&ssl=1 1.5x, https:\/\/i0.wp.com\/lasprimeras.com.do\/wp-content\/uploads\/2023\/09\/Luis-Obras.jpg?resize=700%2C400&ssl=1 2x"},"classes":[]}],"jetpack_sharing_enabled":true,"_links":{"self":[{"href":"https:\/\/lasprimeras.com.do\/index.php\/wp-json\/wp\/v2\/posts\/52645","targetHints":{"allow":["GET"]}}],"collection":[{"href":"https:\/\/lasprimeras.com.do\/index.php\/wp-json\/wp\/v2\/posts"}],"about":[{"href":"https:\/\/lasprimeras.com.do\/index.php\/wp-json\/wp\/v2\/types\/post"}],"author":[{"embeddable":true,"href":"https:\/\/lasprimeras.com.do\/index.php\/wp-json\/wp\/v2\/users\/1"}],"replies":[{"embeddable":true,"href":"https:\/\/lasprimeras.com.do\/index.php\/wp-json\/wp\/v2\/comments?post=52645"}],"version-history":[{"count":0,"href":"https:\/\/lasprimeras.com.do\/index.php\/wp-json\/wp\/v2\/posts\/52645\/revisions"}],"wp:featuredmedia":[{"embeddable":true,"href":"https:\/\/lasprimeras.com.do\/index.php\/wp-json\/wp\/v2\/media\/52784"}],"wp:attachment":[{"href":"https:\/\/lasprimeras.com.do\/index.php\/wp-json\/wp\/v2\/media?parent=52645"}],"wp:term":[{"taxonomy":"category","embeddable":true,"href":"https:\/\/lasprimeras.com.do\/index.php\/wp-json\/wp\/v2\/categories?post=52645"},{"taxonomy":"post_tag","embeddable":true,"href":"https:\/\/lasprimeras.com.do\/index.php\/wp-json\/wp\/v2\/tags?post=52645"}],"curies":[{"name":"wp","href":"https:\/\/api.w.org\/{rel}","templated":true}]}}