{"id":52654,"date":"2023-06-12T20:19:20","date_gmt":"2023-06-13T00:19:20","guid":{"rendered":"https:\/\/atento.com.do\/?p=52654"},"modified":"2023-06-12T20:19:20","modified_gmt":"2023-06-13T00:19:20","slug":"pld-dice-no-hara-alianzas-con-partidos-que-pactaron-con-el-prm","status":"publish","type":"post","link":"https:\/\/lasprimeras.com.do\/index.php\/2023\/06\/12\/pld-dice-no-hara-alianzas-con-partidos-que-pactaron-con-el-prm\/","title":{"rendered":"PLD dice no har\u00e1 alianzas con partidos que pactaron con el PRM"},"content":{"rendered":"\n<p><strong>Designa comisi\u00f3n para negociar alianza con opositores al partido de gobierno.<\/strong><\/p>\n\n\n\n<p>El Partido de la Liberaci\u00f3n Dominicana (PLD) inform\u00f3 este lunes que no har\u00e1 ninguna alianza con las organizaciones que realizaron acuerdos con el Partido Revolucionario Moderno (PRM), actualmente en el gobierno.<\/p>\n\n\n\n<p>En cambio, el partido morado record\u00f3 que hay una comisi\u00f3n formada para dialogar con los movimientos pol\u00edticos opositores al PRM, a fin de identificar las demarcaciones y posiciones de alianzas &#8220;que sean de conveniencia&#8221; para agrupaciones involucradas.<\/p>\n\n\n\n<p>De haber pactos, deber\u00e1n ser aprobados por el Comit\u00e9 Pol\u00edtico, inform\u00f3 Charlie Matiotti, secretario general del PLD.<\/p>\n\n\n\n<p>A la comisi\u00f3n negociadora, que estaba integrada por Danilo Medina, Abel Mart\u00ednez, Francisco Javier Garc\u00eda y el mismo Matiotti, se sumar\u00e1n Jaime David Fern\u00e1ndez Mirabal, Danilo D\u00edaz y Carlos Amarante Baret.<\/p>\n\n\n\n<p>La decisi\u00f3n fue adoptada a unanimidad durante una marat\u00f3nica asamblea de m\u00e1s de ocho horas del Comit\u00e9 Pol\u00edtico, celebrada en la casa Nacional Reinaldo Pared P\u00e9rez en la avenida Independencia.<\/p>\n\n\n\n<p>Matiotti reiter\u00f3 que el m\u00e9todo para elegir a sus candidatos ser\u00e1 a trav\u00e9s de la convenci\u00f3n de delegados y encuestas.<\/p>\n\n\n\n<p>Adem\u00e1s, sostuvo que el PLD entrar\u00e1 en un &#8220;proceso demoledor&#8221; con Abel Mart\u00ednez a nivel nacional, con el objetivo de derribar a sus rivales pol\u00edticos.<\/p>\n\n\n\n<p>En la actividad estuvieron presentes la ex vicepresidenta Margarita Cede\u00f1o; Karen Ricardo y Cristiana Lizardo, Danilo D\u00edaz, entre otros miembros del Comit\u00e9 Pol\u00edtico.<\/p>\n","protected":false},"excerpt":{"rendered":"<p>Designa comisi\u00f3n para negociar alianza con opositores al partido de gobierno. El Partido de la Liberaci\u00f3n Dominicana (PLD) inform\u00f3 este lunes que no har\u00e1 ninguna alianza con las organizaciones que&hellip;<\/p>\n","protected":false},"author":1,"featured_media":52780,"comment_status":"open","ping_status":"open","sticky":false,"template":"","format":"standard","meta":{"content-type":"","jetpack_post_was_ever_published":false,"_jetpack_newsletter_access":"","_jetpack_dont_email_post_to_subs":false,"_jetpack_newsletter_tier_id":0,"_jetpack_memberships_contains_paywalled_content":false,"_jetpack_memberships_contains_paid_content":false,"footnotes":""},"categories":[25],"tags":[1089,3559,3560,718,269,31],"class_list":["post-52654","post","type-post","status-publish","format-standard","has-post-thumbnail","hentry","category-portada","tag-alianzas","tag-no-hara","tag-pactaron","tag-partidos","tag-pld","tag-prm"],"jetpack_featured_media_url":"https:\/\/lasprimeras.com.do\/wp-content\/uploads\/2023\/06\/pld-dice-no-hara-alianzas-con-partidos-que-pactaron-con-el-prm.jpg","jetpack-related-posts":[{"id":128366,"url":"https:\/\/lasprimeras.com.do\/index.php\/2026\/04\/22\/danilo-diaz-el-pld-encabeza-la-oposicion\/","url_meta":{"origin":52654,"position":0},"title":"Danilo D\u00edaz: \u201cEl PLD encabeza la oposici\u00f3n\u201d","author":"Nelson Feliz","date":"22 de abril de 2026","format":false,"excerpt":"\u201cEste mal gobierno, que ya tiene la desaprobaci\u00f3n de casi el 60% de la poblaci\u00f3n\u201d. El miembro del Comit\u00e9 Pol\u00edtico del Partido de la Liberaci\u00f3n Dominicana (PLD), Danilo D\u00edaz, asegur\u00f3 que esa organizaci\u00f3n no tiene necesidad de establecer alianzas con otros partidos si lidera la oposici\u00f3n pol\u00edtica en el pa\u00eds,\u2026","rel":"","context":"En \u00abPOLITICA\u00bb","block_context":{"text":"POLITICA","link":"https:\/\/lasprimeras.com.do\/index.php\/category\/politica\/"},"img":{"alt_text":"","src":"https:\/\/i0.wp.com\/lasprimeras.com.do\/wp-content\/uploads\/2026\/04\/Danilo-Diaz.jpg?resize=350%2C200&ssl=1","width":350,"height":200,"srcset":"https:\/\/i0.wp.com\/lasprimeras.com.do\/wp-content\/uploads\/2026\/04\/Danilo-Diaz.jpg?resize=350%2C200&ssl=1 1x, https:\/\/i0.wp.com\/lasprimeras.com.do\/wp-content\/uploads\/2026\/04\/Danilo-Diaz.jpg?resize=525%2C300&ssl=1 1.5x, https:\/\/i0.wp.com\/lasprimeras.com.do\/wp-content\/uploads\/2026\/04\/Danilo-Diaz.jpg?resize=700%2C400&ssl=1 2x"},"classes":[]},{"id":64029,"url":"https:\/\/lasprimeras.com.do\/index.php\/2023\/10\/17\/pld-confirma-avanza-negociaciones-para-alianza-opositora\/","url_meta":{"origin":52654,"position":1},"title":"PLD confirma avanza negociaciones para alianza opositora","author":"BIMARY DE JES\u00daS Matos","date":"17 de octubre de 2023","format":false,"excerpt":"El miembro del Comit\u00e9 Pol\u00edtico del Partido de la Liberaci\u00f3n Dominicana (PLD), Rub\u00e9n Bichara, confirm\u00f3 que se avanza en el proceso de coalici\u00f3n de esa organizaci\u00f3n pol\u00edtica con otras fuerzas partidaria en la Alianza Opositora Rescate RD. Confirm\u00f3 el desarrollo de una reuni\u00f3n el pasado lunes entre la representaci\u00f3n del\u2026","rel":"","context":"En \u00abPORTADA\u00bb","block_context":{"text":"PORTADA","link":"https:\/\/lasprimeras.com.do\/index.php\/category\/portada\/"},"img":{"alt_text":"","src":"https:\/\/i0.wp.com\/lasprimeras.com.do\/wp-content\/uploads\/2023\/10\/WhatsApp-Image-2023-10-17-at-10.27.12-AM-4.jpeg?resize=350%2C200&ssl=1","width":350,"height":200},"classes":[]},{"id":66550,"url":"https:\/\/lasprimeras.com.do\/index.php\/2023\/11\/07\/danilo-diaz-anunciara-acuerdos-arribados-de-la-alianza-electoral-rescate-rd\/","url_meta":{"origin":52654,"position":2},"title":"Danilo Diaz anunciara acuerdos arribados de la Alianza Electoral Rescate RD","author":"Nelson Feliz","date":"7 de noviembre de 2023","format":false,"excerpt":"El miembro del Comit\u00e9 Pol\u00edtico del Partido de la Liberaci\u00f3n Dominicana (PLD) Danilo D\u00edaz, confirm\u00f3 que en las pr\u00f3ximas horas se informar\u00e1 sobre los acuerdos arribados en la ampliaci\u00f3n del Pacto de Alianza Electoral Rescate RD, adelantando que el vocero seleccionado para hacer el anuncio oficial es el presidente del\u2026","rel":"","context":"En \u00abPORTADA\u00bb","block_context":{"text":"PORTADA","link":"https:\/\/lasprimeras.com.do\/index.php\/category\/portada\/"},"img":{"alt_text":"Danilo Diaz","src":"https:\/\/i0.wp.com\/lasprimeras.com.do\/wp-content\/uploads\/2023\/11\/Danilo-Diaz.jpg?resize=350%2C200&ssl=1","width":350,"height":200,"srcset":"https:\/\/i0.wp.com\/lasprimeras.com.do\/wp-content\/uploads\/2023\/11\/Danilo-Diaz.jpg?resize=350%2C200&ssl=1 1x, https:\/\/i0.wp.com\/lasprimeras.com.do\/wp-content\/uploads\/2023\/11\/Danilo-Diaz.jpg?resize=525%2C300&ssl=1 1.5x"},"classes":[]},{"id":55509,"url":"https:\/\/lasprimeras.com.do\/index.php\/2023\/07\/21\/carlos-pena-afirma-no-hara-alianzas-con-narco-ni-con-ladrones-ni-corruptos\/","url_meta":{"origin":52654,"position":3},"title":"Carlos Pe\u00f1a afirma no har\u00e1 alianzas con narco, ni con ladrones, ni corruptos","author":"Nelson Feliz","date":"21 de julio de 2023","format":false,"excerpt":"El candidato a la presidencia por el Partido Generaci\u00f3n de Servidores, Carlos Pe\u00f1a, declar\u00f3 que el PRM, PLD, y Fuerza del Pueblo es votar por la misma excretar en distintos retretes y no pactar\u00e1 con estos. Pe\u00f1a, enfatiz\u00f3 que no habr\u00e1 alianza con ninguno de estos partidos y exigi\u00f3 que\u2026","rel":"","context":"En \u00abSin categor\u00eda\u00bb","block_context":{"text":"Sin categor\u00eda","link":"https:\/\/lasprimeras.com.do\/index.php\/category\/sin-categoria\/"},"img":{"alt_text":"Carlos Pe\u00f1a","src":"https:\/\/i0.wp.com\/lasprimeras.com.do\/wp-content\/uploads\/2023\/07\/Carlos-Pena-candidato-a-la-presidencia.jpg?resize=350%2C200&ssl=1","width":350,"height":200,"srcset":"https:\/\/i0.wp.com\/lasprimeras.com.do\/wp-content\/uploads\/2023\/07\/Carlos-Pena-candidato-a-la-presidencia.jpg?resize=350%2C200&ssl=1 1x, https:\/\/i0.wp.com\/lasprimeras.com.do\/wp-content\/uploads\/2023\/07\/Carlos-Pena-candidato-a-la-presidencia.jpg?resize=525%2C300&ssl=1 1.5x, https:\/\/i0.wp.com\/lasprimeras.com.do\/wp-content\/uploads\/2023\/07\/Carlos-Pena-candidato-a-la-presidencia.jpg?resize=700%2C400&ssl=1 2x"},"classes":[]},{"id":66825,"url":"https:\/\/lasprimeras.com.do\/index.php\/2023\/11\/10\/anuncio-de-ampliacion-de-alianza-rescate-rd-se-hara-manana-a-las-1100-de-la-manana\/","url_meta":{"origin":52654,"position":4},"title":"Anuncio de ampliaci\u00f3n de Alianza Rescate RD se har\u00e1 ma\u00f1ana a las 11:00 de la ma\u00f1ana","author":"BIMARY DE JES\u00daS Matos","date":"10 de noviembre de 2023","format":false,"excerpt":"Santo Domingo.-El anuncio de ampliaci\u00f3n de la \u00abAlianza Rescate RD\u00bb, conformada por los partidos de la Liberaci\u00f3n Dominicana (PLD), Revolucionario Dominicano (PRD) y Fuerza del Pueblo (FP) se realizar\u00e1 ma\u00f1ana a las 11:00 de la ma\u00f1ana. Un comunicado de prensa se\u00f1ala que la sub Comisi\u00f3n de Negociaci\u00f3n de la Comisi\u00f3n\u2026","rel":"","context":"En \u00abSin categor\u00eda\u00bb","block_context":{"text":"Sin categor\u00eda","link":"https:\/\/lasprimeras.com.do\/index.php\/category\/sin-categoria\/"},"img":{"alt_text":"","src":"https:\/\/i0.wp.com\/lasprimeras.com.do\/wp-content\/uploads\/2023\/11\/WhatsApp-Image-2023-11-09-at-9.16.24-PM-2.jpeg?resize=350%2C200&ssl=1","width":350,"height":200,"srcset":"https:\/\/i0.wp.com\/lasprimeras.com.do\/wp-content\/uploads\/2023\/11\/WhatsApp-Image-2023-11-09-at-9.16.24-PM-2.jpeg?resize=350%2C200&ssl=1 1x, https:\/\/i0.wp.com\/lasprimeras.com.do\/wp-content\/uploads\/2023\/11\/WhatsApp-Image-2023-11-09-at-9.16.24-PM-2.jpeg?resize=525%2C300&ssl=1 1.5x"},"classes":[]},{"id":63149,"url":"https:\/\/lasprimeras.com.do\/index.php\/2023\/10\/09\/francisco-javier-garcia-pld-empezo-a-trabajar-el-tema-de-las-alianzas-hace-dos-anos\/","url_meta":{"origin":52654,"position":5},"title":"Francisco Javier Garc\u00eda: PLD empez\u00f3 a trabajar el tema de las alianzas hace dos a\u00f1os","author":"Nelson Feliz","date":"9 de octubre de 2023","format":false,"excerpt":"Francisco Javier Garc\u00eda explica lo relativo a c\u00f3mo se discuti\u00f3 el tema en el Comit\u00e9 Pol\u00edtico. El miembro del Comit\u00e9 Pol\u00edtico del Partido de la Liberaci\u00f3n Dominicana (PLD), Francisco Javier Garc\u00eda, asegur\u00f3 que la alianza entre esa organizaci\u00f3n, el Partido Revolucionario Dominicano (PRD) y la Fuerza del Pueblo \"es irreversible\"\u2026","rel":"","context":"En \u00abPORTADA\u00bb","block_context":{"text":"PORTADA","link":"https:\/\/lasprimeras.com.do\/index.php\/category\/portada\/"},"img":{"alt_text":"Francisco Javier garcia","src":"https:\/\/i0.wp.com\/lasprimeras.com.do\/wp-content\/uploads\/2023\/10\/Francisco-Javier-garcia.jpg?resize=350%2C200&ssl=1","width":350,"height":200,"srcset":"https:\/\/i0.wp.com\/lasprimeras.com.do\/wp-content\/uploads\/2023\/10\/Francisco-Javier-garcia.jpg?resize=350%2C200&ssl=1 1x, https:\/\/i0.wp.com\/lasprimeras.com.do\/wp-content\/uploads\/2023\/10\/Francisco-Javier-garcia.jpg?resize=525%2C300&ssl=1 1.5x, https:\/\/i0.wp.com\/lasprimeras.com.do\/wp-content\/uploads\/2023\/10\/Francisco-Javier-garcia.jpg?resize=700%2C400&ssl=1 2x"},"classes":[]}],"jetpack_sharing_enabled":true,"_links":{"self":[{"href":"https:\/\/lasprimeras.com.do\/index.php\/wp-json\/wp\/v2\/posts\/52654","targetHints":{"allow":["GET"]}}],"collection":[{"href":"https:\/\/lasprimeras.com.do\/index.php\/wp-json\/wp\/v2\/posts"}],"about":[{"href":"https:\/\/lasprimeras.com.do\/index.php\/wp-json\/wp\/v2\/types\/post"}],"author":[{"embeddable":true,"href":"https:\/\/lasprimeras.com.do\/index.php\/wp-json\/wp\/v2\/users\/1"}],"replies":[{"embeddable":true,"href":"https:\/\/lasprimeras.com.do\/index.php\/wp-json\/wp\/v2\/comments?post=52654"}],"version-history":[{"count":0,"href":"https:\/\/lasprimeras.com.do\/index.php\/wp-json\/wp\/v2\/posts\/52654\/revisions"}],"wp:featuredmedia":[{"embeddable":true,"href":"https:\/\/lasprimeras.com.do\/index.php\/wp-json\/wp\/v2\/media\/52780"}],"wp:attachment":[{"href":"https:\/\/lasprimeras.com.do\/index.php\/wp-json\/wp\/v2\/media?parent=52654"}],"wp:term":[{"taxonomy":"category","embeddable":true,"href":"https:\/\/lasprimeras.com.do\/index.php\/wp-json\/wp\/v2\/categories?post=52654"},{"taxonomy":"post_tag","embeddable":true,"href":"https:\/\/lasprimeras.com.do\/index.php\/wp-json\/wp\/v2\/tags?post=52654"}],"curies":[{"name":"wp","href":"https:\/\/api.w.org\/{rel}","templated":true}]}}