{"id":52674,"date":"2023-06-12T21:19:18","date_gmt":"2023-06-13T01:19:18","guid":{"rendered":"https:\/\/atento.com.do\/?p=52674"},"modified":"2023-06-12T21:19:18","modified_gmt":"2023-06-13T01:19:18","slug":"eworker-crea-empleos-en-los-municipios-de-la-vega-y-jima-abajo","status":"publish","type":"post","link":"https:\/\/lasprimeras.com.do\/index.php\/2023\/06\/12\/eworker-crea-empleos-en-los-municipios-de-la-vega-y-jima-abajo\/","title":{"rendered":"&#8220;eWorker&#8221; crea empleos en los Municipios de La Vega y Jima Abajo"},"content":{"rendered":"\n<p>Los nuevos tiempos traen consigo la tecnolog\u00eda y con ellas los campos de nuevas empresas y capacidades como es el nearshoring que es una pr\u00e1ctica cada vez m\u00e1s com\u00fan en la industria de tecnolog\u00eda de la informaci\u00f3n y servicios relacionados. Se refiere a la externalizaci\u00f3n de servicios de una empresa extranjera a un proveedor cercano !geogr\u00e1ficamente, en lugar de uno lejano.<\/p>\n\n\n\n<p>En el caso de la Rep\u00fablica Dominicana, el nearshoring representa una gran oportunidad para la econom\u00eda del pa\u00eds y su industria tecnol\u00f3gica en particular.<\/p>\n\n\n\n<p>La ubicaci\u00f3n geogr\u00e1fica de la Rep\u00fablica Dominicana, la convierte en un destino atractivo para el nearshoring.<\/p>\n\n\n\n<p>El pa\u00eds est\u00e1 ubicado en el centro del Caribe, lo que lo hace f\u00e1cilmente accesible desde Norteam\u00e9rica, Centroam\u00e9rica y Am\u00e9rica del Sur.<\/p>\n\n\n\n<p>Adem\u00e1s, cuenta con una infraestructura de telecomunicaciones moderna y una fuerza laboral altamente calificada, lo que lo convierte en un destino ideal para empresas extranjeras que buscan tener acceso a mano de obra de calidad a bajo costo en el \u00e1rea de servicios.<\/p>\n\n\n\n<p>Existen varias empresas Dominicanas que ya han adaptado el modelo nearshoring para desarrollarse de manera competitiva.&nbsp; Una de las m\u00e1s destacada por su nivel de crecimiento en los \u00faltimos a\u00f1os es la reconocida exportadora eWorker360 Dominicana S.R.L. , (&#8220;eWorker&#8221;)fundada en el 2019 por el empresario vegano &nbsp;Jos\u00e9 \u00c1ngel Tavarez.&nbsp;<\/p>\n\n\n\n<p>\u201ceWorker\u201d, opera como una exportadora de servicios en el municipio de La Vega y Jima Abajo, implementaron t\u00e9cnicas de nearshoring para lograr brindar servicio al cliente y servicio de tele ventas a empresas que han deslocalizado varios departamentos de sus organizaciones en sus Pa\u00eds y se los han asignado a \u201ceWorker\u201d para que puedan operar m\u00e1s eficientemente y con menos costos para as\u00ed poder lograr una ventaja competitiva.<\/p>\n\n\n\n<p>\u201ceWorker\u201d cumple estos objetivos usando t\u00e9cnicas de desplazamiento de tecnolog\u00eda moderna bajo la modalidad de centro de llamadas &#8220;Call Centers&#8221;.<\/p>\n","protected":false},"excerpt":{"rendered":"<p>Los nuevos tiempos traen consigo la tecnolog\u00eda y con ellas los campos de nuevas empresas y capacidades como es el nearshoring que es una pr\u00e1ctica cada vez m\u00e1s com\u00fan en&hellip;<\/p>\n","protected":false},"author":1,"featured_media":52774,"comment_status":"open","ping_status":"open","sticky":false,"template":"","format":"standard","meta":{"content-type":"","jetpack_post_was_ever_published":false,"_jetpack_newsletter_access":"","_jetpack_dont_email_post_to_subs":false,"_jetpack_newsletter_tier_id":0,"_jetpack_memberships_contains_paywalled_content":false,"_jetpack_memberships_contains_paid_content":false,"footnotes":""},"categories":[39],"tags":[3573,3574,3575,940,1037],"class_list":["post-52674","post","type-post","status-publish","format-standard","has-post-thumbnail","hentry","category-economia","tag-empleos","tag-eworker","tag-jima-abajo","tag-la-vega","tag-municipios"],"jetpack_featured_media_url":"https:\/\/lasprimeras.com.do\/wp-content\/uploads\/2023\/06\/eworker-crea-empleos-en-los-municipios-de-la-vega-y-jima-abajo.jpg","jetpack-related-posts":[{"id":93495,"url":"https:\/\/lasprimeras.com.do\/index.php\/2025\/02\/12\/ricardo-de-los-santos-llama-aprovechar-ventajas-ofrece-nearshoring-para-ambos-mercados\/","url_meta":{"origin":52674,"position":0},"title":"Ricardo de los Santos llama aprovechar ventajas ofrece nearshoring para ambos mercados","author":"Nelson Feliz","date":"12 de febrero de 2025","format":false,"excerpt":"De los Santos resalt\u00f3 que Estados Unidos es el principal socio comercial de la Rep\u00fablica Dominicana y su impacto en la econom\u00eda dominicana es muy significativo. Washington. - El presidente del Senado de la Rep\u00fablica, Ricardo de los Santos, llam\u00f3 este martes a aprovechar al m\u00e1ximo las oportunidades que ofrece\u2026","rel":"","context":"En \u00abINTERNACIONALES\u00bb","block_context":{"text":"INTERNACIONALES","link":"https:\/\/lasprimeras.com.do\/index.php\/category\/sin-categoria\/internacionales\/"},"img":{"alt_text":"","src":"https:\/\/i0.wp.com\/lasprimeras.com.do\/wp-content\/uploads\/2025\/02\/santos.jpg?resize=350%2C200&ssl=1","width":350,"height":200,"srcset":"https:\/\/i0.wp.com\/lasprimeras.com.do\/wp-content\/uploads\/2025\/02\/santos.jpg?resize=350%2C200&ssl=1 1x, https:\/\/i0.wp.com\/lasprimeras.com.do\/wp-content\/uploads\/2025\/02\/santos.jpg?resize=525%2C300&ssl=1 1.5x, https:\/\/i0.wp.com\/lasprimeras.com.do\/wp-content\/uploads\/2025\/02\/santos.jpg?resize=700%2C400&ssl=1 2x"},"classes":[]},{"id":128350,"url":"https:\/\/lasprimeras.com.do\/index.php\/2026\/04\/22\/ligia-bonetti-llama-a-convertir-el-nearshoring-en-una-estrategia-pais\/","url_meta":{"origin":52674,"position":1},"title":"Ligia Bonetti llama a convertir el nearshoring en una estrategia pa\u00eds","author":"Nelson Feliz","date":"22 de abril de 2026","format":false,"excerpt":"La ejecutiva plante\u00f3 el crecimiento de Rep\u00fablica Dominicana, aunque exitoso, ha estado marcado en gran medida por circunstancias favorables y decisiones estrat\u00e9gicas puntuales del pasado. Hoy, ese modelo enfrenta su mayor prueba. La empresaria Ligia Bonetti expuso que el pa\u00eds se encuentra ante una oportunidad hist\u00f3rica para consolidarse como destino\u2026","rel":"","context":"En \u00abECONOM\u00cdA\u00bb","block_context":{"text":"ECONOM\u00cdA","link":"https:\/\/lasprimeras.com.do\/index.php\/category\/economia\/"},"img":{"alt_text":"","src":"https:\/\/i0.wp.com\/lasprimeras.com.do\/wp-content\/uploads\/2026\/04\/LIGIA-BONETTI.jpg?resize=350%2C200&ssl=1","width":350,"height":200,"srcset":"https:\/\/i0.wp.com\/lasprimeras.com.do\/wp-content\/uploads\/2026\/04\/LIGIA-BONETTI.jpg?resize=350%2C200&ssl=1 1x, https:\/\/i0.wp.com\/lasprimeras.com.do\/wp-content\/uploads\/2026\/04\/LIGIA-BONETTI.jpg?resize=525%2C300&ssl=1 1.5x, https:\/\/i0.wp.com\/lasprimeras.com.do\/wp-content\/uploads\/2026\/04\/LIGIA-BONETTI.jpg?resize=700%2C400&ssl=1 2x"},"classes":[]},{"id":96219,"url":"https:\/\/lasprimeras.com.do\/index.php\/2025\/03\/26\/abinader-rd-es-el-aliado-clave-para-fortalecer-las-cadenas-de-suministro-a-traves-del-nearshoring\/","url_meta":{"origin":52674,"position":2},"title":"Abinader : &#8220;RD es el aliado clave para fortalecer las cadenas de suministro a trav\u00e9s del nearshoring&#8221;","author":"Nelson Feliz","date":"26 de marzo de 2025","format":false,"excerpt":"Mandatario dice RD se erige como faro de luz en la regi\u00f3n. El presidente Luis Abinader afirm\u00f3 este mi\u00e9rcoles durante su participaci\u00f3n en la Council of the Am\u00e9ricas, que ante la necesidad que tienen las empresas con operaciones internacionales de replantear sus estrategias, la Rep\u00fablica Dominicana es el aliado clave\u2026","rel":"","context":"En \u00abECONOM\u00cdA\u00bb","block_context":{"text":"ECONOM\u00cdA","link":"https:\/\/lasprimeras.com.do\/index.php\/category\/economia\/"},"img":{"alt_text":"","src":"https:\/\/i0.wp.com\/lasprimeras.com.do\/wp-content\/uploads\/2025\/03\/lUIS-aBINADER-4.jpg?resize=350%2C200&ssl=1","width":350,"height":200,"srcset":"https:\/\/i0.wp.com\/lasprimeras.com.do\/wp-content\/uploads\/2025\/03\/lUIS-aBINADER-4.jpg?resize=350%2C200&ssl=1 1x, https:\/\/i0.wp.com\/lasprimeras.com.do\/wp-content\/uploads\/2025\/03\/lUIS-aBINADER-4.jpg?resize=525%2C300&ssl=1 1.5x, https:\/\/i0.wp.com\/lasprimeras.com.do\/wp-content\/uploads\/2025\/03\/lUIS-aBINADER-4.jpg?resize=700%2C400&ssl=1 2x"},"classes":[]},{"id":123481,"url":"https:\/\/lasprimeras.com.do\/index.php\/2026\/03\/01\/adozona-destaca-a-las-zonas-francas-como-motor-economico-de-rd\/","url_meta":{"origin":52674,"position":3},"title":"ADOZONA destaca a las zonas francas como motor econ\u00f3mico de RD","author":"Nelson Feliz","date":"1 de marzo de 2026","format":false,"excerpt":"La Asociaci\u00f3n Dominicana de Zonas Francas (ADOZONA) destac\u00f3 el reconocimiento otorgado por el presidente Luis Abinader al sector durante su Rendici\u00f3n de Cuentas ante la Asamblea Nacional, donde resalt\u00f3 el desempe\u00f1o hist\u00f3rico de las zonas francas en generaci\u00f3n de empleos, exportaciones y atracci\u00f3n de inversi\u00f3n. La presidenta de ADOZONA, Claudia\u2026","rel":"","context":"En \u00abECONOM\u00cdA\u00bb","block_context":{"text":"ECONOM\u00cdA","link":"https:\/\/lasprimeras.com.do\/index.php\/category\/economia\/"},"img":{"alt_text":"","src":"https:\/\/i0.wp.com\/lasprimeras.com.do\/wp-content\/uploads\/2026\/03\/ADOZONA.jpg?resize=350%2C200&ssl=1","width":350,"height":200,"srcset":"https:\/\/i0.wp.com\/lasprimeras.com.do\/wp-content\/uploads\/2026\/03\/ADOZONA.jpg?resize=350%2C200&ssl=1 1x, https:\/\/i0.wp.com\/lasprimeras.com.do\/wp-content\/uploads\/2026\/03\/ADOZONA.jpg?resize=525%2C300&ssl=1 1.5x, https:\/\/i0.wp.com\/lasprimeras.com.do\/wp-content\/uploads\/2026\/03\/ADOZONA.jpg?resize=700%2C400&ssl=1 2x"},"classes":[]},{"id":98652,"url":"https:\/\/lasprimeras.com.do\/index.php\/2025\/05\/09\/gobierno-dominicano-y-dp-world-buscan-expandir-zona-franca-y-capacidad-portuaria\/","url_meta":{"origin":52674,"position":4},"title":"Gobierno dominicano y DP World buscan expandir zona franca y capacidad portuaria","author":"Nelson Feliz","date":"9 de mayo de 2025","format":false,"excerpt":"CEO de DP World Dominicana afirma que por su clima pol\u00edtico y sistema financiero de alta estabilidad, la Rep\u00fablica Dominicana es un destino altamente atractivo para que compa\u00f1\u00edas de manufactura y log\u00edstica realicen inversiones en formato nearshoring. El presidente Luis Abinader encabez\u00f3 este viernes la firma del memorando de entendimiento\u2026","rel":"","context":"En \u00abECONOM\u00cdA\u00bb","block_context":{"text":"ECONOM\u00cdA","link":"https:\/\/lasprimeras.com.do\/index.php\/category\/economia\/"},"img":{"alt_text":"","src":"https:\/\/i0.wp.com\/lasprimeras.com.do\/wp-content\/uploads\/2025\/05\/prresi-1.jpg?resize=350%2C200&ssl=1","width":350,"height":200,"srcset":"https:\/\/i0.wp.com\/lasprimeras.com.do\/wp-content\/uploads\/2025\/05\/prresi-1.jpg?resize=350%2C200&ssl=1 1x, https:\/\/i0.wp.com\/lasprimeras.com.do\/wp-content\/uploads\/2025\/05\/prresi-1.jpg?resize=525%2C300&ssl=1 1.5x, https:\/\/i0.wp.com\/lasprimeras.com.do\/wp-content\/uploads\/2025\/05\/prresi-1.jpg?resize=700%2C400&ssl=1 2x"},"classes":[]},{"id":121480,"url":"https:\/\/lasprimeras.com.do\/index.php\/2026\/02\/04\/rd-se-consolida-como-nueva-capital-de-inversion-para-latam-destaca-sanz-lovaton-en-miami\/","url_meta":{"origin":52674,"position":5},"title":"RD se consolida como nueva capital de inversi\u00f3n para LATAM, destaca Sanz Lovat\u00f3n en Miami","author":"Nelson Feliz","date":"4 de febrero de 2026","format":false,"excerpt":"Miami, Florida .\u2013. El ministro de Industria, Comercio y Mipymes (MICM), Eduardo -Yayo- Sanz Lovat\u00f3n destac\u00f3 que la Rep\u00fablica Dominicana y Estados Unidos avanzan en la construcci\u00f3n de cadenas de suministro integradas, resilientes y competitivas. Durante su participaci\u00f3n en la conferencia \u201cPerspectivas de las Am\u00e9ricas 2026\u201d, Sanz Lovat\u00f3n, manifest\u00f3 que\u2026","rel":"","context":"En \u00abECONOM\u00cdA\u00bb","block_context":{"text":"ECONOM\u00cdA","link":"https:\/\/lasprimeras.com.do\/index.php\/category\/economia\/"},"img":{"alt_text":"Eduardo -Yayo- Sanz Lovat\u00f3n","src":"https:\/\/i0.wp.com\/lasprimeras.com.do\/wp-content\/uploads\/2026\/02\/Eduardo-Yayo-Sanz-Lovaton.jpg?resize=350%2C200&ssl=1","width":350,"height":200},"classes":[]}],"jetpack_sharing_enabled":true,"_links":{"self":[{"href":"https:\/\/lasprimeras.com.do\/index.php\/wp-json\/wp\/v2\/posts\/52674","targetHints":{"allow":["GET"]}}],"collection":[{"href":"https:\/\/lasprimeras.com.do\/index.php\/wp-json\/wp\/v2\/posts"}],"about":[{"href":"https:\/\/lasprimeras.com.do\/index.php\/wp-json\/wp\/v2\/types\/post"}],"author":[{"embeddable":true,"href":"https:\/\/lasprimeras.com.do\/index.php\/wp-json\/wp\/v2\/users\/1"}],"replies":[{"embeddable":true,"href":"https:\/\/lasprimeras.com.do\/index.php\/wp-json\/wp\/v2\/comments?post=52674"}],"version-history":[{"count":0,"href":"https:\/\/lasprimeras.com.do\/index.php\/wp-json\/wp\/v2\/posts\/52674\/revisions"}],"wp:featuredmedia":[{"embeddable":true,"href":"https:\/\/lasprimeras.com.do\/index.php\/wp-json\/wp\/v2\/media\/52774"}],"wp:attachment":[{"href":"https:\/\/lasprimeras.com.do\/index.php\/wp-json\/wp\/v2\/media?parent=52674"}],"wp:term":[{"taxonomy":"category","embeddable":true,"href":"https:\/\/lasprimeras.com.do\/index.php\/wp-json\/wp\/v2\/categories?post=52674"},{"taxonomy":"post_tag","embeddable":true,"href":"https:\/\/lasprimeras.com.do\/index.php\/wp-json\/wp\/v2\/tags?post=52674"}],"curies":[{"name":"wp","href":"https:\/\/api.w.org\/{rel}","templated":true}]}}