{"id":52682,"date":"2023-06-12T21:42:53","date_gmt":"2023-06-13T01:42:53","guid":{"rendered":"https:\/\/atento.com.do\/?p=52682"},"modified":"2023-06-12T21:42:53","modified_gmt":"2023-06-13T01:42:53","slug":"jce-y-la-oea-firman-convenio-de-cooperacion-tecnica-de-cara-al-proximo-proceso-electoral","status":"publish","type":"post","link":"https:\/\/lasprimeras.com.do\/index.php\/2023\/06\/12\/jce-y-la-oea-firman-convenio-de-cooperacion-tecnica-de-cara-al-proximo-proceso-electoral\/","title":{"rendered":"JCE y la OEA firman convenio de cooperaci\u00f3n t\u00e9cnica de cara al pr\u00f3ximo proceso electoral"},"content":{"rendered":"\n<p><strong>Consultor\u00edas de IFES y Capel ya est\u00e1n en marcha.<\/strong><\/p>\n\n\n\n<p>La Junta Central Electoral (JCE) y la Organizaci\u00f3n de Estados Americanos (OEA) firmaron un acuerdo marco de cooperaci\u00f3n t\u00e9cnica que permitir\u00e1 desarrollar mecanismos de colaboraci\u00f3n en materia electoral de cara a los procesos electorales que desarrollar\u00e1 la Rep\u00fablica Dominicana el a\u00f1o pr\u00f3ximo.<\/p>\n\n\n\n<p>El acuerdo fue firmado en la sede de la OEA por su secretario general, Luis Almagro, y el presidente de la Junta Central Electoral, Rom\u00e1n Andr\u00e9s J\u00e1quez Liranzo.<\/p>\n\n\n\n<p>Al firmar el convenio, Almagro destac\u00f3 que el acuerdo se plasmar\u00e1 a trav\u00e9s de la cooperaci\u00f3n t\u00e9cnica y electoral, y permitir\u00e1 a la OEA brindar apoyo t\u00e9cnico de cara a los procesos electorales que se avecinan.<\/p>\n\n\n\n<p>\u201cA trav\u00e9s de este convenio pondremos a disposici\u00f3n de la Junta la experiencia, el profesionalismo y la capacidad t\u00e9cnica del Departamento para la Cooperaci\u00f3n y la Observaci\u00f3n Electoral de la Secretar\u00eda para el Fortalecimiento de la Democracia para contribuir al fortalecimiento del \u00f3rgano electoral\u201d, dijo el secretario general de la OEA.<\/p>\n\n\n\n<p>El convenio tendr\u00e1 \u00e9nfasis en apoyo a las direcciones de Inform\u00e1tica y Elecciones de la JCE, permitir\u00e1 a las dos instituciones desarrollar mecanismos de cooperaci\u00f3n, intercambiar experiencias, material bibliogr\u00e1fico e informaci\u00f3n con relaci\u00f3n a programas de trabajo, entre otros.<\/p>\n\n\n\n<p>De su lado, el presidente de la JCE agradeci\u00f3 la realizaci\u00f3n de los esfuerzos de cooperaci\u00f3n entre la OEA y el \u00f3rgano electoral dominicano que se concretizan en hechos y realidades efectivas.<\/p>\n\n\n\n<p>Al destacar la importancia del acuerdo, record\u00f3 que en Rep\u00fablica Dominicana realizar\u00e1 en febrero pr\u00f3ximo elecciones municipales y para mayo pr\u00f3ximo las elecciones presidenciales y congresuales y para junio una posible segunda vuelta electoral de ser necesario.<\/p>\n\n\n\n<p>\u201cEl compromiso de la JCE a trav\u00e9s de su Pleno, es llevar un proceso electoral apegado a la integridad electoral en que salga fortalecida la democracia, extensiva a las democracias de Latinoam\u00e9rica y todos los \u00f3rganos electorales de los pa\u00edses que integran la OEA\u201d, afirm\u00f3 J\u00e1quez Liranzo.<\/p>\n\n\n\n<p>Al t\u00e9rmino de la firma del citado convenio, J\u00e1quez sostuvo una reuni\u00f3n de trabajo con el secretario para el Fortalecimiento de la Democracia, Francisco Guerrero; el director del Departamento de Cooperaci\u00f3n y Observaci\u00f3n Electoral, de la OEA, Gerardo De Icaza y el jefe de secci\u00f3n de Cooperaci\u00f3n T\u00e9cnica, Crist\u00f3bal Fern\u00e1ndez, para definir el cronograma de trabajo en base al acuerdo establecido.<\/p>\n\n\n\n<p><strong>Acuerdos de cooperaci\u00f3n ya est\u00e1n en marcha.<\/strong><\/p>\n\n\n\n<p>De cara al proceso electoral venidero, en abril pasado la JCE firm\u00f3 un acuerdo de cooperaci\u00f3n t\u00e9cnica con el Centro de Asesor\u00eda y Promoci\u00f3n Electoral (CAPEL) que ya se encuentra en ejecuci\u00f3n.<\/p>\n\n\n\n<p>El convenio establece que CAPEL cooperar\u00e1 y asesorar\u00e1 a la JCE en actividades relacionadas con el dise\u00f1o, implementaci\u00f3n y operaci\u00f3n exitosa de la infraestructura tecnol\u00f3gica y sistemas de informaci\u00f3n que se utilizar\u00e1n para las elecciones primarias de 2023 y en las elecciones municipales, presidenciales y congresuales de 2024.<\/p>\n\n\n\n<p>Asimismo, ofrecer\u00e1 asesor\u00eda en aspectos tecnol\u00f3gicos, en direcci\u00f3n general de estrategia tecnol\u00f3gica para la implementaci\u00f3n de servicios para la transmisi\u00f3n de resultados electorales; en la gesti\u00f3n de auditor\u00eda de sistemas de informaci\u00f3n electoral, asesor\u00eda en adopci\u00f3n de tecnolog\u00eda para emisi\u00f3n de documentos de identidad f\u00edsicos y digitales.<\/p>\n\n\n\n<p>La JCE tambi\u00e9n firmar\u00e1 otros acuerdos de asesor\u00eda y cooperaci\u00f3n t\u00e9cnica con la Fundaci\u00f3n para Sistemas Electorales (IFES), por sus siglas en ingl\u00e9s, a los fines de robustecer los venideros procesos electorales.<\/p>\n","protected":false},"excerpt":{"rendered":"<p>Consultor\u00edas de IFES y Capel ya est\u00e1n en marcha. La Junta Central Electoral (JCE) y la Organizaci\u00f3n de Estados Americanos (OEA) firmaron un acuerdo marco de cooperaci\u00f3n t\u00e9cnica que permitir\u00e1&hellip;<\/p>\n","protected":false},"author":1,"featured_media":52771,"comment_status":"open","ping_status":"open","sticky":false,"template":"","format":"standard","meta":{"content-type":"","jetpack_post_was_ever_published":false,"_jetpack_newsletter_access":"","_jetpack_dont_email_post_to_subs":false,"_jetpack_newsletter_tier_id":0,"_jetpack_memberships_contains_paywalled_content":false,"_jetpack_memberships_contains_paid_content":false,"footnotes":""},"categories":[35,25],"tags":[3581,523,183,3582,3583,664,3584],"class_list":["post-52682","post","type-post","status-publish","format-standard","has-post-thumbnail","hentry","category-nacionales","category-portada","tag-convenio","tag-cooperacion","tag-jce","tag-ley-electoral","tag-oea","tag-proceso","tag-tecnica"],"jetpack_featured_media_url":"https:\/\/lasprimeras.com.do\/wp-content\/uploads\/2023\/06\/jce-y-la-oea-firman-convenio-de-cooperacion-tecnica-de-cara-al-proximo-proceso-electoral.jpg","jetpack-related-posts":[{"id":74175,"url":"https:\/\/lasprimeras.com.do\/index.php\/2024\/01\/19\/oea-y-jce-firman-acuerdo-para-la-observacion-electoral-de-elecciones-dominicanas\/","url_meta":{"origin":52682,"position":0},"title":"OEA y JCE firman acuerdo para la observaci\u00f3n electoral de elecciones dominicanas","author":"Nelson Feliz","date":"19 de enero de 2024","format":false,"excerpt":"Washington, Estados Unidos. - La Junta Central Electoral (JCE) y la Organizaci\u00f3n de los Estados Americanos (OEA) firmaron un acuerdo que contempla el procedimiento para la Misi\u00f3n de Observadores que el organismo internacional enviar\u00e1 para las elecciones que celebrar\u00e1 Rep\u00fablica Dominicana en este 2024.\u00a0 En el acuerdo, firmado por el\u2026","rel":"","context":"En \u00abPORTADA\u00bb","block_context":{"text":"PORTADA","link":"https:\/\/lasprimeras.com.do\/index.php\/category\/portada\/"},"img":{"alt_text":"OEA y JCE firman acuerdo para la observaci\u00f3n electoral de elecciones dominicanas","src":"https:\/\/i0.wp.com\/lasprimeras.com.do\/wp-content\/uploads\/2024\/01\/acuerdo-1.jpg?resize=350%2C200&ssl=1","width":350,"height":200,"srcset":"https:\/\/i0.wp.com\/lasprimeras.com.do\/wp-content\/uploads\/2024\/01\/acuerdo-1.jpg?resize=350%2C200&ssl=1 1x, https:\/\/i0.wp.com\/lasprimeras.com.do\/wp-content\/uploads\/2024\/01\/acuerdo-1.jpg?resize=525%2C300&ssl=1 1.5x, https:\/\/i0.wp.com\/lasprimeras.com.do\/wp-content\/uploads\/2024\/01\/acuerdo-1.jpg?resize=700%2C400&ssl=1 2x"},"classes":[]},{"id":52978,"url":"https:\/\/lasprimeras.com.do\/index.php\/2023\/06\/22\/presidente-jce-se-reune-con-comision-oea-colaborara-en-procesos-electorales\/","url_meta":{"origin":52682,"position":1},"title":"Presidente JCE se re\u00fane con comisi\u00f3n OEA colaborar\u00e1 en procesos electorales","author":"Nelson Feliz","date":"22 de junio de 2023","format":false,"excerpt":"Por Martin Restituyo El presidente de la Junta Central Electoral (JCE), Rom\u00e1n Andr\u00e9s J\u00e1quez Liranzo, se reuni\u00f3 con una comisi\u00f3n de la Organizaci\u00f3n de Estados Americanos (OEA), como parte de los trabajos relacionados con el acuerdo marco de cooperaci\u00f3n t\u00e9cnica, firmado entre ambas instituciones, para desarrollar mecanismos de colaboraci\u00f3n en\u2026","rel":"","context":"En \u00abNACIONALES\u00bb","block_context":{"text":"NACIONALES","link":"https:\/\/lasprimeras.com.do\/index.php\/category\/nacionales\/"},"img":{"alt_text":"Junta Central Electoral","src":"https:\/\/i0.wp.com\/lasprimeras.com.do\/wp-content\/uploads\/2023\/06\/JCE.jpg?resize=350%2C200&ssl=1","width":350,"height":200,"srcset":"https:\/\/i0.wp.com\/lasprimeras.com.do\/wp-content\/uploads\/2023\/06\/JCE.jpg?resize=350%2C200&ssl=1 1x, https:\/\/i0.wp.com\/lasprimeras.com.do\/wp-content\/uploads\/2023\/06\/JCE.jpg?resize=525%2C300&ssl=1 1.5x, https:\/\/i0.wp.com\/lasprimeras.com.do\/wp-content\/uploads\/2023\/06\/JCE.jpg?resize=700%2C400&ssl=1 2x"},"classes":[]},{"id":101489,"url":"https:\/\/lasprimeras.com.do\/index.php\/2025\/06\/22\/jce-firma-acuerdo-con-la-oea-y-otro-con-ifes-para-el-plan-estrategico-2024-2028\/","url_meta":{"origin":52682,"position":2},"title":"JCE firma acuerdo con la OEA y otro con IFES para el Plan Estrat\u00e9gico 2024-2028","author":"Nelson Feliz","date":"22 de junio de 2025","format":false,"excerpt":"JCE firma acuerdo con la OEA para la norma ISO Antisoborno y otro con IFES para el Plan Estrat\u00e9gico 2024-2028 Una comisi\u00f3n de la Junta Central Electoral (JCE), encabezada por su presidente, Rom\u00e1n Andr\u00e9s J\u00e1quez Liranzo e integrada por la miembro titular del Pleno Hirayda Marcelle Fern\u00e1ndez Guzm\u00e1n y por\u2026","rel":"","context":"En \u00abNACIONALES\u00bb","block_context":{"text":"NACIONALES","link":"https:\/\/lasprimeras.com.do\/index.php\/category\/nacionales\/"},"img":{"alt_text":"","src":"https:\/\/i0.wp.com\/lasprimeras.com.do\/wp-content\/uploads\/2025\/06\/jce.jpg?resize=350%2C200&ssl=1","width":350,"height":200,"srcset":"https:\/\/i0.wp.com\/lasprimeras.com.do\/wp-content\/uploads\/2025\/06\/jce.jpg?resize=350%2C200&ssl=1 1x, https:\/\/i0.wp.com\/lasprimeras.com.do\/wp-content\/uploads\/2025\/06\/jce.jpg?resize=525%2C300&ssl=1 1.5x, https:\/\/i0.wp.com\/lasprimeras.com.do\/wp-content\/uploads\/2025\/06\/jce.jpg?resize=700%2C400&ssl=1 2x"},"classes":[]},{"id":101251,"url":"https:\/\/lasprimeras.com.do\/index.php\/2025\/06\/17\/jce-firmara-acuerdo-con-la-oea-de-cara-a-implementar-norma-iso-antisoborno\/","url_meta":{"origin":52682,"position":3},"title":"JCE firmar\u00e1 acuerdo con la OEA de cara a implementar norma ISO Antisoborno","author":"Nelson Feliz","date":"17 de junio de 2025","format":false,"excerpt":"Una misi\u00f3n de la Junta Central Electoral se reunir\u00e1 este viernes con el nuevo secretario general de la Organizaci\u00f3n de Estados Americanos (OEA), Albert Ramdin, con la finalidad de firmar un acuerdo de entendimiento que tiene por objeto establecer un marco regulatorio con respecto a la implementaci\u00f3n de la norma\u2026","rel":"","context":"En \u00abNACIONALES\u00bb","block_context":{"text":"NACIONALES","link":"https:\/\/lasprimeras.com.do\/index.php\/category\/nacionales\/"},"img":{"alt_text":"","src":"https:\/\/i0.wp.com\/lasprimeras.com.do\/wp-content\/uploads\/2025\/02\/Fachada-JCE.jpg?resize=350%2C200&ssl=1","width":350,"height":200,"srcset":"https:\/\/i0.wp.com\/lasprimeras.com.do\/wp-content\/uploads\/2025\/02\/Fachada-JCE.jpg?resize=350%2C200&ssl=1 1x, https:\/\/i0.wp.com\/lasprimeras.com.do\/wp-content\/uploads\/2025\/02\/Fachada-JCE.jpg?resize=525%2C300&ssl=1 1.5x, https:\/\/i0.wp.com\/lasprimeras.com.do\/wp-content\/uploads\/2025\/02\/Fachada-JCE.jpg?resize=700%2C400&ssl=1 2x"},"classes":[]},{"id":74178,"url":"https:\/\/lasprimeras.com.do\/index.php\/2024\/01\/19\/jce-garantiza-libre-desplazamiento-de-los-observadores-de-la-oea-en-el-pais\/","url_meta":{"origin":52682,"position":4},"title":"JCE garantiza libre desplazamiento de los observadores de la OEA en el pa\u00eds","author":"Nelson Feliz","date":"19 de enero de 2024","format":false,"excerpt":"La Junta Central Electoral (JCE) garantizar\u00e1 a la Misi\u00f3n de Observadores de los Estados Americanos (OEA) el libre desplazamiento y movimiento en todo el territorio dominicano, as\u00ed como el acceso de sus observadores a todas las \u00e1reas de los organismos que conforman el sistema electoral, conforme al convenio suscrito. La\u2026","rel":"","context":"En \u00abNACIONALES\u00bb","block_context":{"text":"NACIONALES","link":"https:\/\/lasprimeras.com.do\/index.php\/category\/nacionales\/"},"img":{"alt_text":"Rom\u00e1n Andr\u00e9s J\u00e1quez Liranzo","src":"https:\/\/i0.wp.com\/lasprimeras.com.do\/wp-content\/uploads\/2024\/01\/Roman-Andres-Jaquez-Liranzo.jpg?resize=350%2C200&ssl=1","width":350,"height":200,"srcset":"https:\/\/i0.wp.com\/lasprimeras.com.do\/wp-content\/uploads\/2024\/01\/Roman-Andres-Jaquez-Liranzo.jpg?resize=350%2C200&ssl=1 1x, https:\/\/i0.wp.com\/lasprimeras.com.do\/wp-content\/uploads\/2024\/01\/Roman-Andres-Jaquez-Liranzo.jpg?resize=525%2C300&ssl=1 1.5x, https:\/\/i0.wp.com\/lasprimeras.com.do\/wp-content\/uploads\/2024\/01\/Roman-Andres-Jaquez-Liranzo.jpg?resize=700%2C400&ssl=1 2x"},"classes":[]},{"id":66991,"url":"https:\/\/lasprimeras.com.do\/index.php\/2023\/11\/12\/jce-y-capel-firman-convenio-para-auditoria-tecnica-al-software-del-edet\/","url_meta":{"origin":52682,"position":5},"title":"JCE y CAPEL firman convenio para auditor\u00eda t\u00e9cnica al software del EDET","author":"Nelson Feliz","date":"12 de noviembre de 2023","format":false,"excerpt":"Auditor\u00eda generar\u00e1 certeza a palpitantes. Por Martin Restituyo La Junta Central Electoral (JCE) y el Instituto Interamericano de Derechos Humanos, por medio de su Centro de Asesor\u00eda y Promoci\u00f3n Electoral (IIDH\/CAPEL), firmaron este viernes un convenio de cooperaci\u00f3n para la realizaci\u00f3n de una auditor\u00eda t\u00e9cnica al sistema de escrutinio, digitalizaci\u00f3n,\u2026","rel":"","context":"En \u00abECONOM\u00cdA\u00bb","block_context":{"text":"ECONOM\u00cdA","link":"https:\/\/lasprimeras.com.do\/index.php\/category\/economia\/"},"img":{"alt_text":"JCE","src":"https:\/\/i0.wp.com\/lasprimeras.com.do\/wp-content\/uploads\/2023\/11\/JCE-2.jpg?resize=350%2C200&ssl=1","width":350,"height":200,"srcset":"https:\/\/i0.wp.com\/lasprimeras.com.do\/wp-content\/uploads\/2023\/11\/JCE-2.jpg?resize=350%2C200&ssl=1 1x, https:\/\/i0.wp.com\/lasprimeras.com.do\/wp-content\/uploads\/2023\/11\/JCE-2.jpg?resize=525%2C300&ssl=1 1.5x, https:\/\/i0.wp.com\/lasprimeras.com.do\/wp-content\/uploads\/2023\/11\/JCE-2.jpg?resize=700%2C400&ssl=1 2x"},"classes":[]}],"jetpack_sharing_enabled":true,"_links":{"self":[{"href":"https:\/\/lasprimeras.com.do\/index.php\/wp-json\/wp\/v2\/posts\/52682","targetHints":{"allow":["GET"]}}],"collection":[{"href":"https:\/\/lasprimeras.com.do\/index.php\/wp-json\/wp\/v2\/posts"}],"about":[{"href":"https:\/\/lasprimeras.com.do\/index.php\/wp-json\/wp\/v2\/types\/post"}],"author":[{"embeddable":true,"href":"https:\/\/lasprimeras.com.do\/index.php\/wp-json\/wp\/v2\/users\/1"}],"replies":[{"embeddable":true,"href":"https:\/\/lasprimeras.com.do\/index.php\/wp-json\/wp\/v2\/comments?post=52682"}],"version-history":[{"count":0,"href":"https:\/\/lasprimeras.com.do\/index.php\/wp-json\/wp\/v2\/posts\/52682\/revisions"}],"wp:featuredmedia":[{"embeddable":true,"href":"https:\/\/lasprimeras.com.do\/index.php\/wp-json\/wp\/v2\/media\/52771"}],"wp:attachment":[{"href":"https:\/\/lasprimeras.com.do\/index.php\/wp-json\/wp\/v2\/media?parent=52682"}],"wp:term":[{"taxonomy":"category","embeddable":true,"href":"https:\/\/lasprimeras.com.do\/index.php\/wp-json\/wp\/v2\/categories?post=52682"},{"taxonomy":"post_tag","embeddable":true,"href":"https:\/\/lasprimeras.com.do\/index.php\/wp-json\/wp\/v2\/tags?post=52682"}],"curies":[{"name":"wp","href":"https:\/\/api.w.org\/{rel}","templated":true}]}}