{"id":52692,"date":"2023-06-13T06:09:05","date_gmt":"2023-06-13T10:09:05","guid":{"rendered":"https:\/\/atento.com.do\/?p=52692"},"modified":"2023-06-13T06:09:05","modified_gmt":"2023-06-13T10:09:05","slug":"ministro-de-trabajo-luis-miguel-de-camps-resalta-20-aumentos-salariales","status":"publish","type":"post","link":"https:\/\/lasprimeras.com.do\/index.php\/2023\/06\/13\/ministro-de-trabajo-luis-miguel-de-camps-resalta-20-aumentos-salariales\/","title":{"rendered":"Ministro de Trabajo Luis Miguel De Camps resalta 20 aumentos salariales"},"content":{"rendered":"\n<p>El ministro de Trabajo de la Rep\u00fablica Dominicana, Luis Miguel De Camps, resalt\u00f3 que en su pa\u00eds el di\u00e1logo social, fundamentado en el tripartismo, ha permitido la concreci\u00f3n de logros estrat\u00e9gicos nacionales, como lo muestran los m\u00e1s de 20 aumentos salariales pr\u00e1cticamente todos por encima de la inflaci\u00f3n acumulada.<\/p>\n\n\n\n<p>De Camps asegur\u00f3 que el consenso seguir\u00e1 siendo la garant\u00eda de que los anhelos que socialmente se marcan desde el Estado sean materializados.<\/p>\n\n\n\n<p>En su alocuci\u00f3n, realizada en el Palacio de las Naciones Unidas, destac\u00f3 el aumento realizado en m\u00e1s de un 42 % al salario m\u00ednimo, mientras que la inflaci\u00f3n acumulada en ese mismo periodo ha sido de 20.95 %.<\/p>\n\n\n\n<p>A esto agreg\u00f3 que \u201ca trav\u00e9s del di\u00e1logo social tripartito los dominicanos cuentan con salarios m\u00ednimos reales mejorados en 21.12 %; eso es mejorar la calidad de vida, eso es justicia social y eso es fortalecimiento del tejido social nacional a trav\u00e9s del di\u00e1logo\u201d.<\/p>\n\n\n\n<p>Dijo que el Gobierno, igual por consenso, logr\u00f3 el aumento de la cobertura en salud de la seguridad social a un 98 %, incrementando las coberturas de protecci\u00f3n del seguro de riesgos laborales y facilitando el acceso a miles de millones de pesos de fondos aportados por trabajadores y empleadores para facilitar necesidades de pensiones.<\/p>\n\n\n\n<p>\u201cEstamos comprometidos en seguir fortaleciendo el sentido de pertenencia social que se produce a trav\u00e9s del desarrollo incluyente y participativo del di\u00e1logo social. Por ello, varias iniciativas de reforma se encuentran en proceso de di\u00e1logo y esperamos poder tener importantes avances en el futuro cercano\u201d, se\u00f1al\u00f3.<\/p>\n\n\n\n<p>De Camps Garc\u00eda tambi\u00e9n hizo un llamado de alerta ante la asamblea de la OIT en torno a la necesidad de atender la regulaci\u00f3n internacional del trabajo deslocalizado.<\/p>\n\n\n\n<p>Dijo que esta modalidad fomenta la informalidad y destruye los sistemas de seguridad social de las naciones.<\/p>\n\n\n\n<p>\u201cNo proponemos ni pretendemos coartar las nuevas realidades del trabajo, pero debemos encontrar soluciones innovadoras, flexibles y modernas que logren la conciliaci\u00f3n del desarrollo econ\u00f3mico y humano con los derechos de trabajadores y empleadores\u201d, a\u00f1adi\u00f3.<\/p>\n","protected":false},"excerpt":{"rendered":"<p>El ministro de Trabajo de la Rep\u00fablica Dominicana, Luis Miguel De Camps, resalt\u00f3 que en su pa\u00eds el di\u00e1logo social, fundamentado en el tripartismo, ha permitido la concreci\u00f3n de logros&hellip;<\/p>\n","protected":false},"author":1,"featured_media":52767,"comment_status":"open","ping_status":"open","sticky":false,"template":"","format":"standard","meta":{"content-type":"","jetpack_post_was_ever_published":false,"_jetpack_newsletter_access":"","_jetpack_dont_email_post_to_subs":false,"_jetpack_newsletter_tier_id":0,"_jetpack_memberships_contains_paywalled_content":false,"_jetpack_memberships_contains_paid_content":false,"footnotes":""},"categories":[39],"tags":[2431,3588,3589,2433],"class_list":["post-52692","post","type-post","status-publish","format-standard","has-post-thumbnail","hentry","category-economia","tag-aumentos","tag-luis-miguel-de-camps","tag-ministro-de-trabajo","tag-salariales"],"jetpack_featured_media_url":"https:\/\/lasprimeras.com.do\/wp-content\/uploads\/2023\/06\/ministro-de-trabajo-luis-miguel-de-camps-resalta-20-aumentos-salariales.jpg","jetpack-related-posts":[{"id":48812,"url":"https:\/\/lasprimeras.com.do\/index.php\/2023\/05\/04\/gobierno-anuncia-aumento-salarial-de-entre-20-y-49-para-trabajadores-del-sector-turistico\/","url_meta":{"origin":52692,"position":0},"title":"Gobierno anuncia aumento salarial de entre 20 % y 49 % para trabajadores del sector tur\u00edstico","author":"prenxa100","date":"4 de mayo de 2023","format":false,"excerpt":"SANTO DOMINGO.-. El Gobierno dominicano, a trav\u00e9s del Ministerio de Trabajo, anunci\u00f3 que se arrib\u00f3 a un acuerdo hist\u00f3rico en el Comit\u00e9 Nacional de Salarios, para el aumento del sueldo m\u00ednimo de entre un 20 % y 49 % a los trabajadores que prestan servicio en hoteles, restaurantes y otros\u2026","rel":"","context":"En \u00abECONOM\u00cdA\u00bb","block_context":{"text":"ECONOM\u00cdA","link":"https:\/\/lasprimeras.com.do\/index.php\/category\/economia\/"},"img":{"alt_text":"","src":"","width":0,"height":0},"classes":[]},{"id":93283,"url":"https:\/\/lasprimeras.com.do\/index.php\/2025\/02\/05\/ministro-de-la-presidencia-juramenta-a-eddy-olivares-como-ministro-de-trabajo\/","url_meta":{"origin":52692,"position":1},"title":"Ministro de la Presidencia juramenta a Eddy Olivares como Ministro de Trabajo","author":"Nelson Feliz","date":"5 de febrero de 2025","format":false,"excerpt":"Eddy Olivares agradeci\u00f3 al presidente Luis Abinader la confianza depositada para continuar las grandes conquistas alcanzadas durante la gesti\u00f3n de Luis Miguel De Camps. El licenciado Eddy Olivares Ortega tom\u00f3 posesi\u00f3n este lunes como ministro de Trabajo, tras ser juramentado por el ministro de la Presidencia, Jos\u00e9 Ignacio Paliza. En\u2026","rel":"","context":"En \u00abNACIONALES\u00bb","block_context":{"text":"NACIONALES","link":"https:\/\/lasprimeras.com.do\/index.php\/category\/nacionales\/"},"img":{"alt_text":"","src":"https:\/\/i0.wp.com\/lasprimeras.com.do\/wp-content\/uploads\/2025\/02\/Eddy-Olivares-1.jpg?resize=350%2C200&ssl=1","width":350,"height":200,"srcset":"https:\/\/i0.wp.com\/lasprimeras.com.do\/wp-content\/uploads\/2025\/02\/Eddy-Olivares-1.jpg?resize=350%2C200&ssl=1 1x, https:\/\/i0.wp.com\/lasprimeras.com.do\/wp-content\/uploads\/2025\/02\/Eddy-Olivares-1.jpg?resize=525%2C300&ssl=1 1.5x, https:\/\/i0.wp.com\/lasprimeras.com.do\/wp-content\/uploads\/2025\/02\/Eddy-Olivares-1.jpg?resize=700%2C400&ssl=1 2x"},"classes":[]},{"id":115030,"url":"https:\/\/lasprimeras.com.do\/index.php\/2025\/11\/18\/ministro-luis-miguel-de-camps-socializa-politicas-para-fortalecer-calidad-educativa\/","url_meta":{"origin":52692,"position":2},"title":"Ministro Luis Miguel De Camps socializa pol\u00edticas para fortalecer calidad educativa","author":"Nelson Feliz","date":"18 de noviembre de 2025","format":false,"excerpt":"El ministro de Educaci\u00f3n, Luis Miguel De Camps, sostuvo este martes una reuni\u00f3n con los directores de las 18 Regionales de la instituci\u00f3n, a quienes present\u00f3 los principales programas y pol\u00edticas p\u00fablicas implementados para impulsar la mejora de la calidad educativa. Durante el encuentro se expusieron las iniciativas del voluntariado\u2026","rel":"","context":"En \u00abNACIONALES\u00bb","block_context":{"text":"NACIONALES","link":"https:\/\/lasprimeras.com.do\/index.php\/category\/nacionales\/"},"img":{"alt_text":"Luis Miguel De Camps","src":"https:\/\/i0.wp.com\/lasprimeras.com.do\/wp-content\/uploads\/2025\/11\/Luis-Miguel-De-Camps.jpg?resize=350%2C200&ssl=1","width":350,"height":200,"srcset":"https:\/\/i0.wp.com\/lasprimeras.com.do\/wp-content\/uploads\/2025\/11\/Luis-Miguel-De-Camps.jpg?resize=350%2C200&ssl=1 1x, https:\/\/i0.wp.com\/lasprimeras.com.do\/wp-content\/uploads\/2025\/11\/Luis-Miguel-De-Camps.jpg?resize=525%2C300&ssl=1 1.5x, https:\/\/i0.wp.com\/lasprimeras.com.do\/wp-content\/uploads\/2025\/11\/Luis-Miguel-De-Camps.jpg?resize=700%2C400&ssl=1 2x"},"classes":[]},{"id":127592,"url":"https:\/\/lasprimeras.com.do\/index.php\/2026\/04\/13\/de-camps-reafirma-compromiso-con-el-magisterio-y-la-educacion\/","url_meta":{"origin":52692,"position":3},"title":"De Camps reafirma compromiso con el magisterio y la educaci\u00f3n","author":"Nelson Feliz","date":"13 de abril de 2026","format":false,"excerpt":"Al conmemorarse hoy el 56 aniversario de la Asociaci\u00f3n Dominicana de Profesores (ADP), el ministro de Educaci\u00f3n, Luis Miguel De Camps, reafirm\u00f3 la importancia del gremio docente como actor clave del sistema educativo y reiter\u00f3 la importancia de mantener una agenda com\u00fan basada en el di\u00e1logo, la corresponsabilidad y los\u2026","rel":"","context":"En \u00abNACIONALES\u00bb","block_context":{"text":"NACIONALES","link":"https:\/\/lasprimeras.com.do\/index.php\/category\/nacionales\/"},"img":{"alt_text":"Luis Miguel De Camps","src":"https:\/\/i0.wp.com\/lasprimeras.com.do\/wp-content\/uploads\/2026\/04\/Luis-Miguel-De-Camps-1.jpg?resize=350%2C200&ssl=1","width":350,"height":200,"srcset":"https:\/\/i0.wp.com\/lasprimeras.com.do\/wp-content\/uploads\/2026\/04\/Luis-Miguel-De-Camps-1.jpg?resize=350%2C200&ssl=1 1x, https:\/\/i0.wp.com\/lasprimeras.com.do\/wp-content\/uploads\/2026\/04\/Luis-Miguel-De-Camps-1.jpg?resize=525%2C300&ssl=1 1.5x, https:\/\/i0.wp.com\/lasprimeras.com.do\/wp-content\/uploads\/2026\/04\/Luis-Miguel-De-Camps-1.jpg?resize=700%2C400&ssl=1 2x"},"classes":[]},{"id":48519,"url":"https:\/\/lasprimeras.com.do\/index.php\/2023\/05\/01\/trabajadores-reclaman-un-nuevo-contrato-social-como-garantia-de-sus-derechos\/","url_meta":{"origin":52692,"position":4},"title":"Trabajadores reclaman un nuevo contrato social como garant\u00eda de sus derechos","author":"prenxa100","date":"1 de mayo de 2023","format":false,"excerpt":"Santo Domingo. - \u00a0Con un llamado a que en el pa\u00eds se establezca un nuevo contrato social que garantice mejores condiciones de vida para las y los trabajadores, el ejercicio pleno de la libertad sindical, la negociaci\u00f3n colectiva y el di\u00e1logo social, las centrales sindicales conmemoraron el D\u00eda Internacional del\u2026","rel":"","context":"En \u00abNACIONALES\u00bb","block_context":{"text":"NACIONALES","link":"https:\/\/lasprimeras.com.do\/index.php\/category\/nacionales\/"},"img":{"alt_text":"","src":"","width":0,"height":0},"classes":[]},{"id":104082,"url":"https:\/\/lasprimeras.com.do\/index.php\/2025\/07\/21\/ministro-luis-miguel-de-camps-sera-el-orador-invitado-a-almuerzo-de-amchamdr\/","url_meta":{"origin":52692,"position":5},"title":"Ministro Luis Miguel De Camps ser\u00e1 el orador invitado a almuerzo de AMCHAMDR","author":"Nelson Feliz","date":"21 de julio de 2025","format":false,"excerpt":"El ministro de Educaci\u00f3n, Luis Miguel De Camps, participar\u00e1 como orador invitado en el almuerzo de la C\u00e1mara Americana de Comercio de la Rep\u00fablica Dominicana (AMCHAMDR), a celebrarse ma\u00f1ana martes en el Sal\u00f3n Garden Tent del Hotel Embajador, a partir del mediod\u00eda. Durante su intervenci\u00f3n, el ministro desarrollar\u00e1 el tema\u2026","rel":"","context":"En \u00abNACIONALES\u00bb","block_context":{"text":"NACIONALES","link":"https:\/\/lasprimeras.com.do\/index.php\/category\/nacionales\/"},"img":{"alt_text":"","src":"https:\/\/i0.wp.com\/lasprimeras.com.do\/wp-content\/uploads\/2025\/07\/Luis-Miguel-De-Camps.jpg?resize=350%2C200&ssl=1","width":350,"height":200,"srcset":"https:\/\/i0.wp.com\/lasprimeras.com.do\/wp-content\/uploads\/2025\/07\/Luis-Miguel-De-Camps.jpg?resize=350%2C200&ssl=1 1x, https:\/\/i0.wp.com\/lasprimeras.com.do\/wp-content\/uploads\/2025\/07\/Luis-Miguel-De-Camps.jpg?resize=525%2C300&ssl=1 1.5x, https:\/\/i0.wp.com\/lasprimeras.com.do\/wp-content\/uploads\/2025\/07\/Luis-Miguel-De-Camps.jpg?resize=700%2C400&ssl=1 2x"},"classes":[]}],"jetpack_sharing_enabled":true,"_links":{"self":[{"href":"https:\/\/lasprimeras.com.do\/index.php\/wp-json\/wp\/v2\/posts\/52692","targetHints":{"allow":["GET"]}}],"collection":[{"href":"https:\/\/lasprimeras.com.do\/index.php\/wp-json\/wp\/v2\/posts"}],"about":[{"href":"https:\/\/lasprimeras.com.do\/index.php\/wp-json\/wp\/v2\/types\/post"}],"author":[{"embeddable":true,"href":"https:\/\/lasprimeras.com.do\/index.php\/wp-json\/wp\/v2\/users\/1"}],"replies":[{"embeddable":true,"href":"https:\/\/lasprimeras.com.do\/index.php\/wp-json\/wp\/v2\/comments?post=52692"}],"version-history":[{"count":0,"href":"https:\/\/lasprimeras.com.do\/index.php\/wp-json\/wp\/v2\/posts\/52692\/revisions"}],"wp:featuredmedia":[{"embeddable":true,"href":"https:\/\/lasprimeras.com.do\/index.php\/wp-json\/wp\/v2\/media\/52767"}],"wp:attachment":[{"href":"https:\/\/lasprimeras.com.do\/index.php\/wp-json\/wp\/v2\/media?parent=52692"}],"wp:term":[{"taxonomy":"category","embeddable":true,"href":"https:\/\/lasprimeras.com.do\/index.php\/wp-json\/wp\/v2\/categories?post=52692"},{"taxonomy":"post_tag","embeddable":true,"href":"https:\/\/lasprimeras.com.do\/index.php\/wp-json\/wp\/v2\/tags?post=52692"}],"curies":[{"name":"wp","href":"https:\/\/api.w.org\/{rel}","templated":true}]}}