{"id":52701,"date":"2023-06-13T06:48:29","date_gmt":"2023-06-13T10:48:29","guid":{"rendered":"https:\/\/atento.com.do\/?p=52701"},"modified":"2023-06-13T06:48:29","modified_gmt":"2023-06-13T10:48:29","slug":"lula-cuestiona-ante-von-der-leyen-las-exigencias-de-la-ue-para-concluir-el-acuerdo-con-el-mercosur","status":"publish","type":"post","link":"https:\/\/lasprimeras.com.do\/index.php\/2023\/06\/13\/lula-cuestiona-ante-von-der-leyen-las-exigencias-de-la-ue-para-concluir-el-acuerdo-con-el-mercosur\/","title":{"rendered":"Lula cuestiona ante Von der Leyen las exigencias de la UE para concluir el acuerdo con el Mercosur"},"content":{"rendered":"\n<p><strong>El mandatario critic\u00f3 el protocolo adicional introducido por los europeos que prev\u00e9 sanciones en caso de incumplimiento de obligaciones ambientales.<\/strong><\/p>\n\n\n\n<p>El presidente de Brasil, Luiz In\u00e1cio Lula da Silva, cuestion\u00f3 ante la presidenta de la Comisi\u00f3n Europea (CE), Ursula von der Leyen, el anexo al acuerdo entre la Uni\u00f3n Europea (UE) y el Mercado Com\u00fan del Sur (Mercosur) introducido por los europeos, que prev\u00e9 sanciones en caso de incumplimiento de obligaciones ambientales.<\/p>\n\n\n\n<p>&#8220;Le expliqu\u00e9 a la presidenta von der Leyen las preocupaciones de Brasil con el instrumento adicional al acuerdo, presentado por la Uni\u00f3n Europea en marzo de este a\u00f1o, que ampl\u00eda las obligaciones de Brasil y las somete a sanciones en caso de incumplimiento&#8221;, dijo el mandatario tras la visita de la representante europea a Brasilia.<\/p>\n\n\n\n<figure class=\"wp-block-embed is-type-rich is-provider-twitter wp-block-embed-twitter\"><div class=\"wp-block-embed__wrapper\">\n<div class=\"embed-twitter\"><blockquote class=\"twitter-tweet\" data-width=\"500\" data-dnt=\"true\"><p lang=\"pt\" dir=\"ltr\">ACOMPANHE AGORA | Presidente da Comiss\u00e3o Europeia, Ursula von der Leyen, recebe as despedidas do Presidente <a href=\"https:\/\/twitter.com\/LulaOficial?ref_src=twsrc%5Etfw\">@LulaOficial<\/a> <br><br>\ud83d\udcf1Digital\/PR <a href=\"https:\/\/t.co\/oFKcpXD7oD\">pic.twitter.com\/oFKcpXD7oD<\/a><\/p>&mdash; Governo do Brasil (@govbr) <a href=\"https:\/\/twitter.com\/govbr\/status\/1668314449776615429?ref_src=twsrc%5Etfw\">June 12, 2023<\/a><\/blockquote><script async src=\"https:\/\/platform.twitter.com\/widgets.js\" charset=\"utf-8\"><\/script><\/div>\n<\/div><\/figure>\n\n\n\n<p><strong>&#8220;Confianza mutua&#8221;<\/strong><\/p>\n\n\n\n<p>&#8220;La premisa que debe existir entre socios estrat\u00e9gicos es la confianza mutua, y no la desconfianza y las sanciones&#8221;, agreg\u00f3.<\/p>\n\n\n\n<p>La UE y Mercosur firmaron el acuerdo en 2019, pero en la fase de ratificaci\u00f3n algunos pa\u00edses se negaron hasta que el gobierno del entonces presidente ultraderechista Jair Bolsonaro se comprometiera a adoptar una serie de medidas ambientales, especialmente el control de la deforestaci\u00f3n.<\/p>\n\n\n\n<p>La UE propuso establecer un protocolo adicional con cambios en el cap\u00edtulo sobre comercio y desarrollo sostenible, que incluye obligaciones, especialmente en materia ambiental, y sanciones en caso de incumplimiento.<\/p>\n\n\n\n<p><strong>&#8220;Potenciales restricciones&#8221;<\/strong><\/p>\n\n\n\n<p>Brasil argumenta que, con este protocolo, la Uni\u00f3n Europea est\u00e1 poniendo trabas al desarrollo del poderoso sector del agronegocio por motivos que van m\u00e1s all\u00e1 de la preservaci\u00f3n ambiental.<\/p>\n\n\n\n<p>&#8220;La Uni\u00f3n Europea ha aprobado sus propias leyes con efectos extraterritoriales y que modifican el equilibrio del acuerdo. Estas iniciativas representan potenciales restricciones a las exportaciones agr\u00edcolas e industriales de Brasil&#8221;, declar\u00f3 Lula.<\/p>\n\n\n\n<p>Recientemente, el bloque europeo aprob\u00f3 una ley para cerrar su mercado a productos, como el caf\u00e9, la soja o la carne, que contribuyan a la deforestaci\u00f3n o la degradaci\u00f3n de los bosques, algo que desagrad\u00f3 a pa\u00edses como Brasil.<\/p>\n\n\n\n<p><strong>El acuerdo concluido &#8220;hasta finales de 2023&#8221;<\/strong><\/p>\n\n\n\n<p>Por su parte, la representante europea reiter\u00f3 que espera que ambas partes puedan concluir el acuerdo.<\/p>\n\n\n\n<p>&#8220;Los dos creemos que ha llegado la hora de concluir el acuerdo entre la Uni\u00f3n Europea y el Mercosur. Los dos tenemos la ambici\u00f3n de concluirlo cuanto antes, a m\u00e1s tardar hasta finales de a\u00f1o&#8221;, expres\u00f3 von der Leyen.<\/p>\n\n\n\n<p>&#8220;Hay grandes ventajas para ambos lados (\u2026). Compartimos la misma visi\u00f3n de la lucha contra el cambio clim\u00e1tico (\u2026). Aguardamos con impaciencia su respuesta&#8221; al protocolo adicional, agreg\u00f3.<\/p>\n\n\n\n<p>Von der Leyen elogi\u00f3 la pol\u00edtica ambiental de Lula y anunci\u00f3 que el bloque comunitario apoyar\u00e1 con 20 millones de euros el Fondo Amazon\u00eda, una bolsa de recursos internacional para proteger la mayor selva tropical del planeta y que fue reactivada con la vuelta del mandatario izquierdista al poder.<\/p>\n\n\n\n<p><strong>Gira regional<\/strong><\/p>\n\n\n\n<p>Brasil es la primera parada de la gira que la presidenta de la CE inici\u00f3 este lunes por Am\u00e9rica Latina, que incluye tambi\u00e9n Argentina, Chile y M\u00e9xico.<\/p>\n\n\n\n<p>Uno de los prop\u00f3sitos de la gira, en el marco de las consecuencias econ\u00f3micas que ha provocado el conflicto b\u00e9lico en Ucrania, es conseguir socios que ayuden a los miembros de la UE a reducir su dependencia de los combustibles f\u00f3siles, especialmente los procedentes de Rusia.<\/p>\n\n\n\n<p>La visita se enmarca tambi\u00e9n en la preparaci\u00f3n de la pr\u00f3xima cumbre entre la UE y la Comunidad de Estados Latinoamericanos y Caribe\u00f1os (CELAC), que tendr\u00e1 lugar los d\u00edas 17 y 18 de julio en Bruselas, donde se dar\u00e1n cita m\u00e1s de 30 l\u00edderes pol\u00edticos americanos.<\/p>\n\n\n\n<p>El alto comisionado de la UE para las Relaciones Exteriores, el espa\u00f1ol Josep Borrell, defendi\u00f3 hace pocos d\u00edas la importancia de cuidar la relaci\u00f3n entre los dos bloques, que se ha dado &#8220;por sentada e incluso se ha descuidado&#8221;, abogando por convertir a los pa\u00edses del otro lado del Atl\u00e1ntico en &#8220;socios preferentes&#8221;.<\/p>\n\n\n\n<p>Fuente RT<\/p>\n","protected":false},"excerpt":{"rendered":"<p>El mandatario critic\u00f3 el protocolo adicional introducido por los europeos que prev\u00e9 sanciones en caso de incumplimiento de obligaciones ambientales. El presidente de Brasil, Luiz In\u00e1cio Lula da Silva, cuestion\u00f3&hellip;<\/p>\n","protected":false},"author":1,"featured_media":52764,"comment_status":"open","ping_status":"open","sticky":false,"template":"","format":"standard","meta":{"content-type":"","jetpack_post_was_ever_published":false,"_jetpack_newsletter_access":"","_jetpack_dont_email_post_to_subs":false,"_jetpack_newsletter_tier_id":0,"_jetpack_memberships_contains_paywalled_content":false,"_jetpack_memberships_contains_paid_content":false,"footnotes":""},"categories":[1],"tags":[521,3592,2061,3593,2542,3594],"class_list":["post-52701","post","type-post","status-publish","format-standard","has-post-thumbnail","hentry","category-sin-categoria","tag-acuerdo","tag-exigencias","tag-luiz-inacio-lula-da-silva","tag-mercosur","tag-union-europea","tag-von-der-leyen"],"jetpack_featured_media_url":"https:\/\/lasprimeras.com.do\/wp-content\/uploads\/2023\/06\/lula-cuestiona-ante-von-der-leyen-las-exigencias-de-la-ue-para-concluir-el-acuerdo-con-el-mercosur.jpg","jetpack-related-posts":[{"id":119747,"url":"https:\/\/lasprimeras.com.do\/index.php\/2026\/01\/16\/presidente-de-brasil-lula-da-silva-elogia-historico-acuerdo-mercosur-ue-antes-de-su-firma\/","url_meta":{"origin":52701,"position":0},"title":"Presidente de Brasil, Lula da Silva, elogia hist\u00f3rico acuerdo Mercosur-UE antes de su firma","author":"Nelson Feliz","date":"16 de enero de 2026","format":false,"excerpt":"POR EL\u00c9ONORE HUGHES R\u00cdO DE JANEIRO (AP) \u2014 El presidente de Brasil, Luiz In\u00e1cio Lula da Silva, y la presidenta de la Comisi\u00f3n Europea, Ursula von der Leyen, celebraron el viernes la esperada firma del acuerdo de libre comercio entre la UE y cuatro pa\u00edses sudamericanos, que se llevar\u00e1 a\u2026","rel":"","context":"En \u00abINTERNACIONALES\u00bb","block_context":{"text":"INTERNACIONALES","link":"https:\/\/lasprimeras.com.do\/index.php\/category\/sin-categoria\/internacionales\/"},"img":{"alt_text":"Ursula von der Leyen, a la izquierda, y el presidente brasile\u00f1o, Luiz In\u00e1cio Lula da Silva","src":"https:\/\/i0.wp.com\/lasprimeras.com.do\/wp-content\/uploads\/2026\/01\/Ursula-von-der-Leyen-y-Luiz-Inacio-Lula-da-Silva.jpg?resize=350%2C200&ssl=1","width":350,"height":200,"srcset":"https:\/\/i0.wp.com\/lasprimeras.com.do\/wp-content\/uploads\/2026\/01\/Ursula-von-der-Leyen-y-Luiz-Inacio-Lula-da-Silva.jpg?resize=350%2C200&ssl=1 1x, https:\/\/i0.wp.com\/lasprimeras.com.do\/wp-content\/uploads\/2026\/01\/Ursula-von-der-Leyen-y-Luiz-Inacio-Lula-da-Silva.jpg?resize=525%2C300&ssl=1 1.5x, https:\/\/i0.wp.com\/lasprimeras.com.do\/wp-content\/uploads\/2026\/01\/Ursula-von-der-Leyen-y-Luiz-Inacio-Lula-da-Silva.jpg?resize=700%2C400&ssl=1 2x"},"classes":[]},{"id":128443,"url":"https:\/\/lasprimeras.com.do\/index.php\/2026\/04\/23\/pacto-mercosur-ue-trae-alivio-en-epoca-de-proteccionismo-dice-alckmin-vicepresidente-de-brasil\/","url_meta":{"origin":52701,"position":1},"title":"Pacto Mercosur-UE trae alivio en \u00e9poca de proteccionismo, dice Alckmin, vicepresidente de Brasil","author":"Nelson Feliz","date":"23 de abril de 2026","format":false,"excerpt":"POR MAURICIO SAVARESE BRASILIA, Brasil (AP) \u2014 El acuerdo comercial entre el bloque sudamericano Mercosur y la UE, que coron\u00f3 un cuarto de siglo de conversaciones, ofrece cierto alivio en un momento en que los movimientos unilaterales han dominado el panorama geopol\u00edtico, afirm\u00f3 el vicepresidente de Brasil, Geraldo Alckmin. \u00c9l\u2026","rel":"","context":"En \u00abINTERNACIONALES\u00bb","block_context":{"text":"INTERNACIONALES","link":"https:\/\/lasprimeras.com.do\/index.php\/category\/sin-categoria\/internacionales\/"},"img":{"alt_text":"Geraldo Alckmin","src":"https:\/\/i0.wp.com\/lasprimeras.com.do\/wp-content\/uploads\/2026\/04\/Geraldo-Alckmin.jpg?resize=350%2C200&ssl=1","width":350,"height":200,"srcset":"https:\/\/i0.wp.com\/lasprimeras.com.do\/wp-content\/uploads\/2026\/04\/Geraldo-Alckmin.jpg?resize=350%2C200&ssl=1 1x, https:\/\/i0.wp.com\/lasprimeras.com.do\/wp-content\/uploads\/2026\/04\/Geraldo-Alckmin.jpg?resize=525%2C300&ssl=1 1.5x, https:\/\/i0.wp.com\/lasprimeras.com.do\/wp-content\/uploads\/2026\/04\/Geraldo-Alckmin.jpg?resize=700%2C400&ssl=1 2x"},"classes":[]},{"id":124883,"url":"https:\/\/lasprimeras.com.do\/index.php\/2026\/03\/17\/paraguay-ratifica-acuerdo-ue-mercosur-el-ultimo-en-hacerlo-por-el-bloque-sudamericano\/","url_meta":{"origin":52701,"position":2},"title":"Paraguay ratifica acuerdo UE-Mercosur, el \u00faltimo en hacerlo por el bloque sudamericano","author":"Nelson Feliz","date":"17 de marzo de 2026","format":false,"excerpt":"POR NAYARA BATSCHKE SANTIAGO (AP) \u2014 Paraguay se convirti\u00f3 el martes en el m\u00e1s reciente y \u00faltimo pa\u00eds sudamericano en ratificar el esperado tratado comercial entre el Mercosur y la Uni\u00f3n Europea, suscrito en enero y que una vez entre en vigor crear\u00e1 la zona de libre comercio m\u00e1s grande\u2026","rel":"","context":"En \u00abINTERNACIONALES\u00bb","block_context":{"text":"INTERNACIONALES","link":"https:\/\/lasprimeras.com.do\/index.php\/category\/sin-categoria\/internacionales\/"},"img":{"alt_text":"Paraguay ratifica acuerdo UE-Mercosur","src":"https:\/\/i0.wp.com\/lasprimeras.com.do\/wp-content\/uploads\/2026\/03\/Paraguay-ratifica-acuerdo-UE-Mercosur.jpg?resize=350%2C200&ssl=1","width":350,"height":200,"srcset":"https:\/\/i0.wp.com\/lasprimeras.com.do\/wp-content\/uploads\/2026\/03\/Paraguay-ratifica-acuerdo-UE-Mercosur.jpg?resize=350%2C200&ssl=1 1x, https:\/\/i0.wp.com\/lasprimeras.com.do\/wp-content\/uploads\/2026\/03\/Paraguay-ratifica-acuerdo-UE-Mercosur.jpg?resize=525%2C300&ssl=1 1.5x, https:\/\/i0.wp.com\/lasprimeras.com.do\/wp-content\/uploads\/2026\/03\/Paraguay-ratifica-acuerdo-UE-Mercosur.jpg?resize=700%2C400&ssl=1 2x"},"classes":[]},{"id":120158,"url":"https:\/\/lasprimeras.com.do\/index.php\/2026\/01\/21\/legisladores-de-la-ue-votan-para-retrasar-el-acuerdo-comercial-del-mercosur-por-preocupaciones-legales\/","url_meta":{"origin":52701,"position":3},"title":"Legisladores de la UE votan para retrasar el acuerdo comercial del Mercosur por preocupaciones legales","author":"Nelson Feliz","date":"21 de enero de 2026","format":false,"excerpt":"Por LORNE COOK BRUSELAS (AP) \u2014 Los legisladores de la Uni\u00f3n Europea votaron el mi\u00e9rcoles a favor de retrasar la ratificaci\u00f3n de un importante acuerdo de libre comercio con el grupo de pa\u00edses sudamericanos Mercosur debido a preocupaciones sobre la legalidad del acuerdo. En una votaci\u00f3n en Estrasburgo, Francia, los\u2026","rel":"","context":"En \u00abECONOM\u00cdA\u00bb","block_context":{"text":"ECONOM\u00cdA","link":"https:\/\/lasprimeras.com.do\/index.php\/category\/economia\/"},"img":{"alt_text":"Mercosur","src":"https:\/\/i0.wp.com\/lasprimeras.com.do\/wp-content\/uploads\/2026\/01\/Mercosur.jpg?resize=350%2C200&ssl=1","width":350,"height":200,"srcset":"https:\/\/i0.wp.com\/lasprimeras.com.do\/wp-content\/uploads\/2026\/01\/Mercosur.jpg?resize=350%2C200&ssl=1 1x, https:\/\/i0.wp.com\/lasprimeras.com.do\/wp-content\/uploads\/2026\/01\/Mercosur.jpg?resize=525%2C300&ssl=1 1.5x, https:\/\/i0.wp.com\/lasprimeras.com.do\/wp-content\/uploads\/2026\/01\/Mercosur.jpg?resize=700%2C400&ssl=1 2x"},"classes":[]},{"id":119480,"url":"https:\/\/lasprimeras.com.do\/index.php\/2026\/01\/13\/las-protestas-por-ingresos-y-el-acuerdo-con-mercosur-llevan-tractores-a-asamblea-nacional-de-francia\/","url_meta":{"origin":52701,"position":4},"title":"Las protestas por ingresos y el acuerdo con Mercosur llevan tractores a Asamblea Nacional de Francia","author":"Nelson Feliz","date":"13 de enero de 2026","format":false,"excerpt":"Por Alex Turnbull PAR\u00cdS (AP) \u2014 Agricultores y ganaderos franceses condujeron unos 350 tractores el martes por las avenidas adoquinadas de Par\u00eds hacia el Parlamento para protestar por sus bajos ingresos y un acuerdo comercial de la UE con Am\u00e9rica del Sur que temen amenace sus medios de vida. Escoltados\u2026","rel":"","context":"En \u00abINTERNACIONALES\u00bb","block_context":{"text":"INTERNACIONALES","link":"https:\/\/lasprimeras.com.do\/index.php\/category\/sin-categoria\/internacionales\/"},"img":{"alt_text":"","src":"","width":0,"height":0},"classes":[]},{"id":107871,"url":"https:\/\/lasprimeras.com.do\/index.php\/2025\/09\/01\/ue-sospecha-que-rusia-interfirio-con-la-navegacion-del-avion-de-la-presidenta-de-la-comision-europea\/","url_meta":{"origin":52701,"position":5},"title":"UE sospecha que Rusia interfiri\u00f3 con la navegaci\u00f3n del avi\u00f3n de la presidenta de la Comisi\u00f3n Europea","author":"Nelson Feliz","date":"1 de septiembre de 2025","format":false,"excerpt":"POR SAM McNEIL BRUSELAS (AP) \u2014 Un avi\u00f3n que transportaba a la presidenta de la Comisi\u00f3n Europea, Ursula Von der Leyen, fue afectado por interferencias en su sistema de navegaci\u00f3n sobre Bulgaria en lo que se sospecha fue una operaci\u00f3n rusa, afirm\u00f3 el lunes una portavoz. El avi\u00f3n aterriz\u00f3 de\u2026","rel":"","context":"En \u00abINTERNACIONALES\u00bb","block_context":{"text":"INTERNACIONALES","link":"https:\/\/lasprimeras.com.do\/index.php\/category\/sin-categoria\/internacionales\/"},"img":{"alt_text":"","src":"https:\/\/i0.wp.com\/lasprimeras.com.do\/wp-content\/uploads\/2025\/09\/Ursula-Von-der-Leyen.jpg?resize=350%2C200&ssl=1","width":350,"height":200,"srcset":"https:\/\/i0.wp.com\/lasprimeras.com.do\/wp-content\/uploads\/2025\/09\/Ursula-Von-der-Leyen.jpg?resize=350%2C200&ssl=1 1x, https:\/\/i0.wp.com\/lasprimeras.com.do\/wp-content\/uploads\/2025\/09\/Ursula-Von-der-Leyen.jpg?resize=525%2C300&ssl=1 1.5x, https:\/\/i0.wp.com\/lasprimeras.com.do\/wp-content\/uploads\/2025\/09\/Ursula-Von-der-Leyen.jpg?resize=700%2C400&ssl=1 2x"},"classes":[]}],"jetpack_sharing_enabled":true,"_links":{"self":[{"href":"https:\/\/lasprimeras.com.do\/index.php\/wp-json\/wp\/v2\/posts\/52701","targetHints":{"allow":["GET"]}}],"collection":[{"href":"https:\/\/lasprimeras.com.do\/index.php\/wp-json\/wp\/v2\/posts"}],"about":[{"href":"https:\/\/lasprimeras.com.do\/index.php\/wp-json\/wp\/v2\/types\/post"}],"author":[{"embeddable":true,"href":"https:\/\/lasprimeras.com.do\/index.php\/wp-json\/wp\/v2\/users\/1"}],"replies":[{"embeddable":true,"href":"https:\/\/lasprimeras.com.do\/index.php\/wp-json\/wp\/v2\/comments?post=52701"}],"version-history":[{"count":0,"href":"https:\/\/lasprimeras.com.do\/index.php\/wp-json\/wp\/v2\/posts\/52701\/revisions"}],"wp:featuredmedia":[{"embeddable":true,"href":"https:\/\/lasprimeras.com.do\/index.php\/wp-json\/wp\/v2\/media\/52764"}],"wp:attachment":[{"href":"https:\/\/lasprimeras.com.do\/index.php\/wp-json\/wp\/v2\/media?parent=52701"}],"wp:term":[{"taxonomy":"category","embeddable":true,"href":"https:\/\/lasprimeras.com.do\/index.php\/wp-json\/wp\/v2\/categories?post=52701"},{"taxonomy":"post_tag","embeddable":true,"href":"https:\/\/lasprimeras.com.do\/index.php\/wp-json\/wp\/v2\/tags?post=52701"}],"curies":[{"name":"wp","href":"https:\/\/api.w.org\/{rel}","templated":true}]}}