{"id":52723,"date":"2023-06-13T08:28:09","date_gmt":"2023-06-13T12:28:09","guid":{"rendered":"https:\/\/atento.com.do\/?p=52723"},"modified":"2023-06-13T08:28:09","modified_gmt":"2023-06-13T12:28:09","slug":"aviones-y-helicopteros-sobrevuelan-toda-la-ciudad-de-santiago","status":"publish","type":"post","link":"https:\/\/lasprimeras.com.do\/index.php\/2023\/06\/13\/aviones-y-helicopteros-sobrevuelan-toda-la-ciudad-de-santiago\/","title":{"rendered":"Aviones y helic\u00f3pteros sobrevuelan toda la ciudad de Santiago"},"content":{"rendered":"\n<p>El director general de la Polic\u00eda Nacional, mayor general Eduardo Alberto Then, despliega un ampli\u00f3 operativo en unos 20 sectores de la ciudad de Santiago.<\/p>\n\n\n\n<p>Dicho operativo, se est\u00e1 realizando por aire y tierra.<\/p>\n\n\n\n<p>Seg\u00fan informaciones de personas residentes en la ciudad coraz\u00f3n, desde tempranas horas de este martes, sobrevuelan aviones y helic\u00f3pteros por toda la provincia.<\/p>\n\n\n\n<p>Miembros de la DEA, la Polic\u00eda Nacional, DNCD y tropas del Ej\u00e9rcito Nacional realizan operativo y allanamientos en c\u00e1rceles de Santiago, La Vega y San Francisco de Macor\u00eds.<\/p>\n\n\n\n<p>Seg\u00fan, versiones estas son iniciativa de la Procuradora Fiscal Yeni Berenice Reynoso, qui\u00e9n tiene a su cargo las investigaciones sobre las acusaciones que ha sido v\u00edctima la Procuradora General de la Rep\u00fablica, Miriam Germ\u00e1n Brito.<\/p>\n","protected":false},"excerpt":{"rendered":"<p>El director general de la Polic\u00eda Nacional, mayor general Eduardo Alberto Then, despliega un ampli\u00f3 operativo en unos 20 sectores de la ciudad de Santiago. Dicho operativo, se est\u00e1 realizando&hellip;<\/p>\n","protected":false},"author":1,"featured_media":52757,"comment_status":"open","ping_status":"open","sticky":false,"template":"","format":"standard","meta":{"content-type":"","jetpack_post_was_ever_published":false,"_jetpack_newsletter_access":"","_jetpack_dont_email_post_to_subs":false,"_jetpack_newsletter_tier_id":0,"_jetpack_memberships_contains_paywalled_content":false,"_jetpack_memberships_contains_paid_content":false,"footnotes":""},"categories":[35,25],"tags":[2953,3611,1049,3612],"class_list":["post-52723","post","type-post","status-publish","format-standard","has-post-thumbnail","hentry","category-nacionales","category-portada","tag-aviones","tag-helicopteros","tag-santiago","tag-sobrevuelan"],"jetpack_featured_media_url":"https:\/\/lasprimeras.com.do\/wp-content\/uploads\/2023\/06\/aviones-y-helicopteros-sobrevuelan-toda-la-ciudad-de-santiago.jpg","jetpack-related-posts":[{"id":52728,"url":"https:\/\/lasprimeras.com.do\/index.php\/2023\/06\/13\/operativos-de-santiago-buscan-apresar-a-miembros-de-red-del-narcotraficante-que-amenazo-a-miriam-german\/","url_meta":{"origin":52723,"position":0},"title":"Operativos de Santiago buscan apresar a miembros de red del narcotraficante que amenaz\u00f3 a Miriam Germ\u00e1n","author":"prenxa100","date":"13 de junio de 2023","format":false,"excerpt":"La procuradora Yeni Berenice Reynoso y el jefe DNCD se encuentran en Santiago. Los\u00a0operativos\u00a0que se realizan este martes en\u00a0Santiago\u00a0buscan apresar a los integrantes de la red de un\u00a0narcotraficante\u00a0dominicano residente en Espa\u00f1a, que hace unos d\u00edas amenaz\u00f3 con matar al hijo de la procuradora general de la Rep\u00fablica,\u00a0Miriam Germ\u00e1n\u00a0Brito. As\u00ed lo\u2026","rel":"","context":"En \u00abNACIONALES\u00bb","block_context":{"text":"NACIONALES","link":"https:\/\/lasprimeras.com.do\/index.php\/category\/nacionales\/"},"img":{"alt_text":"","src":"https:\/\/i0.wp.com\/lasprimeras.com.do\/wp-content\/uploads\/2023\/06\/operativos-de-santiago-buscan-apresar-a-miembros-de-red-del-narcotraficante-que-amenazo-a-miriam-german.jpg?resize=350%2C200&ssl=1","width":350,"height":200},"classes":[]},{"id":80419,"url":"https:\/\/lasprimeras.com.do\/index.php\/2024\/04\/08\/que-sucedio-realmente-con-la-aeronave-dulus-de-rd-que-aterrizo-en-paraguay\/","url_meta":{"origin":52723,"position":1},"title":"\u00bfQu\u00e9 sucedi\u00f3 realmente con la aeronave \u201cDulus\u201d de RD que aterriz\u00f3 en Paraguay?","author":"BIMARY DE JES\u00daS Matos","date":"8 de abril de 2024","format":false,"excerpt":"RD.-La fuerza a\u00e9rea de Rep\u00fablica Dominicana (FARD) confirm\u00f3 que el avi\u00f3n Super Tucano estar\u00e1 participando en la Feria Internacional del Aire y del Espacio (FIDAE) en Santiago de Chile, desde el 9 al 14 de abril. En tal sentido, la FARD contrat\u00f3 a la empresa The Ferry Services, especializada en\u2026","rel":"","context":"En \u00abNACIONALES\u00bb","block_context":{"text":"NACIONALES","link":"https:\/\/lasprimeras.com.do\/index.php\/category\/nacionales\/"},"img":{"alt_text":"","src":"https:\/\/i0.wp.com\/lasprimeras.com.do\/wp-content\/uploads\/2024\/04\/65f3a7703e1eb_jce2-1-3.jpg?resize=350%2C200&ssl=1","width":350,"height":200,"srcset":"https:\/\/i0.wp.com\/lasprimeras.com.do\/wp-content\/uploads\/2024\/04\/65f3a7703e1eb_jce2-1-3.jpg?resize=350%2C200&ssl=1 1x, https:\/\/i0.wp.com\/lasprimeras.com.do\/wp-content\/uploads\/2024\/04\/65f3a7703e1eb_jce2-1-3.jpg?resize=525%2C300&ssl=1 1.5x, https:\/\/i0.wp.com\/lasprimeras.com.do\/wp-content\/uploads\/2024\/04\/65f3a7703e1eb_jce2-1-3.jpg?resize=700%2C400&ssl=1 2x"},"classes":[]},{"id":102130,"url":"https:\/\/lasprimeras.com.do\/index.php\/2025\/07\/01\/pgr-realiza-amplio-operativo-en-cotui\/","url_meta":{"origin":52723,"position":2},"title":"PGR realiza amplio operativo en Cotu\u00ed","author":"Nelson Feliz","date":"1 de julio de 2025","format":false,"excerpt":"Desde las primeras horas de este martes, la tranquilidad de Cotu\u00ed se ha visto alterada por un extenso operativo de seguridad que incluye sobrevuelos de helic\u00f3pteros y una masiva presencia de agentes policiales, fiscales y otras autoridades. Seg\u00fan fuentes de entero cr\u00e9dito, se trata de un operativo conjunto encabezado por\u2026","rel":"","context":"En \u00abJUSTICIA\u00bb","block_context":{"text":"JUSTICIA","link":"https:\/\/lasprimeras.com.do\/index.php\/category\/justicia\/"},"img":{"alt_text":"","src":"https:\/\/i0.wp.com\/lasprimeras.com.do\/wp-content\/uploads\/2023\/08\/Procuraduria.jpg?resize=350%2C200&ssl=1","width":350,"height":200,"srcset":"https:\/\/i0.wp.com\/lasprimeras.com.do\/wp-content\/uploads\/2023\/08\/Procuraduria.jpg?resize=350%2C200&ssl=1 1x, https:\/\/i0.wp.com\/lasprimeras.com.do\/wp-content\/uploads\/2023\/08\/Procuraduria.jpg?resize=525%2C300&ssl=1 1.5x, https:\/\/i0.wp.com\/lasprimeras.com.do\/wp-content\/uploads\/2023\/08\/Procuraduria.jpg?resize=700%2C400&ssl=1 2x"},"classes":[]},{"id":76190,"url":"https:\/\/lasprimeras.com.do\/index.php\/2024\/02\/08\/chile-comienza-a-rendirle-honores-a-sebastian-pinera\/","url_meta":{"origin":52723,"position":3},"title":"Chile comienza a rendirle honores a Sebasti\u00e1n Pi\u00f1era","author":"BIMARY DE JES\u00daS Matos","date":"8 de febrero de 2024","format":false,"excerpt":"Santiago de Chile. Chile amaneci\u00f3 ayer pendiente de la llegada a Santiago del cuerpo del expresidente Sebasti\u00e1n Pi\u00f1era, fallecido este martes en un accidente de helic\u00f3ptero a los 74 a\u00f1os, para despedirlo primero en un velatorio, que se alargar\u00e1 desde este mi\u00e9rcoles hasta el jueves en el antiguo Congreso de\u2026","rel":"","context":"En \u00abSin categor\u00eda\u00bb","block_context":{"text":"Sin categor\u00eda","link":"https:\/\/lasprimeras.com.do\/index.php\/category\/sin-categoria\/"},"img":{"alt_text":"","src":"https:\/\/i0.wp.com\/lasprimeras.com.do\/wp-content\/uploads\/2024\/02\/segunda-pineira-7-768x432-1.jpg?resize=350%2C200&ssl=1","width":350,"height":200,"srcset":"https:\/\/i0.wp.com\/lasprimeras.com.do\/wp-content\/uploads\/2024\/02\/segunda-pineira-7-768x432-1.jpg?resize=350%2C200&ssl=1 1x, https:\/\/i0.wp.com\/lasprimeras.com.do\/wp-content\/uploads\/2024\/02\/segunda-pineira-7-768x432-1.jpg?resize=525%2C300&ssl=1 1.5x, https:\/\/i0.wp.com\/lasprimeras.com.do\/wp-content\/uploads\/2024\/02\/segunda-pineira-7-768x432-1.jpg?resize=700%2C400&ssl=1 2x"},"classes":[]},{"id":110790,"url":"https:\/\/lasprimeras.com.do\/index.php\/2025\/10\/01\/arrestan-11-policias-vinculados-a-muerte-de-cinco-hombres-abatidos-en-santiago\/","url_meta":{"origin":52723,"position":4},"title":"Arrestan 11 polic\u00edas vinculados a muerte de cinco hombres abatidos en Santiago","author":"Nelson Feliz","date":"1 de octubre de 2025","format":false,"excerpt":"El Ministerio P\u00fablico arrest\u00f3 este martes a once (11) miembros de la Polic\u00eda Nacional vinculados al hecho en el que cinco hombres fueron abatidos en horas de la tarde del pasado 10 de septiembre en una plaza comercial de La Barranquita, en la provincia Santiago. Los apresados fueron identificados como\u2026","rel":"","context":"En \u00abJUSTICIA\u00bb","block_context":{"text":"JUSTICIA","link":"https:\/\/lasprimeras.com.do\/index.php\/category\/justicia\/"},"img":{"alt_text":"","src":"https:\/\/i0.wp.com\/lasprimeras.com.do\/wp-content\/uploads\/2025\/10\/arrestan-11-policias-vinculados-a-muerte-de-cinco-hombres-abatidos-en-santiago.jpg?resize=350%2C200&ssl=1","width":350,"height":200,"srcset":"https:\/\/i0.wp.com\/lasprimeras.com.do\/wp-content\/uploads\/2025\/10\/arrestan-11-policias-vinculados-a-muerte-de-cinco-hombres-abatidos-en-santiago.jpg?resize=350%2C200&ssl=1 1x, https:\/\/i0.wp.com\/lasprimeras.com.do\/wp-content\/uploads\/2025\/10\/arrestan-11-policias-vinculados-a-muerte-de-cinco-hombres-abatidos-en-santiago.jpg?resize=525%2C300&ssl=1 1.5x, https:\/\/i0.wp.com\/lasprimeras.com.do\/wp-content\/uploads\/2025\/10\/arrestan-11-policias-vinculados-a-muerte-de-cinco-hombres-abatidos-en-santiago.jpg?resize=700%2C400&ssl=1 2x"},"classes":[]},{"id":89287,"url":"https:\/\/lasprimeras.com.do\/index.php\/2024\/09\/21\/dos-heridos-al-estrellarse-un-helicoptero-en-stgo-rodriguez\/","url_meta":{"origin":52723,"position":5},"title":"Dos heridos al estrellarse un helic\u00f3ptero en Santiago Rodr\u00edguez","author":"Nelson Feliz","date":"21 de septiembre de 2024","format":false,"excerpt":"Una pareja de esposos result\u00f3 herida este s\u00e1bado al precipitarse el helic\u00f3ptero privado en el que viajaban en una zona monta\u00f1osa de la provincia Santiago Rodr\u00edguez. Las autoridades de emergencias identificaron a los heridos como el piloto Irvin Crespo y su esposa, Mar\u00eda Roxanna Rodr\u00edguez. El hombre sufri\u00f3 lesiones menores,\u2026","rel":"","context":"En \u00abNACIONALES\u00bb","block_context":{"text":"NACIONALES","link":"https:\/\/lasprimeras.com.do\/index.php\/category\/nacionales\/"},"img":{"alt_text":"Helic\u00f3ptero JetRanger III en el que viajaba la pareja","src":"https:\/\/i0.wp.com\/lasprimeras.com.do\/wp-content\/uploads\/2024\/09\/Helicoptero-JetRanger-III-en-el-que-viajaba-la-pareja.jpg?resize=350%2C200&ssl=1","width":350,"height":200,"srcset":"https:\/\/i0.wp.com\/lasprimeras.com.do\/wp-content\/uploads\/2024\/09\/Helicoptero-JetRanger-III-en-el-que-viajaba-la-pareja.jpg?resize=350%2C200&ssl=1 1x, https:\/\/i0.wp.com\/lasprimeras.com.do\/wp-content\/uploads\/2024\/09\/Helicoptero-JetRanger-III-en-el-que-viajaba-la-pareja.jpg?resize=525%2C300&ssl=1 1.5x"},"classes":[]}],"jetpack_sharing_enabled":true,"_links":{"self":[{"href":"https:\/\/lasprimeras.com.do\/index.php\/wp-json\/wp\/v2\/posts\/52723","targetHints":{"allow":["GET"]}}],"collection":[{"href":"https:\/\/lasprimeras.com.do\/index.php\/wp-json\/wp\/v2\/posts"}],"about":[{"href":"https:\/\/lasprimeras.com.do\/index.php\/wp-json\/wp\/v2\/types\/post"}],"author":[{"embeddable":true,"href":"https:\/\/lasprimeras.com.do\/index.php\/wp-json\/wp\/v2\/users\/1"}],"replies":[{"embeddable":true,"href":"https:\/\/lasprimeras.com.do\/index.php\/wp-json\/wp\/v2\/comments?post=52723"}],"version-history":[{"count":0,"href":"https:\/\/lasprimeras.com.do\/index.php\/wp-json\/wp\/v2\/posts\/52723\/revisions"}],"wp:featuredmedia":[{"embeddable":true,"href":"https:\/\/lasprimeras.com.do\/index.php\/wp-json\/wp\/v2\/media\/52757"}],"wp:attachment":[{"href":"https:\/\/lasprimeras.com.do\/index.php\/wp-json\/wp\/v2\/media?parent=52723"}],"wp:term":[{"taxonomy":"category","embeddable":true,"href":"https:\/\/lasprimeras.com.do\/index.php\/wp-json\/wp\/v2\/categories?post=52723"},{"taxonomy":"post_tag","embeddable":true,"href":"https:\/\/lasprimeras.com.do\/index.php\/wp-json\/wp\/v2\/tags?post=52723"}],"curies":[{"name":"wp","href":"https:\/\/api.w.org\/{rel}","templated":true}]}}