{"id":52731,"date":"2023-06-13T11:12:03","date_gmt":"2023-06-13T15:12:03","guid":{"rendered":"https:\/\/atento.com.do\/?p=52731"},"modified":"2023-06-13T11:12:03","modified_gmt":"2023-06-13T15:12:03","slug":"gobierno-dominicano-amplia-relacion-con-angola-pais-productor-de-petroleo-y-gas","status":"publish","type":"post","link":"https:\/\/lasprimeras.com.do\/index.php\/2023\/06\/13\/gobierno-dominicano-amplia-relacion-con-angola-pais-productor-de-petroleo-y-gas\/","title":{"rendered":"Gobierno dominicano amplia relaci\u00f3n con Angola, pa\u00eds productor de petr\u00f3leo y gas"},"content":{"rendered":"\n<p><strong>El ministro Almonte y embajadora angole\u00f1a tratan sobre planes de cooperaci\u00f3n en materia energ\u00e9tica.<\/strong><\/p>\n\n\n\n<p>El ministro de&nbsp;Energ\u00eda y Minas&nbsp;(MEM),&nbsp;Antonio Almonte, eval\u00faa la posibilidad de una&nbsp;cooperaci\u00f3n con el gobierno de Angola, una de las naciones de mayor producci\u00f3n de petr\u00f3leo y gas natural del continente africano.<\/p>\n\n\n\n<p>En un comunicado de prensa, el ministerio indic\u00f3 que Almonte recibi\u00f3 la visita de cortes\u00eda de la embajadora de la Rep\u00fablica de&nbsp;Angola, Mar\u00eda C\u00e1ndida Pereira Teixeira, con quien convers\u00f3 sobre la posibilidad de lograr&nbsp;enlaces&nbsp;con esa naci\u00f3n del suroeste de \u00c1frica.<\/p>\n\n\n\n<p>La embajadora Pereira, quien tambi\u00e9n se desempe\u00f1\u00f3 como ministra de Educaci\u00f3n de su pa\u00eds hasta el 2019, manifest\u00f3 que Angola es una naci\u00f3n de gran riqueza natural y que, como&nbsp;principal productora de petr\u00f3leo,&nbsp;puede contribuir con Rep\u00fablica Dominicana a causa de su dependencia de la importaci\u00f3n de combustibles.<\/p>\n\n\n\n<p>Durante el encuentro, celebrado en el sal\u00f3n principal de la sede del MEM, se profundizaron otros temas de&nbsp;miner\u00eda,&nbsp;en vista de la experiencia de Angola como pa\u00eds con diferentes minas:<\/p>\n\n\n\n<p>-.Diamante<\/p>\n\n\n\n<p>-.Cobalto<\/p>\n\n\n\n<p>-.Manganeso<\/p>\n\n\n\n<p>-.Otros grandes minerales utilizados en la industria moderna<\/p>\n\n\n\n<p><strong>Buscan fortalecer lazos comerciales<\/strong><\/p>\n\n\n\n<p>El ministro Almonte agradeci\u00f3 el inter\u00e9s de la representante diplom\u00e1tica de fortalecer los nexos entre los dos pa\u00edses y por mostrar sus intenciones de colaborar en las \u00e1reas de energ\u00eda, miner\u00eda y de hidrocarburos.<\/p>\n\n\n\n<p>El funcionario explic\u00f3 que luego de la guerra desde el a\u00f1o pasado entre Rusia y Ucrania el pa\u00eds se ha visto en la necesidad de ampliar sus relaciones y recibir la cooperaci\u00f3n de naciones con amplia experiencia en \u00e1reas vitales para su desarrollo.<\/p>\n\n\n\n<p>Fuente Diario Libre<\/p>\n","protected":false},"excerpt":{"rendered":"<p>El ministro Almonte y embajadora angole\u00f1a tratan sobre planes de cooperaci\u00f3n en materia energ\u00e9tica. El ministro de&nbsp;Energ\u00eda y Minas&nbsp;(MEM),&nbsp;Antonio Almonte, eval\u00faa la posibilidad de una&nbsp;cooperaci\u00f3n con el gobierno de Angola,&hellip;<\/p>\n","protected":false},"author":1,"featured_media":52755,"comment_status":"open","ping_status":"open","sticky":false,"template":"","format":"standard","meta":{"content-type":"","jetpack_post_was_ever_published":false,"_jetpack_newsletter_access":"","_jetpack_dont_email_post_to_subs":false,"_jetpack_newsletter_tier_id":0,"_jetpack_memberships_contains_paywalled_content":false,"_jetpack_memberships_contains_paid_content":false,"footnotes":""},"categories":[39],"tags":[3615,364,171,3056,3616,2770],"class_list":["post-52731","post","type-post","status-publish","format-standard","has-post-thumbnail","hentry","category-economia","tag-angola","tag-dominicano","tag-gobierno","tag-petroleo","tag-productor","tag-relacion"],"jetpack_featured_media_url":"https:\/\/lasprimeras.com.do\/wp-content\/uploads\/2023\/06\/gobierno-dominicano-amplia-relacion-con-angola-pais-productor-de-petroleo-y-gas.jpg","jetpack-related-posts":[{"id":127970,"url":"https:\/\/lasprimeras.com.do\/index.php\/2026\/04\/18\/leon-xiv-concluye-su-visita-a-camerun-con-una-misa-y-mira-ya-hacia-angola\/","url_meta":{"origin":52731,"position":0},"title":"Le\u00f3n XIV concluye su visita a Camer\u00fan con una misa y mira ya hacia Angola","author":"Nelson Feliz","date":"18 de abril de 2026","format":false,"excerpt":"POR NICOLE WINFIELD and GERALD IMRAY YAUND\u00c9, Camer\u00fan (AP) \u2014 El papa reclam\u00f3 el s\u00e1bado \u201cestructuras de solidaridad\u201d para ayudar a quienes est\u00e1n en los m\u00e1rgenes, en el final de su visita a Camer\u00fan y antes de poner rumbo a Angola, la tercera parada de su gira por cuatro pa\u00edses\u2026","rel":"","context":"En \u00abINTERNACIONALES\u00bb","block_context":{"text":"INTERNACIONALES","link":"https:\/\/lasprimeras.com.do\/index.php\/category\/sin-categoria\/internacionales\/"},"img":{"alt_text":"","src":"https:\/\/i0.wp.com\/lasprimeras.com.do\/wp-content\/uploads\/2026\/04\/leon.jpg?resize=350%2C200&ssl=1","width":350,"height":200,"srcset":"https:\/\/i0.wp.com\/lasprimeras.com.do\/wp-content\/uploads\/2026\/04\/leon.jpg?resize=350%2C200&ssl=1 1x, https:\/\/i0.wp.com\/lasprimeras.com.do\/wp-content\/uploads\/2026\/04\/leon.jpg?resize=525%2C300&ssl=1 1.5x, https:\/\/i0.wp.com\/lasprimeras.com.do\/wp-content\/uploads\/2026\/04\/leon.jpg?resize=700%2C400&ssl=1 2x"},"classes":[]},{"id":51742,"url":"https:\/\/lasprimeras.com.do\/index.php\/2023\/06\/02\/presidente-abinader-califica-de-estrategica-su-visita-a-guyana\/","url_meta":{"origin":52731,"position":1},"title":"Presidente Abinader califica de estrat\u00e9gica su visita a Guyana","author":"prenxa100","date":"2 de junio de 2023","format":false,"excerpt":"Asegura su crecimiento econ\u00f3mico representa una gran oportunidad para RD. Por Wilson P\u00e9rez Santo Domingo. \u2013 El presidente Luis Abinader calific\u00f3 este viernes su visita a la Rep\u00fablica Cooperativa de Guyana como estrat\u00e9gica e hist\u00f3rica desde el punto de vista del fortalecimiento de las relaciones entre ambas naciones y dijo\u2026","rel":"","context":"En \u00abECONOM\u00cdA\u00bb","block_context":{"text":"ECONOM\u00cdA","link":"https:\/\/lasprimeras.com.do\/index.php\/category\/economia\/"},"img":{"alt_text":"","src":"","width":0,"height":0},"classes":[]},{"id":62576,"url":"https:\/\/lasprimeras.com.do\/index.php\/2023\/10\/05\/gobierno-dominicano-firma-con-surinam-cuatro-convenios-para-el-fortalecimiento-economico-del-pais\/","url_meta":{"origin":52731,"position":2},"title":"Gobierno dominicano firma con Surinam cuatro convenios para el fortalecimiento econ\u00f3mico del pa\u00eds","author":"Nelson Feliz","date":"5 de octubre de 2023","format":false,"excerpt":"Los acuerdos procuran el fortalecimiento de ambas naciones en las \u00e1reas de energ\u00eda, agricultura, industria de los hidrocarburos y servicios a\u00e9reos. El presidente Luis Abinader y su hom\u00f3logo de la Rep\u00fablica de Surinam, Chandrikapersad Santokhi, encabezaron este jueves la firma de cuatro convenios hist\u00f3ricos para el fortalecimiento econ\u00f3mico del pa\u00eds,\u2026","rel":"","context":"En \u00abECONOM\u00cdA\u00bb","block_context":{"text":"ECONOM\u00cdA","link":"https:\/\/lasprimeras.com.do\/index.php\/category\/economia\/"},"img":{"alt_text":"Luis Abinader y Chandrikapersad Santokhi","src":"https:\/\/i0.wp.com\/lasprimeras.com.do\/wp-content\/uploads\/2023\/10\/Luis-Abinader-y-Chandrikapersad-Santokhi-1.jpg?resize=350%2C200&ssl=1","width":350,"height":200,"srcset":"https:\/\/i0.wp.com\/lasprimeras.com.do\/wp-content\/uploads\/2023\/10\/Luis-Abinader-y-Chandrikapersad-Santokhi-1.jpg?resize=350%2C200&ssl=1 1x, https:\/\/i0.wp.com\/lasprimeras.com.do\/wp-content\/uploads\/2023\/10\/Luis-Abinader-y-Chandrikapersad-Santokhi-1.jpg?resize=525%2C300&ssl=1 1.5x, https:\/\/i0.wp.com\/lasprimeras.com.do\/wp-content\/uploads\/2023\/10\/Luis-Abinader-y-Chandrikapersad-Santokhi-1.jpg?resize=700%2C400&ssl=1 2x"},"classes":[]},{"id":62645,"url":"https:\/\/lasprimeras.com.do\/index.php\/2023\/10\/06\/surinam-ofrece-a-rd-oportunidad-de-invertir-en-petroleo\/","url_meta":{"origin":52731,"position":3},"title":"Surinam ofrece a RD oportunidad de invertir en petr\u00f3leo","author":"BIMARY DE JES\u00daS Matos","date":"6 de octubre de 2023","format":false,"excerpt":"Santo Domingo.-El presidente Luis Abinader firm\u00f3 ayer con su hom\u00f3logo de Surinam un memorando de entendimiento que contempla la posibilidad de invertir capital dominicano en la explotaci\u00f3n de petr\u00f3leo en ese pa\u00eds suramericano, en t\u00e9rminos similares a los acuerdos firmados en agosto con Guyana. Surinam y Guyana comparten la suerte\u2026","rel":"","context":"En \u00abPORTADA\u00bb","block_context":{"text":"PORTADA","link":"https:\/\/lasprimeras.com.do\/index.php\/category\/portada\/"},"img":{"alt_text":"","src":"https:\/\/i0.wp.com\/lasprimeras.com.do\/wp-content\/uploads\/2023\/10\/WhatsApp-Image-2023-10-05-at-9.43.40-PM-7.jpeg?resize=350%2C200&ssl=1","width":350,"height":200,"srcset":"https:\/\/i0.wp.com\/lasprimeras.com.do\/wp-content\/uploads\/2023\/10\/WhatsApp-Image-2023-10-05-at-9.43.40-PM-7.jpeg?resize=350%2C200&ssl=1 1x, https:\/\/i0.wp.com\/lasprimeras.com.do\/wp-content\/uploads\/2023\/10\/WhatsApp-Image-2023-10-05-at-9.43.40-PM-7.jpeg?resize=525%2C300&ssl=1 1.5x, https:\/\/i0.wp.com\/lasprimeras.com.do\/wp-content\/uploads\/2023\/10\/WhatsApp-Image-2023-10-05-at-9.43.40-PM-7.jpeg?resize=700%2C400&ssl=1 2x"},"classes":[]},{"id":50473,"url":"https:\/\/lasprimeras.com.do\/index.php\/2023\/05\/21\/ministro-de-defensa-se-reune-con-embajador-juan-bolivar-diaz-en-espana\/","url_meta":{"origin":52731,"position":4},"title":"Ministro de Defensa se re\u00fane con embajador Juan Bol\u00edvar D\u00edaz en Espa\u00f1a","author":"prenxa100","date":"21 de mayo de 2023","format":false,"excerpt":"MADRID, ESPA\u00d1A.- El ministro de Defensa de Rep\u00fablica Dominicana, teniente general Carlos Luciano D\u00edaz Morfa, se reuni\u00f3 con su connacional, embajador dominicano en el Reino de Espa\u00f1a, Juan Bol\u00edvar D\u00edaz Santana, para tratar temas de inter\u00e9s sobre las relaciones diplom\u00e1ticas, de defensa y seguridad entre ambas naciones. Durante el encuentro,\u2026","rel":"","context":"En \u00abNACIONALES\u00bb","block_context":{"text":"NACIONALES","link":"https:\/\/lasprimeras.com.do\/index.php\/category\/nacionales\/"},"img":{"alt_text":"","src":"","width":0,"height":0},"classes":[]},{"id":87737,"url":"https:\/\/lasprimeras.com.do\/index.php\/2024\/08\/16\/presidente-abinader-nombra-a-antonio-almonte-como-consul-general-de-la-rd-en-boston\/","url_meta":{"origin":52731,"position":5},"title":"Presidente Abinader nombra a Antonio Almonte como c\u00f3nsul general de la RD en Boston","author":"Nelson Feliz","date":"16 de agosto de 2024","format":false,"excerpt":"Poder Ejecutivo emite decreto que nombra a Enrique Garc\u00eda S\u00e1nchez como embajador en el Servicio Interno del Ministerio de Relaciones Exteriores. El presidente Luis Abinader nombr\u00f3 mediante el decreto 444-24 a Antonio Almonte como c\u00f3nsul general de la Rep\u00fablica Dominicana en Boston, Massachusetts, tras culminar sus cuatro a\u00f1os como ministro\u2026","rel":"","context":"En \u00abNACIONALES\u00bb","block_context":{"text":"NACIONALES","link":"https:\/\/lasprimeras.com.do\/index.php\/category\/nacionales\/"},"img":{"alt_text":"Antonio Almonte","src":"https:\/\/i0.wp.com\/lasprimeras.com.do\/wp-content\/uploads\/2023\/07\/Antonio-Almonte.jpg?resize=350%2C200&ssl=1","width":350,"height":200,"srcset":"https:\/\/i0.wp.com\/lasprimeras.com.do\/wp-content\/uploads\/2023\/07\/Antonio-Almonte.jpg?resize=350%2C200&ssl=1 1x, https:\/\/i0.wp.com\/lasprimeras.com.do\/wp-content\/uploads\/2023\/07\/Antonio-Almonte.jpg?resize=525%2C300&ssl=1 1.5x, https:\/\/i0.wp.com\/lasprimeras.com.do\/wp-content\/uploads\/2023\/07\/Antonio-Almonte.jpg?resize=700%2C400&ssl=1 2x"},"classes":[]}],"jetpack_sharing_enabled":true,"_links":{"self":[{"href":"https:\/\/lasprimeras.com.do\/index.php\/wp-json\/wp\/v2\/posts\/52731","targetHints":{"allow":["GET"]}}],"collection":[{"href":"https:\/\/lasprimeras.com.do\/index.php\/wp-json\/wp\/v2\/posts"}],"about":[{"href":"https:\/\/lasprimeras.com.do\/index.php\/wp-json\/wp\/v2\/types\/post"}],"author":[{"embeddable":true,"href":"https:\/\/lasprimeras.com.do\/index.php\/wp-json\/wp\/v2\/users\/1"}],"replies":[{"embeddable":true,"href":"https:\/\/lasprimeras.com.do\/index.php\/wp-json\/wp\/v2\/comments?post=52731"}],"version-history":[{"count":0,"href":"https:\/\/lasprimeras.com.do\/index.php\/wp-json\/wp\/v2\/posts\/52731\/revisions"}],"wp:featuredmedia":[{"embeddable":true,"href":"https:\/\/lasprimeras.com.do\/index.php\/wp-json\/wp\/v2\/media\/52755"}],"wp:attachment":[{"href":"https:\/\/lasprimeras.com.do\/index.php\/wp-json\/wp\/v2\/media?parent=52731"}],"wp:term":[{"taxonomy":"category","embeddable":true,"href":"https:\/\/lasprimeras.com.do\/index.php\/wp-json\/wp\/v2\/categories?post=52731"},{"taxonomy":"post_tag","embeddable":true,"href":"https:\/\/lasprimeras.com.do\/index.php\/wp-json\/wp\/v2\/tags?post=52731"}],"curies":[{"name":"wp","href":"https:\/\/api.w.org\/{rel}","templated":true}]}}