{"id":52745,"date":"2023-06-13T13:01:22","date_gmt":"2023-06-13T17:01:22","guid":{"rendered":"https:\/\/atento.com.do\/?p=52745"},"modified":"2023-06-13T13:01:22","modified_gmt":"2023-06-13T17:01:22","slug":"pro-consumidor-vigilara-mercado-del-azucar-para-contactar-situacion","status":"publish","type":"post","link":"https:\/\/lasprimeras.com.do\/index.php\/2023\/06\/13\/pro-consumidor-vigilara-mercado-del-azucar-para-contactar-situacion\/","title":{"rendered":"Pro Consumidor vigilar\u00e1 mercado del az\u00facar para contactar situaci\u00f3n"},"content":{"rendered":"\n<p>El director ejecutivo del Instituto Nacional de Protecci\u00f3n de los Derechos del Consumidor (Pro Consumidor), Eddy Alc\u00e1ntara, anunci\u00f3 que a partir del pr\u00f3ximo jueves se llevar\u00e1n a cabo varios operativos en diferentes puntos del pa\u00eds para verificar los precios del az\u00facar, ante las denuncias de escasez y carest\u00eda de este producto.<\/p>\n\n\n\n<p>\u201cEstos operativos que iniciaremos en establecimientos comerciales del Gran Santo Domingo y ciudades importantes del interior, buscan evitar alg\u00fan tipo de especulaci\u00f3n de este producto en perjuicio de los consumidores\u201d, dijo.<\/p>\n\n\n\n<p>Explic\u00f3 que para esta jornada de verificaci\u00f3n de precios del referido producto, el cual forma parte de la canasta b\u00e1sica alimentaria, se desplegar\u00e1 un personal calificado de los departamentos de Inspecci\u00f3n y Vigilancia y Buenas Pr\u00e1cticas Comerciales.<\/p>\n\n\n\n<p>\u201cVamos a vigilar el comportamiento del az\u00facar en supermercados, colmados y los sectores que producen e importan este rubro\u201d, agreg\u00f3.<\/p>\n\n\n\n<p>Asimismo, el funcionario enfatiz\u00f3 que desde Pro Consumidor se tratar\u00e1 de impedir cualquier tipo de timaci\u00f3n que ponga en riesgo los derechos de los consumidores.<\/p>\n\n\n\n<p>\u201cSiendo el az\u00facar un producto controlado, el Estado dominicano a trav\u00e9s de esta entidad puede tener control de su precio, garantizando que sobre este rubro fundamental de la canasta b\u00e1sica alimentaria no se pueda producir ning\u00fan tipo de especulaci\u00f3n\u201d, manifest\u00f3.<\/p>\n\n\n\n<p>Alc\u00e1ntara detall\u00f3, adem\u00e1s, que ha dado las instrucciones espec\u00edficas para que se realice un estudio de mercado sobre el costo y la fluctuaci\u00f3n de este producto y sus derivados con el fin de buscar soluciones que vayan a favor de la poblaci\u00f3n consumidora.<\/p>\n\n\n\n<p>Indic\u00f3 que estas medidas tomadas por Pro Consumidor son a ra\u00edz de que la Asociaci\u00f3n de Surtidoras de Santo Domingo (Asusado) solicit\u00f3 al gobierno que investigue las causas de la escasez del az\u00facar que se ha registrado en el pa\u00eds.<\/p>\n\n\n\n<p>En ese orden, la presidenta de Asusado, Linny Ram\u00edrez, dijo que hace m\u00e1s de una semana se proyecta un alza en el saco del az\u00facar, rondando entre los RD$3,350 y RD$3,400, mientras que el costo era solo de RD$3,000.<\/p>\n\n\n\n<p>El titular de Pro Consumidor record\u00f3 que en el mes de febrero se emiti\u00f3 la resoluci\u00f3n n\u00famero 001-2023 del Consejo Directivo del Instituto Azucarero Dominicano (INAZUCAR), que fija los precios topes a c\u00f3mo deben venderse los diferentes tipos de az\u00facar destinados al mercado nacional para consumo directo y uso industrial.<\/p>\n\n\n\n<p>\u201cReiteramos este producto es controlado por el Estado y por ello los precios deben de estar estandarizados en todos los establecimientos y en los eslabones de la cadena de distribuci\u00f3n y garantizamos a la poblaci\u00f3n que Pro Consumidor se mantendr\u00e1 vigilante y sancionar\u00e1 a los comercios que se salgan o violenten la resoluci\u00f3n del Instituto Azucarero Dominicano\u201d, advirti\u00f3 finalmente.<\/p>\n","protected":false},"excerpt":{"rendered":"<p>El director ejecutivo del Instituto Nacional de Protecci\u00f3n de los Derechos del Consumidor (Pro Consumidor), Eddy Alc\u00e1ntara, anunci\u00f3 que a partir del pr\u00f3ximo jueves se llevar\u00e1n a cabo varios operativos&hellip;<\/p>\n","protected":false},"author":1,"featured_media":52750,"comment_status":"open","ping_status":"open","sticky":false,"template":"","format":"standard","meta":{"content-type":"","jetpack_post_was_ever_published":false,"_jetpack_newsletter_access":"","_jetpack_dont_email_post_to_subs":false,"_jetpack_newsletter_tier_id":0,"_jetpack_memberships_contains_paywalled_content":false,"_jetpack_memberships_contains_paid_content":false,"footnotes":""},"categories":[39],"tags":[3534,1639,245,3623],"class_list":["post-52745","post","type-post","status-publish","format-standard","has-post-thumbnail","hentry","category-economia","tag-azucar","tag-mercado","tag-pro-consumidor","tag-vigilara"],"jetpack_featured_media_url":"https:\/\/lasprimeras.com.do\/wp-content\/uploads\/2023\/06\/pro-consumidor-vigilara-mercado-del-azucar-para-contactar-situacion.jpg","jetpack-related-posts":[{"id":63068,"url":"https:\/\/lasprimeras.com.do\/index.php\/2023\/10\/10\/precios-del-azucar-aumentan-entre-4-21-y-40-93-en-un-ano\/","url_meta":{"origin":52745,"position":0},"title":"Precios del az\u00facar aumentan entre 4.21 % y 40.93 % en un a\u00f1o","author":"Nelson Feliz","date":"10 de octubre de 2023","format":false,"excerpt":"Datos de Pro Consumidor muestran aumentos en almacenes, colmados y supermercados a septiembre. El Poder Ejecutivo entreg\u00f3 recientemente al Congreso Nacional un proyecto de ley que dejar\u00eda sin aranceles su compra al exterior por tres meses, como \"una respuesta\" al alza de precios, que desde junio se han autorizado tres\u2026","rel":"","context":"En \u00abECONOM\u00cdA\u00bb","block_context":{"text":"ECONOM\u00cdA","link":"https:\/\/lasprimeras.com.do\/index.php\/category\/economia\/"},"img":{"alt_text":"Venta de az\u00facar en un colmado del Distrito Nacional","src":"https:\/\/i0.wp.com\/lasprimeras.com.do\/wp-content\/uploads\/2023\/10\/azucar.jpg?resize=350%2C200&ssl=1","width":350,"height":200,"srcset":"https:\/\/i0.wp.com\/lasprimeras.com.do\/wp-content\/uploads\/2023\/10\/azucar.jpg?resize=350%2C200&ssl=1 1x, https:\/\/i0.wp.com\/lasprimeras.com.do\/wp-content\/uploads\/2023\/10\/azucar.jpg?resize=525%2C300&ssl=1 1.5x, https:\/\/i0.wp.com\/lasprimeras.com.do\/wp-content\/uploads\/2023\/10\/azucar.jpg?resize=700%2C400&ssl=1 2x"},"classes":[]},{"id":72106,"url":"https:\/\/lasprimeras.com.do\/index.php\/2023\/12\/26\/pro-consumidor-se-mantendra-vigilante-hasta-que-se-retiren-los-productos-quaker\/","url_meta":{"origin":52745,"position":1},"title":"Pro Consumidor se mantendr\u00e1 vigilante hasta que se retiren los productos Quaker","author":"Nelson Feliz","date":"26 de diciembre de 2023","format":false,"excerpt":"El Instituto Nacional de Protecci\u00f3n de los Derechos del Consumidor (Pro Consumidor) inform\u00f3 que esa instituci\u00f3n se encuentra realizando operativos de vigilancia para que se cumpla con el retiro voluntario de las barras de granola y cereales de granola espec\u00edficos de la empresa The Quaker Oats Company (Quaker), porque\u00a0estos productos\u2026","rel":"","context":"En \u00abECONOM\u00cdA\u00bb","block_context":{"text":"ECONOM\u00cdA","link":"https:\/\/lasprimeras.com.do\/index.php\/category\/economia\/"},"img":{"alt_text":"Pro Consumidor","src":"https:\/\/i0.wp.com\/lasprimeras.com.do\/wp-content\/uploads\/2023\/12\/Pro-Consumidor.jpg?resize=350%2C200&ssl=1","width":350,"height":200,"srcset":"https:\/\/i0.wp.com\/lasprimeras.com.do\/wp-content\/uploads\/2023\/12\/Pro-Consumidor.jpg?resize=350%2C200&ssl=1 1x, https:\/\/i0.wp.com\/lasprimeras.com.do\/wp-content\/uploads\/2023\/12\/Pro-Consumidor.jpg?resize=525%2C300&ssl=1 1.5x, https:\/\/i0.wp.com\/lasprimeras.com.do\/wp-content\/uploads\/2023\/12\/Pro-Consumidor.jpg?resize=700%2C400&ssl=1 2x"},"classes":[]},{"id":65849,"url":"https:\/\/lasprimeras.com.do\/index.php\/2023\/11\/01\/pro-consumidor-lanza-operativos-preventivos-por-viernes-negro\/","url_meta":{"origin":52745,"position":2},"title":"Pro Consumidor lanza operativos preventivos por \u201cViernes Negro\u201d","author":"BIMARY DE JES\u00daS Matos","date":"1 de noviembre de 2023","format":false,"excerpt":"SANTO DOMINGO.\u2013 El Instituto Nacional de Protecci\u00f3n de los Derechos del Consumidor (Pro Consumidor) pondr\u00e1 en marcha a partir del primero de noviembre una serie de operativos preventivos para evitar enga\u00f1os en contra de los consumidores en la celebraci\u00f3n del \u201cViernes Negro\u201d. As\u00ed lo inform\u00f3 Eddy Alc\u00e1ntara, director de la\u2026","rel":"","context":"En \u00abECONOM\u00cdA\u00bb","block_context":{"text":"ECONOM\u00cdA","link":"https:\/\/lasprimeras.com.do\/index.php\/category\/economia\/"},"img":{"alt_text":"","src":"https:\/\/i0.wp.com\/lasprimeras.com.do\/wp-content\/uploads\/2023\/11\/WhatsApp-Image-2023-10-30-at-2.58.48-PM-4.jpeg?resize=350%2C200&ssl=1","width":350,"height":200,"srcset":"https:\/\/i0.wp.com\/lasprimeras.com.do\/wp-content\/uploads\/2023\/11\/WhatsApp-Image-2023-10-30-at-2.58.48-PM-4.jpeg?resize=350%2C200&ssl=1 1x, https:\/\/i0.wp.com\/lasprimeras.com.do\/wp-content\/uploads\/2023\/11\/WhatsApp-Image-2023-10-30-at-2.58.48-PM-4.jpeg?resize=525%2C300&ssl=1 1.5x"},"classes":[]},{"id":48599,"url":"https:\/\/lasprimeras.com.do\/index.php\/2023\/05\/02\/pro-consumidor-incinera-productos-no-aptos-para-consumo\/","url_meta":{"origin":52745,"position":3},"title":"Pro Consumidor incinera productos no aptos para consumo","author":"prenxa100","date":"2 de mayo de 2023","format":false,"excerpt":"SANTO DOMINGO.- El Instituto Nacional de Protecci\u00f3n de los Derechos del Consumidor (Pro Consumidor) inciner\u00f3 un mill\u00f3n 26 mil 177 unidades de productos no aptos para el consumo humano, que fueron incautados en operativos realizados en comercios de diferentes provincias. El director ejecutivo de la entidad, Eddy Alc\u00e1ntara, inform\u00f3 que\u2026","rel":"","context":"En \u00abNACIONALES\u00bb","block_context":{"text":"NACIONALES","link":"https:\/\/lasprimeras.com.do\/index.php\/category\/nacionales\/"},"img":{"alt_text":"","src":"","width":0,"height":0},"classes":[]},{"id":62353,"url":"https:\/\/lasprimeras.com.do\/index.php\/2023\/10\/04\/reclaman-cuota-especial-y-precio-de-referencia-en-venta-del-azucar\/","url_meta":{"origin":52745,"position":4},"title":"Reclaman cuota especial y precio de referencia en venta del az\u00facar","author":"BIMARY DE JES\u00daS Matos","date":"4 de octubre de 2023","format":false,"excerpt":"SANTO DOMINGO, Rep\u00fablica Dominicana.- El Observatorio Nacional para la Protecci\u00f3n del Consumidor (ONPECO) solicit\u00f3 a las autoridades establecer una cuota especial de az\u00facar destinada al consumo local, para prevenir la escasez y la especulaci\u00f3n en el precio del producto. Especifica que a lo largo del a\u00f1o ha habido una notable\u2026","rel":"","context":"En \u00abECONOM\u00cdA\u00bb","block_context":{"text":"ECONOM\u00cdA","link":"https:\/\/lasprimeras.com.do\/index.php\/category\/economia\/"},"img":{"alt_text":"","src":"https:\/\/i0.wp.com\/lasprimeras.com.do\/wp-content\/uploads\/2023\/10\/WhatsApp-Image-2023-10-04-at-7.55.08-AM-4.jpeg?resize=350%2C200&ssl=1","width":350,"height":200,"srcset":"https:\/\/i0.wp.com\/lasprimeras.com.do\/wp-content\/uploads\/2023\/10\/WhatsApp-Image-2023-10-04-at-7.55.08-AM-4.jpeg?resize=350%2C200&ssl=1 1x, https:\/\/i0.wp.com\/lasprimeras.com.do\/wp-content\/uploads\/2023\/10\/WhatsApp-Image-2023-10-04-at-7.55.08-AM-4.jpeg?resize=525%2C300&ssl=1 1.5x"},"classes":[]},{"id":85258,"url":"https:\/\/lasprimeras.com.do\/index.php\/2024\/06\/26\/pro-consumidor-asegura-no-hay-escasez-de-arroz\/","url_meta":{"origin":52745,"position":5},"title":"Pro Consumidor asegura no hay escasez de arr\u00f3z","author":"Nelson Feliz","date":"26 de junio de 2024","format":false,"excerpt":"-Eddy Alc\u00e1ntara se re\u00fane con directivos de Asociaci\u00f3n Nacional de Factor\u00edas de Arroz- \u00a0El director ejecutivo del Instituto Nacional de Protecci\u00f3n de los Derechos del Consumidor (Pro Consumidor), Eddy Alc\u00e1ntara, asegur\u00f3 hoy que en el pa\u00eds hay suficiente cantidad de arroz, garantiza la estabilidad en el precio en el mercado\u2026","rel":"","context":"En \u00abECONOM\u00cdA\u00bb","block_context":{"text":"ECONOM\u00cdA","link":"https:\/\/lasprimeras.com.do\/index.php\/category\/economia\/"},"img":{"alt_text":"Pro Consumidor","src":"https:\/\/i0.wp.com\/lasprimeras.com.do\/wp-content\/uploads\/2024\/06\/Pro-Consumidor.jpg?resize=350%2C200&ssl=1","width":350,"height":200,"srcset":"https:\/\/i0.wp.com\/lasprimeras.com.do\/wp-content\/uploads\/2024\/06\/Pro-Consumidor.jpg?resize=350%2C200&ssl=1 1x, https:\/\/i0.wp.com\/lasprimeras.com.do\/wp-content\/uploads\/2024\/06\/Pro-Consumidor.jpg?resize=525%2C300&ssl=1 1.5x, https:\/\/i0.wp.com\/lasprimeras.com.do\/wp-content\/uploads\/2024\/06\/Pro-Consumidor.jpg?resize=700%2C400&ssl=1 2x"},"classes":[]}],"jetpack_sharing_enabled":true,"_links":{"self":[{"href":"https:\/\/lasprimeras.com.do\/index.php\/wp-json\/wp\/v2\/posts\/52745","targetHints":{"allow":["GET"]}}],"collection":[{"href":"https:\/\/lasprimeras.com.do\/index.php\/wp-json\/wp\/v2\/posts"}],"about":[{"href":"https:\/\/lasprimeras.com.do\/index.php\/wp-json\/wp\/v2\/types\/post"}],"author":[{"embeddable":true,"href":"https:\/\/lasprimeras.com.do\/index.php\/wp-json\/wp\/v2\/users\/1"}],"replies":[{"embeddable":true,"href":"https:\/\/lasprimeras.com.do\/index.php\/wp-json\/wp\/v2\/comments?post=52745"}],"version-history":[{"count":0,"href":"https:\/\/lasprimeras.com.do\/index.php\/wp-json\/wp\/v2\/posts\/52745\/revisions"}],"wp:featuredmedia":[{"embeddable":true,"href":"https:\/\/lasprimeras.com.do\/index.php\/wp-json\/wp\/v2\/media\/52750"}],"wp:attachment":[{"href":"https:\/\/lasprimeras.com.do\/index.php\/wp-json\/wp\/v2\/media?parent=52745"}],"wp:term":[{"taxonomy":"category","embeddable":true,"href":"https:\/\/lasprimeras.com.do\/index.php\/wp-json\/wp\/v2\/categories?post=52745"},{"taxonomy":"post_tag","embeddable":true,"href":"https:\/\/lasprimeras.com.do\/index.php\/wp-json\/wp\/v2\/tags?post=52745"}],"curies":[{"name":"wp","href":"https:\/\/api.w.org\/{rel}","templated":true}]}}