{"id":52829,"date":"2023-06-21T01:22:49","date_gmt":"2023-06-21T01:22:49","guid":{"rendered":"https:\/\/lasprimeras.com.do\/?p=52829"},"modified":"2023-06-21T01:24:29","modified_gmt":"2023-06-21T01:24:29","slug":"expertos-militares-proponen-nuevas-formas-para-abordar-amenazas-complejas-en-las-naciones","status":"publish","type":"post","link":"https:\/\/lasprimeras.com.do\/index.php\/2023\/06\/21\/expertos-militares-proponen-nuevas-formas-para-abordar-amenazas-complejas-en-las-naciones\/","title":{"rendered":"Expertos militares proponen nuevas formas para abordar amenazas complejas en las naciones"},"content":{"rendered":"\n<p>Por Martin Restituyo<\/p>\n\n\n\n<p>En escenarios cambiantes donde existen amenazas a la defensa y seguridad de las naciones, que mutan y son cada vez m\u00e1s complejas, especialistas que participan en el Seminario de L\u00edderes de Fuerzas Especiales 2023: \u201cGuerra H\u00edbrida y Conflicto en Zona Gris\u201d, analizaron en el primer d\u00eda de la jornada acad\u00e9mica, los actuales desaf\u00edos regionales y c\u00f3mo abordarlos desde las fuerzas militares de manera conjunta y colaborativa.<\/p>\n\n\n\n<p>El evento, que organizan el Ministerio de Defensa (MIDE) y el Comando Sur del Ej\u00e9rcito de Estados Unidos, cuenta con el aval acad\u00e9mico de la Universidad de Operaciones Especiales Conjuntas de los EEUU y del Instituto Superior para la Defensa del MIDE, inici\u00f3 este lunes 19 con la conferencia del general retirado del Ej\u00e9rcito de Colombia Juan Carlos Salazar Salazar, quien abord\u00f3 las \u201camenazas, retos y desaf\u00edos en la regi\u00f3n\u201d.<\/p>\n\n\n\n<p>Salazar, se\u00f1al\u00f3 los complejos contextos en los cuales se producen, la necesidad de crear estrat\u00e9gicamente competencias para combatirlas desde las fuerzas militares, identificando en especial aquellas amenazas transnacionales, que generan mayor preocupaci\u00f3n.<\/p>\n\n\n\n<p>\u201cLa seguridad es un problema que requiere de atenci\u00f3n especial y cooperaci\u00f3n mutua; es necesario enfrentar estas situaciones complejas&#8221;, indic\u00f3 Salazar al referirse a la evoluci\u00f3n del concepto donde se entend\u00eda en las \u00faltimas d\u00e9cadas, que los escenarios de guerra eran VICA (Vol\u00e1tiles, Inciertos, Complejos y Ambiguos) y los que ahora expertos se\u00f1alan son FANI (Fr\u00e1giles, Ansiosos, No Lineales e Inseguros).<\/p>\n\n\n\n<p>Luego, en el panel, moderado por el mayor general retirado Sime\u00f3n Trombitas, se analizaron las din\u00e1micas actuales en el hemisferio occidental, con la participaci\u00f3n del general de brigada Vicente Cantero de Paraguay y del vicerrector de Investigaci\u00f3n, Extensi\u00f3n y Educaci\u00f3n Continua del INSUDE, general de brigada Vicente Mota Medina, este \u00faltimo mostr\u00f3 su preocupaci\u00f3n por amenazas como el cambio clim\u00e1tico, el crimen transnacional y el impacto de la guerra econ\u00f3mica entre las potencias, lo cual incide tambi\u00e9n en la planificaci\u00f3n de las operaciones militares hoy en d\u00eda.<\/p>\n\n\n\n<p>El general de brigada retirado, Augusto \u00c1lvarez Torres del Per\u00fa, abord\u00f3 el concepto: caracterizaci\u00f3n y actores de la guerra h\u00edbrida. Tambi\u00e9n se profundiz\u00f3 en las manifestaciones h\u00edbridas en la regi\u00f3n, donde el experto en relaciones internacionales Iv\u00e1n Gat\u00f3n, advirti\u00f3 sobre los peligros de los grupos extremistas que abanderados en religiones, han venido arrastrando adeptos en la regi\u00f3n, al compartir escenario tambi\u00e9n con el comandante del Segundo Batall\u00f3n de las fuerzas especiales de M\u00e9xico, coronel Marcos Cort\u00e9s quien se\u00f1al\u00f3 \u201cEn estos tiempos donde surgen nuevas amenazas y desaf\u00edos es primordial mantener una estrecha relaci\u00f3n con los pa\u00edses amigos\u201d, resalt\u00f3 el militar.<\/p>\n\n\n\n<p>Una de las conferencias del primer d\u00eda, se titul\u00f3: \u201cPrograma Mujer, Paz y Seguridad (WPS)\u201d, a cargo de la sargento primera clase Elizabeth Almonte de EEUU, quien destac\u00f3 que para lograr una mayor participaci\u00f3n de las femeninas dentro de las fuerzas militares, se deben evaluar las posiciones que ocupan y comprobar los obst\u00e1culos que dificultan su ascenso, y asegur\u00f3 que son las mujeres quienes ejercen un liderazgo estrat\u00e9gico para la resoluci\u00f3n de conflictos y que poseen m\u00faltiples capacidades conciliadoras.<\/p>\n\n\n\n<p>La asesora del WPS dijo que es importante promover la contribuci\u00f3n de las mujeres en el sector de la seguridad: \u201cInvertir en una mujer cambia su vida, familia y comunidad; en una fuerza militar cambiara la instituci\u00f3n y su pa\u00eds\u201d, se\u00f1al\u00f3.<\/p>\n\n\n\n<p>La jornada del primer d\u00eda, finaliz\u00f3 con un ejercicio pr\u00e1ctico luego del desarrollo de un panel de profundizaci\u00f3n denominado \u201cFuerzas a trav\u00e9s de asociaciones\u201d, con expositores de Brasil, Chile, Colombia y Espa\u00f1a. Mayores detalles de este evento, ser\u00e1n ampliados y actualizados en las plataformas digitales de las instituciones involucradas.<\/p>\n","protected":false},"excerpt":{"rendered":"<p>Por Martin Restituyo En escenarios cambiantes donde existen amenazas a la defensa y seguridad de las naciones, que mutan y son cada vez m\u00e1s complejas, especialistas que participan en el&hellip;<\/p>\n","protected":false},"author":2,"featured_media":52830,"comment_status":"open","ping_status":"open","sticky":false,"template":"","format":"standard","meta":{"content-type":"","jetpack_post_was_ever_published":false,"_jetpack_newsletter_access":"","_jetpack_dont_email_post_to_subs":false,"_jetpack_newsletter_tier_id":0,"_jetpack_memberships_contains_paywalled_content":false,"_jetpack_memberships_contains_paid_content":false,"footnotes":""},"categories":[3057],"tags":[2553,1214,283,3639],"class_list":["post-52829","post","type-post","status-publish","format-standard","has-post-thumbnail","hentry","category-militares","tag-amenazas","tag-expertos","tag-militares","tag-naciones"],"jetpack_featured_media_url":"https:\/\/lasprimeras.com.do\/wp-content\/uploads\/2023\/06\/Guerra-Hibrida-y-Conflicto-en-Zona-Gris.jpg","jetpack-related-posts":[{"id":49580,"url":"https:\/\/lasprimeras.com.do\/index.php\/2023\/05\/12\/mide-y-comando-sur-de-ee-uu-preparan-seminario-de-fuerzas-especiales\/","url_meta":{"origin":52829,"position":0},"title":"MIDE y Comando Sur de EE.UU. preparan seminario de Fuerzas Especiales","author":"prenxa100","date":"12 de mayo de 2023","format":false,"excerpt":"Por Wilson P\u00e9rez SANTO DOMINGO.-. El Ministerio de Defensa (MIDE) y el Comando Sur de los Estados Unidos de Am\u00e9rica, firmaron un convenio de entendimiento que sienta las bases para organizar el seminario internacional de \u201cFuerzas Comando 2023\u201d, que se desarrollar\u00e1 en Rep\u00fablica Dominicana del 01 al 25 de junio\u2026","rel":"","context":"En \u00abNACIONALES\u00bb","block_context":{"text":"NACIONALES","link":"https:\/\/lasprimeras.com.do\/index.php\/category\/nacionales\/"},"img":{"alt_text":"","src":"","width":0,"height":0},"classes":[]},{"id":102265,"url":"https:\/\/lasprimeras.com.do\/index.php\/2025\/07\/02\/en-el-ministerio-de-defensa-expertos-analizan-el-rol-estrategico-de-la-industria-militar\/","url_meta":{"origin":52829,"position":1},"title":"En el Ministerio de Defensa expertos analizan el rol estrat\u00e9gico de la industria militar","author":"Nelson Feliz","date":"2 de julio de 2025","format":false,"excerpt":"Con la presencia de autoridades civiles, militares y acad\u00e9micas, el Ministerio de Defensa celebr\u00f3 el panel \u201cLa industria militar, motor estrat\u00e9gico para la seguridad, defensa y desarrollo sostenible: retos y prospectivas\u201d, un encuentro de alto nivel que reuni\u00f3 a expertos nacionales e internacionales para reflexionar sobre los desaf\u00edos y oportunidades\u2026","rel":"","context":"En \u00abMILITARES\u00bb","block_context":{"text":"MILITARES","link":"https:\/\/lasprimeras.com.do\/index.php\/category\/militares\/"},"img":{"alt_text":"","src":"https:\/\/i0.wp.com\/lasprimeras.com.do\/wp-content\/uploads\/2025\/07\/Ministerio-de-Defensa-1.jpg?resize=350%2C200&ssl=1","width":350,"height":200,"srcset":"https:\/\/i0.wp.com\/lasprimeras.com.do\/wp-content\/uploads\/2025\/07\/Ministerio-de-Defensa-1.jpg?resize=350%2C200&ssl=1 1x, https:\/\/i0.wp.com\/lasprimeras.com.do\/wp-content\/uploads\/2025\/07\/Ministerio-de-Defensa-1.jpg?resize=525%2C300&ssl=1 1.5x, https:\/\/i0.wp.com\/lasprimeras.com.do\/wp-content\/uploads\/2025\/07\/Ministerio-de-Defensa-1.jpg?resize=700%2C400&ssl=1 2x"},"classes":[]},{"id":94909,"url":"https:\/\/lasprimeras.com.do\/index.php\/2025\/03\/07\/mide-celebra-el-dia-internacional-de-la-mujer-con-reconocimiento-a-militares-destacadas\/","url_meta":{"origin":52829,"position":2},"title":"MIDE celebra el D\u00eda Internacional de la Mujer con reconocimiento a militares destacadas","author":"Nelson Feliz","date":"7 de marzo de 2025","format":false,"excerpt":"En conmemoraci\u00f3n del D\u00eda Internacional de la Mujer, el Ministerio de Defensa (MIDE) reconoci\u00f3 a mujeres destacadas del Ej\u00e9rcito, la Armada y la Fuerza A\u00e9rea de Rep\u00fablica Dominicana, cuerpos especializados, instituciones y dependencias de las Fuerzas Armadas, en honor a su esfuerzo, liderazgo y compromiso en el ejercicio de su\u2026","rel":"","context":"En \u00abMILITARES\u00bb","block_context":{"text":"MILITARES","link":"https:\/\/lasprimeras.com.do\/index.php\/category\/militares\/"},"img":{"alt_text":"","src":"https:\/\/i0.wp.com\/lasprimeras.com.do\/wp-content\/uploads\/2025\/03\/mili.jpg?resize=350%2C200&ssl=1","width":350,"height":200,"srcset":"https:\/\/i0.wp.com\/lasprimeras.com.do\/wp-content\/uploads\/2025\/03\/mili.jpg?resize=350%2C200&ssl=1 1x, https:\/\/i0.wp.com\/lasprimeras.com.do\/wp-content\/uploads\/2025\/03\/mili.jpg?resize=525%2C300&ssl=1 1.5x, https:\/\/i0.wp.com\/lasprimeras.com.do\/wp-content\/uploads\/2025\/03\/mili.jpg?resize=700%2C400&ssl=1 2x"},"classes":[]},{"id":62060,"url":"https:\/\/lasprimeras.com.do\/index.php\/2023\/10\/02\/mide-conmemora-el-dia-del-retirado-con-misa-almuerzo-y-aumento-en-sus-pensiones\/","url_meta":{"origin":52829,"position":3},"title":"MIDE conmemora el \u201cD\u00eda del Retirado\u201d con misa, almuerzo y aumento en sus pensiones","author":"Nelson Feliz","date":"2 de octubre de 2023","format":false,"excerpt":"Por Martin Restituyo El Ministerio de Defensa (MIDE), celebr\u00f3 el \u201cD\u00eda del Retirado de las Fuerzas Armadas\u201d, con una misa de acci\u00f3n de gracias y realiz\u00f3 un almuerzo en honor a los hombres y mujeres valientes que dedicaron sus mejores a\u00f1os al servicio a nuestra patria, vistiendo con honor su\u2026","rel":"","context":"En \u00abMILITARES\u00bb","block_context":{"text":"MILITARES","link":"https:\/\/lasprimeras.com.do\/index.php\/category\/militares\/"},"img":{"alt_text":"MIDE","src":"https:\/\/i0.wp.com\/lasprimeras.com.do\/wp-content\/uploads\/2023\/10\/MIDE-1.jpg?resize=350%2C200&ssl=1","width":350,"height":200,"srcset":"https:\/\/i0.wp.com\/lasprimeras.com.do\/wp-content\/uploads\/2023\/10\/MIDE-1.jpg?resize=350%2C200&ssl=1 1x, https:\/\/i0.wp.com\/lasprimeras.com.do\/wp-content\/uploads\/2023\/10\/MIDE-1.jpg?resize=525%2C300&ssl=1 1.5x, https:\/\/i0.wp.com\/lasprimeras.com.do\/wp-content\/uploads\/2023\/10\/MIDE-1.jpg?resize=700%2C400&ssl=1 2x"},"classes":[]},{"id":51449,"url":"https:\/\/lasprimeras.com.do\/index.php\/2023\/05\/31\/hospitales-militares-reciben-acreditacion-universitaria-docente-del-mescyt\/","url_meta":{"origin":52829,"position":4},"title":"Hospitales militares reciben acreditaci\u00f3n universitaria docente del MESCYT","author":"prenxa100","date":"31 de mayo de 2023","format":false,"excerpt":"Por Wilson P\u00e9rez SANTO DOMINGO.-.Los hospitales Central de las Fuerzas Armadas y el Doctor Ram\u00f3n de Lara de la Fuerza A\u00e9rea, recibieron la formal acreditaci\u00f3n oficial como hospitales universitarios docentes, que otorga el Ministerio de Educaci\u00f3n Superior, Ciencia y Tecnolog\u00eda (MESCYT). Las acreditaciones entregadas por el titular del MESCYT, Franklin\u2026","rel":"","context":"En \u00abSin categor\u00eda\u00bb","block_context":{"text":"Sin categor\u00eda","link":"https:\/\/lasprimeras.com.do\/index.php\/category\/sin-categoria\/"},"img":{"alt_text":"","src":"","width":0,"height":0},"classes":[]},{"id":74444,"url":"https:\/\/lasprimeras.com.do\/index.php\/2024\/01\/23\/facilitadores-militares-resaltan-valor-tiene-la-comunicacion-estrategica-en-las-fuerzas-armadas\/","url_meta":{"origin":52829,"position":5},"title":"Facilitadores militares resaltan valor tiene la comunicaci\u00f3n estrat\u00e9gica en las Fuerzas Armadas","author":"BIMARY DE JES\u00daS Matos","date":"23 de enero de 2024","format":false,"excerpt":"Martin Restituyo SANTO DOMINGO.- La comunicaci\u00f3n estrat\u00e9gica en las Fuerzas Armadas contribuye a coordinar operaciones militares eficientes y a mantener la cercan\u00eda, por medio de las informaciones precisas que se proporcionan a la poblaci\u00f3n a trav\u00e9s de los medios tradicionales y digitales. La afirmaci\u00f3n la hicieron en el programa radial\u2026","rel":"","context":"En \u00abPORTADA\u00bb","block_context":{"text":"PORTADA","link":"https:\/\/lasprimeras.com.do\/index.php\/category\/portada\/"},"img":{"alt_text":"","src":"https:\/\/i0.wp.com\/lasprimeras.com.do\/wp-content\/uploads\/2024\/01\/WhatsApp-Image-2024-01-23-at-11.48.18-AM.jpeg?resize=350%2C200&ssl=1","width":350,"height":200,"srcset":"https:\/\/i0.wp.com\/lasprimeras.com.do\/wp-content\/uploads\/2024\/01\/WhatsApp-Image-2024-01-23-at-11.48.18-AM.jpeg?resize=350%2C200&ssl=1 1x, https:\/\/i0.wp.com\/lasprimeras.com.do\/wp-content\/uploads\/2024\/01\/WhatsApp-Image-2024-01-23-at-11.48.18-AM.jpeg?resize=525%2C300&ssl=1 1.5x, https:\/\/i0.wp.com\/lasprimeras.com.do\/wp-content\/uploads\/2024\/01\/WhatsApp-Image-2024-01-23-at-11.48.18-AM.jpeg?resize=700%2C400&ssl=1 2x, https:\/\/i0.wp.com\/lasprimeras.com.do\/wp-content\/uploads\/2024\/01\/WhatsApp-Image-2024-01-23-at-11.48.18-AM.jpeg?resize=1050%2C600&ssl=1 3x"},"classes":[]}],"jetpack_sharing_enabled":true,"_links":{"self":[{"href":"https:\/\/lasprimeras.com.do\/index.php\/wp-json\/wp\/v2\/posts\/52829","targetHints":{"allow":["GET"]}}],"collection":[{"href":"https:\/\/lasprimeras.com.do\/index.php\/wp-json\/wp\/v2\/posts"}],"about":[{"href":"https:\/\/lasprimeras.com.do\/index.php\/wp-json\/wp\/v2\/types\/post"}],"author":[{"embeddable":true,"href":"https:\/\/lasprimeras.com.do\/index.php\/wp-json\/wp\/v2\/users\/2"}],"replies":[{"embeddable":true,"href":"https:\/\/lasprimeras.com.do\/index.php\/wp-json\/wp\/v2\/comments?post=52829"}],"version-history":[{"count":2,"href":"https:\/\/lasprimeras.com.do\/index.php\/wp-json\/wp\/v2\/posts\/52829\/revisions"}],"predecessor-version":[{"id":52832,"href":"https:\/\/lasprimeras.com.do\/index.php\/wp-json\/wp\/v2\/posts\/52829\/revisions\/52832"}],"wp:featuredmedia":[{"embeddable":true,"href":"https:\/\/lasprimeras.com.do\/index.php\/wp-json\/wp\/v2\/media\/52830"}],"wp:attachment":[{"href":"https:\/\/lasprimeras.com.do\/index.php\/wp-json\/wp\/v2\/media?parent=52829"}],"wp:term":[{"taxonomy":"category","embeddable":true,"href":"https:\/\/lasprimeras.com.do\/index.php\/wp-json\/wp\/v2\/categories?post=52829"},{"taxonomy":"post_tag","embeddable":true,"href":"https:\/\/lasprimeras.com.do\/index.php\/wp-json\/wp\/v2\/tags?post=52829"}],"curies":[{"name":"wp","href":"https:\/\/api.w.org\/{rel}","templated":true}]}}