{"id":52833,"date":"2023-06-21T01:30:16","date_gmt":"2023-06-21T01:30:16","guid":{"rendered":"https:\/\/lasprimeras.com.do\/?p=52833"},"modified":"2023-06-21T01:30:16","modified_gmt":"2023-06-21T01:30:16","slug":"infotep-y-el-cdp-certifican-a-99-trabajadores-de-la-prensa-egresados-de-cuatro-programas-de-formacion","status":"publish","type":"post","link":"https:\/\/lasprimeras.com.do\/index.php\/2023\/06\/21\/infotep-y-el-cdp-certifican-a-99-trabajadores-de-la-prensa-egresados-de-cuatro-programas-de-formacion\/","title":{"rendered":"INFOTEP y el CDP certifican a 99 trabajadores de la prensa egresados de cuatro programas de formaci\u00f3n"},"content":{"rendered":"\n<p>Por Martin Restituyo<\/p>\n\n\n\n<p>El Instituto Nacional de Formaci\u00f3n T\u00e9cnico Profesional (INFOTEP) y el Colegio Dominicano de Periodistas (CDP) entregaron certificados a 99 trabajadores de la prensa egresados de las de los programas Producci\u00f3n y Realizaci\u00f3n de G\u00e9nero Period\u00edstico, Desarrollo de Habilidades Gerenciales, Community Manager y Marketing Digital y Conocimientos B\u00e1sicos de Lenguas Extranjeras.<\/p>\n\n\n\n<p>Esta entrega de certificados es parte del resultado de un acuerdo rubricado entre ambas entidades a fin de desarrollar e implementar programas de capacitaci\u00f3n tendentes a fortalecer las habilidades de los profesionales de la comunicaci\u00f3n, y apuntalar sus habilidades y competencias comunicacionales.<\/p>\n\n\n\n<p>El director general del INFOTEP, Rafael Santos Bad\u00eda, resalt\u00f3 la responsabilidad e influencia de los trabajadores de la prensa, a quienes defini\u00f3 como medulares en el mantenimiento de una sociedad nacional y mundialmente consciente y part\u00edcipe de todos los procesos y acontecimientos de inter\u00e9s.<\/p>\n\n\n\n<figure class=\"wp-block-image size-full is-resized\"><img decoding=\"async\" src=\"https:\/\/lasprimeras.com.do\/wp-content\/uploads\/2023\/06\/Infotep-2.jpg\" alt=\"\" class=\"wp-image-52835\" width=\"775\" height=\"516\" srcset=\"https:\/\/lasprimeras.com.do\/wp-content\/uploads\/2023\/06\/Infotep-2.jpg 700w, https:\/\/lasprimeras.com.do\/wp-content\/uploads\/2023\/06\/Infotep-2-300x200.jpg 300w, https:\/\/lasprimeras.com.do\/wp-content\/uploads\/2023\/06\/Infotep-2-585x389.jpg 585w, https:\/\/lasprimeras.com.do\/wp-content\/uploads\/2023\/06\/Infotep-2-263x175.jpg 263w\" sizes=\"(max-width: 775px) 100vw, 775px\" \/><\/figure>\n\n\n\n<p>\u201cCelebramos con benepl\u00e1cito esta entrega de certificados, actividad con la cual se fortalecen las relaciones interinstitucionales entre el Colegio Dominicano de Periodistas y el INFOTEP, contribuyendo al bienestar de los colaboradores y al mejoramiento de los procesos de esa instituci\u00f3n\u201d, expres\u00f3 Santos Bad\u00eda.<\/p>\n\n\n\n<p>Aurelio Henr\u00edquez, presidente del CDP, agradeci\u00f3 al INFOTEP por la apertura para que esa entidad pueda fortalecer sus programas de capacitaci\u00f3n, y mejorar la calidad de la profesionalizaci\u00f3n y formaci\u00f3n continuada que ofrece a los trabajadores de la prensa.<\/p>\n\n\n\n<p>\u201cEl INFOTEP ha dado un salto cualitativo en la calidad de la ense\u00f1anza en todos los niveles, es notorio el nivel de compromiso y credibilidad de los t\u00e9cnicos egresados de esta instituci\u00f3n en cada uno de los puestos de trabajo.\u201d expres\u00f3 Henr\u00edquez.<\/p>\n\n\n\n<p>La participante Ana Deisy Guerrero habl\u00f3 en nombre de sus compa\u00f1eros y agradeci\u00f3 al INFOTEP y al CDP por impartir estos programas de capacitaci\u00f3n que seg\u00fan expres\u00f3, a\u00f1adir\u00e1n valor a sus carreras.<\/p>\n","protected":false},"excerpt":{"rendered":"<p>Por Martin Restituyo El Instituto Nacional de Formaci\u00f3n T\u00e9cnico Profesional (INFOTEP) y el Colegio Dominicano de Periodistas (CDP) entregaron certificados a 99 trabajadores de la prensa egresados de las de&hellip;<\/p>\n","protected":false},"author":2,"featured_media":52834,"comment_status":"open","ping_status":"open","sticky":false,"template":"","format":"standard","meta":{"content-type":"","jetpack_post_was_ever_published":false,"_jetpack_newsletter_access":"","_jetpack_dont_email_post_to_subs":false,"_jetpack_newsletter_tier_id":0,"_jetpack_memberships_contains_paywalled_content":false,"_jetpack_memberships_contains_paid_content":false,"footnotes":""},"categories":[35,25],"tags":[437,1879,1880,2080,156],"class_list":["post-52833","post","type-post","status-publish","format-standard","has-post-thumbnail","hentry","category-nacionales","category-portada","tag-cdp","tag-certifican","tag-infotep","tag-prensa","tag-trabajadores"],"jetpack_featured_media_url":"https:\/\/lasprimeras.com.do\/wp-content\/uploads\/2023\/06\/Rafael-Santos-Badia.jpg","jetpack-related-posts":[{"id":91745,"url":"https:\/\/lasprimeras.com.do\/index.php\/2024\/12\/01\/infotep-entrega-certificados-a-108-nuevos-tecnicos-profesionales-en-la-caleta\/","url_meta":{"origin":52833,"position":0},"title":"INFOTEP entrega certificados a 108 nuevos t\u00e9cnicos profesionales en La Caleta","author":"Nelson Feliz","date":"1 de diciembre de 2024","format":false,"excerpt":"El Instituto Nacional de Formaci\u00f3n T\u00e9cnico Profesional (INFOTEP), entreg\u00f3 en el sector de La Caleta, 108 certificados a nuevos t\u00e9cnicos profesionales, que est\u00e1n capacitados para emprender en diferentes \u00e1reas o insertarse en varios sectores del mercado laboral. La entrega de certificados se llev\u00f3 a cabo durante un acto encabezado por\u2026","rel":"","context":"En \u00abNACIONALES\u00bb","block_context":{"text":"NACIONALES","link":"https:\/\/lasprimeras.com.do\/index.php\/category\/nacionales\/"},"img":{"alt_text":"","src":"https:\/\/i0.wp.com\/lasprimeras.com.do\/wp-content\/uploads\/2024\/12\/infotep.jpg?resize=350%2C200&ssl=1","width":350,"height":200,"srcset":"https:\/\/i0.wp.com\/lasprimeras.com.do\/wp-content\/uploads\/2024\/12\/infotep.jpg?resize=350%2C200&ssl=1 1x, https:\/\/i0.wp.com\/lasprimeras.com.do\/wp-content\/uploads\/2024\/12\/infotep.jpg?resize=525%2C300&ssl=1 1.5x, https:\/\/i0.wp.com\/lasprimeras.com.do\/wp-content\/uploads\/2024\/12\/infotep.jpg?resize=700%2C400&ssl=1 2x, https:\/\/i0.wp.com\/lasprimeras.com.do\/wp-content\/uploads\/2024\/12\/infotep.jpg?resize=1050%2C600&ssl=1 3x"},"classes":[]},{"id":101077,"url":"https:\/\/lasprimeras.com.do\/index.php\/2025\/06\/15\/infotep-entrega-certificados-a-colaboradores-del-parque-industrial-itabo-en-haina\/","url_meta":{"origin":52833,"position":1},"title":"INFOTEP entrega certificados a colaboradores del Parque Industrial ITABO en Haina","author":"Nelson Feliz","date":"15 de junio de 2025","format":false,"excerpt":"El Instituto Nacional de Formaci\u00f3n T\u00e9cnico Profesional (INFOTEP) entreg\u00f3 932 certificados a 882 colaboradores de 26 empresas del Parque Industrial de ITABO, quienes completaron satisfactoriamente 44 acciones formativas especializadas, como parte del acuerdo estrat\u00e9gico con la Asociaci\u00f3n Dominicana de Zonas Francas (ADOZONA). Algunos participantes cursaron m\u00e1s de una capacitaci\u00f3n, lo\u2026","rel":"","context":"En \u00abNACIONALES\u00bb","block_context":{"text":"NACIONALES","link":"https:\/\/lasprimeras.com.do\/index.php\/category\/nacionales\/"},"img":{"alt_text":"","src":"https:\/\/i0.wp.com\/lasprimeras.com.do\/wp-content\/uploads\/2025\/06\/INFOTEP-1.jpg?resize=350%2C200&ssl=1","width":350,"height":200,"srcset":"https:\/\/i0.wp.com\/lasprimeras.com.do\/wp-content\/uploads\/2025\/06\/INFOTEP-1.jpg?resize=350%2C200&ssl=1 1x, https:\/\/i0.wp.com\/lasprimeras.com.do\/wp-content\/uploads\/2025\/06\/INFOTEP-1.jpg?resize=525%2C300&ssl=1 1.5x, https:\/\/i0.wp.com\/lasprimeras.com.do\/wp-content\/uploads\/2025\/06\/INFOTEP-1.jpg?resize=700%2C400&ssl=1 2x"},"classes":[]},{"id":104490,"url":"https:\/\/lasprimeras.com.do\/index.php\/2025\/07\/24\/infotep-ofrece-una-conferencia-magistral-titulada-la-democratizacion-del-conocimiento-cientifico-tecnologico\/","url_meta":{"origin":52833,"position":2},"title":"INFOTEP ofrece una conferencia magistral titulada \u201cLa democratizaci\u00f3n del conocimiento cient\u00edfico-tecnol\u00f3gico\u201d","author":"Nelson Feliz","date":"24 de julio de 2025","format":false,"excerpt":"\u2022Las Comisiones Evaluadoras validan, con transparencia y rigor t\u00e9cnico, las competencias adquiridas por trabajadores y aprendices en distintas modalidades de formaci\u00f3n. El Instituto Nacional de Formaci\u00f3n T\u00e9cnico Profesional (INFOTEP) realiz\u00f3 su encuentro nacional con los integrantes de las Comisiones Evaluadoras de los egresados de la instituci\u00f3n, en el que mediante\u2026","rel":"","context":"En \u00abNACIONALES\u00bb","block_context":{"text":"NACIONALES","link":"https:\/\/lasprimeras.com.do\/index.php\/category\/nacionales\/"},"img":{"alt_text":"","src":"https:\/\/i0.wp.com\/lasprimeras.com.do\/wp-content\/uploads\/2025\/07\/Rafael-Santos-Badia-1.jpg?resize=350%2C200&ssl=1","width":350,"height":200,"srcset":"https:\/\/i0.wp.com\/lasprimeras.com.do\/wp-content\/uploads\/2025\/07\/Rafael-Santos-Badia-1.jpg?resize=350%2C200&ssl=1 1x, https:\/\/i0.wp.com\/lasprimeras.com.do\/wp-content\/uploads\/2025\/07\/Rafael-Santos-Badia-1.jpg?resize=525%2C300&ssl=1 1.5x, https:\/\/i0.wp.com\/lasprimeras.com.do\/wp-content\/uploads\/2025\/07\/Rafael-Santos-Badia-1.jpg?resize=700%2C400&ssl=1 2x"},"classes":[]},{"id":103891,"url":"https:\/\/lasprimeras.com.do\/index.php\/2025\/07\/19\/intrant-e-infotep-certifican-a-mil-conductores-en-habilidades-blandas-para-una-movilidad-responsable\/","url_meta":{"origin":52833,"position":3},"title":"INTRANT e INFOTEP certifican a mil conductores en habilidades blandas para una movilidad responsable","author":"Nelson Feliz","date":"19 de julio de 2025","format":false,"excerpt":"\u201c Este grupo forma parte de los 40 mil conductores que ser\u00e1n capacitados a nivel nacional en empat\u00eda, control emocional y conducci\u00f3n segura.\" El Instituto Nacional de Tr\u00e1nsito y Transporte Terrestre (INTRANT), y el Instituto Nacional de Formaci\u00f3n T\u00e9cnico Profesional (INFOTEP) certificaron a mil conductores de motocicletas, veh\u00edculos livianos y\u2026","rel":"","context":"En \u00abNACIONALES\u00bb","block_context":{"text":"NACIONALES","link":"https:\/\/lasprimeras.com.do\/index.php\/category\/nacionales\/"},"img":{"alt_text":"","src":"https:\/\/i0.wp.com\/lasprimeras.com.do\/wp-content\/uploads\/2025\/07\/certifican-1.jpg?resize=350%2C200&ssl=1","width":350,"height":200,"srcset":"https:\/\/i0.wp.com\/lasprimeras.com.do\/wp-content\/uploads\/2025\/07\/certifican-1.jpg?resize=350%2C200&ssl=1 1x, https:\/\/i0.wp.com\/lasprimeras.com.do\/wp-content\/uploads\/2025\/07\/certifican-1.jpg?resize=525%2C300&ssl=1 1.5x, https:\/\/i0.wp.com\/lasprimeras.com.do\/wp-content\/uploads\/2025\/07\/certifican-1.jpg?resize=700%2C400&ssl=1 2x"},"classes":[]},{"id":56193,"url":"https:\/\/lasprimeras.com.do\/index.php\/2023\/07\/29\/abinader-entrega-certificados-a-400-nuevos-conductores-de-vehiculos-pesados\/","url_meta":{"origin":52833,"position":4},"title":"Abinader entrega certificados a 400 nuevos conductores de veh\u00edculos pesados","author":"Nelson Feliz","date":"29 de julio de 2023","format":false,"excerpt":"La capacitaci\u00f3n tiene el objetivo de evitar rebases imprudentes y las violaciones a la ley de tr\u00e1nsito, as\u00ed como el manejo y resoluci\u00f3n de conflictos. Por Martin Restituyo El presidente de la Rep\u00fablica, Luis Abinader, encabez\u00f3 la entrega de certificados a 400 personas formadas como conductores de veh\u00edculos pesados y\u2026","rel":"","context":"En \u00abNACIONALES\u00bb","block_context":{"text":"NACIONALES","link":"https:\/\/lasprimeras.com.do\/index.php\/category\/nacionales\/"},"img":{"alt_text":"Luis Abinader","src":"https:\/\/i0.wp.com\/lasprimeras.com.do\/wp-content\/uploads\/2023\/07\/Luis-Abinader-6.jpg?resize=350%2C200&ssl=1","width":350,"height":200,"srcset":"https:\/\/i0.wp.com\/lasprimeras.com.do\/wp-content\/uploads\/2023\/07\/Luis-Abinader-6.jpg?resize=350%2C200&ssl=1 1x, https:\/\/i0.wp.com\/lasprimeras.com.do\/wp-content\/uploads\/2023\/07\/Luis-Abinader-6.jpg?resize=525%2C300&ssl=1 1.5x, https:\/\/i0.wp.com\/lasprimeras.com.do\/wp-content\/uploads\/2023\/07\/Luis-Abinader-6.jpg?resize=700%2C400&ssl=1 2x"},"classes":[]},{"id":81827,"url":"https:\/\/lasprimeras.com.do\/index.php\/2024\/04\/25\/infotep-y-dgcine-certifican-95-participantes-en-diversas-areas-de-la-industria-cinematografica\/","url_meta":{"origin":52833,"position":5},"title":"INFOTEP y DGCINE certifican 95 participantes en la industria cinematogr\u00e1fica","author":"BIMARY DE JES\u00daS Matos","date":"25 de abril de 2024","format":false,"excerpt":"Santo Domingo, RD. -En su plan de contribuir a la consolidaci\u00f3n de la industria cinematogr\u00e1fica dominicana, el Instituto Nacional de Formaci\u00f3n T\u00e9cnico Profesional (INFOTEP), en alianza con la Direcci\u00f3n General de Cine (DGCINE), entreg\u00f3 certificados a 95 egresados formados en siete \u00e1reas vinculadas al sector. En el acto de entrega\u2026","rel":"","context":"En \u00abNACIONALES\u00bb","block_context":{"text":"NACIONALES","link":"https:\/\/lasprimeras.com.do\/index.php\/category\/nacionales\/"},"img":{"alt_text":"","src":"https:\/\/i0.wp.com\/lasprimeras.com.do\/wp-content\/uploads\/2024\/04\/WhatsApp-Image-2024-04-25-at-1.02.15-PM.jpeg?resize=350%2C200&ssl=1","width":350,"height":200,"srcset":"https:\/\/i0.wp.com\/lasprimeras.com.do\/wp-content\/uploads\/2024\/04\/WhatsApp-Image-2024-04-25-at-1.02.15-PM.jpeg?resize=350%2C200&ssl=1 1x, https:\/\/i0.wp.com\/lasprimeras.com.do\/wp-content\/uploads\/2024\/04\/WhatsApp-Image-2024-04-25-at-1.02.15-PM.jpeg?resize=525%2C300&ssl=1 1.5x, https:\/\/i0.wp.com\/lasprimeras.com.do\/wp-content\/uploads\/2024\/04\/WhatsApp-Image-2024-04-25-at-1.02.15-PM.jpeg?resize=700%2C400&ssl=1 2x, https:\/\/i0.wp.com\/lasprimeras.com.do\/wp-content\/uploads\/2024\/04\/WhatsApp-Image-2024-04-25-at-1.02.15-PM.jpeg?resize=1050%2C600&ssl=1 3x"},"classes":[]}],"jetpack_sharing_enabled":true,"_links":{"self":[{"href":"https:\/\/lasprimeras.com.do\/index.php\/wp-json\/wp\/v2\/posts\/52833","targetHints":{"allow":["GET"]}}],"collection":[{"href":"https:\/\/lasprimeras.com.do\/index.php\/wp-json\/wp\/v2\/posts"}],"about":[{"href":"https:\/\/lasprimeras.com.do\/index.php\/wp-json\/wp\/v2\/types\/post"}],"author":[{"embeddable":true,"href":"https:\/\/lasprimeras.com.do\/index.php\/wp-json\/wp\/v2\/users\/2"}],"replies":[{"embeddable":true,"href":"https:\/\/lasprimeras.com.do\/index.php\/wp-json\/wp\/v2\/comments?post=52833"}],"version-history":[{"count":1,"href":"https:\/\/lasprimeras.com.do\/index.php\/wp-json\/wp\/v2\/posts\/52833\/revisions"}],"predecessor-version":[{"id":52836,"href":"https:\/\/lasprimeras.com.do\/index.php\/wp-json\/wp\/v2\/posts\/52833\/revisions\/52836"}],"wp:featuredmedia":[{"embeddable":true,"href":"https:\/\/lasprimeras.com.do\/index.php\/wp-json\/wp\/v2\/media\/52834"}],"wp:attachment":[{"href":"https:\/\/lasprimeras.com.do\/index.php\/wp-json\/wp\/v2\/media?parent=52833"}],"wp:term":[{"taxonomy":"category","embeddable":true,"href":"https:\/\/lasprimeras.com.do\/index.php\/wp-json\/wp\/v2\/categories?post=52833"},{"taxonomy":"post_tag","embeddable":true,"href":"https:\/\/lasprimeras.com.do\/index.php\/wp-json\/wp\/v2\/tags?post=52833"}],"curies":[{"name":"wp","href":"https:\/\/api.w.org\/{rel}","templated":true}]}}