{"id":52864,"date":"2023-06-21T02:57:35","date_gmt":"2023-06-21T02:57:35","guid":{"rendered":"https:\/\/lasprimeras.com.do\/?p=52864"},"modified":"2023-06-21T02:57:36","modified_gmt":"2023-06-21T02:57:36","slug":"propietario-de-casa-que-se-derrumbo-en-yamasa-culpa-a-una-excavacion-de-al-lado","status":"publish","type":"post","link":"https:\/\/lasprimeras.com.do\/index.php\/2023\/06\/21\/propietario-de-casa-que-se-derrumbo-en-yamasa-culpa-a-una-excavacion-de-al-lado\/","title":{"rendered":"Propietario de casa que se derrumb\u00f3 en Yamas\u00e1 culpa a una excavaci\u00f3n de al lado"},"content":{"rendered":"\n<p><strong>-Edificio que est\u00e1 al lado de casa que se derrumb\u00f3 en Yamas\u00e1 corre peligro.<\/strong><\/p>\n\n\n\n<p><strong>-Relat\u00f3 que en una ocasi\u00f3n, el cabildo de Yamas\u00e1 par\u00f3 la exvacaci\u00f3n, pero \u00e9ste la continu\u00f3.<\/strong><\/p>\n\n\n\n<p>El propietario de una casa que se desplom\u00f3 este martes en Yamas\u00e1, en la provincia Monte Plata, Jos\u00e9 Emilio Mart\u00ednez de la Cruz, culp\u00f3 del hecho al propietario de una excavaci\u00f3n que se realiza al lado para una construcci\u00f3n. Otro edificio contiguo a la vivienda siniestrada corre peligro debido a los da\u00f1os que tiene.<\/p>\n\n\n\n<p>El afectado no identific\u00f3 al hombre de los trabajos, pero dijo que en varias ocasiones le solicit\u00f3 que detuviera la excavaci\u00f3n en la zona porque le estaba da\u00f1ando su vivienda, pero que su respuesta fue tratar de darle una golpiza.<\/p>\n\n\n\n<p>Mart\u00ednez de la Cruz viv\u00eda en la casa de dos niveles junto a su esposa y un hijo. Sus padres viv\u00edan en una de ellas. No hubo lesionados.<\/p>\n\n\n\n<p>&#8220;Esta no fue que se cay\u00f3, fue que la tumbaron, porque tenemos m\u00e1s de cinco meses luchando con el que estaba cavando la propiedad, dici\u00e9ndole a \u00e9l que eso es un relleno de cuando hicieron esa carretera all\u00e1 arriba&#8221;, dijo.<\/p>\n\n\n\n<p>Agreg\u00f3 que \u00e9l y otros comunitarios le explicaron al hombre que deb\u00eda &#8220;buscar personas que tuvieran conocimientos del terreno&#8221; para cavar en el mismo, debido a que &#8220;es muy peligroso&#8221;.<\/p>\n\n\n\n<p>Mart\u00ednez de la Cruz afirm\u00f3 que su vivienda, de dos niveles, estaba bien construida, pero que la excavaci\u00f3n que hac\u00edan en el terreno lleg\u00f3 al nivel de &#8220;ara\u00f1arle&#8221; la zapata el domingo, fecha en que la casa comenz\u00f3 a presentar grietas y este martes de derrumb\u00f3.<\/p>\n\n\n\n<p>El hombre dijo que, incluso, un ingeniero del ayuntamiento de Yamas\u00e1, al cual le solicit\u00f3 ayuda, fue al lugar en varias ocasiones y &#8220;par\u00f3 la obra&#8221;, pero que la persona propietaria de los trabajos sigui\u00f3 con ella sin importarle la medida del cabildo.<\/p>\n\n\n\n<p>&#8220;No hab\u00eda personas dentro de la vivienda, porque ese problema comenz\u00f3 el domingo cuando ya se hab\u00edan cansado de hollar, que ya la casa le quedaba un pedacito, que incluso tengo fotograf\u00edas y videos, terminaron de lo \u00faltimo que le quedaba a la casa, la zapata a arra\u00f1\u00e1rsela, y el domingo a eso de las 10 de la noche, la casa comenz\u00f3 a estallar&#8221;, narr\u00f3 a CDN.<\/p>\n\n\n\n<p>Refiri\u00f3 que en ese momento se fueron de la casa y llam\u00f3 a un amigo para que le ayudara a sacar &#8220;sus enseres&#8221; del lugar para no perderlo todo.<\/p>\n\n\n\n<p>Bomberos evacuaron residentes<\/p>\n\n\n\n<p>Santo Porfirio Lima Bueno, coronel intendente de los Bomberos de Yamas\u00e1, dijo que desde la madrugada del lunes comenzaron las labores de evacuaci\u00f3n de las personas de la zona.<\/p>\n\n\n\n<p>Expres\u00f3 que del edificio que est\u00e1 al lado de la casa que colaps\u00f3 sacaron ocho familias.<\/p>\n\n\n\n<p>&#8220;Nos llamaron y cogimos para ac\u00e1 y socorrimos, sacamos a todas las personas que estaban all\u00ed, los habitantes, alrededor de 7, 8 familias, los evacuamos y desde ah\u00ed para ac\u00e1 hemos estado al pendiente hasta ahora, desalojando y tratando de cerrar calles para que no vaya a haber p\u00e9rdidas humanas&#8221;, refiri\u00f3.<\/p>\n\n\n\n<p>El servidor dijo que el da\u00f1o que tiene el edificio lo caus\u00f3 la excavaci\u00f3n que se hace en el lugar, as\u00ed como el derrumbe de la vivienda de Jos\u00e9 Emilio de la Cruz.<\/p>\n\n\n\n<p>Indic\u00f3 que en el lugar hay expertos para tratar de salvar la edificaci\u00f3n, la cual tiene da\u00f1os en una cuarta parte de su estructura.<\/p>\n","protected":false},"excerpt":{"rendered":"<p>-Edificio que est\u00e1 al lado de casa que se derrumb\u00f3 en Yamas\u00e1 corre peligro. -Relat\u00f3 que en una ocasi\u00f3n, el cabildo de Yamas\u00e1 par\u00f3 la exvacaci\u00f3n, pero \u00e9ste la continu\u00f3.&hellip;<\/p>\n","protected":false},"author":2,"featured_media":52865,"comment_status":"open","ping_status":"open","sticky":false,"template":"","format":"standard","meta":{"content-type":"","jetpack_post_was_ever_published":false,"_jetpack_newsletter_access":"","_jetpack_dont_email_post_to_subs":false,"_jetpack_newsletter_tier_id":0,"_jetpack_memberships_contains_paywalled_content":false,"_jetpack_memberships_contains_paid_content":false,"footnotes":""},"categories":[35],"tags":[3669,55,2263,3665,3668,3667,3666],"class_list":["post-52864","post","type-post","status-publish","format-standard","has-post-thumbnail","hentry","category-nacionales","tag-al-lado","tag-casa","tag-culpa","tag-derrumbo","tag-excavacion","tag-propietario","tag-yamasa"],"jetpack_featured_media_url":"https:\/\/lasprimeras.com.do\/wp-content\/uploads\/2023\/06\/casa.jpg","jetpack-related-posts":[{"id":52890,"url":"https:\/\/lasprimeras.com.do\/index.php\/2023\/06\/21\/se-derrumba-vivienda-en-yamasa-osiris-de-leon-explica-posibles-motivos\/","url_meta":{"origin":52864,"position":0},"title":"Se derrumba vivienda en Yamas\u00e1, Osiris de Le\u00f3n explica posibles motivos","author":"Nelson Feliz","date":"21 de junio de 2023","format":false,"excerpt":"El ge\u00f3logo Osiris de Le\u00f3n reaccion\u00f3 al observar como una vivienda de dos niveles colapsa en Yamas\u00e1, Monte Plata, en un video que circula en las redes sociales. De Le\u00f3n, dijo que hasta el momento se desconoce si la vivienda estaba habitada, o si hay muertos o heridos. En el\u2026","rel":"","context":"En \u00abNACIONALES\u00bb","block_context":{"text":"NACIONALES","link":"https:\/\/lasprimeras.com.do\/index.php\/category\/nacionales\/"},"img":{"alt_text":"una vivienda de dos niveles colapsa en Yamas\u00e1","src":"https:\/\/i0.wp.com\/lasprimeras.com.do\/wp-content\/uploads\/2023\/06\/derrumbe-vivienda.jpg?resize=350%2C200&ssl=1","width":350,"height":200,"srcset":"https:\/\/i0.wp.com\/lasprimeras.com.do\/wp-content\/uploads\/2023\/06\/derrumbe-vivienda.jpg?resize=350%2C200&ssl=1 1x, https:\/\/i0.wp.com\/lasprimeras.com.do\/wp-content\/uploads\/2023\/06\/derrumbe-vivienda.jpg?resize=525%2C300&ssl=1 1.5x, https:\/\/i0.wp.com\/lasprimeras.com.do\/wp-content\/uploads\/2023\/06\/derrumbe-vivienda.jpg?resize=700%2C400&ssl=1 2x"},"classes":[]},{"id":71368,"url":"https:\/\/lasprimeras.com.do\/index.php\/2023\/12\/19\/crecida-de-rio-leonora-deja-zona-incomunicada-en-yamasa\/","url_meta":{"origin":52864,"position":1},"title":"Crecida de r\u00edo Leonora deja zona incomunicada en Yamas\u00e1","author":"Nelson Feliz","date":"19 de diciembre de 2023","format":false,"excerpt":"Comunitarios del municipio Yamas\u00e1, en la provincia Monte Plata, se encuentran incomunicados debido a la crecida del r\u00edo Leonora causada por las intensas lluvias registradas en las \u00faltimas horas, producto de un sistema frontal que afecta a la Rep\u00fablica Dominicana. A pesar de esta situaci\u00f3n, algunas personas deciden cruzar hacia\u2026","rel":"","context":"En \u00abNACIONALES\u00bb","block_context":{"text":"NACIONALES","link":"https:\/\/lasprimeras.com.do\/index.php\/category\/nacionales\/"},"img":{"alt_text":"","src":"https:\/\/i0.wp.com\/lasprimeras.com.do\/wp-content\/uploads\/2023\/12\/repor.jpg?resize=350%2C200&ssl=1","width":350,"height":200,"srcset":"https:\/\/i0.wp.com\/lasprimeras.com.do\/wp-content\/uploads\/2023\/12\/repor.jpg?resize=350%2C200&ssl=1 1x, https:\/\/i0.wp.com\/lasprimeras.com.do\/wp-content\/uploads\/2023\/12\/repor.jpg?resize=525%2C300&ssl=1 1.5x, https:\/\/i0.wp.com\/lasprimeras.com.do\/wp-content\/uploads\/2023\/12\/repor.jpg?resize=700%2C400&ssl=1 2x"},"classes":[]},{"id":107651,"url":"https:\/\/lasprimeras.com.do\/index.php\/2025\/08\/28\/golpe-mortal-frente-a-su-hija-20-anos-de-prision-por-feminicidio-en-yamasa\/","url_meta":{"origin":52864,"position":2},"title":"Golpe mortal frente a su hija: 20 a\u00f1os de prisi\u00f3n por feminicidio en Yamas\u00e1","author":"Nelson Feliz","date":"28 de agosto de 2025","format":false,"excerpt":"El feminicida fue identificado como Fernando F\u00e9lix de la Cruz. La ma\u00f1ana del 25 de septiembre de 2023, en la comunidad rural de Sabana de Cercadillo, municipio Yamas\u00e1, se quebr\u00f3 la rutina dom\u00e9stica con un acto de violencia que marcar\u00eda para siempre a una familia. En la vivienda donde conviv\u00edan\u2026","rel":"","context":"En \u00abJUSTICIA\u00bb","block_context":{"text":"JUSTICIA","link":"https:\/\/lasprimeras.com.do\/index.php\/category\/justicia\/"},"img":{"alt_text":"","src":"","width":0,"height":0},"classes":[]},{"id":110116,"url":"https:\/\/lasprimeras.com.do\/index.php\/2025\/09\/25\/sorpresa-en-monte-plata-por-desplome-de-puente-que-conectaba-don-juan-y-yamasa\/","url_meta":{"origin":52864,"position":3},"title":"Sorpresa en Monte Plata por desplome de puente que conectaba Don Juan y Yamas\u00e1","author":"Nelson Feliz","date":"25 de septiembre de 2025","format":false,"excerpt":"El hecho ocurrido este jueves dej\u00f3 como saldo la muerte de un hombre. El desplome del puente que comunica al distrito municipal Don Juan con el municipio de Yamas\u00e1 tom\u00f3 por sorpresa a los residentes de la zona, quienes aseguran que la estructura no hab\u00eda presentado se\u00f1ales visibles de deterioro\u2026","rel":"","context":"En \u00abNACIONALES\u00bb","block_context":{"text":"NACIONALES","link":"https:\/\/lasprimeras.com.do\/index.php\/category\/nacionales\/"},"img":{"alt_text":"","src":"https:\/\/i0.wp.com\/lasprimeras.com.do\/wp-content\/uploads\/2025\/09\/puente.jpg?resize=350%2C200&ssl=1","width":350,"height":200,"srcset":"https:\/\/i0.wp.com\/lasprimeras.com.do\/wp-content\/uploads\/2025\/09\/puente.jpg?resize=350%2C200&ssl=1 1x, https:\/\/i0.wp.com\/lasprimeras.com.do\/wp-content\/uploads\/2025\/09\/puente.jpg?resize=525%2C300&ssl=1 1.5x, https:\/\/i0.wp.com\/lasprimeras.com.do\/wp-content\/uploads\/2025\/09\/puente.jpg?resize=700%2C400&ssl=1 2x"},"classes":[]},{"id":61497,"url":"https:\/\/lasprimeras.com.do\/index.php\/2023\/09\/27\/presiente-abinader-inaugura-extension-de-la-uasd-en-yamasa\/","url_meta":{"origin":52864,"position":4},"title":"Presiente Abinader inaugura extensi\u00f3n de la UASD en Yamas\u00e1","author":"Nelson Feliz","date":"27 de septiembre de 2023","format":false,"excerpt":"Rector de alta casa de Estudios destac\u00f3 que con el apoyo del Gobierno la UASD est\u00e1 viviendo el mayor proceso de expansi\u00f3n de su historia. El presidente Luis Abinader dej\u00f3 inaugurado hoy una extensi\u00f3n de la Universidad Aut\u00f3noma de Santo Domingo (UASD), en el municipio de Yamas\u00e1, provincia Monte Plata.\u2026","rel":"","context":"En \u00abNACIONALES\u00bb","block_context":{"text":"NACIONALES","link":"https:\/\/lasprimeras.com.do\/index.php\/category\/nacionales\/"},"img":{"alt_text":"Luis Abinader","src":"https:\/\/i0.wp.com\/lasprimeras.com.do\/wp-content\/uploads\/2023\/09\/Luis-Abinader-13.jpg?resize=350%2C200&ssl=1","width":350,"height":200,"srcset":"https:\/\/i0.wp.com\/lasprimeras.com.do\/wp-content\/uploads\/2023\/09\/Luis-Abinader-13.jpg?resize=350%2C200&ssl=1 1x, https:\/\/i0.wp.com\/lasprimeras.com.do\/wp-content\/uploads\/2023\/09\/Luis-Abinader-13.jpg?resize=525%2C300&ssl=1 1.5x, https:\/\/i0.wp.com\/lasprimeras.com.do\/wp-content\/uploads\/2023\/09\/Luis-Abinader-13.jpg?resize=700%2C400&ssl=1 2x"},"classes":[]},{"id":105788,"url":"https:\/\/lasprimeras.com.do\/index.php\/2025\/08\/07\/estrellas-de-herrera-a-solo-un-juego-de-coronarse-campeon-del-torneo-nacional-de-viejas-glorias-2025-su-cuarto-ano\/","url_meta":{"origin":52864,"position":5},"title":"Estrellas de Herrera a solo un juego de coronarse campeon del Torneo Nacional de Viejas Glorias 2025 su cuarto a\u00f1o","author":"Nelson Feliz","date":"7 de agosto de 2025","format":false,"excerpt":"A base de picheo, solida ofensiva y buena defensa,Herrera venci\u00f3 en dos ocasiones consecutivas a la escuadra de Yamas\u00e1 durante el inicio de la serie final del Torneo Nacional Viejas Glorias 2025. Los encuentros se celebraron en el complejo deportivo Edinson V\u00f3lquez. Ahora la serie se traslada a Yamas\u00e1, donde\u2026","rel":"","context":"En \u00abDEPORTES\u00bb","block_context":{"text":"DEPORTES","link":"https:\/\/lasprimeras.com.do\/index.php\/category\/deportes\/"},"img":{"alt_text":"","src":"https:\/\/i0.wp.com\/lasprimeras.com.do\/wp-content\/uploads\/2025\/08\/estrellas-de-herrera-a-solo-un-juego-de-coronarse-campeon-del-torneo-nacional-de-viejas-glorias-2025-su-cuarto-ano.png?resize=350%2C200&ssl=1","width":350,"height":200,"srcset":"https:\/\/i0.wp.com\/lasprimeras.com.do\/wp-content\/uploads\/2025\/08\/estrellas-de-herrera-a-solo-un-juego-de-coronarse-campeon-del-torneo-nacional-de-viejas-glorias-2025-su-cuarto-ano.png?resize=350%2C200&ssl=1 1x, https:\/\/i0.wp.com\/lasprimeras.com.do\/wp-content\/uploads\/2025\/08\/estrellas-de-herrera-a-solo-un-juego-de-coronarse-campeon-del-torneo-nacional-de-viejas-glorias-2025-su-cuarto-ano.png?resize=525%2C300&ssl=1 1.5x"},"classes":[]}],"jetpack_sharing_enabled":true,"_links":{"self":[{"href":"https:\/\/lasprimeras.com.do\/index.php\/wp-json\/wp\/v2\/posts\/52864","targetHints":{"allow":["GET"]}}],"collection":[{"href":"https:\/\/lasprimeras.com.do\/index.php\/wp-json\/wp\/v2\/posts"}],"about":[{"href":"https:\/\/lasprimeras.com.do\/index.php\/wp-json\/wp\/v2\/types\/post"}],"author":[{"embeddable":true,"href":"https:\/\/lasprimeras.com.do\/index.php\/wp-json\/wp\/v2\/users\/2"}],"replies":[{"embeddable":true,"href":"https:\/\/lasprimeras.com.do\/index.php\/wp-json\/wp\/v2\/comments?post=52864"}],"version-history":[{"count":1,"href":"https:\/\/lasprimeras.com.do\/index.php\/wp-json\/wp\/v2\/posts\/52864\/revisions"}],"predecessor-version":[{"id":52866,"href":"https:\/\/lasprimeras.com.do\/index.php\/wp-json\/wp\/v2\/posts\/52864\/revisions\/52866"}],"wp:featuredmedia":[{"embeddable":true,"href":"https:\/\/lasprimeras.com.do\/index.php\/wp-json\/wp\/v2\/media\/52865"}],"wp:attachment":[{"href":"https:\/\/lasprimeras.com.do\/index.php\/wp-json\/wp\/v2\/media?parent=52864"}],"wp:term":[{"taxonomy":"category","embeddable":true,"href":"https:\/\/lasprimeras.com.do\/index.php\/wp-json\/wp\/v2\/categories?post=52864"},{"taxonomy":"post_tag","embeddable":true,"href":"https:\/\/lasprimeras.com.do\/index.php\/wp-json\/wp\/v2\/tags?post=52864"}],"curies":[{"name":"wp","href":"https:\/\/api.w.org\/{rel}","templated":true}]}}