{"id":52870,"date":"2023-06-21T03:11:24","date_gmt":"2023-06-21T03:11:24","guid":{"rendered":"https:\/\/lasprimeras.com.do\/?p=52870"},"modified":"2023-06-21T03:11:24","modified_gmt":"2023-06-21T03:11:24","slug":"temistocles-montas-economia-sigue-sufriendo-el-impacto-de-las-altas-tasas-de-interes","status":"publish","type":"post","link":"https:\/\/lasprimeras.com.do\/index.php\/2023\/06\/21\/temistocles-montas-economia-sigue-sufriendo-el-impacto-de-las-altas-tasas-de-interes\/","title":{"rendered":"Tem\u00edstocles Mont\u00e1s: Econom\u00eda sigue sufriendo el impacto de las altas tasas de inter\u00e9s"},"content":{"rendered":"\n<p><strong>El PLD reclama transparencia en el manejo de los recursos provenientes del encaje legal de la banca.<\/strong><\/p>\n\n\n\n<p>El Partido de la Liberaci\u00f3n Dominicana (PLD) expresa su solidaridad con todos los sectores que se han sentido burlados con el manejo de las autoridades en la asignaci\u00f3n de los recursos provenientes del encaje legal de la banca, al tiempo que reclama mayor transparencia en el manejo de estas decisiones.<\/p>\n\n\n\n<p>La reclamaci\u00f3n fue hecha en rueda de prensa en la Casa Nacional Reinaldo Pared P\u00e9rez, a cargo del Gabinete T\u00e9cnico de la organizaci\u00f3n pol\u00edtica integrado por representaciones de diferentes secretar\u00edas, encabezado por el vicepresidente del PLD, Tem\u00edstocles Mont\u00e1s, en compa\u00f1\u00eda de Carlos Segura Foster, Olgo Fern\u00e1ndez, Yineuri D\u00edaz y V\u00edctor Bax.<\/p>\n\n\n\n<p>La organizaci\u00f3n pol\u00edtica tambi\u00e9n reclam\u00f3 que el sacrificio que las autoridades solicitan a los ciudadanos en momento de crisis le sea recompensado a \u00e9stos, aunque sea parcialmente, distribuyendo las escasas oportunidades que se ofrecen con un mayor sentido de equidad social.<\/p>\n\n\n\n<p>Tem\u00edstocles Mont\u00e1s al exponer el documento entregado a los medios informaci\u00f3n, cita al Banco Central en su comunicado del pasado lunes (19 junio), que dice que 30 mil millones de pesos fueron desembolsados en tan solo 1,194 pr\u00e9stamos, considerando que esta decisi\u00f3n solo puede provocar m\u00e1s irritaci\u00f3n ciudadana pues equivale a un monto promedio de 25 millones de pesos por cada pr\u00e9stamo desembolsado.<\/p>\n\n\n\n<p>\u201cEsto demuestra un claro sesgo de las autoridades monetarias al momento de distribuir las oportunidades, sobre todo, en un momento donde la econom\u00eda se desacelera, pues apenas crecimos 1.2% en enero-abril de este a\u00f1o, y seguimos sufriendo las laceraciones provocadas por las elevadas tasas de inter\u00e9s\u201d, expres\u00f3 Mont\u00e1s.<\/p>\n\n\n\n<p>\u201cAs\u00ed como la p\u00e9rdida de poder de compra resultado de la inflaci\u00f3n, que castigan desde hace casi dos a\u00f1os a la ciudadan\u00eda y al sector empresarial en general, pero, sobre todo, a las familias m\u00e1s carenciadas y a la micro y peque\u00f1a empresa\u201d, agreg\u00f3 el ex ministro de Econom\u00eda, Planificaci\u00f3n y Desarrollo.<\/p>\n\n\n\n<p>Copiamos un documento entregado a los medios de comunicaci\u00f3n.<\/p>\n\n\n\n<p>DECLARACION P\u00daBLICA<\/p>\n\n\n\n<p>El pasado mes de enero del a\u00f1o en curso, las autoridades monetarias anunciaron su autorizaci\u00f3n para la recolocaci\u00f3n de recursos provenientes del encaje legal de la banca, por un monto de RD$21,424 millones de pesos, para apoyar la construcci\u00f3n de viviendas de bajo costo destinada a sectores de bajos ingresos de la poblaci\u00f3n, as\u00ed como a financiar pr\u00e9stamos puentes destinados a los promotores y constructores de ese tipo de viviendas.<\/p>\n\n\n\n<p>La decisi\u00f3n adoptada fue motivo de satisfacci\u00f3n, pues fortalec\u00eda la esperanza de miles de dominicanos que ve\u00edan en ese momento muy lejanas sus posibilidades de adquirir un modesto techo, debido a la falta de acceso a los pr\u00e9stamos bancarios, producto de la falta de liquidez que prevalec\u00eda y de las elevadas tasas de inter\u00e9s que, en el caso de los pr\u00e9stamos para la vivienda, alcanzaban el 18 por ciento en algunos casos y en otros, sobrepasaban ese monto.<\/p>\n\n\n\n<p>Sin embargo, nuestra satisfacci\u00f3n fue ef\u00edmera, pues en el seguimiento a la implementaci\u00f3n de la medida destinada a financiar las viviendas de familias carenciadas, nos encontramos que, en el mismo portal del Banco Central, en su p\u00e1gina principal, se desplegaba la informaci\u00f3n de que al finalizar el mes de abril, m\u00e1s de tres meses despu\u00e9s de anunciada la medida, se hab\u00edan colocado tan solo 2,480 millones de pesos, equivalentes al p\u00edrrico porcentaje de 14.5% del monto destinado al financiamiento de viviendas y 1,255 millones de pesos, un 29%, de la proporci\u00f3n de los recursos destinada a los promotores y constructores.<\/p>\n\n\n\n<p>Es por lo anterior, que recibimos con asombro la medida anunciada por las autoridades monetarias en el d\u00eda de ayer de que la facilidad de liquidez r\u00e1pida por un monto de 60,000 mil millones de pesos, otorgada por ese organismo a la banca comercial y adoptada el 1ro de este mes de junio, ya hab\u00eda sido desembolsada a los beneficiarios y sus recursos, por tanto, se hab\u00edan agotado por completo. Todo esto ocurri\u00f3 en poco menos de quince d\u00edas, a pesar de los complejos requerimientos que las mismas autoridades hab\u00edan establecido para su desembolso.<\/p>\n\n\n\n<p>La rapidez con que se han desembolsado los RD$60 mil millones pesos, ha disparado la alarma entre ciudadanos que se han acercado en b\u00fasqueda de un pr\u00e9stamo y se han sentido burlados por las autoridades, as\u00ed como en expertos que se preguntan c\u00f3mo pudo cumplirse en tan breve lapso con las pol\u00edticas y procedimientos de debida diligencia, el an\u00e1lisis crediticio y la instrumentaci\u00f3n de los expedientes, todos los cuales son requerimientos de la normativa vigente para el desembolso de cualquier pr\u00e9stamo. Este hecho amerita ser investigado por la Superintendencia de Bancos, para verificar el cumplimiento del instructivo que regula los desembolsos del programa de Facilidad de Liquidez R\u00e1pida, como se denomina la iniciativa de las autoridades monetarias.<\/p>\n\n\n\n<p>La informaci\u00f3n suministrada por el Banco Central en su comunicado de ayer, de que 30 mil millones de pesos fueron desembolsados en tan solo 1,194 pr\u00e9stamos solo puede provocar m\u00e1s irritaci\u00f3n ciudadana pues equivale a un monto promedio de 25 millones de pesos por cada pr\u00e9stamo desembolsado. Esto demuestra un claro sesgo de las autoridades monetarias al momento de distribuir las oportunidades, sobre todo, en un momento donde la econom\u00eda se desacelera, pues apenas crecimos 1.2% en enero-abril de este a\u00f1o, y seguimos sufriendo las laceraciones provocadas por las elevadas tasas de inter\u00e9s y la p\u00e9rdida de poder de compra resultado de la inflaci\u00f3n, que castigan desde hace casi dos a\u00f1os a la ciudadan\u00eda y al sector empresarial en general, pero, sobre todo, a las familias m\u00e1s carenciadas y a la micro y peque\u00f1a empresa.<\/p>\n\n\n\n<p>El Partido de la Liberaci\u00f3n Dominicana expresa su solidaridad con todos los sectores que se han sentido burlados con el manejo de las autoridades en la asignaci\u00f3n de los recursos mencionados y reclama vehementemente una mayor transparencia en el manejo de estas decisiones y que el sacrificio que las autoridades solicitan a los ciudadanos en momento de crisis le sea recompensado a \u00e9stos, aunque sea parcialmente, distribuyendo las escasas oportunidades que se ofrecen con un mayor sentido de equidad social.<\/p>\n\n\n\n<p>Muchas gracias.<\/p>\n","protected":false},"excerpt":{"rendered":"<p>El PLD reclama transparencia en el manejo de los recursos provenientes del encaje legal de la banca. El Partido de la Liberaci\u00f3n Dominicana (PLD) expresa su solidaridad con todos los&hellip;<\/p>\n","protected":false},"author":2,"featured_media":52871,"comment_status":"open","ping_status":"open","sticky":false,"template":"","format":"standard","meta":{"content-type":"","jetpack_post_was_ever_published":false,"_jetpack_newsletter_access":"","_jetpack_dont_email_post_to_subs":false,"_jetpack_newsletter_tier_id":0,"_jetpack_memberships_contains_paywalled_content":false,"_jetpack_memberships_contains_paid_content":false,"footnotes":""},"categories":[39,25],"tags":[3670,514,3510,3673,3671,3672],"class_list":["post-52870","post","type-post","status-publish","format-standard","has-post-thumbnail","hentry","category-economia","category-portada","tag-altas","tag-economia-2","tag-impacto","tag-interes","tag-tasas","tag-temistocles-montas"],"jetpack_featured_media_url":"https:\/\/lasprimeras.com.do\/wp-content\/uploads\/2023\/06\/Temistocles-Montas.jpg","jetpack-related-posts":[{"id":118366,"url":"https:\/\/lasprimeras.com.do\/index.php\/2025\/12\/27\/falta-de-transparencia-en-el-reparto-de-rd-1500-millones-de-bonos-navidenos\/","url_meta":{"origin":52870,"position":0},"title":"Falta de transparencia en el reparto de RD $1,500 millones de bonos navide\u00f1os","author":"Nelson Feliz","date":"27 de diciembre de 2025","format":false,"excerpt":"Tem\u00edstocles Mont\u00e1s, vicepresidente del PLD, critica falta de transparencia del actual Gobierno en el manejo de los recursos p\u00fablicos. El vicepresidente del Partido de la Liberaci\u00f3n Dominicana (PLD), Tem\u00edstocles Mont\u00e1s, critic\u00f3 este d\u00eda la falta de transparencia del actual Gobierno en el manejo de los recursos p\u00fablicos en las acciones\u2026","rel":"","context":"En \u00abECONOM\u00cdA\u00bb","block_context":{"text":"ECONOM\u00cdA","link":"https:\/\/lasprimeras.com.do\/index.php\/category\/economia\/"},"img":{"alt_text":"Tem\u00edstocles Mont\u00e1s","src":"https:\/\/i0.wp.com\/lasprimeras.com.do\/wp-content\/uploads\/2025\/12\/Temistocles-Montas.jpg?resize=350%2C200&ssl=1","width":350,"height":200,"srcset":"https:\/\/i0.wp.com\/lasprimeras.com.do\/wp-content\/uploads\/2025\/12\/Temistocles-Montas.jpg?resize=350%2C200&ssl=1 1x, https:\/\/i0.wp.com\/lasprimeras.com.do\/wp-content\/uploads\/2025\/12\/Temistocles-Montas.jpg?resize=525%2C300&ssl=1 1.5x, https:\/\/i0.wp.com\/lasprimeras.com.do\/wp-content\/uploads\/2025\/12\/Temistocles-Montas.jpg?resize=700%2C400&ssl=1 2x"},"classes":[]},{"id":125006,"url":"https:\/\/lasprimeras.com.do\/index.php\/2026\/03\/18\/temistocles-montas-el-pld-esta-preparado-para-competir-y-ganar\/","url_meta":{"origin":52870,"position":1},"title":"Tem\u00edstocles Mont\u00e1s: El PLD est\u00e1 preparado para competir y ganar","author":"Nelson Feliz","date":"18 de marzo de 2026","format":false,"excerpt":"Mont\u00e1s adelanta que en las pr\u00f3ximas elecciones esa organizaci\u00f3n, llevar\u00e1 sus propios candidatos. El vicepresidente del Partido de la Liberaci\u00f3n Dominicana (PLD), Tem\u00edstocles Mont\u00e1s adelant\u00f3 que en las pr\u00f3ximas elecciones esa organizaci\u00f3n, llevar\u00e1 sus propios candidatos tanto a nivel presidencial como municipal. \u201cSe le est\u00e1 diciendo a la militancia y\u2026","rel":"","context":"En \u00abPOLITICA\u00bb","block_context":{"text":"POLITICA","link":"https:\/\/lasprimeras.com.do\/index.php\/category\/politica\/"},"img":{"alt_text":"Tem\u00edstocles Montas","src":"https:\/\/i0.wp.com\/lasprimeras.com.do\/wp-content\/uploads\/2023\/07\/Temistocles-Montas.jpg?resize=350%2C200&ssl=1","width":350,"height":200,"srcset":"https:\/\/i0.wp.com\/lasprimeras.com.do\/wp-content\/uploads\/2023\/07\/Temistocles-Montas.jpg?resize=350%2C200&ssl=1 1x, https:\/\/i0.wp.com\/lasprimeras.com.do\/wp-content\/uploads\/2023\/07\/Temistocles-Montas.jpg?resize=525%2C300&ssl=1 1.5x, https:\/\/i0.wp.com\/lasprimeras.com.do\/wp-content\/uploads\/2023\/07\/Temistocles-Montas.jpg?resize=700%2C400&ssl=1 2x"},"classes":[]},{"id":109671,"url":"https:\/\/lasprimeras.com.do\/index.php\/2025\/09\/21\/temistocles-montas-desafios-del-pld-en-tiempos-de-dificultades-economicas-y-sociales\/","url_meta":{"origin":52870,"position":2},"title":"Tem\u00edstocles Mont\u00e1s: Desaf\u00edos del PLD en tiempos de dificultades econ\u00f3micas y sociales","author":"Nelson Feliz","date":"21 de septiembre de 2025","format":false,"excerpt":"En encuentro con la seccional del PLD en Madrid, Espa\u00f1a, Tem\u00edstocles Mont\u00e1s y Gustavo S\u00e1nchez motivan a que se actu\u00e9 con esp\u00edritu de cuerpo en el PLD. La unidad, como lo predicaba el profesor Juan Bosch, es fundamental en el Partido de la Liberaci\u00f3n Dominicana (PLD), sobre todo en las\u2026","rel":"","context":"En \u00abPOLITICA\u00bb","block_context":{"text":"POLITICA","link":"https:\/\/lasprimeras.com.do\/index.php\/category\/politica\/"},"img":{"alt_text":"","src":"https:\/\/i0.wp.com\/lasprimeras.com.do\/wp-content\/uploads\/2025\/09\/temo.jpg?resize=350%2C200&ssl=1","width":350,"height":200,"srcset":"https:\/\/i0.wp.com\/lasprimeras.com.do\/wp-content\/uploads\/2025\/09\/temo.jpg?resize=350%2C200&ssl=1 1x, https:\/\/i0.wp.com\/lasprimeras.com.do\/wp-content\/uploads\/2025\/09\/temo.jpg?resize=525%2C300&ssl=1 1.5x, https:\/\/i0.wp.com\/lasprimeras.com.do\/wp-content\/uploads\/2025\/09\/temo.jpg?resize=700%2C400&ssl=1 2x"},"classes":[]},{"id":119791,"url":"https:\/\/lasprimeras.com.do\/index.php\/2026\/01\/18\/temistocles-montas-relata-exitos-y-fracasos-del-pld-y-las-relaciones-de-leonel-y-danilo\/","url_meta":{"origin":52870,"position":3},"title":"Tem\u00edstocles Mont\u00e1s relata \u00e9xitos y fracasos del PLD y las relaciones de Leonel y Danilo","author":"Nelson Feliz","date":"18 de enero de 2026","format":false,"excerpt":"\u201cLa convivencia pol\u00edtica, y con ella la cohesi\u00f3n del PLD, empez\u00f3 a resquebrajarse cuando la gesti\u00f3n del poder dej\u00f3 de ser percibida como una construcci\u00f3n colectiva y pas\u00f3 a administrarse por l\u00f3gicas m\u00e1s personalistas y de corto plazo.\u201d El miembro del Comite Politico del PLD, economista Juan Tem\u00edstocles Mont\u00e1s, relat\u00f3\u2026","rel":"","context":"En \u00abPOLITICA\u00bb","block_context":{"text":"POLITICA","link":"https:\/\/lasprimeras.com.do\/index.php\/category\/politica\/"},"img":{"alt_text":"Tem\u00edstocles Mont\u00e1s","src":"https:\/\/i0.wp.com\/lasprimeras.com.do\/wp-content\/uploads\/2026\/01\/Temistocles-Montas.jpeg?resize=350%2C200&ssl=1","width":350,"height":200,"srcset":"https:\/\/i0.wp.com\/lasprimeras.com.do\/wp-content\/uploads\/2026\/01\/Temistocles-Montas.jpeg?resize=350%2C200&ssl=1 1x, https:\/\/i0.wp.com\/lasprimeras.com.do\/wp-content\/uploads\/2026\/01\/Temistocles-Montas.jpeg?resize=525%2C300&ssl=1 1.5x, https:\/\/i0.wp.com\/lasprimeras.com.do\/wp-content\/uploads\/2026\/01\/Temistocles-Montas.jpeg?resize=700%2C400&ssl=1 2x"},"classes":[]},{"id":115516,"url":"https:\/\/lasprimeras.com.do\/index.php\/2025\/11\/23\/temistocles-montas-atribuye-el-frenazo-que-sufre-nuestra-economia-en-su-crecimiento-a-factores-internos\/","url_meta":{"origin":52870,"position":4},"title":"Tem\u00edstocles Mont\u00e1s atribuye el frenazo que sufre nuestra econom\u00eda en su crecimiento a factores internos","author":"Nelson Feliz","date":"23 de noviembre de 2025","format":false,"excerpt":"El ex Ministro de Econom\u00eda, Tem\u00edstocles Mont\u00e1s, vicepresidente del Partido de la Liberaci\u00f3n Dominicana (PLD) atribuye a factores internos, el frenazo que registra la econom\u00eda en la coyuntura actual. Con esta afirmaci\u00f3n Mont\u00e1s deslinda la reducci\u00f3n del crecimiento econ\u00f3mico en Rep\u00fablica Dominicana del entorno internacional cada vez m\u00e1s incierto. \u201cPor\u2026","rel":"","context":"En \u00abECONOM\u00cdA\u00bb","block_context":{"text":"ECONOM\u00cdA","link":"https:\/\/lasprimeras.com.do\/index.php\/category\/economia\/"},"img":{"alt_text":"Tem\u00edstocles Mont\u00e1s","src":"https:\/\/i0.wp.com\/lasprimeras.com.do\/wp-content\/uploads\/2025\/11\/Temistocles-Montas-1.jpg?resize=350%2C200&ssl=1","width":350,"height":200,"srcset":"https:\/\/i0.wp.com\/lasprimeras.com.do\/wp-content\/uploads\/2025\/11\/Temistocles-Montas-1.jpg?resize=350%2C200&ssl=1 1x, https:\/\/i0.wp.com\/lasprimeras.com.do\/wp-content\/uploads\/2025\/11\/Temistocles-Montas-1.jpg?resize=525%2C300&ssl=1 1.5x, https:\/\/i0.wp.com\/lasprimeras.com.do\/wp-content\/uploads\/2025\/11\/Temistocles-Montas-1.jpg?resize=700%2C400&ssl=1 2x"},"classes":[]},{"id":113379,"url":"https:\/\/lasprimeras.com.do\/index.php\/2025\/11\/02\/temistocles-montasel-gobierno-se-requiere-mas-inversion-publica-y-privada-de-calidad\/","url_meta":{"origin":52870,"position":5},"title":"Tem\u00edstocles Mont\u00e1s:&#8221;El Gobierno se requiere m\u00e1s inversi\u00f3n p\u00fablica y privada de calidad&#8221;","author":"Nelson Feliz","date":"2 de noviembre de 2025","format":false,"excerpt":"El vicepresidente del Partido de la Liberaci\u00f3n Dominicana (PLD), Tem\u00edstocles Mont\u00e1s, considera que sin m\u00e1s inversi\u00f3n p\u00fablica y privada de calidad, es dif\u00edcil llegar a la meta de crecimiento propuesta por el Gobierno. La opini\u00f3n de Mont\u00e1s se da a conocer en el trabajo publicado en el peri\u00f3dico Hoy y\u2026","rel":"","context":"En \u00abECONOM\u00cdA\u00bb","block_context":{"text":"ECONOM\u00cdA","link":"https:\/\/lasprimeras.com.do\/index.php\/category\/economia\/"},"img":{"alt_text":"","src":"https:\/\/i0.wp.com\/lasprimeras.com.do\/wp-content\/uploads\/2025\/11\/Temistocles-Montas.jpg?resize=350%2C200&ssl=1","width":350,"height":200,"srcset":"https:\/\/i0.wp.com\/lasprimeras.com.do\/wp-content\/uploads\/2025\/11\/Temistocles-Montas.jpg?resize=350%2C200&ssl=1 1x, https:\/\/i0.wp.com\/lasprimeras.com.do\/wp-content\/uploads\/2025\/11\/Temistocles-Montas.jpg?resize=525%2C300&ssl=1 1.5x, https:\/\/i0.wp.com\/lasprimeras.com.do\/wp-content\/uploads\/2025\/11\/Temistocles-Montas.jpg?resize=700%2C400&ssl=1 2x"},"classes":[]}],"jetpack_sharing_enabled":true,"_links":{"self":[{"href":"https:\/\/lasprimeras.com.do\/index.php\/wp-json\/wp\/v2\/posts\/52870","targetHints":{"allow":["GET"]}}],"collection":[{"href":"https:\/\/lasprimeras.com.do\/index.php\/wp-json\/wp\/v2\/posts"}],"about":[{"href":"https:\/\/lasprimeras.com.do\/index.php\/wp-json\/wp\/v2\/types\/post"}],"author":[{"embeddable":true,"href":"https:\/\/lasprimeras.com.do\/index.php\/wp-json\/wp\/v2\/users\/2"}],"replies":[{"embeddable":true,"href":"https:\/\/lasprimeras.com.do\/index.php\/wp-json\/wp\/v2\/comments?post=52870"}],"version-history":[{"count":1,"href":"https:\/\/lasprimeras.com.do\/index.php\/wp-json\/wp\/v2\/posts\/52870\/revisions"}],"predecessor-version":[{"id":52872,"href":"https:\/\/lasprimeras.com.do\/index.php\/wp-json\/wp\/v2\/posts\/52870\/revisions\/52872"}],"wp:featuredmedia":[{"embeddable":true,"href":"https:\/\/lasprimeras.com.do\/index.php\/wp-json\/wp\/v2\/media\/52871"}],"wp:attachment":[{"href":"https:\/\/lasprimeras.com.do\/index.php\/wp-json\/wp\/v2\/media?parent=52870"}],"wp:term":[{"taxonomy":"category","embeddable":true,"href":"https:\/\/lasprimeras.com.do\/index.php\/wp-json\/wp\/v2\/categories?post=52870"},{"taxonomy":"post_tag","embeddable":true,"href":"https:\/\/lasprimeras.com.do\/index.php\/wp-json\/wp\/v2\/tags?post=52870"}],"curies":[{"name":"wp","href":"https:\/\/api.w.org\/{rel}","templated":true}]}}