{"id":52873,"date":"2023-06-21T03:35:57","date_gmt":"2023-06-21T03:35:57","guid":{"rendered":"https:\/\/lasprimeras.com.do\/?p=52873"},"modified":"2023-06-21T03:35:57","modified_gmt":"2023-06-21T03:35:57","slug":"pc-expresa-solidaridad-a-miriam-german-brito-antes-amenazas-de-muertes","status":"publish","type":"post","link":"https:\/\/lasprimeras.com.do\/index.php\/2023\/06\/21\/pc-expresa-solidaridad-a-miriam-german-brito-antes-amenazas-de-muertes\/","title":{"rendered":"PC expresa solidaridad a Miriam Germ\u00e1n Brito antes amenazas de muertes"},"content":{"rendered":"\n<p><strong>Exhorta autoridades a continuar investigaciones hasta sancionar a los responsables.<\/strong><\/p>\n\n\n\n<p>Participaci\u00f3n Ciudadana, cap\u00edtulo dominicano de Transparencia Internacional, eleva su voz de alerta y expresa su m\u00e1s amplia solidaridad a la magistrada Miriam Germ\u00e1n Brito, procuradora general de la Rep\u00fablica Dominicana, ante las graves amenazas de muerte que ha recibido personalmente y que alcanzan adem\u00e1s a su hijo.<\/p>\n\n\n\n<p>Las amenazas recibidas pretenden evitar la aplicaci\u00f3n de medidas que la magistrada Germ\u00e1n ha venido tomando contra el crimen organizado, incluyendo los negocios que operan desde las c\u00e1rceles dominicanas, que han permitido hist\u00f3ricamente y siguen permitiendo el enriquecimiento de personas ligadas al crimen organizado, sobre todo al narcotr\u00e1fico y la corrupci\u00f3n.<\/p>\n\n\n\n<p>La corrupci\u00f3n en las c\u00e1rceles durante la presente gesti\u00f3n no se ha detenido y obliga a las autoridades a tomar medidas m\u00e1s en\u00e9rgicas para poner fin a este viejo c\u00e1ncer del sistema carcelario dominicano que se agrava con el crecimiento y tecnificaci\u00f3n de la criminalidad.<\/p>\n\n\n\n<p>La magistrada Germ\u00e1n ha llevado una carrera impecable desde su incorporaci\u00f3n al sistema de justicia en 1973, ocupando posiciones de fiscalizadora, jueza de paz, jueza de instrucci\u00f3n, jueza de primer y segundo grado, miembro de la Suprema Corte, cuya sala penal presidi\u00f3.<\/p>\n\n\n\n<p>Ha sido merecedora del V Premio al M\u00e9rito Judicial otorgado por la Comisi\u00f3n Iberoamericana de \u00c9tica Judicial en 2016, y ese mismo a\u00f1o recibi\u00f3 el Reconocimiento a la Integridad y Lucha contra la Corrupci\u00f3n otorgado por Participaci\u00f3n Ciudadana.<\/p>\n\n\n\n<p>Desde su designaci\u00f3n como Procuradora General de la Rep\u00fablica, en agosto del 2020, la situaci\u00f3n en la lucha contra la corrupci\u00f3n por parte del Ministerio P\u00fablico ha variado notablemente, habi\u00e9ndose sometido a la justicia penal casos de gran corrupci\u00f3n que involucran personas que han ocupado las m\u00e1s altas posiciones militares, altos funcionarios p\u00fablicos, familiares del ex presidente y hasta el anterior Procurador General de la Rep\u00fablica.<\/p>\n\n\n\n<p>Se trata de expedientes que involucran miles de millones de pesos y donde ya se cuentan por centenares los sometidos a la justicia, adem\u00e1s de otros casos de gran envergadura que est\u00e1n en proceso de investigaci\u00f3n.<\/p>\n\n\n\n<p>Este cambio de rumbo de la lucha contra la corrupci\u00f3n afecta intereses poderosos, cuyos beneficiarios son capaces de tomar medidas extremas para proteger las fuentes de sus ingresos il\u00edcitos y sembrar el temor en los organismos llamados a combatir el crimen.<\/p>\n\n\n\n<p>Participaci\u00f3n Ciudadana hace un llamado a todos los organismos de seguridad y al Presidente de la Rep\u00fablica Dominicana, Luis Abinader, como comandante en jefe de las fuerzas armadas y de su inteligencia, para que no escatimen esfuerzos en las investigaciones que permitan identificar a los responsables de estas amenazas y ponerles fin, as\u00ed como a activar todas las medidas de protecci\u00f3n y resguardo sobre la persona de la magistrada Germ\u00e1n y cada miembro de su familia.<\/p>\n\n\n\n<p>La lucha contra la corrupci\u00f3n, el crimen organizado y la impunidad comprometen a todos los sectores nacionales, as\u00ed como a los ciudadanos y ciudadanas que aspiran a un pa\u00eds mejor. Fieles a ese compromiso exhortamos a todo el pa\u00eds a defender activamente a quien encarna actualmente esa lucha, la Magistrada Miriam Germ\u00e1n. Con ella y su equipo hemos estado y seguiremos estando. Ella no est\u00e1 sola y cualquier amenaza contra ella nos amenaza a todos.<\/p>\n","protected":false},"excerpt":{"rendered":"<p>Exhorta autoridades a continuar investigaciones hasta sancionar a los responsables. Participaci\u00f3n Ciudadana, cap\u00edtulo dominicano de Transparencia Internacional, eleva su voz de alerta y expresa su m\u00e1s amplia solidaridad a la&hellip;<\/p>\n","protected":false},"author":2,"featured_media":52874,"comment_status":"open","ping_status":"open","sticky":false,"template":"","format":"standard","meta":{"content-type":"","jetpack_post_was_ever_published":false,"_jetpack_newsletter_access":"","_jetpack_dont_email_post_to_subs":false,"_jetpack_newsletter_tier_id":0,"_jetpack_memberships_contains_paywalled_content":false,"_jetpack_memberships_contains_paid_content":false,"footnotes":""},"categories":[35],"tags":[2553,3674,24,1459,3675],"class_list":["post-52873","post","type-post","status-publish","format-standard","has-post-thumbnail","hentry","category-nacionales","tag-amenazas","tag-miriam-german-brito","tag-muertes","tag-pc","tag-solidaridad"],"jetpack_featured_media_url":"https:\/\/lasprimeras.com.do\/wp-content\/uploads\/2023\/06\/PC.jpg","jetpack-related-posts":[{"id":52039,"url":"https:\/\/lasprimeras.com.do\/index.php\/2023\/06\/06\/miriam-german-confirma-le-amenazaron-con-matar-a-su-hijo\/","url_meta":{"origin":52873,"position":0},"title":"Miriam Germ\u00e1n confirma le amenazaron con matar a su hijo","author":"prenxa100","date":"6 de junio de 2023","format":false,"excerpt":"La procuradora general de la Rep\u00fablica, Miriam Germ\u00e1n Brito, confirm\u00f3 este martes que recibi\u00f3 amenazas de muerte y que estas intimidaciones fueron dirigidas a uno de sus hijos. Germ\u00e1n Brito ofreci\u00f3 estas declaraciones al arribar a las instalaciones de ese \u00f3rgano de justicia, donde fue recibida por decenas de representantes\u2026","rel":"","context":"En \u00abNACIONALES\u00bb","block_context":{"text":"NACIONALES","link":"https:\/\/lasprimeras.com.do\/index.php\/category\/nacionales\/"},"img":{"alt_text":"","src":"","width":0,"height":0},"classes":[]},{"id":56488,"url":"https:\/\/lasprimeras.com.do\/index.php\/2023\/08\/02\/a-la-j-el-acusado-de-amenazar-a-la-procuradora-miriam-german-tambien-le-borraron-la-ficha\/","url_meta":{"origin":52873,"position":1},"title":"A la &#8220;J&#8221;, el acusado de amenazar a la procuradora Miriam Germ\u00e1n, tambi\u00e9n le borraron la ficha","author":"Nelson Feliz","date":"2 de agosto de 2023","format":false,"excerpt":"Ambioris Pimentel Garc\u00eda (la J), quien fue identificado como la persona que amenaz\u00f3 a la procuradora general de la Rep\u00fablica, Miriam Germ\u00e1n Brito, fue uno de los beneficiados con la eliminaci\u00f3n de \"fichas\" que presuntamente realizaba una red desarticulada la madrugada de este martes por el Ministerio P\u00fablico. Diez de\u2026","rel":"","context":"En \u00abJUSTICIA\u00bb","block_context":{"text":"JUSTICIA","link":"https:\/\/lasprimeras.com.do\/index.php\/category\/justicia\/"},"img":{"alt_text":"Miriam Germ\u00e1n Brito","src":"https:\/\/i0.wp.com\/lasprimeras.com.do\/wp-content\/uploads\/2023\/08\/Miriam-German-Brito.jpg?resize=350%2C200&ssl=1","width":350,"height":200,"srcset":"https:\/\/i0.wp.com\/lasprimeras.com.do\/wp-content\/uploads\/2023\/08\/Miriam-German-Brito.jpg?resize=350%2C200&ssl=1 1x, https:\/\/i0.wp.com\/lasprimeras.com.do\/wp-content\/uploads\/2023\/08\/Miriam-German-Brito.jpg?resize=525%2C300&ssl=1 1.5x, https:\/\/i0.wp.com\/lasprimeras.com.do\/wp-content\/uploads\/2023\/08\/Miriam-German-Brito.jpg?resize=700%2C400&ssl=1 2x"},"classes":[]},{"id":54051,"url":"https:\/\/lasprimeras.com.do\/index.php\/2023\/07\/06\/mujer-teme-por-su-vida-dice-recibe-amenazas-de-muerte-de-su-ex-esposo\/","url_meta":{"origin":52873,"position":2},"title":"Mujer teme por su vida, dice recibe amenazas de muerte de su ex esposo","author":"Nelson Feliz","date":"6 de julio de 2023","format":false,"excerpt":"La se\u00f1ora Claribel Rosario de Pinales denunci\u00f3 que su ex esposo, Luis Emilio Pinales, la ha agredido f\u00edsica, la amenaza de muerte constantemente, por lo que solicita ayuda a la procuradora general de la Rep\u00fablica, Miriam Germ\u00e1n Brito. A trav\u00e9s de un video, Rosario Pinales, explic\u00f3 que, aunque Luis Emilio\u2026","rel":"","context":"En \u00abNACIONALES\u00bb","block_context":{"text":"NACIONALES","link":"https:\/\/lasprimeras.com.do\/index.php\/category\/nacionales\/"},"img":{"alt_text":"Claribel Rosario","src":"https:\/\/i0.wp.com\/lasprimeras.com.do\/wp-content\/uploads\/2023\/07\/Claribel-Rosario.jpg?resize=350%2C200&ssl=1","width":350,"height":200,"srcset":"https:\/\/i0.wp.com\/lasprimeras.com.do\/wp-content\/uploads\/2023\/07\/Claribel-Rosario.jpg?resize=350%2C200&ssl=1 1x, https:\/\/i0.wp.com\/lasprimeras.com.do\/wp-content\/uploads\/2023\/07\/Claribel-Rosario.jpg?resize=525%2C300&ssl=1 1.5x"},"classes":[]},{"id":52728,"url":"https:\/\/lasprimeras.com.do\/index.php\/2023\/06\/13\/operativos-de-santiago-buscan-apresar-a-miembros-de-red-del-narcotraficante-que-amenazo-a-miriam-german\/","url_meta":{"origin":52873,"position":3},"title":"Operativos de Santiago buscan apresar a miembros de red del narcotraficante que amenaz\u00f3 a Miriam Germ\u00e1n","author":"prenxa100","date":"13 de junio de 2023","format":false,"excerpt":"La procuradora Yeni Berenice Reynoso y el jefe DNCD se encuentran en Santiago. Los\u00a0operativos\u00a0que se realizan este martes en\u00a0Santiago\u00a0buscan apresar a los integrantes de la red de un\u00a0narcotraficante\u00a0dominicano residente en Espa\u00f1a, que hace unos d\u00edas amenaz\u00f3 con matar al hijo de la procuradora general de la Rep\u00fablica,\u00a0Miriam Germ\u00e1n\u00a0Brito. As\u00ed lo\u2026","rel":"","context":"En \u00abNACIONALES\u00bb","block_context":{"text":"NACIONALES","link":"https:\/\/lasprimeras.com.do\/index.php\/category\/nacionales\/"},"img":{"alt_text":"","src":"https:\/\/i0.wp.com\/lasprimeras.com.do\/wp-content\/uploads\/2023\/06\/operativos-de-santiago-buscan-apresar-a-miembros-de-red-del-narcotraficante-que-amenazo-a-miriam-german.jpg?resize=350%2C200&ssl=1","width":350,"height":200},"classes":[]},{"id":78365,"url":"https:\/\/lasprimeras.com.do\/index.php\/2024\/03\/15\/familiares-de-vtps-piden-la-intervencion-de-procuradora-miriam-german-brito\/","url_meta":{"origin":52873,"position":4},"title":"Familiares de VTP,s piden la intervenci\u00f3n de Procuradora Miriam German Brito","author":"BIMARY DE JES\u00daS Matos","date":"15 de marzo de 2024","format":false,"excerpt":"Santo Domingo.-Familiares de agentes penitenciarios que prestan servicio en el centro De Rehabilitacion Dajabon hacen un llamado a la Procuradora General de la Rep\u00fablica Do\u00f1a Miriam German , con el objetivo de que la intervenga en defensa de los agentes de vigilancia y tratamiento penitenciario VTP, los cuales se encuentran\u2026","rel":"","context":"En \u00abPORTADA\u00bb","block_context":{"text":"PORTADA","link":"https:\/\/lasprimeras.com.do\/index.php\/category\/portada\/"},"img":{"alt_text":"","src":"https:\/\/i0.wp.com\/lasprimeras.com.do\/wp-content\/uploads\/2024\/03\/IMG-20240315-WA0002.jpg?resize=350%2C200&ssl=1","width":350,"height":200,"srcset":"https:\/\/i0.wp.com\/lasprimeras.com.do\/wp-content\/uploads\/2024\/03\/IMG-20240315-WA0002.jpg?resize=350%2C200&ssl=1 1x, https:\/\/i0.wp.com\/lasprimeras.com.do\/wp-content\/uploads\/2024\/03\/IMG-20240315-WA0002.jpg?resize=525%2C300&ssl=1 1.5x, https:\/\/i0.wp.com\/lasprimeras.com.do\/wp-content\/uploads\/2024\/03\/IMG-20240315-WA0002.jpg?resize=700%2C400&ssl=1 2x, https:\/\/i0.wp.com\/lasprimeras.com.do\/wp-content\/uploads\/2024\/03\/IMG-20240315-WA0002.jpg?resize=1050%2C600&ssl=1 3x"},"classes":[]},{"id":78848,"url":"https:\/\/lasprimeras.com.do\/index.php\/2024\/03\/20\/procuradora-lamenta-suceso-ocurrido-en-la-victoria\/","url_meta":{"origin":52873,"position":5},"title":"Procuradora lamenta suceso ocurrido en La Victoria","author":"Nelson Feliz","date":"20 de marzo de 2024","format":false,"excerpt":"Miriam Germ\u00e1n Brito se solidariza con los familiares de las v\u00edctimas La Procuradora General de la Rep\u00fablica, Miriam Germ\u00e1n Brito, calific\u00f3 de lamentable lo ocurrido en la Penitenciaria Nacional de La Victoria, donde 11 internos perdieron la vida fruto del siniestro que se produjo el pasado lunes en el penal,\u2026","rel":"","context":"En \u00abNACIONALES\u00bb","block_context":{"text":"NACIONALES","link":"https:\/\/lasprimeras.com.do\/index.php\/category\/nacionales\/"},"img":{"alt_text":"Miriam Germ\u00e1n Brito","src":"https:\/\/i0.wp.com\/lasprimeras.com.do\/wp-content\/uploads\/2024\/03\/Miriam-German-Brito-.jpg?resize=350%2C200&ssl=1","width":350,"height":200},"classes":[]}],"jetpack_sharing_enabled":true,"_links":{"self":[{"href":"https:\/\/lasprimeras.com.do\/index.php\/wp-json\/wp\/v2\/posts\/52873","targetHints":{"allow":["GET"]}}],"collection":[{"href":"https:\/\/lasprimeras.com.do\/index.php\/wp-json\/wp\/v2\/posts"}],"about":[{"href":"https:\/\/lasprimeras.com.do\/index.php\/wp-json\/wp\/v2\/types\/post"}],"author":[{"embeddable":true,"href":"https:\/\/lasprimeras.com.do\/index.php\/wp-json\/wp\/v2\/users\/2"}],"replies":[{"embeddable":true,"href":"https:\/\/lasprimeras.com.do\/index.php\/wp-json\/wp\/v2\/comments?post=52873"}],"version-history":[{"count":1,"href":"https:\/\/lasprimeras.com.do\/index.php\/wp-json\/wp\/v2\/posts\/52873\/revisions"}],"predecessor-version":[{"id":52875,"href":"https:\/\/lasprimeras.com.do\/index.php\/wp-json\/wp\/v2\/posts\/52873\/revisions\/52875"}],"wp:featuredmedia":[{"embeddable":true,"href":"https:\/\/lasprimeras.com.do\/index.php\/wp-json\/wp\/v2\/media\/52874"}],"wp:attachment":[{"href":"https:\/\/lasprimeras.com.do\/index.php\/wp-json\/wp\/v2\/media?parent=52873"}],"wp:term":[{"taxonomy":"category","embeddable":true,"href":"https:\/\/lasprimeras.com.do\/index.php\/wp-json\/wp\/v2\/categories?post=52873"},{"taxonomy":"post_tag","embeddable":true,"href":"https:\/\/lasprimeras.com.do\/index.php\/wp-json\/wp\/v2\/tags?post=52873"}],"curies":[{"name":"wp","href":"https:\/\/api.w.org\/{rel}","templated":true}]}}