{"id":52876,"date":"2023-06-21T19:57:47","date_gmt":"2023-06-21T19:57:47","guid":{"rendered":"https:\/\/lasprimeras.com.do\/?p=52876"},"modified":"2023-06-21T19:58:49","modified_gmt":"2023-06-21T19:58:49","slug":"denuncian-irregularidades-en-licitacion-publica-de-la-pn-para-adquirir-equipos-de-comunicacion","status":"publish","type":"post","link":"https:\/\/lasprimeras.com.do\/index.php\/2023\/06\/21\/denuncian-irregularidades-en-licitacion-publica-de-la-pn-para-adquirir-equipos-de-comunicacion\/","title":{"rendered":"Denuncian irregularidades en licitaci\u00f3n p\u00fablica de la PN, para adquirir equipos de comunicaci\u00f3n"},"content":{"rendered":"\n<p>El periodista Roberto Moncl\u00fas denunci\u00f3 una serie de irregularidades en la licitaci\u00f3n p\u00fablica de la Polic\u00eda Nacional para adquirir radios y equipos de comunicaci\u00f3n en el marco de plan de modernizaci\u00f3n de esa instituci\u00f3n.<\/p>\n\n\n\n<p>&#8220;Durante una an\u00e1lisis al pliego de condiciones pudimos identificar ocho violaciones directas a la Ley 340-06 sobre Compras y Contrataciones P\u00fablicas&#8221;, afirm\u00f3 el periodista, en una carta depositada en la Direcci\u00f3n de Compras y Contrataciones P\u00fablicas, dirigida por Carlos Pimentel Florenz\u00e1n.<\/p>\n\n\n\n<p>Manifest\u00f3 que espera que el documento sea revisado y se elimine la direccionalidad que presenta.<\/p>\n\n\n\n<p>Adem\u00e1s, observa que la telefon\u00eda IP no es la mejor opci\u00f3n para modernizar la Direcci\u00f3n General de la Polic\u00eda; porque el Internet depende mucho del sistema energ\u00e9tico, puntualiz\u00f3 Moncl\u00fas.<\/p>\n\n\n\n<p>El comunicador y futuro abogado, cuenta con vasta experiencia en licitaci\u00f3n p\u00fablica, ya que por ocho a\u00f1os form\u00f3 parte del Comit\u00e9 de Compras de EGEHID.<\/p>\n\n\n\n<figure class=\"wp-block-image size-large\"><img decoding=\"async\" width=\"576\" height=\"1024\" src=\"https:\/\/lasprimeras.com.do\/wp-content\/uploads\/2023\/06\/WhatsApp-Image-2023-06-21-at-12.07.39-PM-1-576x1024.jpeg\" alt=\"\" class=\"wp-image-52878\" srcset=\"https:\/\/lasprimeras.com.do\/wp-content\/uploads\/2023\/06\/WhatsApp-Image-2023-06-21-at-12.07.39-PM-1-576x1024.jpeg 576w, https:\/\/lasprimeras.com.do\/wp-content\/uploads\/2023\/06\/WhatsApp-Image-2023-06-21-at-12.07.39-PM-1-169x300.jpeg 169w, https:\/\/lasprimeras.com.do\/wp-content\/uploads\/2023\/06\/WhatsApp-Image-2023-06-21-at-12.07.39-PM-1-768x1365.jpeg 768w, https:\/\/lasprimeras.com.do\/wp-content\/uploads\/2023\/06\/WhatsApp-Image-2023-06-21-at-12.07.39-PM-1-585x1040.jpeg 585w, https:\/\/lasprimeras.com.do\/wp-content\/uploads\/2023\/06\/WhatsApp-Image-2023-06-21-at-12.07.39-PM-1.jpeg 792w\" sizes=\"(max-width: 576px) 100vw, 576px\" \/><\/figure>\n\n\n\n<figure class=\"wp-block-image size-large\"><img decoding=\"async\" width=\"576\" height=\"1024\" src=\"https:\/\/lasprimeras.com.do\/wp-content\/uploads\/2023\/06\/WhatsApp-Image-2023-06-21-at-12.07.39-PM-576x1024.jpeg\" alt=\"\" class=\"wp-image-52879\" srcset=\"https:\/\/lasprimeras.com.do\/wp-content\/uploads\/2023\/06\/WhatsApp-Image-2023-06-21-at-12.07.39-PM-576x1024.jpeg 576w, https:\/\/lasprimeras.com.do\/wp-content\/uploads\/2023\/06\/WhatsApp-Image-2023-06-21-at-12.07.39-PM-169x300.jpeg 169w, https:\/\/lasprimeras.com.do\/wp-content\/uploads\/2023\/06\/WhatsApp-Image-2023-06-21-at-12.07.39-PM-768x1365.jpeg 768w, https:\/\/lasprimeras.com.do\/wp-content\/uploads\/2023\/06\/WhatsApp-Image-2023-06-21-at-12.07.39-PM-585x1040.jpeg 585w, https:\/\/lasprimeras.com.do\/wp-content\/uploads\/2023\/06\/WhatsApp-Image-2023-06-21-at-12.07.39-PM.jpeg 792w\" sizes=\"(max-width: 576px) 100vw, 576px\" \/><\/figure>\n","protected":false},"excerpt":{"rendered":"<p>El periodista Roberto Moncl\u00fas denunci\u00f3 una serie de irregularidades en la licitaci\u00f3n p\u00fablica de la Polic\u00eda Nacional para adquirir radios y equipos de comunicaci\u00f3n en el marco de plan de&hellip;<\/p>\n","protected":false},"author":2,"featured_media":52877,"comment_status":"open","ping_status":"open","sticky":false,"template":"","format":"standard","meta":{"content-type":"","jetpack_post_was_ever_published":false,"_jetpack_newsletter_access":"","_jetpack_dont_email_post_to_subs":false,"_jetpack_newsletter_tier_id":0,"_jetpack_memberships_contains_paywalled_content":false,"_jetpack_memberships_contains_paid_content":false,"footnotes":""},"categories":[35,25],"tags":[298,852,509,3676,477,3678,3677],"class_list":["post-52876","post","type-post","status-publish","format-standard","has-post-thumbnail","hentry","category-nacionales","category-portada","tag-comunicacion","tag-equipos","tag-irregularidades","tag-licitacion-publica","tag-pn","tag-radios","tag-roberto-monclus"],"jetpack_featured_media_url":"https:\/\/lasprimeras.com.do\/wp-content\/uploads\/2023\/06\/Roberto-Monclus-1.jpg","jetpack-related-posts":[{"id":67193,"url":"https:\/\/lasprimeras.com.do\/index.php\/2023\/11\/14\/someten-al-ministerio-publico-licitacion-del-intrant-por-graves-irregularidades\/","url_meta":{"origin":52876,"position":0},"title":"Someten al Ministerio P\u00fablico licitaci\u00f3n del Intrant por &#8220;graves irregularidades&#8221;","author":"BIMARY DE JES\u00daS Matos","date":"14 de noviembre de 2023","format":false,"excerpt":"Santo Domingo.-La Direcci\u00f3n General de Contrataciones P\u00fablicas determin\u00f3 que hubo irregularidades \u201cgraves\u201d en la licitaci\u00f3n del Instituto de Tr\u00e1nsito y Transporte Terrestre (Intrant) para la mejora del centro de control de tr\u00e1fico y la red semaf\u00f3rica del Gran Santo Domingo y remiti\u00f3 el caso al Ministerio P\u00fablico. Ayer, durante una\u2026","rel":"","context":"En \u00abPORTADA\u00bb","block_context":{"text":"PORTADA","link":"https:\/\/lasprimeras.com.do\/index.php\/category\/portada\/"},"img":{"alt_text":"","src":"https:\/\/i0.wp.com\/lasprimeras.com.do\/wp-content\/uploads\/2023\/11\/WhatsApp-Image-2023-11-13-at-6.59.24-PM.jpeg?resize=350%2C200&ssl=1","width":350,"height":200,"srcset":"https:\/\/i0.wp.com\/lasprimeras.com.do\/wp-content\/uploads\/2023\/11\/WhatsApp-Image-2023-11-13-at-6.59.24-PM.jpeg?resize=350%2C200&ssl=1 1x, https:\/\/i0.wp.com\/lasprimeras.com.do\/wp-content\/uploads\/2023\/11\/WhatsApp-Image-2023-11-13-at-6.59.24-PM.jpeg?resize=525%2C300&ssl=1 1.5x"},"classes":[]},{"id":70942,"url":"https:\/\/lasprimeras.com.do\/index.php\/2023\/12\/15\/bartolome-pujals-explica-contrato-tras-licitacion-y-niega-intimacion-a-periodista\/","url_meta":{"origin":52876,"position":1},"title":"Bartolom\u00e9 Pujals explica contrato tras licitaci\u00f3n y niega intimaci\u00f3n a periodista","author":"BIMARY DE JES\u00daS Matos","date":"15 de diciembre de 2023","format":false,"excerpt":"Santo Domingo.-Bartolom\u00e9 Pujals, director general de la Oficina Gubernamental de Tecnolog\u00edas de la Informaci\u00f3n y Comunicaci\u00f3n (OGTIC), elabor\u00f3 una carta abierta a la opini\u00f3n p\u00fablica en la que se defiende ante varias cr\u00edticas que han surgido por su presunto accionar en el puesto pol\u00edtico. En la misiva Pujals neg\u00f3 que\u2026","rel":"","context":"En \u00abNACIONALES\u00bb","block_context":{"text":"NACIONALES","link":"https:\/\/lasprimeras.com.do\/index.php\/category\/nacionales\/"},"img":{"alt_text":"","src":"https:\/\/i0.wp.com\/lasprimeras.com.do\/wp-content\/uploads\/2023\/12\/WhatsApp-Image-2023-12-14-at-4.48.00-PM-17.jpeg?resize=350%2C200&ssl=1","width":350,"height":200,"srcset":"https:\/\/i0.wp.com\/lasprimeras.com.do\/wp-content\/uploads\/2023\/12\/WhatsApp-Image-2023-12-14-at-4.48.00-PM-17.jpeg?resize=350%2C200&ssl=1 1x, https:\/\/i0.wp.com\/lasprimeras.com.do\/wp-content\/uploads\/2023\/12\/WhatsApp-Image-2023-12-14-at-4.48.00-PM-17.jpeg?resize=525%2C300&ssl=1 1.5x"},"classes":[]},{"id":93322,"url":"https:\/\/lasprimeras.com.do\/index.php\/2025\/02\/07\/contrataciones-publicas-anula-licitacion-del-minerd-encuentra-irregularidades-graves\/","url_meta":{"origin":52876,"position":2},"title":"Contrataciones P\u00fablicas anula licitaci\u00f3n del Minerd encuentra &#8220;irregularidades graves&#8221;","author":"Nelson Feliz","date":"7 de febrero de 2025","format":false,"excerpt":"Irregularidades millonarias frenan licitaci\u00f3n de la OCI del Minerd La Direcci\u00f3n General de Contrataciones P\u00fablicas (DGCP) inform\u00f3 a trav\u00e9s de un comunicado de prensa que ha declarado la nulidad del proceso de licitaci\u00f3n OCI-CCC-LPN-2024-0003, organizado por la Oficina de Cooperaci\u00f3n Internacional (OCI) del Ministerio de Educaci\u00f3n (Minerd), tras identificar graves\u2026","rel":"","context":"En \u00abECONOM\u00cdA\u00bb","block_context":{"text":"ECONOM\u00cdA","link":"https:\/\/lasprimeras.com.do\/index.php\/category\/economia\/"},"img":{"alt_text":"","src":"https:\/\/i0.wp.com\/lasprimeras.com.do\/wp-content\/uploads\/2024\/02\/MINERD_1.jpeg?resize=350%2C200&ssl=1","width":350,"height":200,"srcset":"https:\/\/i0.wp.com\/lasprimeras.com.do\/wp-content\/uploads\/2024\/02\/MINERD_1.jpeg?resize=350%2C200&ssl=1 1x, https:\/\/i0.wp.com\/lasprimeras.com.do\/wp-content\/uploads\/2024\/02\/MINERD_1.jpeg?resize=525%2C300&ssl=1 1.5x, https:\/\/i0.wp.com\/lasprimeras.com.do\/wp-content\/uploads\/2024\/02\/MINERD_1.jpeg?resize=700%2C400&ssl=1 2x, https:\/\/i0.wp.com\/lasprimeras.com.do\/wp-content\/uploads\/2024\/02\/MINERD_1.jpeg?resize=1050%2C600&ssl=1 3x"},"classes":[]},{"id":74119,"url":"https:\/\/lasprimeras.com.do\/index.php\/2024\/01\/19\/el-ministerio-publico-engaveta-licitacion-caso-intrant-hugo-beras\/","url_meta":{"origin":52876,"position":3},"title":"El Ministerio P\u00fablico engaveta licitaci\u00f3n \u201cCaso Intrant- Hugo Beras\u201d","author":"Nelson Feliz","date":"19 de enero de 2024","format":false,"excerpt":"Ciudadanos piden al MP reapertura de las investigaciones\u00a0a Hugo Beras sobre el caso Intrant. Tras la denuncia de irregularidades en una licitaci\u00f3n para dotar de nuevos sem\u00e1foros al Gran Santo Domingo, en el Instituto Nacional de Tr\u00e1nsito y Transporte Terrestre (INTRANT), ciudadanos solicitan al presidente Luis Abinader que ordene la\u2026","rel":"","context":"En \u00abNACIONALES\u00bb","block_context":{"text":"NACIONALES","link":"https:\/\/lasprimeras.com.do\/index.php\/category\/nacionales\/"},"img":{"alt_text":"Hugo Beras","src":"https:\/\/i0.wp.com\/lasprimeras.com.do\/wp-content\/uploads\/2023\/11\/hugo-beras.jpg?resize=350%2C200&ssl=1","width":350,"height":200,"srcset":"https:\/\/i0.wp.com\/lasprimeras.com.do\/wp-content\/uploads\/2023\/11\/hugo-beras.jpg?resize=350%2C200&ssl=1 1x, https:\/\/i0.wp.com\/lasprimeras.com.do\/wp-content\/uploads\/2023\/11\/hugo-beras.jpg?resize=525%2C300&ssl=1 1.5x"},"classes":[]},{"id":111431,"url":"https:\/\/lasprimeras.com.do\/index.php\/2025\/10\/08\/adocco-denuncia-irregularidades-en-el-proceso-de-licitacion-licencias-del-intrant\/","url_meta":{"origin":52876,"position":4},"title":"ADOCCO denuncia irregularidades en el proceso de licitaci\u00f3n licencias del INTRANT","author":"Nelson Feliz","date":"8 de octubre de 2025","format":false,"excerpt":"Imputa al ingeniero MILTON TE\u00d3FILO MORRISON MARTINEZ de confabulaci\u00f3n con el CONSORCIO MOBILITY ID para defraudar al Estado La Alianza Dominicana Contra la Corrupci\u00f3n (ADOCCO) denuncia por ante la PEPCA los peligros que acechan a la Rep\u00fablica Dominicana al estar toda la data de los dominicanos y dominicanas de las\u2026","rel":"","context":"En \u00abECONOM\u00cdA\u00bb","block_context":{"text":"ECONOM\u00cdA","link":"https:\/\/lasprimeras.com.do\/index.php\/category\/economia\/"},"img":{"alt_text":"Julio C\u00e9sar de la Rosa Tiburcio","src":"https:\/\/i0.wp.com\/lasprimeras.com.do\/wp-content\/uploads\/2025\/03\/Julio-Cesar-de-la-Rosa-Tiburcio.jpg?resize=350%2C200&ssl=1","width":350,"height":200,"srcset":"https:\/\/i0.wp.com\/lasprimeras.com.do\/wp-content\/uploads\/2025\/03\/Julio-Cesar-de-la-Rosa-Tiburcio.jpg?resize=350%2C200&ssl=1 1x, https:\/\/i0.wp.com\/lasprimeras.com.do\/wp-content\/uploads\/2025\/03\/Julio-Cesar-de-la-Rosa-Tiburcio.jpg?resize=525%2C300&ssl=1 1.5x, https:\/\/i0.wp.com\/lasprimeras.com.do\/wp-content\/uploads\/2025\/03\/Julio-Cesar-de-la-Rosa-Tiburcio.jpg?resize=700%2C400&ssl=1 2x"},"classes":[]},{"id":65679,"url":"https:\/\/lasprimeras.com.do\/index.php\/2023\/10\/30\/contrataciones-publicas-suspende-cuestionado-contrato-entre-el-intrant-y-transcore-latam\/","url_meta":{"origin":52876,"position":5},"title":"Contrataciones P\u00fablicas suspende cuestionado contrato entre el Intrant y Transcore Latam","author":"Nelson Feliz","date":"30 de octubre de 2023","format":false,"excerpt":"Piden remitir de manera formal el documento a la para Contralor\u00eda General de la Rep\u00fablica. La Direcci\u00f3n General de Contrataciones P\u00fablicas (DGCP) decidi\u00f3, a trav\u00e9s de una resoluci\u00f3n, la suspensi\u00f3n del contrato suscrito con la empresa Transcore Latam, S.R.L para la \"Contrataci\u00f3n del Servicio de Modernizaci\u00f3n, Ampliaci\u00f3n, Supervisi\u00f3n y Gesti\u00f3n\u2026","rel":"","context":"En \u00abECONOM\u00cdA\u00bb","block_context":{"text":"ECONOM\u00cdA","link":"https:\/\/lasprimeras.com.do\/index.php\/category\/economia\/"},"img":{"alt_text":"Hugo Beras","src":"https:\/\/i0.wp.com\/lasprimeras.com.do\/wp-content\/uploads\/2023\/10\/Hugo-Beras.jpg?resize=350%2C200&ssl=1","width":350,"height":200,"srcset":"https:\/\/i0.wp.com\/lasprimeras.com.do\/wp-content\/uploads\/2023\/10\/Hugo-Beras.jpg?resize=350%2C200&ssl=1 1x, https:\/\/i0.wp.com\/lasprimeras.com.do\/wp-content\/uploads\/2023\/10\/Hugo-Beras.jpg?resize=525%2C300&ssl=1 1.5x, https:\/\/i0.wp.com\/lasprimeras.com.do\/wp-content\/uploads\/2023\/10\/Hugo-Beras.jpg?resize=700%2C400&ssl=1 2x"},"classes":[]}],"jetpack_sharing_enabled":true,"_links":{"self":[{"href":"https:\/\/lasprimeras.com.do\/index.php\/wp-json\/wp\/v2\/posts\/52876","targetHints":{"allow":["GET"]}}],"collection":[{"href":"https:\/\/lasprimeras.com.do\/index.php\/wp-json\/wp\/v2\/posts"}],"about":[{"href":"https:\/\/lasprimeras.com.do\/index.php\/wp-json\/wp\/v2\/types\/post"}],"author":[{"embeddable":true,"href":"https:\/\/lasprimeras.com.do\/index.php\/wp-json\/wp\/v2\/users\/2"}],"replies":[{"embeddable":true,"href":"https:\/\/lasprimeras.com.do\/index.php\/wp-json\/wp\/v2\/comments?post=52876"}],"version-history":[{"count":1,"href":"https:\/\/lasprimeras.com.do\/index.php\/wp-json\/wp\/v2\/posts\/52876\/revisions"}],"predecessor-version":[{"id":52880,"href":"https:\/\/lasprimeras.com.do\/index.php\/wp-json\/wp\/v2\/posts\/52876\/revisions\/52880"}],"wp:featuredmedia":[{"embeddable":true,"href":"https:\/\/lasprimeras.com.do\/index.php\/wp-json\/wp\/v2\/media\/52877"}],"wp:attachment":[{"href":"https:\/\/lasprimeras.com.do\/index.php\/wp-json\/wp\/v2\/media?parent=52876"}],"wp:term":[{"taxonomy":"category","embeddable":true,"href":"https:\/\/lasprimeras.com.do\/index.php\/wp-json\/wp\/v2\/categories?post=52876"},{"taxonomy":"post_tag","embeddable":true,"href":"https:\/\/lasprimeras.com.do\/index.php\/wp-json\/wp\/v2\/tags?post=52876"}],"curies":[{"name":"wp","href":"https:\/\/api.w.org\/{rel}","templated":true}]}}