{"id":52899,"date":"2023-06-21T22:35:26","date_gmt":"2023-06-21T22:35:26","guid":{"rendered":"https:\/\/lasprimeras.com.do\/?p=52899"},"modified":"2023-06-21T22:35:27","modified_gmt":"2023-06-21T22:35:27","slug":"chromatic-firma-convenio-con-beauty-coop","status":"publish","type":"post","link":"https:\/\/lasprimeras.com.do\/index.php\/2023\/06\/21\/chromatic-firma-convenio-con-beauty-coop\/","title":{"rendered":"Chromatic firma convenio con Beauty Coop"},"content":{"rendered":"\n<p>Como parte de su compromiso con el crecimiento de la industria de la belleza, el Instituto Chromatic firm\u00f3 un convenio de colaboraci\u00f3n con la cooperativa Beauty Coop.<\/p>\n\n\n\n<p>El acuerdo contempla la posibilidad de apoyo financiero para que profesionales de la belleza puedan ampliar sus conocimientos en el \u00e1rea, al igual que aquellos que quieran incursionar por vez primera en la industria, form\u00e1ndose y educ\u00e1ndose en Chromatic.<\/p>\n\n\n\n<p>\u201cEsta firma nos compromete fielmente para que los artistas que trabajan en el mundo de la belleza puedan prepararse y lograr la reinversi\u00f3n de la industria, convirti\u00e9ndose en l\u00edderes dentro del mundo de la belleza\u201d, sostuvo Arleny Lantigua, CEO de Chromatic.<\/p>\n\n\n\n<p>De su lado, Nelson Ram\u00edrez, fundador de Beauty Coop, explic\u00f3 que la cooperativa nace como una oportunidad para poder impulsar a todos sus asociados a trav\u00e9s de un crecimiento integral basado en la educaci\u00f3n financiera y la importancia del ahorro.<\/p>\n\n\n\n<p>\u201cEstamos firmando un acuerdo importante con Chromatic para que esas personas que no tienen la posibilidad de poder pagar de manera inmediata un curso por primera vez o una actualizaci\u00f3n cuenten con ese apoyo financiero de Beauty Coop y puedan luego pagar en plazos\u201d, enfatiz\u00f3 Ramirez.<\/p>\n\n\n\n<p>Chromatic es un instituto de belleza localizado en la ciudad de Santiago, fundado en abril del 2022 y con tan solo un a\u00f1o de formado ha ofrecido m\u00e1s de 200 capacitaciones.<\/p>\n\n\n\n<p>Trabajan en la formaci\u00f3n tanto del \u00e1rea de la belleza como herramientas intangibles que funcionan a todo profesional como talleres de oratoria, marketing digital, liderazgo, negocios, etiqueta y protocolo.<\/p>\n","protected":false},"excerpt":{"rendered":"<p>Como parte de su compromiso con el crecimiento de la industria de la belleza, el Instituto Chromatic firm\u00f3 un convenio de colaboraci\u00f3n con la cooperativa Beauty Coop. El acuerdo contempla&hellip;<\/p>\n","protected":false},"author":2,"featured_media":52900,"comment_status":"open","ping_status":"open","sticky":false,"template":"","format":"standard","meta":{"content-type":"","jetpack_post_was_ever_published":false,"_jetpack_newsletter_access":"","_jetpack_dont_email_post_to_subs":false,"_jetpack_newsletter_tier_id":0,"_jetpack_memberships_contains_paywalled_content":false,"_jetpack_memberships_contains_paid_content":false,"footnotes":""},"categories":[630],"tags":[3689,3688,3581],"class_list":["post-52899","post","type-post","status-publish","format-standard","has-post-thumbnail","hentry","category-deportes","tag-beauty-coop","tag-chromatic","tag-convenio"],"jetpack_featured_media_url":"https:\/\/lasprimeras.com.do\/wp-content\/uploads\/2023\/06\/Ejecutivos-y-colaboradores-de-Chromatic-y-Beauty-Coop.jpg","jetpack-related-posts":[{"id":65455,"url":"https:\/\/lasprimeras.com.do\/index.php\/2023\/10\/28\/comunicadora-nathaly-luna-regresa-a-su-rol-de-empresaria-con-nuevo-proyecto\/","url_meta":{"origin":52899,"position":0},"title":"Comunicadora Nathaly Luna regresa a su rol de empresaria con nuevo proyecto","author":"BIMARY DE JES\u00daS Matos","date":"28 de octubre de 2023","format":false,"excerpt":"Santo Domingo.-La comunicadora Nathaly Luna regres\u00f3 a su rol de empresaria con su nuevo centro de belleza, Luna Beauty Concept, situado en el sector Piantini, Distrito Nacional. Luna, quien ha sido conductora de los programas de televisi\u00f3n \u00abQ lo q hay\u00bb y \u00abLa Opci\u00f3n 13.0\u00bb, comparti\u00f3 la noticia con los\u2026","rel":"","context":"En \u00abENTRETENIMIENTO\u00bb","block_context":{"text":"ENTRETENIMIENTO","link":"https:\/\/lasprimeras.com.do\/index.php\/category\/entretenimiento\/"},"img":{"alt_text":"","src":"https:\/\/i0.wp.com\/lasprimeras.com.do\/wp-content\/uploads\/2023\/10\/licey-ess-1.jpg?resize=350%2C200&ssl=1","width":350,"height":200,"srcset":"https:\/\/i0.wp.com\/lasprimeras.com.do\/wp-content\/uploads\/2023\/10\/licey-ess-1.jpg?resize=350%2C200&ssl=1 1x, https:\/\/i0.wp.com\/lasprimeras.com.do\/wp-content\/uploads\/2023\/10\/licey-ess-1.jpg?resize=525%2C300&ssl=1 1.5x"},"classes":[]},{"id":94980,"url":"https:\/\/lasprimeras.com.do\/index.php\/2025\/03\/07\/idecoop-interviene-cooperativa-coop-capital-ante-irregularidades-en-su-gestion\/","url_meta":{"origin":52899,"position":1},"title":"Idecoop interviene Cooperativa Coop Capital ante irregularidades en su gesti\u00f3n","author":"Nelson Feliz","date":"7 de marzo de 2025","format":false,"excerpt":"El Consejo de directores del Instituto de Desarrollo y Cr\u00e9dito Cooperativo (Idecoop) decidi\u00f3, mediante la resoluci\u00f3n 01-24, intervenir la Cooperativa de Ahorro, Cr\u00e9dito y Servicios M\u00faltiples Capital (COOPCAPITAL), tras detectar irregularidades en su gesti\u00f3n administrativa, financiera y de gobernabilidad. Esta intervenci\u00f3n es resultado, de un proceso de supervisi\u00f3n especial, que\u2026","rel":"","context":"En \u00abECONOM\u00cdA\u00bb","block_context":{"text":"ECONOM\u00cdA","link":"https:\/\/lasprimeras.com.do\/index.php\/category\/economia\/"},"img":{"alt_text":"","src":"https:\/\/i0.wp.com\/lasprimeras.com.do\/wp-content\/uploads\/2025\/03\/Idecoop.jpg?resize=350%2C200&ssl=1","width":350,"height":200,"srcset":"https:\/\/i0.wp.com\/lasprimeras.com.do\/wp-content\/uploads\/2025\/03\/Idecoop.jpg?resize=350%2C200&ssl=1 1x, https:\/\/i0.wp.com\/lasprimeras.com.do\/wp-content\/uploads\/2025\/03\/Idecoop.jpg?resize=525%2C300&ssl=1 1.5x, https:\/\/i0.wp.com\/lasprimeras.com.do\/wp-content\/uploads\/2025\/03\/Idecoop.jpg?resize=700%2C400&ssl=1 2x"},"classes":[]},{"id":63247,"url":"https:\/\/lasprimeras.com.do\/index.php\/2023\/10\/11\/varma-afirma-fue-perjudicada-en-caso-coop-herrera-y-saluda-investigacion-de-las-autoridades\/","url_meta":{"origin":52899,"position":2},"title":"VARMA afirma fue perjudicada en caso Coop-Herrera y saluda investigaci\u00f3n de las autoridades","author":"Nelson Feliz","date":"11 de octubre de 2023","format":false,"excerpt":"Las empresas pertenecientes al Grupo VARMA, vinculadas al ingeniero Miguel Vargas Maldonado, informaron a la opini\u00f3n p\u00fablica nacional que fueron afectadas por la Cooperativa de Ahorro y Cr\u00e9dito Herrera (Coop-Herrera), entidad acusada ante la justicia de defraudar a sus asociados. A trav\u00e9s de un comunicado de prensa, la referida organizaci\u00f3n\u2026","rel":"","context":"En \u00abECONOM\u00cdA\u00bb","block_context":{"text":"ECONOM\u00cdA","link":"https:\/\/lasprimeras.com.do\/index.php\/category\/economia\/"},"img":{"alt_text":"Miguel Vargas Maldonado","src":"https:\/\/i0.wp.com\/lasprimeras.com.do\/wp-content\/uploads\/2023\/09\/Miguel-Vargas-Maldonado-2.jpg?resize=350%2C200&ssl=1","width":350,"height":200,"srcset":"https:\/\/i0.wp.com\/lasprimeras.com.do\/wp-content\/uploads\/2023\/09\/Miguel-Vargas-Maldonado-2.jpg?resize=350%2C200&ssl=1 1x, https:\/\/i0.wp.com\/lasprimeras.com.do\/wp-content\/uploads\/2023\/09\/Miguel-Vargas-Maldonado-2.jpg?resize=525%2C300&ssl=1 1.5x, https:\/\/i0.wp.com\/lasprimeras.com.do\/wp-content\/uploads\/2023\/09\/Miguel-Vargas-Maldonado-2.jpg?resize=700%2C400&ssl=1 2x"},"classes":[]},{"id":63158,"url":"https:\/\/lasprimeras.com.do\/index.php\/2023\/10\/10\/exadministrador-de-coop-herrera-se-creo-certificados-por-rd50-millones-segun-el-mp\/","url_meta":{"origin":52899,"position":3},"title":"Exadministrador de Coop-Herrera se cre\u00f3 certificados por RD$50 millones, seg\u00fan el MP","author":"Nelson Feliz","date":"10 de octubre de 2023","format":false,"excerpt":"Los investigadores dicen que M\u00e9ndez utiliz\u00f3 una red de 29 personas para pr\u00e9stamos ficticios. De acuerdo con la imputaci\u00f3n que le hace el Ministerio P\u00fablico, el exadministrador general de la Cooperativa de Ahorro y Cr\u00e9dito Herrera, INC, (Coop-Herrera), Jorge Eligio M\u00e9ndez, se cre\u00f3 a nombre propio 38 certificados a plazo\u2026","rel":"","context":"En \u00abJUSTICIA\u00bb","block_context":{"text":"JUSTICIA","link":"https:\/\/lasprimeras.com.do\/index.php\/category\/justicia\/"},"img":{"alt_text":"Jorge Eligio M\u00e9ndez, cuando fue conducido a un juez para conocerle solicitud de coerci\u00f3n. (FRANCISCO ARIAS)","src":"https:\/\/i0.wp.com\/lasprimeras.com.do\/wp-content\/uploads\/2023\/10\/Jorge-Eligio-Mendez.jpg?resize=350%2C200&ssl=1","width":350,"height":200,"srcset":"https:\/\/i0.wp.com\/lasprimeras.com.do\/wp-content\/uploads\/2023\/10\/Jorge-Eligio-Mendez.jpg?resize=350%2C200&ssl=1 1x, https:\/\/i0.wp.com\/lasprimeras.com.do\/wp-content\/uploads\/2023\/10\/Jorge-Eligio-Mendez.jpg?resize=525%2C300&ssl=1 1.5x, https:\/\/i0.wp.com\/lasprimeras.com.do\/wp-content\/uploads\/2023\/10\/Jorge-Eligio-Mendez.jpg?resize=700%2C400&ssl=1 2x"},"classes":[]},{"id":62730,"url":"https:\/\/lasprimeras.com.do\/index.php\/2023\/10\/06\/este-sabado-conoceran-medida-de-coercion-a-directivos-de-cooperativa-herrera\/","url_meta":{"origin":52899,"position":4},"title":"Este s\u00e1bado conocer\u00e1n medida de coerci\u00f3n a directivos de Cooperativa Herrera","author":"BIMARY DE JES\u00daS Matos","date":"6 de octubre de 2023","format":false,"excerpt":"Santo Domingo.-El Juzgado de Atenci\u00f3n Permanente de Santo Domingo Oeste conocer\u00e1 este s\u00e1bado a las 9:00 de la ma\u00f1ana la medida de coerci\u00f3n a los siete directivos de la Cooperativa de Ahorros y Cr\u00e9dito Herrera (Coop-Herrera) acusados por el Ministerio P\u00fablico de cometer un fraude de unos RD$ 2,500 millones.\u2026","rel":"","context":"En \u00abNACIONALES\u00bb","block_context":{"text":"NACIONALES","link":"https:\/\/lasprimeras.com.do\/index.php\/category\/nacionales\/"},"img":{"alt_text":"","src":"https:\/\/i0.wp.com\/lasprimeras.com.do\/wp-content\/uploads\/2023\/10\/Captura-de-pantalla-2023-09-15-180510-1.jpg?resize=350%2C200&ssl=1","width":350,"height":200,"srcset":"https:\/\/i0.wp.com\/lasprimeras.com.do\/wp-content\/uploads\/2023\/10\/Captura-de-pantalla-2023-09-15-180510-1.jpg?resize=350%2C200&ssl=1 1x, https:\/\/i0.wp.com\/lasprimeras.com.do\/wp-content\/uploads\/2023\/10\/Captura-de-pantalla-2023-09-15-180510-1.jpg?resize=525%2C300&ssl=1 1.5x, https:\/\/i0.wp.com\/lasprimeras.com.do\/wp-content\/uploads\/2023\/10\/Captura-de-pantalla-2023-09-15-180510-1.jpg?resize=700%2C400&ssl=1 2x"},"classes":[]},{"id":62774,"url":"https:\/\/lasprimeras.com.do\/index.php\/2023\/10\/07\/directivos-de-coop-herrera-constituyeron-una-asociacion-de-malhechores-a-partir-de-2018\/","url_meta":{"origin":52899,"position":5},"title":"Directivos de Coop-Herrera constituyeron una asociaci\u00f3n de malhechores a partir de 2018","author":"Nelson Feliz","date":"7 de octubre de 2023","format":false,"excerpt":"De acuerdo con el relato del Ministerio P\u00fablico en la solicitud de medida de coerci\u00f3n, los directivos de la cooperativa Coop-Herrera vinculados a un fraude contra los socios de esa instituci\u00f3n que asciende a m\u00e1s de RD$2,500 millones se constituyeron en una asociaci\u00f3n de malhechores a partir de 2018. Seg\u00fan\u2026","rel":"","context":"En \u00abJUSTICIA\u00bb","block_context":{"text":"JUSTICIA","link":"https:\/\/lasprimeras.com.do\/index.php\/category\/justicia\/"},"img":{"alt_text":"Este s\u00e1bado se realiz\u00f3 el primer intento de conocer medidas de coerci\u00f3n a los implicados en Operaci\u00f3n B\u00faho (FRANCISCO ARIAS)","src":"https:\/\/i0.wp.com\/lasprimeras.com.do\/wp-content\/uploads\/2023\/10\/implicados-en-Operacion-Buho.jpg?resize=350%2C200&ssl=1","width":350,"height":200,"srcset":"https:\/\/i0.wp.com\/lasprimeras.com.do\/wp-content\/uploads\/2023\/10\/implicados-en-Operacion-Buho.jpg?resize=350%2C200&ssl=1 1x, https:\/\/i0.wp.com\/lasprimeras.com.do\/wp-content\/uploads\/2023\/10\/implicados-en-Operacion-Buho.jpg?resize=525%2C300&ssl=1 1.5x, https:\/\/i0.wp.com\/lasprimeras.com.do\/wp-content\/uploads\/2023\/10\/implicados-en-Operacion-Buho.jpg?resize=700%2C400&ssl=1 2x"},"classes":[]}],"jetpack_sharing_enabled":true,"_links":{"self":[{"href":"https:\/\/lasprimeras.com.do\/index.php\/wp-json\/wp\/v2\/posts\/52899","targetHints":{"allow":["GET"]}}],"collection":[{"href":"https:\/\/lasprimeras.com.do\/index.php\/wp-json\/wp\/v2\/posts"}],"about":[{"href":"https:\/\/lasprimeras.com.do\/index.php\/wp-json\/wp\/v2\/types\/post"}],"author":[{"embeddable":true,"href":"https:\/\/lasprimeras.com.do\/index.php\/wp-json\/wp\/v2\/users\/2"}],"replies":[{"embeddable":true,"href":"https:\/\/lasprimeras.com.do\/index.php\/wp-json\/wp\/v2\/comments?post=52899"}],"version-history":[{"count":1,"href":"https:\/\/lasprimeras.com.do\/index.php\/wp-json\/wp\/v2\/posts\/52899\/revisions"}],"predecessor-version":[{"id":52901,"href":"https:\/\/lasprimeras.com.do\/index.php\/wp-json\/wp\/v2\/posts\/52899\/revisions\/52901"}],"wp:featuredmedia":[{"embeddable":true,"href":"https:\/\/lasprimeras.com.do\/index.php\/wp-json\/wp\/v2\/media\/52900"}],"wp:attachment":[{"href":"https:\/\/lasprimeras.com.do\/index.php\/wp-json\/wp\/v2\/media?parent=52899"}],"wp:term":[{"taxonomy":"category","embeddable":true,"href":"https:\/\/lasprimeras.com.do\/index.php\/wp-json\/wp\/v2\/categories?post=52899"},{"taxonomy":"post_tag","embeddable":true,"href":"https:\/\/lasprimeras.com.do\/index.php\/wp-json\/wp\/v2\/tags?post=52899"}],"curies":[{"name":"wp","href":"https:\/\/api.w.org\/{rel}","templated":true}]}}