{"id":52905,"date":"2023-06-21T23:23:12","date_gmt":"2023-06-21T23:23:12","guid":{"rendered":"https:\/\/lasprimeras.com.do\/?p=52905"},"modified":"2023-06-21T23:23:13","modified_gmt":"2023-06-21T23:23:13","slug":"demostenes-martinez-obras-del-gobierno-no-corresponden-con-demandas-de-santiagueros","status":"publish","type":"post","link":"https:\/\/lasprimeras.com.do\/index.php\/2023\/06\/21\/demostenes-martinez-obras-del-gobierno-no-corresponden-con-demandas-de-santiagueros\/","title":{"rendered":"Dem\u00f3stenes Mart\u00ednez: &#8220;Obras del Gobierno no corresponden con demandas de Santiagueros&#8221;"},"content":{"rendered":"\n<p>El miembro de la Direcci\u00f3n Pol\u00edtica del partido Fuerza del Pueblo (FP), Dem\u00f3stenes Mart\u00ednez, reiter\u00f3  que trabaja para lograr nuevas iniciativas y responder a las demandas de los Santiagueros.<\/p>\n\n\n\n<p>Destac\u00f3 que las necesidades de Santiago no han sido correspondidas hasta la fecha por parte de las actuales autoridades. \u201cSe necesita una persona cerca, que defienda los derechos, comprenda las necesidades y que se parezca a los santiagueros\u201d, argument\u00f3.<\/p>\n\n\n\n<p>Mart\u00ednez asegur\u00f3 que las principales preocupaciones de los santiagueros, son los niveles de inseguridad y la criminalidad.<\/p>\n\n\n\n<p>Revel\u00f3 que han trabajado varios planes en diferentes \u00e1reas, para plantear mejores posibilidades para la ciudad. Agreg\u00f3 \u201cEl 18 o 20 de julio estaremos presentando a la provincia de Santiago las propuestas que tenemos como futura legislaci\u00f3n\u201d.<\/p>\n\n\n\n<p>Estableci\u00f3 que est\u00e1 dispuesto a escuchar a todos los sectores de la fuerza viva de la ciudad, en busca de conocer sus necesidades y dar respuestas a ellas.<\/p>\n\n\n\n<p>Dem\u00f3stenes Mart\u00ednez se refiri\u00f3 en estos t\u00e9rminos el programa \u201cEL NUEVO DIARIO SANTIAGO\u201d, conducido por los periodistas, Glenn Davis Felipe, Kismel Cruz y Adalgisa Castillo.<\/p>\n\n\n\n<p>El pol\u00edtico no descarta ninguna alianza con organizaciones pol\u00edticas, ya que cuentan con una comisi\u00f3n de alianza que ha estado en comunicaci\u00f3n con diversos partidos interesados en formar parte de sus propuestas y que han mostrado admiraci\u00f3n por \u00e9l.<\/p>\n\n\n\n<p>En cuanto a la Federaci\u00f3n de Estudiantes de la Universidad Aut\u00f3noma de Santo Domingo (UASD), expres\u00f3 \u201cSiento que se ha ido perdiendo la m\u00edstica que ten\u00edamos con anterioridad, sin embargo, entiendo que los tiempos han cambiado\u201d.<\/p>\n\n\n\n<p>Afirm\u00f3 que Santiago es una ciudad que demanda mucho, los ciudadanos son capaces de discernir y elegir en base a las acciones realizadas, quienes han sabido elegir senador, alcalde y regidor de diferentes corrientes pol\u00edticas.<\/p>\n\n\n\n<p>Critic\u00f3 la gesti\u00f3n de obras por parte del Gobierno que no han sido demandas por parte de los ciudadanos. \u201cCreo que lo que ha hecho el Gobierno o ha intentado, no corresponde con las reivindicaciones de la ciudad\u201d, manifest\u00f3.<\/p>\n\n\n\n<p>Dijo que los mun\u00edcipes de Navarrete no tienen nada que agradecer al presidente y as\u00ed San Jos\u00e9 de las Matas, J\u00e1nico, Sabana Iglesia, Pu\u00f1al, Tamboril y Licey. \u201cEl Gobierno no ha hecho nada en sus municipios, han dejado abandonada 30 escuelas, mientras que el ministro de Educaci\u00f3n anuncia 400 furgones para cumplir carencias de aulas\u201d, finaliz\u00f3.<\/p>\n","protected":false},"excerpt":{"rendered":"<p>El miembro de la Direcci\u00f3n Pol\u00edtica del partido Fuerza del Pueblo (FP), Dem\u00f3stenes Mart\u00ednez, reiter\u00f3 que trabaja para lograr nuevas iniciativas y responder a las demandas de los Santiagueros. Destac\u00f3&hellip;<\/p>\n","protected":false},"author":2,"featured_media":52906,"comment_status":"open","ping_status":"open","sticky":false,"template":"","format":"standard","meta":{"content-type":"","jetpack_post_was_ever_published":false,"_jetpack_newsletter_access":"","_jetpack_dont_email_post_to_subs":false,"_jetpack_newsletter_tier_id":0,"_jetpack_memberships_contains_paywalled_content":false,"_jetpack_memberships_contains_paid_content":false,"footnotes":""},"categories":[25],"tags":[1914,3692,171,374,3693],"class_list":["post-52905","post","type-post","status-publish","format-standard","has-post-thumbnail","hentry","category-portada","tag-demandas","tag-demostenes-martinez","tag-gobierno","tag-obras","tag-santiagueros"],"jetpack_featured_media_url":"https:\/\/lasprimeras.com.do\/wp-content\/uploads\/2023\/06\/Demostenes-Martinez.jpg","jetpack-related-posts":[{"id":118434,"url":"https:\/\/lasprimeras.com.do\/index.php\/2025\/12\/28\/santiago-sin-agua-desde-el-25-de-diciembre\/","url_meta":{"origin":52905,"position":0},"title":"Santiago sin agua desde el 25 de diciembre","author":"Nelson Feliz","date":"28 de diciembre de 2025","format":false,"excerpt":"FP exige soluci\u00f3n urgente a crisis que afecta a m\u00e1s de 800 mil santiagueros y mocanos Dem\u00f3stenes Mart\u00ednez y Hamlet Ot\u00e1\u00f1ez denuncian negligencia oficial y advierten impacto humano, sanitario y econ\u00f3mico sin precedentes. El partido Fuerza del Pueblo (FP) exigi\u00f3 una soluci\u00f3n inmediata y definitiva a la grave crisis de\u2026","rel":"","context":"En \u00abPOLITICA\u00bb","block_context":{"text":"POLITICA","link":"https:\/\/lasprimeras.com.do\/index.php\/category\/politica\/"},"img":{"alt_text":"Dem\u00f3stenes Mart\u00ednez","src":"https:\/\/i0.wp.com\/lasprimeras.com.do\/wp-content\/uploads\/2025\/12\/Demostenes-Martinez.jpg?resize=350%2C200&ssl=1","width":350,"height":200,"srcset":"https:\/\/i0.wp.com\/lasprimeras.com.do\/wp-content\/uploads\/2025\/12\/Demostenes-Martinez.jpg?resize=350%2C200&ssl=1 1x, https:\/\/i0.wp.com\/lasprimeras.com.do\/wp-content\/uploads\/2025\/12\/Demostenes-Martinez.jpg?resize=525%2C300&ssl=1 1.5x, https:\/\/i0.wp.com\/lasprimeras.com.do\/wp-content\/uploads\/2025\/12\/Demostenes-Martinez.jpg?resize=700%2C400&ssl=1 2x"},"classes":[]},{"id":102073,"url":"https:\/\/lasprimeras.com.do\/index.php\/2025\/06\/30\/muere-el-boxeador-santiaguero-walberson-melendez-tras-accidente-de-transito\/","url_meta":{"origin":52905,"position":1},"title":"Muere el boxeador santiaguero Walberson Mel\u00e9ndez tras accidente de tr\u00e1nsito","author":"Nelson Feliz","date":"30 de junio de 2025","format":false,"excerpt":"El deportista fue impactado por un motorista que perdi\u00f3 el control de la moto mientras calibraba. Muri\u00f3 el joven boxeador Walberson Mel\u00e9ndez, de 29 a\u00f1os, luego de permanecer varios d\u00edas ingresado en un centro de salud por un accidente de tr\u00e1nsito. El deportista fue impactado por un motorista que perdi\u00f3\u2026","rel":"","context":"En \u00abDEPORTES\u00bb","block_context":{"text":"DEPORTES","link":"https:\/\/lasprimeras.com.do\/index.php\/category\/deportes\/"},"img":{"alt_text":"","src":"https:\/\/i0.wp.com\/lasprimeras.com.do\/wp-content\/uploads\/2025\/06\/OXEADOR.jpeg?resize=350%2C200&ssl=1","width":350,"height":200,"srcset":"https:\/\/i0.wp.com\/lasprimeras.com.do\/wp-content\/uploads\/2025\/06\/OXEADOR.jpeg?resize=350%2C200&ssl=1 1x, https:\/\/i0.wp.com\/lasprimeras.com.do\/wp-content\/uploads\/2025\/06\/OXEADOR.jpeg?resize=525%2C300&ssl=1 1.5x"},"classes":[]},{"id":89733,"url":"https:\/\/lasprimeras.com.do\/index.php\/2024\/10\/03\/paliza-asegura-sistema-integrado-de-transporte-dignificara-calidad-de-vida-de-los-santiagueros\/","url_meta":{"origin":52905,"position":2},"title":"Paliza asegura Sistema Integrado de Transporte dignificar\u00e1 calidad de vida de los santiagueros","author":"Nelson Feliz","date":"3 de octubre de 2024","format":false,"excerpt":"El ministro de la Presidencia, Jos\u00e9 Ignacio Paliza, realiz\u00f3 una visita de supervisi\u00f3n de los avances y novedades del Sistema Integrado de Transporte P\u00fablico de Santiago (SITP), el cual contribuir\u00e1 a la transformaci\u00f3n de la movilidad y el transporte masivo de la \u201cciudad coraz\u00f3n\u201d. \u201cEste nuevo sistema de transporte dignificar\u00e1\u2026","rel":"","context":"En \u00abNACIONALES\u00bb","block_context":{"text":"NACIONALES","link":"https:\/\/lasprimeras.com.do\/index.php\/category\/nacionales\/"},"img":{"alt_text":"","src":"https:\/\/i0.wp.com\/lasprimeras.com.do\/wp-content\/uploads\/2024\/10\/Jose-Ignacio-Paliza-3.jpg?resize=350%2C200&ssl=1","width":350,"height":200,"srcset":"https:\/\/i0.wp.com\/lasprimeras.com.do\/wp-content\/uploads\/2024\/10\/Jose-Ignacio-Paliza-3.jpg?resize=350%2C200&ssl=1 1x, https:\/\/i0.wp.com\/lasprimeras.com.do\/wp-content\/uploads\/2024\/10\/Jose-Ignacio-Paliza-3.jpg?resize=525%2C300&ssl=1 1.5x, https:\/\/i0.wp.com\/lasprimeras.com.do\/wp-content\/uploads\/2024\/10\/Jose-Ignacio-Paliza-3.jpg?resize=700%2C400&ssl=1 2x"},"classes":[]},{"id":76738,"url":"https:\/\/lasprimeras.com.do\/index.php\/2024\/02\/14\/gestion-de-fadul-en-la-alcaldia-respondera-a-los-anhelos-de-santiagueros\/","url_meta":{"origin":52905,"position":3},"title":"Gesti\u00f3n de Fadul en la alcald\u00eda responder\u00e1 a los anhelos de santiagueros","author":"Nelson Feliz","date":"14 de febrero de 2024","format":false,"excerpt":"La Alianza Rescate RD en Santiago est\u00e1 s\u00f3lida y marcha muy bien. V\u00edctor Fadul ser\u00e1 el pr\u00f3ximo alcalde del municipio cabecera. El candidato a la alcald\u00eda de Santiago de los Caballeros del Partido de la Liberaci\u00f3n Dominicana, V\u00edctor Fadul, dijo que su programa de gobierno municipal fue elaborado luego de\u2026","rel":"","context":"En \u00abPORTADA\u00bb","block_context":{"text":"PORTADA","link":"https:\/\/lasprimeras.com.do\/index.php\/category\/portada\/"},"img":{"alt_text":"V\u00edctor Fadul","src":"https:\/\/i0.wp.com\/lasprimeras.com.do\/wp-content\/uploads\/2024\/02\/Victor-Fadul.jpeg?resize=350%2C200&ssl=1","width":350,"height":200},"classes":[]},{"id":60112,"url":"https:\/\/lasprimeras.com.do\/index.php\/2023\/09\/10\/victor-fadul-es-proclamado-candidato-alcalde-por-santiago-de-los-caballeros\/","url_meta":{"origin":52905,"position":4},"title":"V\u00edctor Fadul es proclamado candidato alcalde por Santiago de los Caballeros","author":"Nelson Feliz","date":"10 de septiembre de 2023","format":false,"excerpt":"El Centro de Convenciones de Utesa se desbord\u00f3 de alegr\u00eda y entusiasmo, con centenares de santiagueros que acudieron a ser testigos de la proclamaci\u00f3n oficial de V\u00edctor Fadul como candidato alcalde de Santiago de los Caballeros. V\u00edctor Fadul fue proclamado por el candidato presidencial del Partido de la Liberaci\u00f3n Dominicana\u2026","rel":"","context":"En \u00abPORTADA\u00bb","block_context":{"text":"PORTADA","link":"https:\/\/lasprimeras.com.do\/index.php\/category\/portada\/"},"img":{"alt_text":"Victor Fadul","src":"https:\/\/i0.wp.com\/lasprimeras.com.do\/wp-content\/uploads\/2023\/09\/Victor-Fadul.jpeg?resize=350%2C200&ssl=1","width":350,"height":200,"srcset":"https:\/\/i0.wp.com\/lasprimeras.com.do\/wp-content\/uploads\/2023\/09\/Victor-Fadul.jpeg?resize=350%2C200&ssl=1 1x, https:\/\/i0.wp.com\/lasprimeras.com.do\/wp-content\/uploads\/2023\/09\/Victor-Fadul.jpeg?resize=525%2C300&ssl=1 1.5x, https:\/\/i0.wp.com\/lasprimeras.com.do\/wp-content\/uploads\/2023\/09\/Victor-Fadul.jpeg?resize=700%2C400&ssl=1 2x, https:\/\/i0.wp.com\/lasprimeras.com.do\/wp-content\/uploads\/2023\/09\/Victor-Fadul.jpeg?resize=1050%2C600&ssl=1 3x, https:\/\/i0.wp.com\/lasprimeras.com.do\/wp-content\/uploads\/2023\/09\/Victor-Fadul.jpeg?resize=1400%2C800&ssl=1 4x"},"classes":[]},{"id":118460,"url":"https:\/\/lasprimeras.com.do\/index.php\/2025\/12\/30\/abel-martinez-llama-al-gobierno-a-intervenir-de-urgencia-ante-crisis-de-agua-que-afecta-a-santiago\/","url_meta":{"origin":52905,"position":5},"title":"Abel Mart\u00ednez llama al Gobierno a intervenir de urgencia ante crisis de agua que afecta a Santiago","author":"Nelson Feliz","date":"30 de diciembre de 2025","format":false,"excerpt":"El exalcalde de Santiago, Abel Mart\u00ednez, hizo un llamado urgente al Gobierno central para que intervenga de manera inmediata y directa ante la grave crisis de agua potable que afecta a amplios sectores de la ciudad, tras el colapso de una tuber\u00eda principal en la zona de Sabana Iglesia. Mart\u00ednez,\u2026","rel":"","context":"En \u00abPOLITICA\u00bb","block_context":{"text":"POLITICA","link":"https:\/\/lasprimeras.com.do\/index.php\/category\/politica\/"},"img":{"alt_text":"Abel Mart\u00ednez","src":"https:\/\/i0.wp.com\/lasprimeras.com.do\/wp-content\/uploads\/2025\/12\/Abel-Martinez-1.jpg?resize=350%2C200&ssl=1","width":350,"height":200,"srcset":"https:\/\/i0.wp.com\/lasprimeras.com.do\/wp-content\/uploads\/2025\/12\/Abel-Martinez-1.jpg?resize=350%2C200&ssl=1 1x, https:\/\/i0.wp.com\/lasprimeras.com.do\/wp-content\/uploads\/2025\/12\/Abel-Martinez-1.jpg?resize=525%2C300&ssl=1 1.5x, https:\/\/i0.wp.com\/lasprimeras.com.do\/wp-content\/uploads\/2025\/12\/Abel-Martinez-1.jpg?resize=700%2C400&ssl=1 2x"},"classes":[]}],"jetpack_sharing_enabled":true,"_links":{"self":[{"href":"https:\/\/lasprimeras.com.do\/index.php\/wp-json\/wp\/v2\/posts\/52905","targetHints":{"allow":["GET"]}}],"collection":[{"href":"https:\/\/lasprimeras.com.do\/index.php\/wp-json\/wp\/v2\/posts"}],"about":[{"href":"https:\/\/lasprimeras.com.do\/index.php\/wp-json\/wp\/v2\/types\/post"}],"author":[{"embeddable":true,"href":"https:\/\/lasprimeras.com.do\/index.php\/wp-json\/wp\/v2\/users\/2"}],"replies":[{"embeddable":true,"href":"https:\/\/lasprimeras.com.do\/index.php\/wp-json\/wp\/v2\/comments?post=52905"}],"version-history":[{"count":1,"href":"https:\/\/lasprimeras.com.do\/index.php\/wp-json\/wp\/v2\/posts\/52905\/revisions"}],"predecessor-version":[{"id":52907,"href":"https:\/\/lasprimeras.com.do\/index.php\/wp-json\/wp\/v2\/posts\/52905\/revisions\/52907"}],"wp:featuredmedia":[{"embeddable":true,"href":"https:\/\/lasprimeras.com.do\/index.php\/wp-json\/wp\/v2\/media\/52906"}],"wp:attachment":[{"href":"https:\/\/lasprimeras.com.do\/index.php\/wp-json\/wp\/v2\/media?parent=52905"}],"wp:term":[{"taxonomy":"category","embeddable":true,"href":"https:\/\/lasprimeras.com.do\/index.php\/wp-json\/wp\/v2\/categories?post=52905"},{"taxonomy":"post_tag","embeddable":true,"href":"https:\/\/lasprimeras.com.do\/index.php\/wp-json\/wp\/v2\/tags?post=52905"}],"curies":[{"name":"wp","href":"https:\/\/api.w.org\/{rel}","templated":true}]}}