{"id":53008,"date":"2023-06-22T20:00:00","date_gmt":"2023-06-22T20:00:00","guid":{"rendered":"https:\/\/lasprimeras.com.do\/?p=53008"},"modified":"2023-06-22T20:00:01","modified_gmt":"2023-06-22T20:00:01","slug":"roberto-angel-encabeza-diversas-actividades-en-monsenor-nouel","status":"publish","type":"post","link":"https:\/\/lasprimeras.com.do\/index.php\/2023\/06\/22\/roberto-angel-encabeza-diversas-actividades-en-monsenor-nouel\/","title":{"rendered":"Roberto \u00c1ngel encabeza diversas actividades en Monse\u00f1or Nouel"},"content":{"rendered":"\n<p>Por Martin Restituyo &nbsp;<\/p>\n\n\n\n<p>El director de Proyectos Estrat\u00e9gicos y Especiales de la Presidencia (Propeep), Roberto \u00c1ngel Salcedo, encabez\u00f3 este jueves diversas actividades de acci\u00f3n social en la provincia Monse\u00f1or Noel, que incluy\u00f3 una jornada &#8220;Primero T\u00fa&#8221;, la entrega de dos nuevos Paseos de los Colores y&nbsp; servicios a trav\u00e9s del programa &#8220;Cerca de Ti&#8221;.<\/p>\n\n\n\n<p>Al dejar abierta la jornada de inclusi\u00f3n social &#8220;Primero T\u00fa&#8221;, en el municipio de Maim\u00f3n, sostuvo Roberto \u00c1ngel.<\/p>\n\n\n\n<p>&#8220;En lo que va de a\u00f1o hemos realizado 72 jornadas de inclusi\u00f3n social, logrando impactar a m\u00e1s 220 mil personas en todo el territorio nacional, con los servicios que ofrecen m\u00e1s de 17 instituciones que trabajan bajo la coordinaci\u00f3n Propeep&#8221;, expres\u00f3.<\/p>\n\n\n\n<p>Roberto \u00c1ngel adem\u00e1s, inaugur\u00f3 dos Paseos de los Colores en la entrada del municipio, una iniciativa urbana, cultural y creativa, que forma parte de los esfuerzos del Gobierno por embellecer los espacios p\u00fablicos degradados, plasmando en ellos diversas artes, para convertirlos en lugares de esparcimiento y recreaci\u00f3n.<\/p>\n\n\n\n<p>El funcionario manifest\u00f3 que dentro del programa Dominicana Cultural y Creativa, que implementa el Paseo de los Colores, Propeep busca transformar zonas abandonadas y arrabalizadas y revitalizarlas con arte p\u00fablico.<\/p>\n\n\n\n<p>Roberto \u00c1ngel indic\u00f3 que el color y la creatividad tienen una presencia significativa en cada mural, para contribuir con el embellecimiento urbano y agregar valor a las comunidades impactadas.<\/p>\n\n\n\n<p>&#8220;Esto lo hacemos con el arte y cualquier otra manifestaci\u00f3n art\u00edstica que pueda caracterizar los territorios a los que llevamos estos Paseos de los Colores&#8221;, explic\u00f3.<\/p>\n\n\n\n<p>El primer mural del Paseo de Los Colores est\u00e1 en la carretera Piedra Blanca-Maim\u00f3n y destaca la flora y la fauna del Valle de Maim\u00f3n y hace homenaje a la se\u00f1ora Regina Reyes, quien fue una mun\u00edcipe destacada por su labor comunitaria y cultural, adem\u00e1s de que contribuy\u00f3 al desarrollo de este territorio.<\/p>\n\n\n\n<p>El segundo paseo est\u00e1 en la calle Leonardo Vidal, dedicado a la juventud, con temas deportivos y musicales.<\/p>\n\n\n\n<p>Uno de los murales que componen el Paseo de Los Colores est\u00e1 dedicado al extinto destacado m\u00fasico y compositor oriundo de esta zona, Luis (Terror) D\u00edaz por sus aportes al arte, a prop\u00f3sito de su natalicio este pasado 21 de junio.<\/p>\n\n\n\n<p>Durante la inauguraci\u00f3n fue hecho un homenaje musical con m\u00fasicos formados por la escuela de m\u00fasica Luis D\u00edaz, de Maim\u00f3n.<\/p>\n\n\n\n<p>El director de Propeep tambi\u00e9n ha inaugurado Paseo de los Colores en Esperanza y Laguna Salada, en la provincia Valverde; en Los Alcarrizos y La Gu\u00e1yiga, en Santo Domingo y en los municipios San Fernando y Villa V\u00e1zquez, en&nbsp; Montecristi.<\/p>\n","protected":false},"excerpt":{"rendered":"<p>Por Martin Restituyo &nbsp; El director de Proyectos Estrat\u00e9gicos y Especiales de la Presidencia (Propeep), Roberto \u00c1ngel Salcedo, encabez\u00f3 este jueves diversas actividades de acci\u00f3n social en la provincia Monse\u00f1or&hellip;<\/p>\n","protected":false},"author":2,"featured_media":53009,"comment_status":"open","ping_status":"open","sticky":false,"template":"","format":"standard","meta":{"content-type":"","jetpack_post_was_ever_published":false,"_jetpack_newsletter_access":"","_jetpack_dont_email_post_to_subs":false,"_jetpack_newsletter_tier_id":0,"_jetpack_memberships_contains_paywalled_content":false,"_jetpack_memberships_contains_paid_content":false,"footnotes":""},"categories":[35],"tags":[1640,3713,215,3714],"class_list":["post-53008","post","type-post","status-publish","format-standard","has-post-thumbnail","hentry","category-nacionales","tag-actividades","tag-monsenor-nouel","tag-propeep","tag-roberto-angel"],"jetpack_featured_media_url":"https:\/\/lasprimeras.com.do\/wp-content\/uploads\/2023\/06\/Roberto-Angel-Salcedo.jpg","jetpack-related-posts":[{"id":90678,"url":"https:\/\/lasprimeras.com.do\/index.php\/2024\/10\/26\/propeep-revitaliza-espacios-publicos-y-promueve-la-inclusion-social-en-sanchez-ramirez\/","url_meta":{"origin":53008,"position":0},"title":"Propeep revitaliza espacios p\u00fablicos y promueve la inclusi\u00f3n social en S\u00e1nchez Ram\u00edrez","author":"Nelson Feliz","date":"26 de octubre de 2024","format":false,"excerpt":"Roberto \u00c1ngel Salcedo entrega en Cotu\u00ed dos nuevos \"Paseo de los Colores\" con mil 300 metros cuadrados de arte p\u00fablico que resaltan valores culturales del municipio. La Direcci\u00f3n General de Proyectos Estrat\u00e9gicos y Programas Especiales de la Presidencia (Propeep) impact\u00f3 este s\u00e1bado nuevamente la comunidad de Cotu\u00ed con un conjunto\u2026","rel":"","context":"En \u00abNACIONALES\u00bb","block_context":{"text":"NACIONALES","link":"https:\/\/lasprimeras.com.do\/index.php\/category\/nacionales\/"},"img":{"alt_text":"Roberto \u00c1ngel Salcedo","src":"https:\/\/i0.wp.com\/lasprimeras.com.do\/wp-content\/uploads\/2024\/10\/Roberto-Angel-Salcedo-5.jpg?resize=350%2C200&ssl=1","width":350,"height":200,"srcset":"https:\/\/i0.wp.com\/lasprimeras.com.do\/wp-content\/uploads\/2024\/10\/Roberto-Angel-Salcedo-5.jpg?resize=350%2C200&ssl=1 1x, https:\/\/i0.wp.com\/lasprimeras.com.do\/wp-content\/uploads\/2024\/10\/Roberto-Angel-Salcedo-5.jpg?resize=525%2C300&ssl=1 1.5x, https:\/\/i0.wp.com\/lasprimeras.com.do\/wp-content\/uploads\/2024\/10\/Roberto-Angel-Salcedo-5.jpg?resize=700%2C400&ssl=1 2x"},"classes":[]},{"id":92045,"url":"https:\/\/lasprimeras.com.do\/index.php\/2024\/12\/13\/propeep-impacta-mas-de-100-mil-familias-en-2024-con-acciones-sociales-en-todo-el-pais\/","url_meta":{"origin":53008,"position":1},"title":"Propeep impacta m\u00e1s de 100 mil familias en 2024 con acciones sociales en todo el pa\u00eds","author":"Nelson Feliz","date":"13 de diciembre de 2024","format":false,"excerpt":"Roberto \u00c1ngel resalta entrega de tres Centros Habitacionales Comunitarios de 150 viviendas La Direcci\u00f3n de Proyectos Estrat\u00e9gicos y Especiales de la Presidencia (Propeep) cerr\u00f3 el 2024 impactando a m\u00e1s de 100 mil familias de comunidades vulnerables, con un amplio programa de acciones sociales, incluida la entrega de viviendas, jornadas de\u2026","rel":"","context":"En \u00abNACIONALES\u00bb","block_context":{"text":"NACIONALES","link":"https:\/\/lasprimeras.com.do\/index.php\/category\/nacionales\/"},"img":{"alt_text":"Roberto \u00c1ngel Salcedo","src":"https:\/\/i0.wp.com\/lasprimeras.com.do\/wp-content\/uploads\/2024\/12\/Roberto-Angel-Salcedo-4.jpg?resize=350%2C200&ssl=1","width":350,"height":200,"srcset":"https:\/\/i0.wp.com\/lasprimeras.com.do\/wp-content\/uploads\/2024\/12\/Roberto-Angel-Salcedo-4.jpg?resize=350%2C200&ssl=1 1x, https:\/\/i0.wp.com\/lasprimeras.com.do\/wp-content\/uploads\/2024\/12\/Roberto-Angel-Salcedo-4.jpg?resize=525%2C300&ssl=1 1.5x, https:\/\/i0.wp.com\/lasprimeras.com.do\/wp-content\/uploads\/2024\/12\/Roberto-Angel-Salcedo-4.jpg?resize=700%2C400&ssl=1 2x"},"classes":[]},{"id":95596,"url":"https:\/\/lasprimeras.com.do\/index.php\/2025\/03\/15\/propeep-ha-entregado-mas-de-20-mil-metros-de-arte-publico-este-ano\/","url_meta":{"origin":53008,"position":2},"title":"Propeep ha entregado m\u00e1s de 20 mil metros de arte p\u00fablico este a\u00f1o","author":"Nelson Feliz","date":"15 de marzo de 2025","format":false,"excerpt":"Robert Polanco inaugura dos Paseos de los Colores en Piedra Blanca y Bonao, donde resalta el impacto del programa en el rescate de espacios p\u00fablicos, con im\u00e1genes art\u00edsticas que resaltan los valores culturales y figuras emblem\u00e1ticas de los municipios La Direcci\u00f3n de Proyectos Estrat\u00e9gicos y Especiales de la Presidencia (Propeep)\u2026","rel":"","context":"En \u00abNACIONALES\u00bb","block_context":{"text":"NACIONALES","link":"https:\/\/lasprimeras.com.do\/index.php\/category\/nacionales\/"},"img":{"alt_text":"Robert Polanco","src":"https:\/\/i0.wp.com\/lasprimeras.com.do\/wp-content\/uploads\/2025\/03\/Robert-Polanco-2-1.jpg?resize=350%2C200&ssl=1","width":350,"height":200,"srcset":"https:\/\/i0.wp.com\/lasprimeras.com.do\/wp-content\/uploads\/2025\/03\/Robert-Polanco-2-1.jpg?resize=350%2C200&ssl=1 1x, https:\/\/i0.wp.com\/lasprimeras.com.do\/wp-content\/uploads\/2025\/03\/Robert-Polanco-2-1.jpg?resize=525%2C300&ssl=1 1.5x, https:\/\/i0.wp.com\/lasprimeras.com.do\/wp-content\/uploads\/2025\/03\/Robert-Polanco-2-1.jpg?resize=700%2C400&ssl=1 2x"},"classes":[]},{"id":91637,"url":"https:\/\/lasprimeras.com.do\/index.php\/2024\/11\/27\/propeep-realizara-encendido-de-parques-navidenos-en-diferentes-ciudades-del-pais\/","url_meta":{"origin":53008,"position":3},"title":"Propeep realizar\u00e1 encendido de parques navide\u00f1os en diferentes ciudades del pa\u00eds","author":"Nelson Feliz","date":"27 de noviembre de 2024","format":false,"excerpt":"Su director, Roberto \u00c1ngel Salcedo, encabezar\u00e1 los actos y desarrollar\u00e1 una amplia agenda que incluye tambi\u00e9n inauguraciones de \u201cPaseo de los Colores\u201d, la realizaci\u00f3n de almuerzos y cenas en varias provincias y la entrega de dos proyectos de viviendas. La Direcci\u00f3n General de Proyectos Estrat\u00e9gicos y Programas Especiales de la\u2026","rel":"","context":"En \u00abNACIONALES\u00bb","block_context":{"text":"NACIONALES","link":"https:\/\/lasprimeras.com.do\/index.php\/category\/nacionales\/"},"img":{"alt_text":"Roberto \u00c1ngel","src":"https:\/\/i0.wp.com\/lasprimeras.com.do\/wp-content\/uploads\/2024\/11\/Roberto-Angel.jpg?resize=350%2C200&ssl=1","width":350,"height":200,"srcset":"https:\/\/i0.wp.com\/lasprimeras.com.do\/wp-content\/uploads\/2024\/11\/Roberto-Angel.jpg?resize=350%2C200&ssl=1 1x, https:\/\/i0.wp.com\/lasprimeras.com.do\/wp-content\/uploads\/2024\/11\/Roberto-Angel.jpg?resize=525%2C300&ssl=1 1.5x"},"classes":[]},{"id":53612,"url":"https:\/\/lasprimeras.com.do\/index.php\/2023\/06\/29\/roberto-angel-encabeza-en-lr-jornada-primero-tu-con-mas-de-230-mil-beneficiarios\/","url_meta":{"origin":53008,"position":4},"title":"Roberto \u00c1ngel encabeza en LR jornada \u201cPrimero T\u00fa\u201d con m\u00e1s de 230 mil beneficiarios","author":"Nelson Feliz","date":"29 de junio de 2023","format":false,"excerpt":"Director de Propeep destaca el impacto de acciones sociales del presidente Luis Abinader en la zona Este del pa\u00eds. Por Martin Restituyo El director de Proyectos Estrat\u00e9gicos y Especiales de la Presidencia (Propeep), Roberto \u00c1ngel Salcedo, encabez\u00f3 en La Romana, la jornada \"Primero T\u00fa\" n\u00famero 75 de este a\u00f1o, con\u2026","rel":"","context":"En \u00abNACIONALES\u00bb","block_context":{"text":"NACIONALES","link":"https:\/\/lasprimeras.com.do\/index.php\/category\/nacionales\/"},"img":{"alt_text":"Roberto \u00c1ngel Salcedo","src":"https:\/\/i0.wp.com\/lasprimeras.com.do\/wp-content\/uploads\/2023\/06\/Roberto-Angel-Salcedo-1.jpg?resize=350%2C200&ssl=1","width":350,"height":200,"srcset":"https:\/\/i0.wp.com\/lasprimeras.com.do\/wp-content\/uploads\/2023\/06\/Roberto-Angel-Salcedo-1.jpg?resize=350%2C200&ssl=1 1x, https:\/\/i0.wp.com\/lasprimeras.com.do\/wp-content\/uploads\/2023\/06\/Roberto-Angel-Salcedo-1.jpg?resize=525%2C300&ssl=1 1.5x, https:\/\/i0.wp.com\/lasprimeras.com.do\/wp-content\/uploads\/2023\/06\/Roberto-Angel-Salcedo-1.jpg?resize=700%2C400&ssl=1 2x"},"classes":[]},{"id":88559,"url":"https:\/\/lasprimeras.com.do\/index.php\/2024\/08\/31\/gobierno-lleva-acciones-sociales-a-samana-y-beneficia-miles-de-personas\/","url_meta":{"origin":53008,"position":5},"title":"Gobierno lleva acciones sociales a Saman\u00e1 y beneficia miles de personas","author":"Nelson Feliz","date":"31 de agosto de 2024","format":false,"excerpt":"Roberto \u00c1ngel, director de Propeep, agota amplia agenda de trabajo en Saman\u00e1 y Mar\u00eda Trinidad S\u00e1nchez; entrega 1,288 metros cuadrados de arte urbano en El Factor. El Gobierno, a trav\u00e9s de la Direcci\u00f3n General de Proyectos Estrat\u00e9gicos y Especiales de la Presidencia (Propeep), desarroll\u00f3 un conjunto de acciones sociales en\u2026","rel":"","context":"En \u00abNACIONALES\u00bb","block_context":{"text":"NACIONALES","link":"https:\/\/lasprimeras.com.do\/index.php\/category\/nacionales\/"},"img":{"alt_text":"Roberto \u00c1ngel Salcedo","src":"https:\/\/i0.wp.com\/lasprimeras.com.do\/wp-content\/uploads\/2024\/08\/Roberto-Angel-Salcedo-1-1.jpg?resize=350%2C200&ssl=1","width":350,"height":200,"srcset":"https:\/\/i0.wp.com\/lasprimeras.com.do\/wp-content\/uploads\/2024\/08\/Roberto-Angel-Salcedo-1-1.jpg?resize=350%2C200&ssl=1 1x, https:\/\/i0.wp.com\/lasprimeras.com.do\/wp-content\/uploads\/2024\/08\/Roberto-Angel-Salcedo-1-1.jpg?resize=525%2C300&ssl=1 1.5x, https:\/\/i0.wp.com\/lasprimeras.com.do\/wp-content\/uploads\/2024\/08\/Roberto-Angel-Salcedo-1-1.jpg?resize=700%2C400&ssl=1 2x"},"classes":[]}],"jetpack_sharing_enabled":true,"_links":{"self":[{"href":"https:\/\/lasprimeras.com.do\/index.php\/wp-json\/wp\/v2\/posts\/53008","targetHints":{"allow":["GET"]}}],"collection":[{"href":"https:\/\/lasprimeras.com.do\/index.php\/wp-json\/wp\/v2\/posts"}],"about":[{"href":"https:\/\/lasprimeras.com.do\/index.php\/wp-json\/wp\/v2\/types\/post"}],"author":[{"embeddable":true,"href":"https:\/\/lasprimeras.com.do\/index.php\/wp-json\/wp\/v2\/users\/2"}],"replies":[{"embeddable":true,"href":"https:\/\/lasprimeras.com.do\/index.php\/wp-json\/wp\/v2\/comments?post=53008"}],"version-history":[{"count":1,"href":"https:\/\/lasprimeras.com.do\/index.php\/wp-json\/wp\/v2\/posts\/53008\/revisions"}],"predecessor-version":[{"id":53010,"href":"https:\/\/lasprimeras.com.do\/index.php\/wp-json\/wp\/v2\/posts\/53008\/revisions\/53010"}],"wp:featuredmedia":[{"embeddable":true,"href":"https:\/\/lasprimeras.com.do\/index.php\/wp-json\/wp\/v2\/media\/53009"}],"wp:attachment":[{"href":"https:\/\/lasprimeras.com.do\/index.php\/wp-json\/wp\/v2\/media?parent=53008"}],"wp:term":[{"taxonomy":"category","embeddable":true,"href":"https:\/\/lasprimeras.com.do\/index.php\/wp-json\/wp\/v2\/categories?post=53008"},{"taxonomy":"post_tag","embeddable":true,"href":"https:\/\/lasprimeras.com.do\/index.php\/wp-json\/wp\/v2\/tags?post=53008"}],"curies":[{"name":"wp","href":"https:\/\/api.w.org\/{rel}","templated":true}]}}