{"id":53111,"date":"2023-06-23T18:16:22","date_gmt":"2023-06-23T18:16:22","guid":{"rendered":"https:\/\/lasprimeras.com.do\/?p=53111"},"modified":"2023-06-23T18:16:22","modified_gmt":"2023-06-23T18:16:22","slug":"edenorte-activa-plan-para-responder-ante-incidentes-de-tormenta-bret","status":"publish","type":"post","link":"https:\/\/lasprimeras.com.do\/index.php\/2023\/06\/23\/edenorte-activa-plan-para-responder-ante-incidentes-de-tormenta-bret\/","title":{"rendered":"Edenorte activa plan para responder ante incidentes de tormenta Bret"},"content":{"rendered":"\n<p>Edenorte Dominicana S.A, inform\u00f3 que activ\u00f3 su plan de acci\u00f3n ante los eventuales efectos de la tormenta Bret, fen\u00f3meno que impactar\u00eda el territorio nacional en las pr\u00f3ximas horas seg\u00fan la Onamet.<\/p>\n\n\n\n<p>En ese sentido, Andr\u00e9s Cueto, gerente general de Edenorte, inform\u00f3 que ese plan de contingencia fue puesto en marcha desde que se inici\u00f3 la temporada cicl\u00f3nica y que ante el anuncio de que Bret podr\u00eda afectar el territorio nacional se dieron las instrucciones para que el mismo se arrecie.<\/p>\n\n\n\n<p>Dijo que este plan de contingencia incluye la preparaci\u00f3n de todas las unidades de mantenimiento, redes y subestaciones, desde el inicio de la temporada cicl\u00f3nica hasta su finalizaci\u00f3n, de manera que, en caso de un fen\u00f3meno atmosf\u00e9rico \u201cpodamos restablecer el servicio el\u00e9ctrico de manera eficiente, r\u00e1pida y segura a toda el \u00e1rea de incidencia de nuestra empresa\u201d.<\/p>\n\n\n\n<p>\u201cEstos aspectos han sido tomados en cuenta para dividir pertinentemente nuestros recursos, de manera que podamos ser eficientes en las labores de ret\u00e9n, mantenimiento y despliegue del contingente de trabajo en caso de un hurac\u00e1n\u201d, refiri\u00f3 Cueto.<\/p>\n\n\n\n<p>Afirm\u00f3 que, como cada a\u00f1o, este plan de contingencia cuenta con el apoyo irrestricto del presidente Luis Abinader, quien ha instruido a las EDEs para que no escatimen recursos a la hora de garantizar la estabilidad de un recurso tan importante como la energ\u00eda el\u00e9ctrica durante una eventualidad clim\u00e1tica.<\/p>\n\n\n\n<p>El funcionario exhort\u00f3 a la ciudadan\u00eda mantenerse atenta a las informaciones relacionadas con este fen\u00f3meno atmosf\u00e9rico y acatar todas las disposiciones que dispongan los organismos de socorro.<\/p>\n\n\n\n<p>Seg\u00fan la Onamet, la tormenta Bret empezar\u00e1 a afectar nuestra \u00e1rea de pron\u00f3sticos, generando un incremento del viento que junto a los efectos locales provocar\u00e1n desarrollos nubosos con aguaceros dispersos, tronadas aisladas y r\u00e1fagas de viento sobre las regiones: norte, noreste, sureste (incluyendo el Gran Santo Domingo), la Cordillera Central y la zona fronteriza.<\/p>\n","protected":false},"excerpt":{"rendered":"<p>Edenorte Dominicana S.A, inform\u00f3 que activ\u00f3 su plan de acci\u00f3n ante los eventuales efectos de la tormenta Bret, fen\u00f3meno que impactar\u00eda el territorio nacional en las pr\u00f3ximas horas seg\u00fan la&hellip;<\/p>\n","protected":false},"author":2,"featured_media":53112,"comment_status":"open","ping_status":"open","sticky":false,"template":"","format":"standard","meta":{"content-type":"","jetpack_post_was_ever_published":false,"_jetpack_newsletter_access":"","_jetpack_dont_email_post_to_subs":false,"_jetpack_newsletter_tier_id":0,"_jetpack_memberships_contains_paywalled_content":false,"_jetpack_memberships_contains_paid_content":false,"footnotes":""},"categories":[35],"tags":[3782,962,3783,3656],"class_list":["post-53111","post","type-post","status-publish","format-standard","has-post-thumbnail","hentry","category-nacionales","tag-andres-cueto","tag-edenorte","tag-incidentes","tag-tormenta-bret"],"jetpack_featured_media_url":"https:\/\/lasprimeras.com.do\/wp-content\/uploads\/2023\/06\/Andres-Cueto.jpg","jetpack-related-posts":[{"id":52852,"url":"https:\/\/lasprimeras.com.do\/index.php\/2023\/06\/21\/bret-amenaza-a-rd-instan-a-prepararse-ante-posible-impacto\/","url_meta":{"origin":53111,"position":0},"title":"Bret amenaza a RD instan a prepararse ante posible impacto","author":"Nelson Feliz","date":"21 de junio de 2023","format":false,"excerpt":"Por PRENSA LATINA Las autoridades dominicanas instaron hoy a la poblaci\u00f3n y a las instituciones de protecci\u00f3n civil a mantenerse alerta y preparar los planes de contingencia ante la posibilidad de que la tormenta tropical Bret afecte al pa\u00eds como hurac\u00e1n. La Oficina Nacional de Meteorolog\u00eda (Onamet) inform\u00f3 que, de\u2026","rel":"","context":"En \u00abNACIONALES\u00bb","block_context":{"text":"NACIONALES","link":"https:\/\/lasprimeras.com.do\/index.php\/category\/nacionales\/"},"img":{"alt_text":"Tormenta Bret","src":"https:\/\/i0.wp.com\/lasprimeras.com.do\/wp-content\/uploads\/2023\/06\/Tormenta-tropical-Brett.-2222.jpg?resize=350%2C200&ssl=1","width":350,"height":200},"classes":[]},{"id":100187,"url":"https:\/\/lasprimeras.com.do\/index.php\/2025\/06\/03\/eted-activa-plan-de-contingencia-ante-una-activa-temporada-ciclonica-2025\/","url_meta":{"origin":53111,"position":1},"title":"ETED activa plan de contingencia ante una activa temporada cicl\u00f3nica 2025","author":"Nelson Feliz","date":"3 de junio de 2025","format":false,"excerpt":"La Empresa de Transmisi\u00f3n El\u00e9ctrica Dominicana (ETED) puso en marcha su plan de contingencia para garantizar la estabilidad del sistema de transmisi\u00f3n en alta tensi\u00f3n y mitigar posibles da\u00f1os ocasionados por fen\u00f3menos atmosf\u00e9ricos, ante el pron\u00f3stico de una temporada cicl\u00f3nica 2025 \u201cextremadamente activa\u201d, seg\u00fan los \u00faltimos reportes del Centro Nacional\u2026","rel":"","context":"En \u00abNACIONALES\u00bb","block_context":{"text":"NACIONALES","link":"https:\/\/lasprimeras.com.do\/index.php\/category\/nacionales\/"},"img":{"alt_text":"Ing. Mart\u00edn Robles Morillo, administrador general de la ETED durante sesi\u00f3n con Comit\u00e9 de Emergencias de la ETED (CEETED).","src":"https:\/\/i0.wp.com\/lasprimeras.com.do\/wp-content\/uploads\/2023\/08\/Martin-Robles-Morillo.jpg?resize=350%2C200&ssl=1","width":350,"height":200,"srcset":"https:\/\/i0.wp.com\/lasprimeras.com.do\/wp-content\/uploads\/2023\/08\/Martin-Robles-Morillo.jpg?resize=350%2C200&ssl=1 1x, https:\/\/i0.wp.com\/lasprimeras.com.do\/wp-content\/uploads\/2023\/08\/Martin-Robles-Morillo.jpg?resize=525%2C300&ssl=1 1.5x, https:\/\/i0.wp.com\/lasprimeras.com.do\/wp-content\/uploads\/2023\/08\/Martin-Robles-Morillo.jpg?resize=700%2C400&ssl=1 2x"},"classes":[]},{"id":52911,"url":"https:\/\/lasprimeras.com.do\/index.php\/2023\/06\/21\/asde-interviene-nueve-canadas-para-evitar-inundaciones-ante-el-paso-de-la-tormenta-bret\/","url_meta":{"origin":53111,"position":2},"title":"ASDE interviene nueve ca\u00f1adas para evitar inundaciones ante el paso de la tormenta Bret","author":"Nelson Feliz","date":"21 de junio de 2023","format":false,"excerpt":"Por Martin Restituyo El Ayuntamiento de Santo Domingo Este (ASDE), a trav\u00e9s de la Direcci\u00f3n de Gesti\u00f3n Ambiental interviene nueve ca\u00f1adas, con el prop\u00f3sito de evitar inundaciones por el c\u00famulo de desechos s\u00f3lidos durante las lluvias que dejar\u00edan los efectos de la tormenta Bret.\u00a0 La informaci\u00f3n fue ofrecida por la\u2026","rel":"","context":"En \u00abNACIONALES\u00bb","block_context":{"text":"NACIONALES","link":"https:\/\/lasprimeras.com.do\/index.php\/category\/nacionales\/"},"img":{"alt_text":"Ayuntamiento de Santo Domingo Este","src":"https:\/\/i0.wp.com\/lasprimeras.com.do\/wp-content\/uploads\/2023\/06\/asde.jpg?resize=350%2C200&ssl=1","width":350,"height":200,"srcset":"https:\/\/i0.wp.com\/lasprimeras.com.do\/wp-content\/uploads\/2023\/06\/asde.jpg?resize=350%2C200&ssl=1 1x, https:\/\/i0.wp.com\/lasprimeras.com.do\/wp-content\/uploads\/2023\/06\/asde.jpg?resize=525%2C300&ssl=1 1.5x, https:\/\/i0.wp.com\/lasprimeras.com.do\/wp-content\/uploads\/2023\/06\/asde.jpg?resize=700%2C400&ssl=1 2x"},"classes":[]},{"id":53206,"url":"https:\/\/lasprimeras.com.do\/index.php\/2023\/06\/24\/coe-deja-sin-efecto-alerta-para-15-provincias-por-la-tormenta-bret\/","url_meta":{"origin":53111,"position":3},"title":"COE deja sin efecto alerta para 15 provincias por la tormenta Bret","author":"Nelson Feliz","date":"24 de junio de 2023","format":false,"excerpt":"Santo Domingo.- El Centro de Operaciones de Emergencias (COE) dej\u00f3 este s\u00e1bado sin efecto la alerta verde que emiti\u00f3 la v\u00edspera para quince provincias por los posibles efectos indirectos de la tormenta tropical Bret en el territorio nacional. La decisi\u00f3n fue adoptada tras el bolet\u00edn de la Oficina Nacional de\u2026","rel":"","context":"En \u00abNACIONALES\u00bb","block_context":{"text":"NACIONALES","link":"https:\/\/lasprimeras.com.do\/index.php\/category\/nacionales\/"},"img":{"alt_text":"","src":"https:\/\/i0.wp.com\/lasprimeras.com.do\/wp-content\/uploads\/2023\/06\/BRET-1.jpg?resize=350%2C200&ssl=1","width":350,"height":200},"classes":[]},{"id":58260,"url":"https:\/\/lasprimeras.com.do\/index.php\/2023\/08\/22\/distribuidoras-de-electricidad-activan-plan-para-enfrentar-efectos-de-tormenta-franklin\/","url_meta":{"origin":53111,"position":4},"title":"Distribuidoras de electricidad activan plan para enfrentar efectos de tormenta Franklin","author":"Nelson Feliz","date":"22 de agosto de 2023","format":false,"excerpt":"El Consejo Unificado de las Empresas Distribuidoras de electricidad (CUED) activ\u00f3 el plan de contingencia para afrontar las eventualidades que puedan producirse en el sector energ\u00e9tico debido al paso de la tormenta Franklin. El CUED, que encabeza las empresas Edenorte, Edesur y Edeeste, inform\u00f3 que todos los equipos t\u00e9cnicos de\u2026","rel":"","context":"En \u00abNACIONALES\u00bb","block_context":{"text":"NACIONALES","link":"https:\/\/lasprimeras.com.do\/index.php\/category\/nacionales\/"},"img":{"alt_text":"Distribuidoras de electricidad","src":"https:\/\/i0.wp.com\/lasprimeras.com.do\/wp-content\/uploads\/2023\/08\/mantenimiento-preventivo-1024x683-1.jpg?resize=350%2C200&ssl=1","width":350,"height":200,"srcset":"https:\/\/i0.wp.com\/lasprimeras.com.do\/wp-content\/uploads\/2023\/08\/mantenimiento-preventivo-1024x683-1.jpg?resize=350%2C200&ssl=1 1x, https:\/\/i0.wp.com\/lasprimeras.com.do\/wp-content\/uploads\/2023\/08\/mantenimiento-preventivo-1024x683-1.jpg?resize=525%2C300&ssl=1 1.5x, https:\/\/i0.wp.com\/lasprimeras.com.do\/wp-content\/uploads\/2023\/08\/mantenimiento-preventivo-1024x683-1.jpg?resize=700%2C400&ssl=1 2x"},"classes":[]},{"id":52887,"url":"https:\/\/lasprimeras.com.do\/index.php\/2023\/06\/21\/ceara-hatton-encabeza-reunion-con-el-comite-de-emergencias-de-medio-ambiente\/","url_meta":{"origin":53111,"position":5},"title":"Ceara Hatton encabeza reuni\u00f3n con el Comit\u00e9 de Emergencias de Medio Ambiente","author":"Nelson Feliz","date":"21 de junio de 2023","format":false,"excerpt":"Las direcciones del ministerio coordinan e integran a todo el personal a las acciones del COE durante la temporada cicl\u00f3nica. El ministro Miguel Ceara Hatton encabez\u00f3 una reuni\u00f3n de trabajo con el Comit\u00e9 de Emergencias del Ministerio de Medio Ambiente para repasar los mecanismos de integraci\u00f3n del personal a las\u2026","rel":"","context":"En \u00abNACIONALES\u00bb","block_context":{"text":"NACIONALES","link":"https:\/\/lasprimeras.com.do\/index.php\/category\/nacionales\/"},"img":{"alt_text":"Comit\u00e9 de Emergencias de Medio Ambiente","src":"https:\/\/i0.wp.com\/lasprimeras.com.do\/wp-content\/uploads\/2023\/06\/Ceara-Hatton-encabeza-reunion-de-trabajo-con-el-Comite-de-Emergencias-de-Medio-Ambiente.jpg?resize=350%2C200&ssl=1","width":350,"height":200,"srcset":"https:\/\/i0.wp.com\/lasprimeras.com.do\/wp-content\/uploads\/2023\/06\/Ceara-Hatton-encabeza-reunion-de-trabajo-con-el-Comite-de-Emergencias-de-Medio-Ambiente.jpg?resize=350%2C200&ssl=1 1x, https:\/\/i0.wp.com\/lasprimeras.com.do\/wp-content\/uploads\/2023\/06\/Ceara-Hatton-encabeza-reunion-de-trabajo-con-el-Comite-de-Emergencias-de-Medio-Ambiente.jpg?resize=525%2C300&ssl=1 1.5x, https:\/\/i0.wp.com\/lasprimeras.com.do\/wp-content\/uploads\/2023\/06\/Ceara-Hatton-encabeza-reunion-de-trabajo-con-el-Comite-de-Emergencias-de-Medio-Ambiente.jpg?resize=700%2C400&ssl=1 2x"},"classes":[]}],"jetpack_sharing_enabled":true,"_links":{"self":[{"href":"https:\/\/lasprimeras.com.do\/index.php\/wp-json\/wp\/v2\/posts\/53111","targetHints":{"allow":["GET"]}}],"collection":[{"href":"https:\/\/lasprimeras.com.do\/index.php\/wp-json\/wp\/v2\/posts"}],"about":[{"href":"https:\/\/lasprimeras.com.do\/index.php\/wp-json\/wp\/v2\/types\/post"}],"author":[{"embeddable":true,"href":"https:\/\/lasprimeras.com.do\/index.php\/wp-json\/wp\/v2\/users\/2"}],"replies":[{"embeddable":true,"href":"https:\/\/lasprimeras.com.do\/index.php\/wp-json\/wp\/v2\/comments?post=53111"}],"version-history":[{"count":1,"href":"https:\/\/lasprimeras.com.do\/index.php\/wp-json\/wp\/v2\/posts\/53111\/revisions"}],"predecessor-version":[{"id":53113,"href":"https:\/\/lasprimeras.com.do\/index.php\/wp-json\/wp\/v2\/posts\/53111\/revisions\/53113"}],"wp:featuredmedia":[{"embeddable":true,"href":"https:\/\/lasprimeras.com.do\/index.php\/wp-json\/wp\/v2\/media\/53112"}],"wp:attachment":[{"href":"https:\/\/lasprimeras.com.do\/index.php\/wp-json\/wp\/v2\/media?parent=53111"}],"wp:term":[{"taxonomy":"category","embeddable":true,"href":"https:\/\/lasprimeras.com.do\/index.php\/wp-json\/wp\/v2\/categories?post=53111"},{"taxonomy":"post_tag","embeddable":true,"href":"https:\/\/lasprimeras.com.do\/index.php\/wp-json\/wp\/v2\/tags?post=53111"}],"curies":[{"name":"wp","href":"https:\/\/api.w.org\/{rel}","templated":true}]}}